{"id":167523,"date":"2020-08-17T21:10:57","date_gmt":"2020-08-18T00:10:57","guid":{"rendered":"https:\/\/aconteceunovale.com.br\/portal\/?p=167523"},"modified":"2020-08-17T21:11:26","modified_gmt":"2020-08-18T00:11:26","slug":"crianca-estuprada-pelo-tio-tem-gestacao-interrompida-em-recife","status":"publish","type":"post","link":"https:\/\/aconteceunovale.com.br\/portal\/?p=167523","title":{"rendered":"Crian\u00e7a estuprada pelo tio tem gesta\u00e7\u00e3o interrompida em Recife"},"content":{"rendered":"\n<p>Profissionais de sa\u00fade respons\u00e1veis pela interrup\u00e7\u00e3o da gesta\u00e7\u00e3o da menina de 10 anos, que foi v\u00edtima de estupro no Esp\u00edrito Santo, confirmaram a realiza\u00e7\u00e3o do procedimento. A menina foi transferida de S\u00e3o Mateus, no norte do Esp\u00edrito Santo, para Recife, capital de Pernambuco, ap\u00f3s decis\u00e3o do juiz Antonio Moreira Fernandes, da Vara da Inf\u00e2ncia e da Juventude do munic\u00edpio onde ela mora. Desde domingo, a menina est\u00e1 internada no Centro Integrado de Sa\u00fade Amaury de Medeiros (Cisam-UPE), que fica no bairro da Encruzilhada. Ao longo do dia, diversas pessoas se manifestaram, a favor e contra o procedimento m\u00e9dico, que \u00e9 assegurado pela lei em caso de estupro.<\/p>\n\n\n\n<p>De acordo com o gestor executivo e diretor do Cisam, o m\u00e9dico Ol\u00edmpio Barbosa de Morais Filho, o procedimento de interrup\u00e7\u00e3o da gesta\u00e7\u00e3o, pelo qual ele foi respons\u00e1vel, teve in\u00edcio no domingo e ser\u00e1 finalizado nesta segunda-feira (17). \u201cOntem mesmo foi procedido o \u00f3bito fetal, ent\u00e3o n\u00e3o tem mais vida o feto. E hoje vamos proceder com o esvaziamento, que \u00e9 para causar contra\u00e7\u00f5es para expuls\u00e3o do feto. E esperamos, a partir de amanh\u00e3, em algum momento, que ela tenha condi\u00e7\u00f5es de alta\u201d, afirmou. Questionado pelo \u201cEstad\u00e3o\u201d sobre o estado de sa\u00fade da menina, o m\u00e9dico disse que ela est\u00e1 bem. \u201cEla est\u00e1 bem, com apoio psicol\u00f3gico, assist\u00eancia social e a av\u00f3. Est\u00e1 tendo algumas contra\u00e7\u00f5es, c\u00f3licas, mas est\u00e1 bem\u201d, afirmou.<\/p>\n\n\n\n<p>De acordo com a coordenadora de enfermagem do Cisam, Maria Benita Spinelli, a institui\u00e7\u00e3o optou pelo tipo de procedimento menos invasivo poss\u00edvel. \u201cSe faz um primeiro procedimento, que \u00e9 o \u00f3bito fetal, e em seguida d\u00e1 continuidade ainda com o uso de alguns medicamentos, para o desencadeamento do aborto, da expuls\u00e3o do feto, de uma forma menos traum\u00e1tica e intervencionista, para que a elimina\u00e7\u00e3o seja por via vaginal, sem causar maiores danos \u00e0 menina\u201d, explicou.<\/p>\n\n\n\n<p>Benita Spinelli explicou ainda que, nesta segunda-feira, a menina deve sentir algumas dores de contra\u00e7\u00f5es, mas que s\u00e3o dores esperadas e que n\u00e3o demonstram risco para a paciente. \u201cElas est\u00e3o bem (a menina e a av\u00f3), acolhidas, est\u00e3o em uma enfermaria, sendo bem cuidadas por toda a nossa equipe profissional e aguardando o desfecho. A menina deve sentir algumas dores, claro, porque s\u00e3o contra\u00e7\u00f5es, e a sensa\u00e7\u00e3o \u00e9 essa mesmo, a contra\u00e7\u00e3o \u00e9 dolorida, mas est\u00e1 tudo dentro do previsto, correndo da melhor maneira poss\u00edvel. Assim que ela estiver bem, em condi\u00e7\u00f5es de alta, sem nenhum sangramento ou processo infeccioso, ela poder\u00e1 voltar para a cidade dela\u201d.<\/p>\n\n\n\n<p>Durante o domingo, grupos religiosos fizeram atos, formando uma esp\u00e9cie de barreira humana na frente do Cisam para tentar impedir a entrada do m\u00e9dico respons\u00e1vel pelo procedimento na unidade de sa\u00fade. Ao chegar ao local, o m\u00e9dico foi recebido aos gritos de \u201cassassino\u201d. V\u00eddeos do momento circulam nas redes sociais.<\/p>\n\n\n\n<p>\u201cDentro da maternidade, em alguns momentos, a gente escutava alguns ru\u00eddos l\u00e1 de fora (dos protestos), mas conseguimos manter a menina fora e alheia ao que estava acontecendo l\u00e1. A gente sabia o que era, mas no nosso espa\u00e7o est\u00e1vamos cuidando dela. Fazendo o procedimento acontecer, explicando a ela direitinho. Para que ela se sentisse acolhida e segura com quem estava ali com ela. Afinal de contas, foi o nosso primeiro contato com ela. Mas acho que conseguimos transcorrer da melhor forma poss\u00edvel para ela, sem causar tantos problemas, porque o que aconteceu do lado de fora, pelo que a gente viu nas redes sociais, realmente n\u00e3o foi uma situa\u00e7\u00e3o nem um pouco confort\u00e1vel: um grupo fazendo barulho e sem m\u00e1scara na porta de um hospital, querendo invadir a institui\u00e7\u00e3o. Mas, para n\u00f3s, do Cisam, ficam a sensa\u00e7\u00e3o e o sentimento de tarefa cumprida, cumprindo com o nosso dever, atendendo a uma ordem judicial para salvar a vida de uma crian\u00e7a que vem sendo v\u00edtima, h\u00e1 quatro anos, de um adulto agressor. Um sofrimento que resultou numa gesta\u00e7\u00e3o\u201d, pontuou Benita Spinilli.<\/p>\n\n\n\n<p>\u201cN\u00f3s trabalhamos no Sistema \u00danico de Sa\u00fade (SUS) e temos que atender a popula\u00e7\u00e3o independentemente de ra\u00e7a, cor, idade ou classe social. O SUS \u00e9 isso, ele \u00e9 universal e atende pessoas de qualquer lugar. Ent\u00e3o, se no Estado em que ela (a menina) mora, houve obje\u00e7\u00e3o em rela\u00e7\u00e3o ao procedimento, aqui ela foi acolhida sem nenhuma dificuldade nossa, a dificuldade foi externa. E a gente tem sempre essa certeza de miss\u00e3o cumprida, porque n\u00f3s acreditamos que as mulheres precisam e podem viver uma vida saud\u00e1vel, sem viol\u00eancia e com liberdade\u201d, disse Benita Spinelli, que \u00e9 coordenadora de enfermagem do Cisam.<\/p>\n\n\n\n<p>\u00c0 noite, j\u00e1 com boatos de que a gesta\u00e7\u00e3o havia sido interrompida com seguran\u00e7a para a menina de 10 anos, um movimento de apoio e suporte \u00e0s mulheres tamb\u00e9m se mobilizou na frente do Cisam. O v\u00eddeo mostra mulheres que repetem juntas, em voz alta, um discurso proferido por uma delas: \u201cN\u00f3s estamos aqui, num contexto de pandemia, respeitando o isolamento social, usando m\u00e1scara, para dizer que nossas vidas importam e que a vida dessa menina estuprada importa para toda a sociedade. Um aborto legal \u00e9 um direito. N\u00e3o vamos abrir m\u00e3o disso, n\u00e3o vamos abrir m\u00e3o da vida de uma menina de 10 anos\u201d.<\/p>\n\n\n\n<h2 class=\"wp-block-heading\"><strong>Exposi\u00e7\u00e3o da v\u00edtima menor de idade<\/strong><\/h2>\n\n\n\n<p>Segundo a Defensoria P\u00fablica do Esp\u00edrito Santo, uma decis\u00e3o liminar determinou que o Google Brasil, o Facebook e o Twitter retirem todas as publica\u00e7\u00f5es com dados sobre a menina de 10 anos v\u00edtima de viol\u00eancia sexual. A crian\u00e7a teve informa\u00e7\u00f5es pessoais e at\u00e9 o endere\u00e7o do hospital em que foi submetida a um aborto divulgados em redes sociais no domingo. No caso de descumprimento, ser\u00e1 aplicada uma multa di\u00e1ria de R$ 50 mil.<\/p>\n\n\n\n<p>\u201cOs dados divulgados causaram ainda mais constrangimento \u00e0 menina e aos seus familiares\u201d, diz comunicado da Defensoria, respons\u00e1vel pela a\u00e7\u00e3o. \u201cEm um trecho da decis\u00e3o, o ju\u00edzo do plant\u00e3o da 5\u00aa Regi\u00e3o ressalta que \u2018n\u00e3o se pretende obstar o direito \u00e0 liberdade de express\u00e3o, o qual \u00e9, inclusive, constitucionalmente assegurado, \u00e0 luz do art. 5\u00ba, inciso IV da CF, entretanto, consoante se extrai dos autos os dados divulgados s\u00e3o oriundos de procedimento amparado por segredo de justi\u00e7a\u2019.\u201d<\/p>\n\n\n\n<h2 class=\"wp-block-heading\"><strong>Relembre o caso<\/strong><\/h2>\n\n\n\n<p>Uma menina de 10 anos engravidou ap\u00f3s ter sido estuprada em S\u00e3o Mateus, munic\u00edpio no norte do Esp\u00edrito Santo. O suspeito pelo crime \u00e9 o tio de 33 anos da crian\u00e7a, que est\u00e1 foragido desde a notifica\u00e7\u00e3o do ocorrido. O caso se tornou p\u00fablico depois que ela deu entrada no Hospital Roberto Silvares, em S\u00e3o Mateus, se sentindo mal. Enfermeiros perceberam que a garota estava com a barriga estufada, pediram exames e detectaram que ela estava gr\u00e1vida de cerca de 3 meses.<\/p>\n\n\n\n<p>Em conversa com m\u00e9dicos e com a tia que a acompanhava, a crian\u00e7a relatou que o tio a estuprava desde os 6 anos. Ela disse que n\u00e3o havia contado aos familiares porque tinha medo, pois ele a amea\u00e7ava. O tio da menina j\u00e1 teve passagens pelo sistema prisional capixaba. Em nota, a Secretaria Estadual de Justi\u00e7a (Sejus) informou que ele ficou detido por quase sete anos, entre maio de 2011 e mar\u00e7o de 2018, por tr\u00e1fico de drogas.<\/p>\n\n\n\n<p class=\"has-pale-cyan-blue-background-color has-background\">Quer saber as not\u00edcias do <strong>Aconteceu no Vale<\/strong> em primeira m\u00e3o? Siga-nos no Facebook <a rel=\"noreferrer noopener\" href=\"http:\/\/facebook.com\/aconteceunovale\" target=\"_blank\">@aconteceunovale<\/a>, Twitter <a rel=\"noreferrer noopener\" href=\"https:\/\/twitter.com\/noticiadosvales\" target=\"_blank\">@noticiadosvales<\/a> e Instagram <a rel=\"noreferrer noopener\" href=\"https:\/\/www.instagram.com\/aconteceunovale\" target=\"_blank\">@aconteceunovale<\/a>.<\/p>\n","protected":false},"excerpt":{"rendered":"<p>Profissionais de sa\u00fade respons\u00e1veis pela interrup\u00e7\u00e3o da gesta\u00e7\u00e3o da menina de 10 anos, que foi v\u00edtima de estupro no Esp\u00edrito Santo, confirmaram a realiza\u00e7\u00e3o do procedimento. A menina foi transferida de S\u00e3o Mateus, no norte do Esp\u00edrito Santo, para Recife, capital de Pernambuco, ap\u00f3s decis\u00e3o do juiz Antonio Moreira Fernandes, da Vara da Inf\u00e2ncia e [&hellip;]<\/p>\n","protected":false},"author":4,"featured_media":167524,"comment_status":"open","ping_status":"closed","sticky":false,"template":"","format":"standard","meta":{"amp_status":"","footnotes":""},"categories":[6],"tags":[227695,227674,227676,227685,227679,227682,227680,227683,227677,227800,227687,227675,227684,227678,227681,227689,227693,227694,227690,227691,227692,227688,227686,15950,142336,227673,142335,64856,152403],"class_list":["post-167523","post","type-post","status-publish","format-standard","has-post-thumbnail","hentry","category-br","tag-crianca-10-anos-estupro-sao-mateus","tag-crianca-de-10-anos-gravida","tag-crianca-de-10-anos-gravida-do-tio","tag-crianca-de-10-anos-gravida-do-tio-no-es","tag-crianca-de-10-anos-gravida-do-tio-no-espirito-santo","tag-crianca-de-10-anos-gravida-do-tio-sao-mateus","tag-crianca-de-10-anos-gravida-em-sao-mateus","tag-crianca-de-10-anos-gravida-no-es","tag-crianca-de-10-anos-gravida-no-espirito-santo","tag-crianca-estuprada-pelo-tio-tem-gestacao-interrompida-em-recife","tag-crianca-gravida-apos-estupro-no-espirito-santo","tag-crianca-gravida-do-tio","tag-crianca-gravida-do-tio-no-es","tag-crianca-gravida-do-tio-no-espirito-santo","tag-crianca-gravida-do-tio-sao-mateus","tag-delegado-leonardo-malacarne","tag-gravida-com-10-anos","tag-gravidez-com-dez-anos","tag-hospital-roberto-silvares","tag-hospital-universitario-cassiano-antonio-moraes","tag-hucam","tag-leonardo-malacarne","tag-menina-gravida-apos-estupro-no-espirito-santo","tag-sao-mateus","tag-tjes","tag-tribunal-autoriza-aborto-de-menina-de-10-anos-que-foi-estuprada-por-tio","tag-tribunal-de-justica-do-espirito-santo","tag-ufes","tag-universidade-federal-do-espirito-santos"],"_links":{"self":[{"href":"https:\/\/aconteceunovale.com.br\/portal\/index.php?rest_route=\/wp\/v2\/posts\/167523","targetHints":{"allow":["GET"]}}],"collection":[{"href":"https:\/\/aconteceunovale.com.br\/portal\/index.php?rest_route=\/wp\/v2\/posts"}],"about":[{"href":"https:\/\/aconteceunovale.com.br\/portal\/index.php?rest_route=\/wp\/v2\/types\/post"}],"author":[{"embeddable":true,"href":"https:\/\/aconteceunovale.com.br\/portal\/index.php?rest_route=\/wp\/v2\/users\/4"}],"replies":[{"embeddable":true,"href":"https:\/\/aconteceunovale.com.br\/portal\/index.php?rest_route=%2Fwp%2Fv2%2Fcomments&post=167523"}],"version-history":[{"count":1,"href":"https:\/\/aconteceunovale.com.br\/portal\/index.php?rest_route=\/wp\/v2\/posts\/167523\/revisions"}],"predecessor-version":[{"id":167525,"href":"https:\/\/aconteceunovale.com.br\/portal\/index.php?rest_route=\/wp\/v2\/posts\/167523\/revisions\/167525"}],"wp:featuredmedia":[{"embeddable":true,"href":"https:\/\/aconteceunovale.com.br\/portal\/index.php?rest_route=\/wp\/v2\/media\/167524"}],"wp:attachment":[{"href":"https:\/\/aconteceunovale.com.br\/portal\/index.php?rest_route=%2Fwp%2Fv2%2Fmedia&parent=167523"}],"wp:term":[{"taxonomy":"category","embeddable":true,"href":"https:\/\/aconteceunovale.com.br\/portal\/index.php?rest_route=%2Fwp%2Fv2%2Fcategories&post=167523"},{"taxonomy":"post_tag","embeddable":true,"href":"https:\/\/aconteceunovale.com.br\/portal\/index.php?rest_route=%2Fwp%2Fv2%2Ftags&post=167523"}],"curies":[{"name":"wp","href":"https:\/\/api.w.org\/{rel}","templated":true}]}}