{"id":167520,"date":"2020-08-17T20:53:29","date_gmt":"2020-08-17T23:53:29","guid":{"rendered":"https:\/\/aconteceunovale.com.br\/portal\/?p=167520"},"modified":"2020-08-17T20:54:03","modified_gmt":"2020-08-17T23:54:03","slug":"idene-assume-gestao-do-projeto-jequitai-no-norte-de-minas","status":"publish","type":"post","link":"https:\/\/aconteceunovale.com.br\/portal\/?p=167520","title":{"rendered":"Idene assume gest\u00e3o do Projeto Jequita\u00ed, no Norte de Minas"},"content":{"rendered":"\n<p>O Projeto Hidroagr\u00edcola Jequita\u00ed, no Norte de Minas, poder\u00e1 ser retomado nos pr\u00f3ximos meses, com a inje\u00e7\u00e3o de novos recursos. O comando das responsabilidades de gest\u00e3o ambiental, social e fundi\u00e1ria foi transferido ao\u00a0<a rel=\"noreferrer noopener\" href=\"http:\/\/www.idene.mg.gov.br\/\" target=\"_blank\">Instituto de Desenvolvimento do Norte e Nordeste de Minas Gerais (Idene)<\/a>. Antes, a coordena\u00e7\u00e3o era feita por meio da\u00a0Secretaria de Estado de Agricultura, Pecu\u00e1ria e Abastecimento (Seapa).<\/p>\n\n\n\n<p>O vice-governador de Minas, Paulo Brant, destaca que&nbsp;o instituto&nbsp;est\u00e1 entrando no comando de uma obra fundamental para o desenvolvimento econ\u00f4mico da regi\u00e3o. A medida vai garantir o abastecimento de munic\u00edpios que enfrentam problemas com a escassez de \u00e1gua. \u201cQueremos trabalhar e entregar as barragens Jequita\u00ed I e II e transformar a \u00e1rea, solucionando o problema h\u00eddrico\u201d, complementa o subsecret\u00e1rio de Desenvolvimento Integrado e diretor-geral do Idene, Nilson Borges.<\/p>\n\n\n\n<p>Ao assumir a gest\u00e3o do projeto Jequita\u00ed, o Idene, pela condi\u00e7\u00e3o administrativa de autarquia, pode acelerar a\u00e7\u00f5es, inclusive para licita\u00e7\u00e3o e contrata\u00e7\u00e3o de servi\u00e7os. Em um m\u00eas, deve ser assinado termo de coopera\u00e7\u00e3o com a Companhia de Desenvolvimento dos Vales do S\u00e3o Francisco e Parna\u00edba (Codevasf), que\u00a0tem\u00a0uma superintend\u00eancia em Montes Claros, para anunciar recursos federais.\u00a0<\/p>\n\n\n\n<figure class=\"wp-block-gallery columns-1 is-cropped wp-block-gallery-1 is-layout-flex wp-block-gallery-is-layout-flex\"><ul class=\"blocks-gallery-grid\"><li class=\"blocks-gallery-item\"><figure><img loading=\"lazy\" decoding=\"async\" width=\"638\" height=\"450\" src=\"https:\/\/aconteceunovale.com.br\/portal\/wp-content\/uploads\/2020\/08\/idene_jequitai.jpg\" alt=\"\" data-id=\"167521\" data-full-url=\"https:\/\/aconteceunovale.com.br\/portal\/wp-content\/uploads\/2020\/08\/idene_jequitai.jpg\" data-link=\"https:\/\/aconteceunovale.com.br\/portal\/?attachment_id=167521\" class=\"wp-image-167521\" srcset=\"https:\/\/aconteceunovale.com.br\/portal\/wp-content\/uploads\/2020\/08\/idene_jequitai.jpg 638w, https:\/\/aconteceunovale.com.br\/portal\/wp-content\/uploads\/2020\/08\/idene_jequitai-300x212.jpg 300w, https:\/\/aconteceunovale.com.br\/portal\/wp-content\/uploads\/2020\/08\/idene_jequitai-100x70.jpg 100w, https:\/\/aconteceunovale.com.br\/portal\/wp-content\/uploads\/2020\/08\/idene_jequitai-595x420.jpg 595w\" sizes=\"auto, (max-width: 638px) 100vw, 638px\" \/><figcaption class=\"blocks-gallery-item__caption\"><em>Nilson Borges e Paulo Brant (Foto: Divulga\u00e7\u00e3o \/ Idene)<\/em><\/figcaption><\/figure><\/li><\/ul><\/figure>\n\n\n\n<p><strong>Perfil das barragens&nbsp;<\/strong><\/p>\n\n\n\n<p>O projeto hidroagr\u00edcola vai beneficiar 16 munic\u00edpios, com 630 mil habitantes, ao todo. A obra prev\u00ea a constru\u00e7\u00e3o de duas barragens de concreto, sendo a primeira formada por um lago de 9 mil hectares, que se estender\u00e1 pelas cidades de Jequita\u00ed, Francisco Dumont e Claro dos Po\u00e7\u00f5es. A segunda ter\u00e1 capacidade para irrigar 35 mil hectares. Uma \u00e1rea de preserva\u00e7\u00e3o permanente, com cerca de 2,1 mil hectares ser\u00e1 implantada no entorno das estruturas.<\/p>\n\n\n\n<p>A barragem 1 ser\u00e1 destinada a m\u00faltiplos usos, como abastecimento de munic\u00edpios vizinhos, controle de cheias, gera\u00e7\u00e3o de energia, piscicultura, turismo e lazer. J\u00e1 a barragem 2 tem como principal fun\u00e7\u00e3o abastecer os canais de irriga\u00e7\u00e3o e gerar 12,4 megawatts de energia.\u00a0<\/p>\n\n\n\n<p class=\"has-pale-cyan-blue-background-color has-background\">Quer saber as not\u00edcias do <strong>Aconteceu no Vale<\/strong> em primeira m\u00e3o? Siga-nos no Facebook <a rel=\"noreferrer noopener\" href=\"http:\/\/facebook.com\/aconteceunovale\" target=\"_blank\">@aconteceunovale<\/a>, Twitter <a rel=\"noreferrer noopener\" href=\"https:\/\/twitter.com\/noticiadosvales\" target=\"_blank\">@noticiadosvales<\/a> e Instagram <a rel=\"noreferrer noopener\" href=\"https:\/\/www.instagram.com\/aconteceunovale\" target=\"_blank\">@aconteceunovale<\/a>.<\/p>\n","protected":false},"excerpt":{"rendered":"<p>O Projeto Hidroagr\u00edcola Jequita\u00ed, no Norte de Minas, poder\u00e1 ser retomado nos pr\u00f3ximos meses, com a inje\u00e7\u00e3o de novos recursos. O comando das responsabilidades de gest\u00e3o ambiental, social e fundi\u00e1ria foi transferido ao\u00a0Instituto de Desenvolvimento do Norte e Nordeste de Minas Gerais (Idene). Antes, a coordena\u00e7\u00e3o era feita por meio da\u00a0Secretaria de Estado de Agricultura, [&hellip;]<\/p>\n","protected":false},"author":4,"featured_media":167521,"comment_status":"open","ping_status":"closed","sticky":false,"template":"","format":"standard","meta":{"amp_status":"","footnotes":""},"categories":[1236],"tags":[2801,22496,1692,227799,272,227798,8146,3724,50612,22990,22989],"class_list":["post-167520","post","type-post","status-publish","format-standard","has-post-thumbnail","hentry","category-norte_de_minas","tag-claro-dos-pocoes","tag-codevasf","tag-francisco-dumont","tag-gestao-do-projeto-jequitai","tag-idene","tag-idene-assume-gestao-do-projeto-jequitai","tag-instituto-de-desenvolvimento-do-norte-e-nordeste-de-minas-gerais","tag-jequitai","tag-nilson-borges","tag-projeto-hidroagricola-jequitai","tag-projeto-jequitai"],"_links":{"self":[{"href":"https:\/\/aconteceunovale.com.br\/portal\/index.php?rest_route=\/wp\/v2\/posts\/167520","targetHints":{"allow":["GET"]}}],"collection":[{"href":"https:\/\/aconteceunovale.com.br\/portal\/index.php?rest_route=\/wp\/v2\/posts"}],"about":[{"href":"https:\/\/aconteceunovale.com.br\/portal\/index.php?rest_route=\/wp\/v2\/types\/post"}],"author":[{"embeddable":true,"href":"https:\/\/aconteceunovale.com.br\/portal\/index.php?rest_route=\/wp\/v2\/users\/4"}],"replies":[{"embeddable":true,"href":"https:\/\/aconteceunovale.com.br\/portal\/index.php?rest_route=%2Fwp%2Fv2%2Fcomments&post=167520"}],"version-history":[{"count":1,"href":"https:\/\/aconteceunovale.com.br\/portal\/index.php?rest_route=\/wp\/v2\/posts\/167520\/revisions"}],"predecessor-version":[{"id":167522,"href":"https:\/\/aconteceunovale.com.br\/portal\/index.php?rest_route=\/wp\/v2\/posts\/167520\/revisions\/167522"}],"wp:featuredmedia":[{"embeddable":true,"href":"https:\/\/aconteceunovale.com.br\/portal\/index.php?rest_route=\/wp\/v2\/media\/167521"}],"wp:attachment":[{"href":"https:\/\/aconteceunovale.com.br\/portal\/index.php?rest_route=%2Fwp%2Fv2%2Fmedia&parent=167520"}],"wp:term":[{"taxonomy":"category","embeddable":true,"href":"https:\/\/aconteceunovale.com.br\/portal\/index.php?rest_route=%2Fwp%2Fv2%2Fcategories&post=167520"},{"taxonomy":"post_tag","embeddable":true,"href":"https:\/\/aconteceunovale.com.br\/portal\/index.php?rest_route=%2Fwp%2Fv2%2Ftags&post=167520"}],"curies":[{"name":"wp","href":"https:\/\/api.w.org\/{rel}","templated":true}]}}