{"id":167517,"date":"2020-08-17T20:20:35","date_gmt":"2020-08-17T23:20:35","guid":{"rendered":"https:\/\/aconteceunovale.com.br\/portal\/?p=167517"},"modified":"2020-08-17T20:21:27","modified_gmt":"2020-08-17T23:21:27","slug":"prf-apreende-carvao-vegetal-sem-documentacao-fiscal-em-teofilo-otoni","status":"publish","type":"post","link":"https:\/\/aconteceunovale.com.br\/portal\/?p=167517","title":{"rendered":"PRF apreende carv\u00e3o vegetal sem documenta\u00e7\u00e3o fiscal em Te\u00f3filo Otoni"},"content":{"rendered":"\n<p>A Pol\u00edcia Rodovi\u00e1ria Federal (PRF) apreendeu uma carga de 66 metros c\u00fabicos de carv\u00e3o vegetal em Te\u00f3filo Otoni, no Vale do Mucuri, no \u00faltimo s\u00e1bado (15\/8\/2020).<\/p>\n\n\n\n<p>Os policiais realizavam patrulhamento ostensivo na BR-116 e abordaram um caminh\u00e3o licenciado em C\u00e2ndido Sales (BA). \u201cAo checarem a carga transportada, ficou constatado que estava sendo transportado 66 metros c\u00fabicos de carv\u00e3o vegetal de eucalipto, desprovida de documenta\u00e7\u00e3o fiscal acobertando o transporte rodovi\u00e1rio.\u201d, informou a PRF.<\/p>\n\n\n\n<p>O carregamento, que saiu da cidade baiana de C\u00e2ndido Sales (BA) e seguia para Petr\u00f3polis (RJ), permanecer\u00e1 apreendido no P\u00e1tio da Pol\u00edcia Rodovi\u00e1ria Federal at\u00e9 a devida an\u00e1lise da Secretaria Estadual de Fazenda do Estado de Minas Gerais.<\/p>\n\n\n\n<figure class=\"wp-block-gallery columns-1 is-cropped wp-block-gallery-1 is-layout-flex wp-block-gallery-is-layout-flex\"><ul class=\"blocks-gallery-grid\"><li class=\"blocks-gallery-item\"><figure><img loading=\"lazy\" decoding=\"async\" width=\"678\" height=\"377\" src=\"https:\/\/aconteceunovale.com.br\/portal\/wp-content\/uploads\/2020\/08\/carvao_teofilo_otoni.jpg\" alt=\"\" data-id=\"167518\" data-full-url=\"https:\/\/aconteceunovale.com.br\/portal\/wp-content\/uploads\/2020\/08\/carvao_teofilo_otoni.jpg\" data-link=\"https:\/\/aconteceunovale.com.br\/portal\/?attachment_id=167518\" class=\"wp-image-167518\" srcset=\"https:\/\/aconteceunovale.com.br\/portal\/wp-content\/uploads\/2020\/08\/carvao_teofilo_otoni.jpg 678w, https:\/\/aconteceunovale.com.br\/portal\/wp-content\/uploads\/2020\/08\/carvao_teofilo_otoni-300x167.jpg 300w\" sizes=\"auto, (max-width: 678px) 100vw, 678px\" \/><figcaption class=\"blocks-gallery-item__caption\"><em>Foto: PRF \/ Divulga\u00e7\u00e3o<\/em><\/figcaption><\/figure><\/li><\/ul><\/figure>\n\n\n\n<p class=\"has-pale-cyan-blue-background-color has-background\">Quer saber as not\u00edcias do <strong>Aconteceu no Vale<\/strong> em primeira m\u00e3o? Siga-nos no Facebook <a rel=\"noreferrer noopener\" href=\"http:\/\/facebook.com\/aconteceunovale\" target=\"_blank\">@aconteceunovale<\/a>, Twitter <a rel=\"noreferrer noopener\" href=\"https:\/\/twitter.com\/noticiadosvales\" target=\"_blank\">@noticiadosvales<\/a> e Instagram <a rel=\"noreferrer noopener\" href=\"https:\/\/www.instagram.com\/aconteceunovale\" target=\"_blank\">@aconteceunovale<\/a>.<\/p>\n","protected":false},"excerpt":{"rendered":"<p>A Pol\u00edcia Rodovi\u00e1ria Federal (PRF) apreendeu uma carga de 66 metros c\u00fabicos de carv\u00e3o vegetal em Te\u00f3filo Otoni, no Vale do Mucuri, no \u00faltimo s\u00e1bado (15\/8\/2020). Os policiais realizavam patrulhamento ostensivo na BR-116 e abordaram um caminh\u00e3o licenciado em C\u00e2ndido Sales (BA). \u201cAo checarem a carga transportada, ficou constatado que estava sendo transportado 66 metros [&hellip;]<\/p>\n","protected":false},"author":4,"featured_media":167518,"comment_status":"open","ping_status":"closed","sticky":false,"template":"","format":"standard","meta":{"amp_status":"","footnotes":""},"categories":[122],"tags":[227462,182,97105,18262,227461,227463,32743,10897,239,227797,34834,187349,1104,14954,164],"class_list":["post-167517","post","type-post","status-publish","format-standard","has-post-thumbnail","hentry","category-mucuri","tag-apreensao-de-carvao-em-teofilo-otoni","tag-br-116","tag-br-116-em-teofilo-otoni","tag-candido-sales","tag-carga-de-carvao-vegetal-sem-documentacao-e-apreendida-pela-prf-em-teofilo-otoni","tag-carvao-apreendido-em-teofilo-otoni","tag-encruzilhada","tag-petropolis","tag-prf","tag-prf-apreende-carvao-vegetal-sem-documentacao-fiscal-em-teofilo-otoni","tag-prf-de-teofilo-otoni","tag-prf-em-teofilo-otoni","tag-rio-de-janeiro","tag-sao-goncalo","tag-teofilo-otoni"],"_links":{"self":[{"href":"https:\/\/aconteceunovale.com.br\/portal\/index.php?rest_route=\/wp\/v2\/posts\/167517","targetHints":{"allow":["GET"]}}],"collection":[{"href":"https:\/\/aconteceunovale.com.br\/portal\/index.php?rest_route=\/wp\/v2\/posts"}],"about":[{"href":"https:\/\/aconteceunovale.com.br\/portal\/index.php?rest_route=\/wp\/v2\/types\/post"}],"author":[{"embeddable":true,"href":"https:\/\/aconteceunovale.com.br\/portal\/index.php?rest_route=\/wp\/v2\/users\/4"}],"replies":[{"embeddable":true,"href":"https:\/\/aconteceunovale.com.br\/portal\/index.php?rest_route=%2Fwp%2Fv2%2Fcomments&post=167517"}],"version-history":[{"count":1,"href":"https:\/\/aconteceunovale.com.br\/portal\/index.php?rest_route=\/wp\/v2\/posts\/167517\/revisions"}],"predecessor-version":[{"id":167519,"href":"https:\/\/aconteceunovale.com.br\/portal\/index.php?rest_route=\/wp\/v2\/posts\/167517\/revisions\/167519"}],"wp:featuredmedia":[{"embeddable":true,"href":"https:\/\/aconteceunovale.com.br\/portal\/index.php?rest_route=\/wp\/v2\/media\/167518"}],"wp:attachment":[{"href":"https:\/\/aconteceunovale.com.br\/portal\/index.php?rest_route=%2Fwp%2Fv2%2Fmedia&parent=167517"}],"wp:term":[{"taxonomy":"category","embeddable":true,"href":"https:\/\/aconteceunovale.com.br\/portal\/index.php?rest_route=%2Fwp%2Fv2%2Fcategories&post=167517"},{"taxonomy":"post_tag","embeddable":true,"href":"https:\/\/aconteceunovale.com.br\/portal\/index.php?rest_route=%2Fwp%2Fv2%2Ftags&post=167517"}],"curies":[{"name":"wp","href":"https:\/\/api.w.org\/{rel}","templated":true}]}}