{"id":167427,"date":"2020-08-16T13:06:51","date_gmt":"2020-08-16T16:06:51","guid":{"rendered":"https:\/\/aconteceunovale.com.br\/portal\/?p=167427"},"modified":"2020-08-16T13:07:03","modified_gmt":"2020-08-16T16:07:03","slug":"agosto-do-museu-mantem-essencia-das-festas-folcloricas-de-montes-claros","status":"publish","type":"post","link":"https:\/\/aconteceunovale.com.br\/portal\/?p=167427","title":{"rendered":"\u201cAgosto do Museu\u201d mant\u00e9m ess\u00eancia das festas folcl\u00f3ricas de Montes Claros"},"content":{"rendered":"\n<p>O Museu Regional do Norte de Minas (MRNM), mesmo diante da restri\u00e7\u00e3o \u00e0s visita\u00e7\u00f5es imposta pela pandemia, preparou, para este m\u00eas especial para a hist\u00f3ria de Montes Claros, o projeto \u201cAgosto do Museu\u201d. Em destaque, figuras folcl\u00f3ricas dos catop\u00e9s, marujos e caboclinhos nas redes sociais e nas exposi\u00e7\u00f5es de produ\u00e7\u00f5es tem\u00e1ticas.<\/p>\n\n\n\n<p>O p\u00fablico poder\u00e1 acompanhar, por exemplo, postagens di\u00e1rias alusivas ao folclore regional nas redes sociais do museu (<a rel=\"noreferrer noopener\" href=\"https:\/\/www.facebook.com\/Museu-Regional-do-Norte-de-Minas-664312950333021\/\" target=\"_blank\">Facebook<\/a>\u00a0\/\u00a0<a rel=\"noreferrer noopener\" href=\"https:\/\/www.instagram.com\/museuregionalnm\/\" target=\"_blank\">Instagram<\/a>). Al\u00e9m do pr\u00f3prio acervo, o visitante virtual ter\u00e1 acesso \u00e0s informa\u00e7\u00f5es sobre religiosidade, dan\u00e7as, cantos, linguagens, express\u00f5es e at\u00e9 lendas que s\u00e3o repassadas de pai para filho h\u00e1 mais de um s\u00e9culo e meio na cidade.<\/p>\n\n\n\n<p>O visitante poder\u00e1 interagir com a equipe de mediadores do Museu Regional que responde pelas pesquisas hist\u00f3ricas, sele\u00e7\u00e3o de imagens e publica\u00e7\u00e3o dos dados.<\/p>\n\n\n\n<p>Outra atra\u00e7\u00e3o \u00e9 a exposi\u00e7\u00e3o virtual assinada pelo artista pl\u00e1stico montes-clarense Cleiton Cruz. Intitulada &#8220;Dan\u00e7antes em Agosto&#8221;, a mostra traz 17 obras inspiradas nos personagens dos festejos folcl\u00f3ricos de Montes Claros. O&nbsp;lan\u00e7amento oficial da mostra est\u00e1 agendado para 18\/8, \u00e0s 10h, pelas redes sociais do MRNM.<\/p>\n\n\n\n<p>Est\u00e1 prevista, tamb\u00e9m, a realiza\u00e7\u00e3o da sess\u00e3o mensal on-line do projeto Leitura no Museu. No dia 27\/8, \u00e0s 19h, a obra em destaque ser\u00e1 \u201cPonci\u00e1 Viv\u00eancio\u201d, da escritora mineira Concei\u00e7\u00e3o Evaristo, refer\u00eancia na literatura afro-brasileira. Para participar, basta acessar\u00a0<a rel=\"noreferrer noopener\" href=\"http:\/\/facebook.com\/groups\/grupodeleituranomuseu\" target=\"_blank\">este link<\/a>.<\/p>\n\n\n\n<figure class=\"wp-block-gallery columns-1 is-cropped wp-block-gallery-1 is-layout-flex wp-block-gallery-is-layout-flex\"><ul class=\"blocks-gallery-grid\"><li class=\"blocks-gallery-item\"><figure><img decoding=\"async\" src=\"https:\/\/aconteceu.info\/boletins\/tela_moc_cleiton.jpeg\" alt=\"\" data-id=\"\"\/><figcaption class=\"blocks-gallery-item__caption\"><em>Trabalho do artista Cleiton Cruz (Foto: Divulga\u00e7\u00e3o \/ Unimontes)<\/em><\/figcaption><\/figure><\/li><\/ul><\/figure>\n\n\n\n<figure class=\"wp-block-image size-large\"><img decoding=\"async\" src=\"https:\/\/aconteceu.info\/boletins\/agosto_do_museu.jpeg\" alt=\"\"\/><\/figure>\n\n\n\n<p><strong>Servi\u00e7o:<br><br>Agosto do Museu \u2013 Museu Regional do Norte de Minas<br>Acesso do p\u00fablico:\u00a0<\/strong>Redes sociais do MRNM (<a rel=\"noreferrer noopener\" href=\"https:\/\/www.facebook.com\/Museu-Regional-do-Norte-de-Minas-664312950333021\/\" target=\"_blank\">Facebook<\/a>\u00a0\/\u00a0<a rel=\"noreferrer noopener\" href=\"https:\/\/www.instagram.com\/museuregionalnm\/\" target=\"_blank\">Instagram<\/a>)<\/p>\n\n\n\n<p class=\"has-pale-cyan-blue-background-color has-background\">Quer saber as not\u00edcias do <strong>Aconteceu no Vale<\/strong> em primeira m\u00e3o? Siga-nos no Facebook <a rel=\"noreferrer noopener\" href=\"http:\/\/facebook.com\/aconteceunovale\" target=\"_blank\">@aconteceunovale<\/a>, Twitter <a rel=\"noreferrer noopener\" href=\"https:\/\/twitter.com\/noticiadosvales\" target=\"_blank\">@noticiadosvales<\/a> e Instagram <a rel=\"noreferrer noopener\" href=\"https:\/\/www.instagram.com\/aconteceunovale\" target=\"_blank\">@aconteceunovale<\/a>.<\/p>\n","protected":false},"excerpt":{"rendered":"<p>O Museu Regional do Norte de Minas (MRNM), mesmo diante da restri\u00e7\u00e3o \u00e0s visita\u00e7\u00f5es imposta pela pandemia, preparou, para este m\u00eas especial para a hist\u00f3ria de Montes Claros, o projeto \u201cAgosto do Museu\u201d. Em destaque, figuras folcl\u00f3ricas dos catop\u00e9s, marujos e caboclinhos nas redes sociais e nas exposi\u00e7\u00f5es de produ\u00e7\u00f5es tem\u00e1ticas. O p\u00fablico poder\u00e1 acompanhar, [&hellip;]<\/p>\n","protected":false},"author":4,"featured_media":167428,"comment_status":"open","ping_status":"closed","sticky":false,"template":"","format":"standard","meta":{"amp_status":"","footnotes":""},"categories":[125,1236],"tags":[227603,227602,1018,227604,210,121542,2768],"class_list":["post-167427","post","type-post","status-publish","format-standard","has-post-thumbnail","hentry","category-noticias","category-norte_de_minas","tag-agosto-do-museu-em-montes-claros","tag-agosto-do-museu-mantem-essencia-das-festas-folcloricas-de-montes-claros","tag-destaque","tag-festas-folcloricas-de-montes-claros","tag-montes-claros","tag-mrnm","tag-museu-regional-do-norte-de-minas"],"_links":{"self":[{"href":"https:\/\/aconteceunovale.com.br\/portal\/index.php?rest_route=\/wp\/v2\/posts\/167427","targetHints":{"allow":["GET"]}}],"collection":[{"href":"https:\/\/aconteceunovale.com.br\/portal\/index.php?rest_route=\/wp\/v2\/posts"}],"about":[{"href":"https:\/\/aconteceunovale.com.br\/portal\/index.php?rest_route=\/wp\/v2\/types\/post"}],"author":[{"embeddable":true,"href":"https:\/\/aconteceunovale.com.br\/portal\/index.php?rest_route=\/wp\/v2\/users\/4"}],"replies":[{"embeddable":true,"href":"https:\/\/aconteceunovale.com.br\/portal\/index.php?rest_route=%2Fwp%2Fv2%2Fcomments&post=167427"}],"version-history":[{"count":1,"href":"https:\/\/aconteceunovale.com.br\/portal\/index.php?rest_route=\/wp\/v2\/posts\/167427\/revisions"}],"predecessor-version":[{"id":167429,"href":"https:\/\/aconteceunovale.com.br\/portal\/index.php?rest_route=\/wp\/v2\/posts\/167427\/revisions\/167429"}],"wp:featuredmedia":[{"embeddable":true,"href":"https:\/\/aconteceunovale.com.br\/portal\/index.php?rest_route=\/wp\/v2\/media\/167428"}],"wp:attachment":[{"href":"https:\/\/aconteceunovale.com.br\/portal\/index.php?rest_route=%2Fwp%2Fv2%2Fmedia&parent=167427"}],"wp:term":[{"taxonomy":"category","embeddable":true,"href":"https:\/\/aconteceunovale.com.br\/portal\/index.php?rest_route=%2Fwp%2Fv2%2Fcategories&post=167427"},{"taxonomy":"post_tag","embeddable":true,"href":"https:\/\/aconteceunovale.com.br\/portal\/index.php?rest_route=%2Fwp%2Fv2%2Ftags&post=167427"}],"curies":[{"name":"wp","href":"https:\/\/api.w.org\/{rel}","templated":true}]}}