{"id":167424,"date":"2020-08-16T12:56:29","date_gmt":"2020-08-16T15:56:29","guid":{"rendered":"https:\/\/aconteceunovale.com.br\/portal\/?p=167424"},"modified":"2020-08-16T12:56:37","modified_gmt":"2020-08-16T15:56:37","slug":"mais-de-60-familias-de-sao-jose-do-goiabal-recebem-titulos-de-propriedades","status":"publish","type":"post","link":"https:\/\/aconteceunovale.com.br\/portal\/?p=167424","title":{"rendered":"Mais de 60 fam\u00edlias de S\u00e3o Jos\u00e9 do Goiabal recebem t\u00edtulos de propriedades"},"content":{"rendered":"\n<p>A primeira etapa de regulariza\u00e7\u00e3o fundi\u00e1ria do bairro Padre Ermelindo, no munic\u00edpio de S\u00e3o Jos\u00e9 do Goiabal, foi conclu\u00edda nesta sexta-feira (14\/8). Ao todo, foram\u00a0entregues 48 t\u00edtulos de propriedades. \u00a0A a\u00e7\u00e3o foi realizada pela\u00a0<a rel=\"noreferrer noopener\" href=\"http:\/\/www.agenciarmva.mg.gov.br\/\" target=\"_blank\">Ag\u00eancia de Desenvolvimento da Regi\u00e3o Metropolitana do Vale do A\u00e7o (ARMVA)<\/a>\u00a0e Prefeitura Municipal de S\u00e3o Jos\u00e9 do Goiabal, como parte do\u00a0<a rel=\"noreferrer noopener\" href=\"http:\/\/www.desenvolvimento.mg.gov.br\/application\/projetos\/projeto\/1063\" target=\"_blank\">Programa Mineiro de Integra\u00e7\u00e3o e Regulariza\u00e7\u00e3o Territorial (Minas Reurb)<\/a>, coordenado pela\u00a0Secretaria de Estado de Desenvolvimento Econ\u00f4mico (Sede).<\/p>\n\n\n\n<p>A \u00e1rea regularizada abrange mais de 27,5 mil m\u00b2 e os documentos contemplam 62 fam\u00edlias, totalizando quase 250 beneficiados direta e indiretamente.<\/p>\n\n\n\n<p>Por v\u00eddeo, o governador Romeu Zema parabenizou os contemplados de S\u00e3o Jos\u00e9 do Goiabal e enfatizou outro investimento que beneficiar\u00e1 toda a popula\u00e7\u00e3o do munic\u00edpio. \u201cFico muito satisfeito e feliz de estarmos fazendo estas entregas de t\u00edtulos fundi\u00e1rios para fam\u00edlias que h\u00e1 anos sonham em ter suas situa\u00e7\u00f5es regularizadas. Al\u00e9m disso, fico extremamente satisfeito de termos conseguido junto \u00e0 Funda\u00e7\u00e3o Renova a pavimenta\u00e7\u00e3o da MG-760 que, com certeza, levar\u00e1 mais desenvolvimento \u00e0 regi\u00e3o\u201d, destacou.<\/p>\n\n\n\n<p>Ainda est\u00e1 em processo de regulariza\u00e7\u00e3o a segunda etapa do bairro Padre Ermelindo. Desta vez, a \u00e1rea ultrapassa os 133 mil m\u00b2 e a expectativa \u00e9 de que sejam regularizados 305 lotes. Dentro do munic\u00edpio de S\u00e3o Jos\u00e9 do Goiabal, o bairro S\u00e3o Jo\u00e3o tamb\u00e9m passar\u00e1 pelo mesmo processo de regulariza\u00e7\u00e3o, dividido em duas etapas.<\/p>\n\n\n\n<p>Esta a\u00e7\u00e3o do Minas Reurb contou com o apoio t\u00e9cnico da ARMVA\u00a0para a elabora\u00e7\u00e3o de todo o processo de regulariza\u00e7\u00e3o, Prefeitura de S\u00e3o Jos\u00e9 do Goiabal com cadastro t\u00e9cnico social e interlocu\u00e7\u00e3o com os benefici\u00e1rios e Universidade Federal de Vi\u00e7osa, por meio do Laborat\u00f3rio de Geomorfologia do Quarten\u00e1rio \u2013 Departamento de Geografia \u2013 LABGEO-DGE\/UFV, respons\u00e1vel pelo aerolevantamento.\u00a0<\/p>\n\n\n\n<figure class=\"wp-block-gallery columns-1 is-cropped wp-block-gallery-1 is-layout-flex wp-block-gallery-is-layout-flex\"><ul class=\"blocks-gallery-grid\"><li class=\"blocks-gallery-item\"><figure><img loading=\"lazy\" decoding=\"async\" width=\"659\" height=\"450\" src=\"https:\/\/aconteceunovale.com.br\/portal\/wp-content\/uploads\/2020\/08\/goiabal_titulos.jpg\" alt=\"\" data-id=\"167425\" data-full-url=\"https:\/\/aconteceunovale.com.br\/portal\/wp-content\/uploads\/2020\/08\/goiabal_titulos.jpg\" data-link=\"https:\/\/aconteceunovale.com.br\/portal\/?attachment_id=167425\" class=\"wp-image-167425\" srcset=\"https:\/\/aconteceunovale.com.br\/portal\/wp-content\/uploads\/2020\/08\/goiabal_titulos.jpg 659w, https:\/\/aconteceunovale.com.br\/portal\/wp-content\/uploads\/2020\/08\/goiabal_titulos-300x205.jpg 300w, https:\/\/aconteceunovale.com.br\/portal\/wp-content\/uploads\/2020\/08\/goiabal_titulos-218x150.jpg 218w, https:\/\/aconteceunovale.com.br\/portal\/wp-content\/uploads\/2020\/08\/goiabal_titulos-615x420.jpg 615w\" sizes=\"auto, (max-width: 659px) 100vw, 659px\" \/><figcaption class=\"blocks-gallery-item__caption\"><em>Foto: Divulga\u00e7\u00e3o \/ ARMVA<\/em><\/figcaption><\/figure><\/li><\/ul><\/figure>\n\n\n\n<p><strong>Programa<\/strong><\/p>\n\n\n\n<p>O Minas Reurb \u00e9 um dos pilares estrat\u00e9gicos da atual gest\u00e3o. A&nbsp;regulariza\u00e7\u00e3o fundi\u00e1ria d\u00e1 diversos benef\u00edcios aos contemplados, entre eles a&nbsp;garantia de propriedade do im\u00f3vel, valoriza\u00e7\u00e3o da propriedade, maior seguran\u00e7a jur\u00eddica no processo de compra e venda e acesso aos servi\u00e7os p\u00fablicos.<\/p>\n\n\n\n<p>\u00c9 a ARMVA que&nbsp;disponibiliza coopera\u00e7\u00e3o t\u00e9cnica para regulariza\u00e7\u00e3o fundi\u00e1ria a todos os munic\u00edpios da Regi\u00e3o Metropolitana e do Colar Metropolitano do Vale do A\u00e7o. \u201cA Ag\u00eancia atua junto ao munic\u00edpio desde a orienta\u00e7\u00e3o para juntada de documentos e informa\u00e7\u00f5es dos benefici\u00e1rios, elabora\u00e7\u00e3o da planta de parcelamento do solo, at\u00e9 a finaliza\u00e7\u00e3o de todo o processo de registro das escrituras. Lembrando que estes servi\u00e7os s\u00e3o oferecidos sem custo algum aos munic\u00edpios\u201d, detalha a gerente de Regula\u00e7\u00e3o Urbana da autarquia, Glauciene Vasconcelos.<\/p>\n\n\n\n<p>Atualmente, as cidades de A\u00e7ucena, Ant\u00f4nio Dias, Ipaba, Santana do Para\u00edso, S\u00e3o Jos\u00e9 do Goiabal e Tim\u00f3teo possuem em vig\u00eancia termos de coopera\u00e7\u00e3o para os processos de regulariza\u00e7\u00e3o fundi\u00e1ria. De 2019 at\u00e9 o momento, dos projetos desenvolvidos em parceira com ARMVA, mais de 1 mil\u00a0t\u00edtulos de propriedade foram protocolados em cart\u00f3rio.\u00a0<\/p>\n\n\n\n<p class=\"has-pale-cyan-blue-background-color has-background\">Quer saber as not\u00edcias do <strong>Aconteceu no Vale<\/strong> em primeira m\u00e3o? Siga-nos no Facebook <a rel=\"noreferrer noopener\" href=\"http:\/\/facebook.com\/aconteceunovale\" target=\"_blank\">@aconteceunovale<\/a>, Twitter <a rel=\"noreferrer noopener\" href=\"https:\/\/twitter.com\/noticiadosvales\" target=\"_blank\">@noticiadosvales<\/a> e Instagram <a rel=\"noreferrer noopener\" href=\"https:\/\/www.instagram.com\/aconteceunovale\" target=\"_blank\">@aconteceunovale<\/a>.<\/p>\n","protected":false},"excerpt":{"rendered":"<p>A primeira etapa de regulariza\u00e7\u00e3o fundi\u00e1ria do bairro Padre Ermelindo, no munic\u00edpio de S\u00e3o Jos\u00e9 do Goiabal, foi conclu\u00edda nesta sexta-feira (14\/8). Ao todo, foram\u00a0entregues 48 t\u00edtulos de propriedades. \u00a0A a\u00e7\u00e3o foi realizada pela\u00a0Ag\u00eancia de Desenvolvimento da Regi\u00e3o Metropolitana do Vale do A\u00e7o (ARMVA)\u00a0e Prefeitura Municipal de S\u00e3o Jos\u00e9 do Goiabal, como parte do\u00a0Programa Mineiro [&hellip;]<\/p>\n","protected":false},"author":4,"featured_media":167425,"comment_status":"open","ping_status":"closed","sticky":false,"template":"","format":"standard","meta":{"amp_status":"","footnotes":""},"categories":[121],"tags":[971,57815,1740,57816,227601,227597,122011,2234,227596,51235,227473,227599,227600,52663,2101,1729,1105,227598],"class_list":["post-167424","post","type-post","status-publish","format-standard","has-post-thumbnail","hentry","category-leste","tag-acucena","tag-agencia-de-desenvolvimento-da-regiao-metropolitana-do-vale-do-aco","tag-antonio-dias","tag-armva","tag-colar-metropolitano-do-vale-do-aco","tag-entrega-de-titulos-em-sao-jose-do-goiabal","tag-fundacao-renova","tag-ipaba","tag-mais-de-60-familias-de-sao-jose-do-goiabal-recebem-titulos-de-propriedades","tag-mg-760","tag-minas-reurb","tag-prefeitura-de-sao-jose-do-goiabal","tag-programa-mineiro-de-integracao-e-regularizacao-territorial","tag-regiao-metropolitana-do-vale-do-aco","tag-santana-do-paraiso","tag-sao-jose-do-goiabal","tag-timoteo","tag-titulos-de-propriedades-entregues-em-sao-jose-do-goiabal"],"_links":{"self":[{"href":"https:\/\/aconteceunovale.com.br\/portal\/index.php?rest_route=\/wp\/v2\/posts\/167424","targetHints":{"allow":["GET"]}}],"collection":[{"href":"https:\/\/aconteceunovale.com.br\/portal\/index.php?rest_route=\/wp\/v2\/posts"}],"about":[{"href":"https:\/\/aconteceunovale.com.br\/portal\/index.php?rest_route=\/wp\/v2\/types\/post"}],"author":[{"embeddable":true,"href":"https:\/\/aconteceunovale.com.br\/portal\/index.php?rest_route=\/wp\/v2\/users\/4"}],"replies":[{"embeddable":true,"href":"https:\/\/aconteceunovale.com.br\/portal\/index.php?rest_route=%2Fwp%2Fv2%2Fcomments&post=167424"}],"version-history":[{"count":1,"href":"https:\/\/aconteceunovale.com.br\/portal\/index.php?rest_route=\/wp\/v2\/posts\/167424\/revisions"}],"predecessor-version":[{"id":167426,"href":"https:\/\/aconteceunovale.com.br\/portal\/index.php?rest_route=\/wp\/v2\/posts\/167424\/revisions\/167426"}],"wp:featuredmedia":[{"embeddable":true,"href":"https:\/\/aconteceunovale.com.br\/portal\/index.php?rest_route=\/wp\/v2\/media\/167425"}],"wp:attachment":[{"href":"https:\/\/aconteceunovale.com.br\/portal\/index.php?rest_route=%2Fwp%2Fv2%2Fmedia&parent=167424"}],"wp:term":[{"taxonomy":"category","embeddable":true,"href":"https:\/\/aconteceunovale.com.br\/portal\/index.php?rest_route=%2Fwp%2Fv2%2Fcategories&post=167424"},{"taxonomy":"post_tag","embeddable":true,"href":"https:\/\/aconteceunovale.com.br\/portal\/index.php?rest_route=%2Fwp%2Fv2%2Ftags&post=167424"}],"curies":[{"name":"wp","href":"https:\/\/api.w.org\/{rel}","templated":true}]}}