{"id":167421,"date":"2020-08-16T12:48:15","date_gmt":"2020-08-16T15:48:15","guid":{"rendered":"https:\/\/aconteceunovale.com.br\/portal\/?p=167421"},"modified":"2020-08-16T12:48:25","modified_gmt":"2020-08-16T15:48:25","slug":"projeto-contribui-para-geracao-de-renda-no-semiarido-mineiro","status":"publish","type":"post","link":"https:\/\/aconteceunovale.com.br\/portal\/?p=167421","title":{"rendered":"Projeto contribui para gera\u00e7\u00e3o de renda no semi\u00e1rido mineiro"},"content":{"rendered":"\n<p>Parceria entre diversas entidades, incluindo o Minist\u00e9rio da Agricultura, Pecu\u00e1ria e Abastecimento (Mapa) e a\u00a0Empresa de Assist\u00eancia T\u00e9cnica e Extens\u00e3o Rural do Estado de Minas Gerais (Emater-MG)\u00a0, o Projeto Dom Helder C\u00e2mara beneficiou quase 1,8 mil agricultores familiares no semi\u00e1rido mineiro.<\/p>\n\n\n\n<p>Desde que foi implantado, em 2018, fam\u00edlias de 57 munic\u00edpios foram beneficiadas com ajuda financeira e assist\u00eancia t\u00e9cnica na implanta\u00e7\u00e3o de uma atividade produtiva.<\/p>\n\n\n\n<p>\u201cO projeto atende agricultores familiares em situa\u00e7\u00e3o de pobreza extrema, com renda per capita de at\u00e9 R$ 89 por m\u00eas. Cada fam\u00edlia recebe R$ 2,4 mil para investir em uma atividade econ\u00f4mica definida em um projeto produtivo elaborado em conjunto com um extensionista da Emater\u201d, diz a gestora estadual do projeto, a coordenadora t\u00e9cnica estadual da empresa, Luciana Rocha.<\/p>\n\n\n\n<figure class=\"wp-block-gallery columns-1 is-cropped wp-block-gallery-1 is-layout-flex wp-block-gallery-is-layout-flex\"><ul class=\"blocks-gallery-grid\"><li class=\"blocks-gallery-item\"><figure><img loading=\"lazy\" decoding=\"async\" width=\"627\" height=\"450\" src=\"https:\/\/aconteceunovale.com.br\/portal\/wp-content\/uploads\/2020\/08\/quitandas_maria_vdl.jpg\" alt=\"\" data-id=\"167422\" data-full-url=\"https:\/\/aconteceunovale.com.br\/portal\/wp-content\/uploads\/2020\/08\/quitandas_maria_vdl.jpg\" data-link=\"https:\/\/aconteceunovale.com.br\/portal\/?attachment_id=167422\" class=\"wp-image-167422\" srcset=\"https:\/\/aconteceunovale.com.br\/portal\/wp-content\/uploads\/2020\/08\/quitandas_maria_vdl.jpg 627w, https:\/\/aconteceunovale.com.br\/portal\/wp-content\/uploads\/2020\/08\/quitandas_maria_vdl-300x215.jpg 300w, https:\/\/aconteceunovale.com.br\/portal\/wp-content\/uploads\/2020\/08\/quitandas_maria_vdl-585x420.jpg 585w\" sizes=\"auto, (max-width: 627px) 100vw, 627px\" \/><figcaption class=\"blocks-gallery-item__caption\"><em>Produ\u00e7\u00e3o de quitandas de Maria Creuza, da comunidade Ros\u00e1rio, no munic\u00edpio de Virgem da Lapa (Foto: Divulga\u00e7\u00e3o \/ Emater-MG)<\/em><\/figcaption><\/figure><\/li><\/ul><\/figure>\n\n\n\n<p><strong>Participa\u00e7\u00e3o<\/strong><\/p>\n\n\n\n<p>Para participar do projeto, os interessados devem ser cadastrados no Cadastro \u00danico (Cad\u00danico\/Minist\u00e9rio da Cidadania) e possuir a Declara\u00e7\u00e3o de Aptid\u00e3o ao Pronaf (DAP). Os agricultores podem obter informa\u00e7\u00f5es e orienta\u00e7\u00f5es com os t\u00e9cnicos da Emater-MG, \u00f3rg\u00e3o vinculado \u00e0\u00a0Secretaria de Estado de Agricultura, Pecu\u00e1ria e Abastecimento (Seapa).\u00a0<\/p>\n\n\n\n<p>Recursos do projeto s\u00e3o aproveitados por produtores como Maria Creuza de Souza da Silva, da comunidade Ros\u00e1rio, munic\u00edpio de Virgem da Lapa, no Nordeste de Minas Gerais. Ela conseguiu reformar o espa\u00e7o em que produz quitandas, e diz ter realizado um sonho.<\/p>\n\n\n\n<p>O pequeno c\u00f4modo, ao lado da casa da quitandeira, teve o piso trocado e recebeu nova pintura.&nbsp; Tamb\u00e9m foi necess\u00e1rio refazer as instala\u00e7\u00f5es de \u00e1gua e energia el\u00e9trica. \u201cMelhorou muito para produzir produtos de qualidade. Eu n\u00e3o teria condi\u00e7\u00f5es de fazer a reforma sem essa ajuda\u201d, conta Maria Creuza.&nbsp;<\/p>\n\n\n\n<p>As quitandas s\u00e3o biscoitos, p\u00e3es, bolos, broas e rosquinhas, tudo&nbsp;feito no fog\u00e3o a lenha. \u201cEu n\u00e3o abro m\u00e3o disso. Eu me acostumei com o fog\u00e3o a lenha. D\u00e1 um sabor diferente\u201d, diz.<\/p>\n\n\n\n<p><strong>Assist\u00eancia<\/strong><\/p>\n\n\n\n<p>Para participar do projeto, Maria Creuza contou com a Emater-MG, que trabalha em parceria com a Prefeitura de Virgem da Lapa.&nbsp;A Emater desenvolve o projeto t\u00e9cnico para a libera\u00e7\u00e3o dos recursos e acompanha as fam\u00edlias durante sua implanta\u00e7\u00e3o.<\/p>\n\n\n\n<p>Ao todo,150 fam\u00edlias de Virgem da Lapa j\u00e1 foram beneficiadas pelo projeto em atividades como avicultura, suinocultura, piscicultura, apiculturas e agroind\u00fastria.&nbsp;<\/p>\n\n\n\n<p>O projeto \u00e9 parceria entre Mapa, Minist\u00e9rio da Cidadania (MC), Fundo Internacional para Desenvolvimento Agr\u00edcola (Fida), Ag\u00eancia Nacional de Assist\u00eancia T\u00e9cnica e Extens\u00e3o Rural (Anater) e Emater-MG.<\/p>\n\n\n\n<p><strong>Covid-19<\/strong><\/p>\n\n\n\n<p>Neste per\u00edodo de pandemia da covid-19, a Emater-MG tamb\u00e9m disponibiliza canais virtuais para atendimento aos produtores.\u00a0Um deles \u00e9 o Plant\u00e3o T\u00e9cnico, dispon\u00edvel no site (<a href=\"http:\/\/www.emater.mg.gov.br\/\" target=\"_blank\" rel=\"noreferrer noopener\">www.emater.mg.gov.br<\/a>). Outro canal de informa\u00e7\u00e3o \u00e9 o WhatsApp, pelo n\u00famero (31) 9 8453-6231. Os produtores tamb\u00e9m podem mandar um e-mail para os escrit\u00f3rios locais. Os endere\u00e7os est\u00e3o dispon\u00edveis no site.<\/p>\n\n\n\n<p class=\"has-pale-cyan-blue-background-color has-background\">Quer saber as not\u00edcias do <strong>Aconteceu no Vale<\/strong> em primeira m\u00e3o? Siga-nos no Facebook <a rel=\"noreferrer noopener\" href=\"http:\/\/facebook.com\/aconteceunovale\" target=\"_blank\">@aconteceunovale<\/a>, Twitter <a rel=\"noreferrer noopener\" href=\"https:\/\/twitter.com\/noticiadosvales\" target=\"_blank\">@noticiadosvales<\/a> e Instagram <a rel=\"noreferrer noopener\" href=\"https:\/\/www.instagram.com\/aconteceunovale\" target=\"_blank\">@aconteceunovale<\/a>.<\/p>\n","protected":false},"excerpt":{"rendered":"<p>Parceria entre diversas entidades, incluindo o Minist\u00e9rio da Agricultura, Pecu\u00e1ria e Abastecimento (Mapa) e a\u00a0Empresa de Assist\u00eancia T\u00e9cnica e Extens\u00e3o Rural do Estado de Minas Gerais (Emater-MG)\u00a0, o Projeto Dom Helder C\u00e2mara beneficiou quase 1,8 mil agricultores familiares no semi\u00e1rido mineiro. Desde que foi implantado, em 2018, fam\u00edlias de 57 munic\u00edpios foram beneficiadas com ajuda [&hellip;]<\/p>\n","protected":false},"author":4,"featured_media":167422,"comment_status":"open","ping_status":"closed","sticky":false,"template":"","format":"standard","meta":{"amp_status":"","footnotes":""},"categories":[1236,120],"tags":[130796,227592,1018,25775,28452,225486,227590,23235,227591,91974,191124,227594,227593,227595,135446,482],"class_list":["post-167421","post","type-post","status-publish","format-standard","has-post-thumbnail","hentry","category-norte_de_minas","category-jequi","tag-anater","tag-comunidade-rosario","tag-destaque","tag-emater-mg","tag-empresa-de-assistencia-tecnica-e-extensao-rural-do-estado-de-minas-gerais","tag-fida","tag-luciana-rocha","tag-mapa","tag-maria-creuza-de-souza-da-silva","tag-ministerio-da-agricultura","tag-prefeitura-de-virgem-da-lapa","tag-projeto-contribui-para-geracao-de-renda-no-norte-de-minas","tag-projeto-contribui-para-geracao-de-renda-no-semiarido-mineiro","tag-projeto-contribui-para-geracao-de-renda-no-vale-do-jequitinhonha","tag-projeto-dom-helder-camara","tag-virgem-da-lapa"],"_links":{"self":[{"href":"https:\/\/aconteceunovale.com.br\/portal\/index.php?rest_route=\/wp\/v2\/posts\/167421","targetHints":{"allow":["GET"]}}],"collection":[{"href":"https:\/\/aconteceunovale.com.br\/portal\/index.php?rest_route=\/wp\/v2\/posts"}],"about":[{"href":"https:\/\/aconteceunovale.com.br\/portal\/index.php?rest_route=\/wp\/v2\/types\/post"}],"author":[{"embeddable":true,"href":"https:\/\/aconteceunovale.com.br\/portal\/index.php?rest_route=\/wp\/v2\/users\/4"}],"replies":[{"embeddable":true,"href":"https:\/\/aconteceunovale.com.br\/portal\/index.php?rest_route=%2Fwp%2Fv2%2Fcomments&post=167421"}],"version-history":[{"count":1,"href":"https:\/\/aconteceunovale.com.br\/portal\/index.php?rest_route=\/wp\/v2\/posts\/167421\/revisions"}],"predecessor-version":[{"id":167423,"href":"https:\/\/aconteceunovale.com.br\/portal\/index.php?rest_route=\/wp\/v2\/posts\/167421\/revisions\/167423"}],"wp:featuredmedia":[{"embeddable":true,"href":"https:\/\/aconteceunovale.com.br\/portal\/index.php?rest_route=\/wp\/v2\/media\/167422"}],"wp:attachment":[{"href":"https:\/\/aconteceunovale.com.br\/portal\/index.php?rest_route=%2Fwp%2Fv2%2Fmedia&parent=167421"}],"wp:term":[{"taxonomy":"category","embeddable":true,"href":"https:\/\/aconteceunovale.com.br\/portal\/index.php?rest_route=%2Fwp%2Fv2%2Fcategories&post=167421"},{"taxonomy":"post_tag","embeddable":true,"href":"https:\/\/aconteceunovale.com.br\/portal\/index.php?rest_route=%2Fwp%2Fv2%2Ftags&post=167421"}],"curies":[{"name":"wp","href":"https:\/\/api.w.org\/{rel}","templated":true}]}}