{"id":16742,"date":"2013-12-25T14:10:51","date_gmt":"2013-12-25T16:10:51","guid":{"rendered":"http:\/\/aconteceunovale.com.br\/portal\/?p=16742"},"modified":"2013-12-25T14:10:51","modified_gmt":"2013-12-25T16:10:51","slug":"decreto-eleva-ipi-para-veiculos-automotores-a-partir-de-janeiro-de-2014","status":"publish","type":"post","link":"https:\/\/aconteceunovale.com.br\/portal\/?p=16742","title":{"rendered":"Decreto eleva IPI para ve\u00edculos automotores a partir de janeiro de 2014"},"content":{"rendered":"<p>O governo editou nesta ter\u00e7a-feira (24), no Di\u00e1rio Oficial da Uni\u00e3o, o decreto que estabelece o aumento gradativo das al\u00edquotas do Imposto sobre Produtos Industriais (IPI) incidente sobre ve\u00edculos automotores. A medida j\u00e1 era esperada e o pr\u00f3prio ministro da Fazenda, Guido Mantega, j\u00e1 havia anunciado na semana passada, ap\u00f3s reuni\u00e3o com representantes do setor, que a manuten\u00e7\u00e3o das atuais al\u00edquotas estaria descartada e que o imposto iria subir gradativamente a partir de janeiro, at\u00e9 retornar aos n\u00edveis pr\u00e9-crise.<\/p>\n<p><img decoding=\"async\" src=\"http:\/\/aconteceunovale.com.br\/portal\/wp-content\/uploads\/2013\/12\/aumento_ipi_janeiro_2014.jpg\" alt=\"\" \/><br \/>\n<em>Decreto 8.168 traz as tabelas do IPI dos ve\u00edculos que ser\u00e3o alteradas a partir de janeiro de 2014<\/em><\/p>\n<p>O Decreto 8.168 traz as tabelas que ser\u00e3o alteradas a partir de janeiro de 2014. Para ve\u00edculos at\u00e9 1.000 cilindradas (1.0), por exemplo, a al\u00edquota passar\u00e1 para 33% em 1\u00ba de janeiro de 2014 at\u00e9 30 de junho do pr\u00f3ximo ano. De 1\u00ba de julho de 2014 at\u00e9 31 de dezembro de 2017, o IPI sobre esses autom\u00f3veis ser\u00e1 de 37%, retomando assim ao patamar anterior aos incentivos do governo ao setor, quando a al\u00edquota do IPI para carros populares foi reduzida a 7%. A partir de janeiro de 2018, a al\u00edquota voltar\u00e1 aos 7%, segundo a tabela publicada no Di\u00e1rio Oficial da Uni\u00e3o.<\/p>\n<p>Segundo o decreto, os carros entre 1.000 e 1.500 cilindradas, passam a ter al\u00edquota do IPI de 39% em 1\u00ba de janeiro at\u00e9 30 de junho do ano que vem. Em 1\u00ba de julho de 2014, a al\u00edquota subir\u00e1 para 41% (mesmo patamar que vigorava at\u00e9 dezembro de 2012) e ficar\u00e1 em vigor at\u00e9 31 de dezembro de 2017. A partir de janeiro de 2018, o decreto prev\u00ea uma nova redu\u00e7\u00e3o da al\u00edquota, para 11%.<\/p>\n<p>Para ve\u00edculos at\u00e9 2.000 cilindradas, o decreto prev\u00ea uma alta da al\u00edquota para 39% de janeiro a 30 de junho de 2014; para 41% a partir de 1\u00ba de julho de 2014 at\u00e9 31 de dezembro de 2017, sendo reduzida a 11% a partir janeiro de 2018.<\/p>\n<p><a href=\"http:\/\/pesquisa.in.gov.br\/imprensa\/jsp\/visualiza\/index.jsp?data=24\/12\/2013&#038;jornal=1&#038;pagina=1&#038;totalArquivos=168\" target=\"_blank\">Clique aqui<\/a> para acessar o texto do decreto e as tabelas com as novas al\u00edquotas.<\/p>\n","protected":false},"excerpt":{"rendered":"<p>O governo editou nesta ter\u00e7a-feira (24), no Di\u00e1rio Oficial da Uni\u00e3o, o decreto que estabelece o aumento gradativo das al\u00edquotas do Imposto sobre Produtos Industriais (IPI) incidente sobre ve\u00edculos automotores. A medida j\u00e1 era esperada e o pr\u00f3prio ministro da Fazenda, Guido Mantega, j\u00e1 havia anunciado na semana passada, ap\u00f3s reuni\u00e3o com representantes do setor, [&hellip;]<\/p>\n","protected":false},"author":1,"featured_media":0,"comment_status":"open","ping_status":"closed","sticky":false,"template":"","format":"standard","meta":{"amp_status":"","footnotes":""},"categories":[6],"tags":[2123,2122,2121,2124],"class_list":["post-16742","post","type-post","status-publish","format-standard","hentry","category-br","tag-aumento-do-ipi","tag-aumento-do-ipi-em-janeiro-de-2014","tag-decreto-eleva-ipi-para-veiculos-automotores-a-partir-de-janeiro-de-2014","tag-economia"],"_links":{"self":[{"href":"https:\/\/aconteceunovale.com.br\/portal\/index.php?rest_route=\/wp\/v2\/posts\/16742","targetHints":{"allow":["GET"]}}],"collection":[{"href":"https:\/\/aconteceunovale.com.br\/portal\/index.php?rest_route=\/wp\/v2\/posts"}],"about":[{"href":"https:\/\/aconteceunovale.com.br\/portal\/index.php?rest_route=\/wp\/v2\/types\/post"}],"author":[{"embeddable":true,"href":"https:\/\/aconteceunovale.com.br\/portal\/index.php?rest_route=\/wp\/v2\/users\/1"}],"replies":[{"embeddable":true,"href":"https:\/\/aconteceunovale.com.br\/portal\/index.php?rest_route=%2Fwp%2Fv2%2Fcomments&post=16742"}],"version-history":[{"count":0,"href":"https:\/\/aconteceunovale.com.br\/portal\/index.php?rest_route=\/wp\/v2\/posts\/16742\/revisions"}],"wp:attachment":[{"href":"https:\/\/aconteceunovale.com.br\/portal\/index.php?rest_route=%2Fwp%2Fv2%2Fmedia&parent=16742"}],"wp:term":[{"taxonomy":"category","embeddable":true,"href":"https:\/\/aconteceunovale.com.br\/portal\/index.php?rest_route=%2Fwp%2Fv2%2Fcategories&post=16742"},{"taxonomy":"post_tag","embeddable":true,"href":"https:\/\/aconteceunovale.com.br\/portal\/index.php?rest_route=%2Fwp%2Fv2%2Ftags&post=16742"}],"curies":[{"name":"wp","href":"https:\/\/api.w.org\/{rel}","templated":true}]}}