{"id":167417,"date":"2020-08-16T12:18:05","date_gmt":"2020-08-16T15:18:05","guid":{"rendered":"https:\/\/aconteceunovale.com.br\/portal\/?p=167417"},"modified":"2020-08-16T12:18:47","modified_gmt":"2020-08-16T15:18:47","slug":"minas-gerais-e-espirito-santo-terao-mais-de-r-800-milhoes-para-investir-em-educacao-saude-e-infraestrutura-2","status":"publish","type":"post","link":"https:\/\/aconteceunovale.com.br\/portal\/?p=167417","title":{"rendered":"Minas Gerais e Esp\u00edrito Santo ter\u00e3o mais de R$ 800 milh\u00f5es para investir em educa\u00e7\u00e3o, sa\u00fade e infraestrutura"},"content":{"rendered":"\n<p>Uma&nbsp;<a href=\"https:\/\/www.fundacaorenova.org\/agenda-integrada\/?utm_source=AconteceunoVale&amp;utm_medium=1060x210&amp;utm_campaign=AgendaIntegradaPortais&amp;utm_content=BannersPortaisTrecho\" target=\"_blank\" rel=\"noreferrer noopener\">a\u00e7\u00e3o integrada entre a Funda\u00e7\u00e3o Renova<\/a>, os governos de Minas Gerais e Esp\u00edrito Santo, com a participa\u00e7\u00e3o do&nbsp;F\u00f3rum dos Prefeitos do Rio Doce, vai destinar mais de&nbsp;R$ 800 milh\u00f5es&nbsp;para investimentos em&nbsp;educa\u00e7\u00e3o,&nbsp;infraestrutura&nbsp;e&nbsp;sa\u00fade&nbsp;na regi\u00e3o impactada pelo rompimento da barragem de Fund\u00e3o, em Mariana (MG). Desse valor,&nbsp;cerca de R$ 240 milh\u00f5es&nbsp;ser\u00e3o usados para&nbsp;beneficiar quase 900 escolas das redes p\u00fablicas estaduais e municipais de ensino, contemplando mais de 270 mil alunos.<\/p>\n\n\n\n<p>Nesse esfor\u00e7o conjunto, recursos compensat\u00f3rios da <a href=\"https:\/\/www.fundacaorenova.org\/agenda-integrada\/?utm_source=AconteceunoVale&amp;utm_medium=1060x210&amp;utm_campaign=AgendaIntegradaPortais&amp;utm_content=BannersPortaisTrecho\" target=\"_blank\" rel=\"noreferrer noopener\">Funda\u00e7\u00e3o Renova<\/a> est\u00e3o sendo direcionados a projetos de&nbsp;impacto coletivo e de longo prazo na bacia do rio Doce. Al\u00e9m do valor a ser repassado para a rede de ensino, cerca de&nbsp;R$ 600 milh\u00f5es&nbsp;ser\u00e3o aplicados em&nbsp;rodovias de Minas e do Esp\u00edrito Santo,&nbsp;na estrutura\u00e7\u00e3o do Hospital Regional de Governador Valadares&nbsp;(MG)&nbsp;e na implanta\u00e7\u00e3o do Distrito Industrial de Rio Doce&nbsp;(MG).<\/p>\n\n\n\n<p>Todos os gastos compensat\u00f3rios foram aprovados pelo&nbsp;<a rel=\"noreferrer noopener\" href=\"https:\/\/www.fundacaorenova.org\/quem-faz-parte\/\" target=\"_blank\">Comit\u00ea Interfederativo (CIF)<\/a>. A gest\u00e3o do repasse ser\u00e1 executada pela 12\u00aa Vara Federal, localizada em Belo Horizonte.&nbsp;<\/p>\n\n\n\n<h2 class=\"wp-block-heading\"><strong>VEJA COMO SER\u00c1 A FEITA A DISTRIBUI\u00c7\u00c3O<\/strong><\/h2>\n\n\n\n<figure class=\"wp-block-image size-large\"><a href=\"https:\/\/www.fundacaorenova.org\/agenda-integrada\/?utm_source=AconteceunoVale&amp;utm_medium=1060x210&amp;utm_campaign=AgendaIntegradaPortais&amp;utm_content=BannersPortaisTrecho\" target=\"_blank\" rel=\"noopener noreferrer\"><img decoding=\"async\" src=\"https:\/\/aconteceu.info\/boletins\/recursos_renova.png\" alt=\"\"\/><\/a><\/figure>\n\n\n\n<h2 class=\"wp-block-heading\"><strong>Educa\u00e7\u00e3o<\/strong><\/h2>\n\n\n\n<p>Nas&nbsp;escolas estaduais, os recursos ser\u00e3o destinados \u00e0 execu\u00e7\u00e3o de obras como&nbsp;amplia\u00e7\u00e3o,&nbsp;reformas&nbsp;e constru\u00e7\u00e3o de&nbsp;quadras esportivas, moderniza\u00e7\u00e3o das&nbsp;salas de inform\u00e1tica, compra e adequa\u00e7\u00e3o do&nbsp;mobili\u00e1rio escolar, aquisi\u00e7\u00e3o de&nbsp;ve\u00edculos, e \u00e0 estrutura\u00e7\u00e3o de&nbsp;laborat\u00f3rios de educa\u00e7\u00e3o profissional. Do total previsto, Minas Gerais ir\u00e1 receber investimentos da ordem de&nbsp;R$ 44,3 milh\u00f5es, enquanto o Esp\u00edrito Santo ter\u00e1&nbsp;R$ 34,6 milh\u00f5es&nbsp;\u00e0 sua disposi\u00e7\u00e3o.&nbsp;<\/p>\n\n\n\n<p>Para as&nbsp;escolas da rede municipal&nbsp;de ensino, os recursos ser\u00e3o distribu\u00eddos de acordo com a popula\u00e7\u00e3o de cada cidade. Nesse caso, o montante ser\u00e1 aplicado na&nbsp;constru\u00e7\u00e3o e reforma de creches e pr\u00e9-escolas, na&nbsp;execu\u00e7\u00e3o de obras para escolas de ensino fundamental, na&nbsp;adequa\u00e7\u00e3o do mobili\u00e1rio escolar e ve\u00edculos, al\u00e9m de consultorias para&nbsp;gest\u00e3o estrat\u00e9gica na \u00e1rea educacional. Para as escolas de at\u00e9 35 munic\u00edpios mineiros ser\u00e3o destinados&nbsp;R$ 137 milh\u00f5es&nbsp;e escolas de 4 munic\u00edpios capixabas receber\u00e3o&nbsp;R$ 23 milh\u00f5es.<\/p>\n\n\n\n<p>A aplica\u00e7\u00e3o de recursos em a\u00e7\u00f5es de educa\u00e7\u00e3o tem como objetivo a&nbsp;melhoria da qualidade de vida da popula\u00e7\u00e3o atingida pelo rompimento da barragem de Fund\u00e3o, especialmente crian\u00e7as e jovens, e contribuir para um&nbsp;legado de desenvolvimento sustent\u00e1vel e inclusivo na bacia do rio Doce.<\/p>\n\n\n\n<h2 class=\"wp-block-heading\"><strong>Infraestrutura<\/strong><\/h2>\n\n\n\n<p>Os outros projetos que comp\u00f5em Agenda Integrada nos estados de Minas Gerais e do Esp\u00edrito Santo t\u00eam potencial para&nbsp;diversificar a economia local,&nbsp;atrair investimentos&nbsp;e ainda&nbsp;gerar emprego e renda. Tamb\u00e9m ir\u00e3o&nbsp;facilitar o acesso a importantes polos tur\u00edsticos, como o litoral do Esp\u00edrito Santo e o Parque Estadual do Rio Doce em Minas Gerais, e&nbsp;favorecer o deslocamento de pessoas e o escoamento da produ\u00e7\u00e3o local e regional.&nbsp;<\/p>\n\n\n\n<p>Ser\u00e3o investidos recursos para obras em&nbsp;153 km de rodovias de Minas Gerais e do Esp\u00edrito Santo. Para o governo de Minas Gerais, ser\u00e3o repassados&nbsp;R$ 140 milh\u00f5es, sendo R$ 12 milh\u00f5es para a estrutura\u00e7\u00e3o do trecho da MG-900 para acesso ao Parque Estadual do Rio Doce (Bispo) e R$ 128 milh\u00f5es para a estrutura\u00e7\u00e3o do trecho rodovi\u00e1rio da MG-760, entre a BR-262 e S\u00e3o Jos\u00e9 do Goiabal\u2013Cava Grande, que conecta o Vale do Rio Doce \u00e0 Zona da Mata mineira.<\/p>\n\n\n\n<p>J\u00e1 no Esp\u00edrito Santo, ser\u00e3o destinados&nbsp;R$ 365 milh\u00f5es&nbsp;para a execu\u00e7\u00e3o de tr\u00eas trechos rodovi\u00e1rios que d\u00e3o acesso \u00e0 foz do rio Doce: ES-010, entre Vila do Riacho e Reg\u00eancia, ES-440, entre a BR-101 e Reg\u00eancia, e ES-248, entre a ES-358 e Povoa\u00e7\u00e3o.&nbsp;<\/p>\n\n\n\n<h2 class=\"wp-block-heading\"><strong>Desenvolvimento local<\/strong><\/h2>\n\n\n\n<p>Em outra frente para diversificar a economia local, ser\u00e3o destinados mais&nbsp;R$ 12,2 milh\u00f5es&nbsp;para o munic\u00edpio mineiro de Rio Doce com o objetivo de&nbsp;implantar o Distrito Industrial do Rio Doce, com \u00e1rea estimada de 5.500 metros quadrados.&nbsp;<\/p>\n\n\n\n<p>Entre os projetos, ainda est\u00e1 a&nbsp;estrutura\u00e7\u00e3o do Hospital Regional de Governador Valadares, localizado na Macrorregi\u00e3o de Sa\u00fade Leste de Minas Gerais, que abrange 86 munic\u00edpios e popula\u00e7\u00e3o estimada de 1,5 milh\u00e3o de habitantes. O governo de Minas receber\u00e1&nbsp;R$ 75,3 milh\u00f5es&nbsp;para dar andamento \u00e0 segunda etapa da obra e aquisi\u00e7\u00e3o de equipamentos para o hospital, que ter\u00e1 265 leitos, sendo 176 de enfermaria, 39 de urg\u00eancia e emerg\u00eancia e 50 leitos de UTI, al\u00e9m de 9 salas de cirurgia.<\/p>\n\n\n\n<iframe loading=\"lazy\" width=\"100%\" height=\"400\" src=\"https:\/\/www.youtube.com\/embed\/Y-OcWOEoZt0\" frameborder=\"0\" allow=\"accelerometer; autoplay; encrypted-media; gyroscope; picture-in-picture\" allowfullscreen=\"\"><\/iframe>\n\n\n\n<p class=\"has-pale-cyan-blue-background-color has-background\">Quer saber as not\u00edcias do <strong>Aconteceu no Vale<\/strong> em primeira m\u00e3o? Siga-nos no Facebook <a rel=\"noreferrer noopener\" href=\"http:\/\/facebook.com\/aconteceunovale\" target=\"_blank\">@aconteceunovale<\/a>, Twitter <a rel=\"noreferrer noopener\" href=\"https:\/\/twitter.com\/noticiadosvales\" target=\"_blank\">@noticiadosvales<\/a> e Instagram <a rel=\"noreferrer noopener\" href=\"https:\/\/www.instagram.com\/aconteceunovale\" target=\"_blank\">@aconteceunovale<\/a>.<\/p>\n","protected":false},"excerpt":{"rendered":"<p>Uma&nbsp;a\u00e7\u00e3o integrada entre a Funda\u00e7\u00e3o Renova, os governos de Minas Gerais e Esp\u00edrito Santo, com a participa\u00e7\u00e3o do&nbsp;F\u00f3rum dos Prefeitos do Rio Doce, vai destinar mais de&nbsp;R$ 800 milh\u00f5es&nbsp;para investimentos em&nbsp;educa\u00e7\u00e3o,&nbsp;infraestrutura&nbsp;e&nbsp;sa\u00fade&nbsp;na regi\u00e3o impactada pelo rompimento da barragem de Fund\u00e3o, em Mariana (MG). Desse valor,&nbsp;cerca de R$ 240 milh\u00f5es&nbsp;ser\u00e3o usados para&nbsp;beneficiar quase 900 escolas das redes [&hellip;]<\/p>\n","protected":false},"author":4,"featured_media":167415,"comment_status":"open","ping_status":"closed","sticky":false,"template":"","format":"standard","meta":{"amp_status":"","footnotes":""},"categories":[6,121,123],"tags":[226789,226792,226793,222399,21801,1770,65265,72869,67903,59520,74202,49986,226868,215389,1018,222401,226796,1728,65584,222400,226788,226797,226795,122011,222398,184213,247,6546,8739,226790,154607,7363,220869,227580,154605,226869,47153,32577,3729,154606,217,226794,226867,66597,66974,214896,48143,226791,69326,69327,1774,178207,67677,65317,1775,1729,209749,52113,1105,65508,216990,2910],"class_list":["post-167417","post","type-post","status-publish","format-standard","has-post-thumbnail","hentry","category-br","category-leste","category-gerais","tag-acoes-da-fundacao-renova","tag-acordo-com-a-fundacao-renova","tag-acordo-entre-governo-de-minas-e-fundacao-renova","tag-andre-de-freitas","tag-bacia-do-rio-doce","tag-barra-longa","tag-barragem-de-fundao","tag-barragem-de-mariana","tag-barragem-do-fundao","tag-bento-rodrigues","tag-bhp","tag-br-262","tag-conclusao-do-hospital-regional-de-governador-valadares","tag-der-mg-2","tag-destaque","tag-distrito-industrial-de-rio-doce","tag-distrito-industrial-em-rio-doce","tag-dom-silverio","tag-duarte-junior","tag-emilia-paiva","tag-estado-anuncia-investimento-de-r-416-milhoes-na-bacia-do-rio-doce-para-reparacao-de-danos-causados-pelo-rompimento-de-barragem-em-mariana","tag-forum-de-prefeitos-e-prefeito-de-mariana","tag-forum-permanente-dos-prefeitos-do-rio-doce","tag-fundacao-renova","tag-fundacao-renova-anuncia-recursos-para-reparar-danos-da-tragedia-de-mariana","tag-governador-romeu-zema","tag-governador-valadares","tag-governo-de-minas","tag-hospital-regional-de-governador-valadares","tag-investimento-na-bacia-do-rio-doce","tag-lmg-760","tag-mariana","tag-mario-de-paula-franco-junior","tag-minas-gerais-e-espirito-santo-terao-mais-de-r-800-milhoes-para-investir-em-educacao-e-saude","tag-obra-da-lmg-760","tag-obra-de-conclusao-do-hospital-regional-de-governador-valadares","tag-obra-do-hospital-regional-de-governador-valadares","tag-parque-do-rio-doce","tag-parque-estadual-do-rio-doce","tag-pavimentacao-da-lmg-760","tag-ponte-nova","tag-prejuizos-causados-pelo-rompimento-da-barragem-do-fundao","tag-publicado-aviso-de-licitacao-para-conclusao-do-hospital-regional-de-governador-valadares","tag-recuperacao-da-bacia-do-rio-doce","tag-recuperacao-do-rio-doce","tag-renato-casagrande","tag-renova","tag-reparacao-de-danos-causados-pelo-rompimento-da-barragem-de-mariana","tag-revitalizacao-da-bacia-do-rio-doce","tag-revitalizacao-do-rio-doce","tag-rio-doce","tag-romeu-zema","tag-rompimento-da-barragem-do-fundao","tag-rompimento-de-barragem-em-mariana","tag-santa-cruz-do-escalvado","tag-sao-jose-do-goiabal","tag-sem-peixe-2","tag-ses-mg","tag-timoteo","tag-tragedia-de-mariana","tag-usina-de-candonga","tag-vale"],"_links":{"self":[{"href":"https:\/\/aconteceunovale.com.br\/portal\/index.php?rest_route=\/wp\/v2\/posts\/167417","targetHints":{"allow":["GET"]}}],"collection":[{"href":"https:\/\/aconteceunovale.com.br\/portal\/index.php?rest_route=\/wp\/v2\/posts"}],"about":[{"href":"https:\/\/aconteceunovale.com.br\/portal\/index.php?rest_route=\/wp\/v2\/types\/post"}],"author":[{"embeddable":true,"href":"https:\/\/aconteceunovale.com.br\/portal\/index.php?rest_route=\/wp\/v2\/users\/4"}],"replies":[{"embeddable":true,"href":"https:\/\/aconteceunovale.com.br\/portal\/index.php?rest_route=%2Fwp%2Fv2%2Fcomments&post=167417"}],"version-history":[{"count":1,"href":"https:\/\/aconteceunovale.com.br\/portal\/index.php?rest_route=\/wp\/v2\/posts\/167417\/revisions"}],"predecessor-version":[{"id":167418,"href":"https:\/\/aconteceunovale.com.br\/portal\/index.php?rest_route=\/wp\/v2\/posts\/167417\/revisions\/167418"}],"wp:featuredmedia":[{"embeddable":true,"href":"https:\/\/aconteceunovale.com.br\/portal\/index.php?rest_route=\/wp\/v2\/media\/167415"}],"wp:attachment":[{"href":"https:\/\/aconteceunovale.com.br\/portal\/index.php?rest_route=%2Fwp%2Fv2%2Fmedia&parent=167417"}],"wp:term":[{"taxonomy":"category","embeddable":true,"href":"https:\/\/aconteceunovale.com.br\/portal\/index.php?rest_route=%2Fwp%2Fv2%2Fcategories&post=167417"},{"taxonomy":"post_tag","embeddable":true,"href":"https:\/\/aconteceunovale.com.br\/portal\/index.php?rest_route=%2Fwp%2Fv2%2Ftags&post=167417"}],"curies":[{"name":"wp","href":"https:\/\/api.w.org\/{rel}","templated":true}]}}