{"id":167410,"date":"2020-08-16T11:51:53","date_gmt":"2020-08-16T14:51:53","guid":{"rendered":"https:\/\/aconteceunovale.com.br\/portal\/?p=167410"},"modified":"2020-08-16T11:52:04","modified_gmt":"2020-08-16T14:52:04","slug":"viuva-sera-indenizada-por-morte-de-marido-em-acidente-na-mg-449","status":"publish","type":"post","link":"https:\/\/aconteceunovale.com.br\/portal\/?p=167410","title":{"rendered":"Vi\u00fava ser\u00e1 indenizada por morte de marido em acidente na MG-449"},"content":{"rendered":"\n<p>Uma mulher cujo marido morreu&nbsp;em acidente de tr\u00e2nsito deve ser indenizada em R$ 60 mil danos morais e receber pens\u00e3o mensal de um&nbsp;sal\u00e1rio m\u00ednimo. A pens\u00e3o vai valer&nbsp;desde a data do acidente, 25 de julho de 2013, at\u00e9 a data em que o falecido completaria&nbsp;73 anos. A decis\u00e3o \u00e9 da 15\u00aa C\u00e2mara C\u00edvel, que manteve a senten\u00e7a de primeira inst\u00e2ncia.<\/p>\n\n\n\n<p>O acidente ocorreu em um trecho da Rodovia MG-449. O motorista do outro carro invadiu a contram\u00e3o ao tentar fazer uma ultrapassagem e bateu no ve\u00edculo onde estava o casal. O ve\u00edculo atingido ficou completamente danificado.<\/p>\n\n\n\n<p>O motorista que provocou o acidente recorreu da&nbsp;senten\u00e7a proferida pelo juiz \u00c2ngelo de Almeida, da Comarca de Monte Santo de Minas, pedindo a redu\u00e7\u00e3o do valor da indeniza\u00e7\u00e3o, sob o argumento de que o magistrado n\u00e3o levou em conta sua situa\u00e7\u00e3o econ\u00f4mica e social. Ele alegou&nbsp;n\u00e3o possuir bens de raiz e&nbsp;estar&nbsp;desempregado, por isso&nbsp;n\u00e3o teria condi\u00e7\u00f5es de arcar com o valor.<\/p>\n\n\n\n<p>O relator do ac\u00f3rd\u00e3o, desembargador Tiago Pinto, enfatizou n\u00e3o haver&nbsp;d\u00favidas da dor e do sofrimento causados \u00e0&nbsp;vi\u00fava, que perdeu seu companheiro de forma t\u00e3o tr\u00e1gica. Por outro lado, afirmou que o caso era&nbsp;de compensa\u00e7\u00e3o, n\u00e3o de repara\u00e7\u00e3o.<\/p>\n\n\n\n<p>Em seu entendimento, a indeniza\u00e7\u00e3o de R$ 60 mil era elevada, tendo em vista a situa\u00e7\u00e3o econ\u00f4mica do causador do acidente. O relator, ent\u00e3o, decidiu reduzir o montante para R$ 40 mil, no que foi acompanhado pelo desembargador Ant\u00f4nio Bispo.<\/p>\n\n\n\n<p>O desembargador Jos\u00e9 Am\u00e9rico Martins da Costa, no entanto, divergiu do voto do relator. Seu argumento foi de que &#8220;a condi\u00e7\u00e3o econ\u00f4mica do ofensor n\u00e3o pode ser considerada como fator que justifique a redu\u00e7\u00e3o da repara\u00e7\u00e3o, pois, apesar de informar que est\u00e1 desempregado, n\u00e3o h\u00e1 nos autos comprova\u00e7\u00e3o cabal da sua situa\u00e7\u00e3o financeira&#8221;.<\/p>\n\n\n\n<p>O desembargador decidiu manter o valor da indeniza\u00e7\u00e3o por danos morais em R$ 60 mil e foi acompanhado dos desembargadores Oct\u00e1vio de Almeida Neves e Maur\u00edlio Gabriel.<\/p>\n\n\n\n<p>Leia o\u00a0<a rel=\"noreferrer noopener\" href=\"https:\/\/www5.tjmg.jus.br\/jurisprudencia\/pesquisaNumeroCNJEspelhoAcordao.do?numeroRegistro=1&amp;totalLinhas=1&amp;linhasPorPagina=10&amp;numeroUnico=1.0432.15.001320-4%2F001&amp;pesquisaNumeroCNJ=Pesquisar\" target=\"_blank\">ac\u00f3rd\u00e3o<\/a>\u00a0e acompanhe a\u00a0<a rel=\"noreferrer noopener\" target=\"_blank\" href=\"https:\/\/www4.tjmg.jus.br\/juridico\/sf\/proc_resultado2.jsp?tipoPesquisa2=1&amp;txtProcesso=10432150013204001&amp;nomePessoa=&amp;tipoPessoa=X&amp;naturezaProcesso=0&amp;situacaoParte=X&amp;codigoOAB2=&amp;tipoOAB=N&amp;ufOAB=MG&amp;numero=20&amp;select=1&amp;listaProcessos=10432150013204001&amp;tipoConsulta=1&amp;natureza=0&amp;ativoBaixado=X&amp;comrCodigo=0024\">movimenta\u00e7\u00e3o<\/a>.<\/p>\n\n\n\n<p class=\"has-pale-cyan-blue-background-color has-background\">Quer saber as not\u00edcias do <strong>Aconteceu no Vale<\/strong> em primeira m\u00e3o? Siga-nos no Facebook <a rel=\"noreferrer noopener\" href=\"http:\/\/facebook.com\/aconteceunovale\" target=\"_blank\">@aconteceunovale<\/a>, Twitter <a rel=\"noreferrer noopener\" href=\"https:\/\/twitter.com\/noticiadosvales\" target=\"_blank\">@noticiadosvales<\/a> e Instagram <a rel=\"noreferrer noopener\" href=\"https:\/\/www.instagram.com\/aconteceunovale\" target=\"_blank\">@aconteceunovale<\/a>.<\/p>\n","protected":false},"excerpt":{"rendered":"<p>Uma mulher cujo marido morreu&nbsp;em acidente de tr\u00e2nsito deve ser indenizada em R$ 60 mil danos morais e receber pens\u00e3o mensal de um&nbsp;sal\u00e1rio m\u00ednimo. A pens\u00e3o vai valer&nbsp;desde a data do acidente, 25 de julho de 2013, at\u00e9 a data em que o falecido completaria&nbsp;73 anos. A decis\u00e3o \u00e9 da 15\u00aa C\u00e2mara C\u00edvel, que manteve [&hellip;]<\/p>\n","protected":false},"author":4,"featured_media":165374,"comment_status":"open","ping_status":"closed","sticky":false,"template":"","format":"standard","meta":{"amp_status":"","footnotes":""},"categories":[123],"tags":[227576,227578,227577,227579,227575,51359,227574],"class_list":["post-167410","post","type-post","status-publish","format-standard","has-post-thumbnail","hentry","category-gerais","tag-acidente-na-mg-449","tag-comarca-de-monte-santo-de-minas","tag-juiz-angelo-de-almeida","tag-luiz-carlos-ferreira","tag-mg-449","tag-monte-santo-de-minas","tag-viuva-sera-indenizada-por-morte-de-marido-em-acidente-na-mg-449"],"_links":{"self":[{"href":"https:\/\/aconteceunovale.com.br\/portal\/index.php?rest_route=\/wp\/v2\/posts\/167410","targetHints":{"allow":["GET"]}}],"collection":[{"href":"https:\/\/aconteceunovale.com.br\/portal\/index.php?rest_route=\/wp\/v2\/posts"}],"about":[{"href":"https:\/\/aconteceunovale.com.br\/portal\/index.php?rest_route=\/wp\/v2\/types\/post"}],"author":[{"embeddable":true,"href":"https:\/\/aconteceunovale.com.br\/portal\/index.php?rest_route=\/wp\/v2\/users\/4"}],"replies":[{"embeddable":true,"href":"https:\/\/aconteceunovale.com.br\/portal\/index.php?rest_route=%2Fwp%2Fv2%2Fcomments&post=167410"}],"version-history":[{"count":1,"href":"https:\/\/aconteceunovale.com.br\/portal\/index.php?rest_route=\/wp\/v2\/posts\/167410\/revisions"}],"predecessor-version":[{"id":167411,"href":"https:\/\/aconteceunovale.com.br\/portal\/index.php?rest_route=\/wp\/v2\/posts\/167410\/revisions\/167411"}],"wp:featuredmedia":[{"embeddable":true,"href":"https:\/\/aconteceunovale.com.br\/portal\/index.php?rest_route=\/wp\/v2\/media\/165374"}],"wp:attachment":[{"href":"https:\/\/aconteceunovale.com.br\/portal\/index.php?rest_route=%2Fwp%2Fv2%2Fmedia&parent=167410"}],"wp:term":[{"taxonomy":"category","embeddable":true,"href":"https:\/\/aconteceunovale.com.br\/portal\/index.php?rest_route=%2Fwp%2Fv2%2Fcategories&post=167410"},{"taxonomy":"post_tag","embeddable":true,"href":"https:\/\/aconteceunovale.com.br\/portal\/index.php?rest_route=%2Fwp%2Fv2%2Ftags&post=167410"}],"curies":[{"name":"wp","href":"https:\/\/api.w.org\/{rel}","templated":true}]}}