{"id":167407,"date":"2020-08-16T11:42:44","date_gmt":"2020-08-16T14:42:44","guid":{"rendered":"https:\/\/aconteceunovale.com.br\/portal\/?p=167407"},"modified":"2020-08-16T11:43:47","modified_gmt":"2020-08-16T14:43:47","slug":"estado-devera-fornecer-medicamento-para-moradora-da-comarca-de-diamantina","status":"publish","type":"post","link":"https:\/\/aconteceunovale.com.br\/portal\/?p=167407","title":{"rendered":"Estado dever\u00e1 fornecer medicamento para moradora da Comarca de Diamantina"},"content":{"rendered":"\n<p>O Estado de Minas Gerais dever\u00e1 fornecer o medicamento Lucentis a uma mulher que tem oclus\u00e3o da veia central da retina do olho esquerdo, condi\u00e7\u00e3o que n\u00e3o permite que o sangue flua corretamente nesta \u00e1rea do corpo. A pena por descumprimento&nbsp;\u00e9 de&nbsp;R$ 1 mil\/dia, com limite de R$ 220 mil. A decis\u00e3o \u00e9 da 6\u00aa C\u00e2mara C\u00edvel.<\/p>\n\n\n\n<p>O Estado recorreu da decis\u00e3o do juiz F\u00e1bio Henrique Vieira, da Comarca de Diamantina, que obrigava o fornecimento do rem\u00e9dio, alegando que o fornecimento do f\u00e1rmaco n\u00e3o era de sua compet\u00eancia e que o atendimento aos pacientes acometidos pela doen\u00e7a vem sendo realizado pelos munic\u00edpios por meio de centros de refer\u00eancia.<\/p>\n\n\n\n<p>O argumento do relator, desembargador Audebert Delage, foi de que \u2018\u2019o ordenamento assegura a todos o direito \u00e0 sa\u00fade, incumbindo aos entes federativos a promo\u00e7\u00e3o da garantia do acesso universal e igualit\u00e1rio \u00e0s a\u00e7\u00f5es e servi\u00e7os que visem a prote\u00e7\u00e3o e a recupera\u00e7\u00e3o da sa\u00fade\u2019\u2019.<\/p>\n\n\n\n<p>Ele ainda acrescentou que o fato de o medicamento n\u00e3o estar padronizado na lista do SUS (Sistema \u00fanico de Sa\u00fade) n\u00e3o poderia impedir o seu fornecimento e que a garantia \u00e0 sa\u00fade e \u00e0 vida \u00e9 dever do Estado. Sendo assim, j\u00e1 que a necessidade do uso do rem\u00e9dio, que impede a progress\u00e3o da perda da vis\u00e3o, foi comprovada e prescrita por um profissional da sa\u00fade, o ente p\u00fablico n\u00e3o pode se esquivar de fornecer o tratamento.<\/p>\n\n\n\n<p>O relator negou provimento ao recurso e manteve&nbsp;a senten\u00e7a. Ele foi acompanhado dos votos do desembargador Edilson Ol\u00edmpio Fernandes e da desembargadora Sandra Fonseca.<\/p>\n\n\n\n<p>Leia o\u00a0<a rel=\"noreferrer noopener\" target=\"_blank\" href=\"https:\/\/www5.tjmg.jus.br\/jurisprudencia\/pesquisaNumeroCNJEspelhoAcordao.do?numeroRegistro=1&amp;totalLinhas=1&amp;linhasPorPagina=10&amp;numeroUnico=1.0216.15.001381-3%2F002&amp;pesquisaNumeroCNJ=Pesquisar\">ac\u00f3rd\u00e3o<\/a>\u00a0e acompanhe a\u00a0<a rel=\"noreferrer noopener\" target=\"_blank\" href=\"https:\/\/www4.tjmg.jus.br\/juridico\/sf\/proc_resultado2.jsp?tipoPesquisa2=1&amp;txtProcesso=10216150013813002&amp;nomePessoa=&amp;tipoPessoa=X&amp;naturezaProcesso=0&amp;situacaoParte=X&amp;codigoOAB2=&amp;tipoOAB=N&amp;ufOAB=MG&amp;numero=20&amp;select=1&amp;listaProcessos=10216150013813002&amp;tipoConsulta=1&amp;natureza=0&amp;ativoBaixado=X&amp;comrCodigo=0024\">movimenta\u00e7\u00e3o processual<\/a>.<\/p>\n\n\n\n<p class=\"has-pale-cyan-blue-background-color has-background\">Quer saber as not\u00edcias do <strong>Aconteceu no Vale<\/strong> em primeira m\u00e3o? Siga-nos no Facebook <a rel=\"noreferrer noopener\" href=\"http:\/\/facebook.com\/aconteceunovale\" target=\"_blank\">@aconteceunovale<\/a>, Twitter <a rel=\"noreferrer noopener\" href=\"https:\/\/twitter.com\/noticiadosvales\" target=\"_blank\">@noticiadosvales<\/a> e Instagram <a rel=\"noreferrer noopener\" href=\"https:\/\/www.instagram.com\/aconteceunovale\" target=\"_blank\">@aconteceunovale<\/a>.<\/p>\n","protected":false},"excerpt":{"rendered":"<p>O Estado de Minas Gerais dever\u00e1 fornecer o medicamento Lucentis a uma mulher que tem oclus\u00e3o da veia central da retina do olho esquerdo, condi\u00e7\u00e3o que n\u00e3o permite que o sangue flua corretamente nesta \u00e1rea do corpo. A pena por descumprimento&nbsp;\u00e9 de&nbsp;R$ 1 mil\/dia, com limite de R$ 220 mil. A decis\u00e3o \u00e9 da 6\u00aa [&hellip;]<\/p>\n","protected":false},"author":4,"featured_media":167408,"comment_status":"open","ping_status":"closed","sticky":false,"template":"","format":"standard","meta":{"amp_status":"","footnotes":""},"categories":[123,120],"tags":[109054,198,227571,227572,80216,227573],"class_list":["post-167407","post","type-post","status-publish","format-standard","has-post-thumbnail","hentry","category-gerais","category-jequi","tag-comarca-de-diamantina","tag-diamantina","tag-estado-devera-fornecer-medicamento-para-moradora-da-comarca-de-diamantina","tag-fornecimento-de-lucentis-para-moradora-de-diamantina","tag-juiz-fabio-henrique-vieira","tag-lucentis"],"_links":{"self":[{"href":"https:\/\/aconteceunovale.com.br\/portal\/index.php?rest_route=\/wp\/v2\/posts\/167407","targetHints":{"allow":["GET"]}}],"collection":[{"href":"https:\/\/aconteceunovale.com.br\/portal\/index.php?rest_route=\/wp\/v2\/posts"}],"about":[{"href":"https:\/\/aconteceunovale.com.br\/portal\/index.php?rest_route=\/wp\/v2\/types\/post"}],"author":[{"embeddable":true,"href":"https:\/\/aconteceunovale.com.br\/portal\/index.php?rest_route=\/wp\/v2\/users\/4"}],"replies":[{"embeddable":true,"href":"https:\/\/aconteceunovale.com.br\/portal\/index.php?rest_route=%2Fwp%2Fv2%2Fcomments&post=167407"}],"version-history":[{"count":1,"href":"https:\/\/aconteceunovale.com.br\/portal\/index.php?rest_route=\/wp\/v2\/posts\/167407\/revisions"}],"predecessor-version":[{"id":167409,"href":"https:\/\/aconteceunovale.com.br\/portal\/index.php?rest_route=\/wp\/v2\/posts\/167407\/revisions\/167409"}],"wp:featuredmedia":[{"embeddable":true,"href":"https:\/\/aconteceunovale.com.br\/portal\/index.php?rest_route=\/wp\/v2\/media\/167408"}],"wp:attachment":[{"href":"https:\/\/aconteceunovale.com.br\/portal\/index.php?rest_route=%2Fwp%2Fv2%2Fmedia&parent=167407"}],"wp:term":[{"taxonomy":"category","embeddable":true,"href":"https:\/\/aconteceunovale.com.br\/portal\/index.php?rest_route=%2Fwp%2Fv2%2Fcategories&post=167407"},{"taxonomy":"post_tag","embeddable":true,"href":"https:\/\/aconteceunovale.com.br\/portal\/index.php?rest_route=%2Fwp%2Fv2%2Ftags&post=167407"}],"curies":[{"name":"wp","href":"https:\/\/api.w.org\/{rel}","templated":true}]}}