{"id":167307,"date":"2020-08-12T23:58:23","date_gmt":"2020-08-13T02:58:23","guid":{"rendered":"https:\/\/aconteceunovale.com.br\/portal\/?p=167307"},"modified":"2020-08-12T23:58:35","modified_gmt":"2020-08-13T02:58:35","slug":"familia-de-mulher-assassinada-dentro-de-viatura-policial-no-vale-do-mucuri-sera-indenizada","status":"publish","type":"post","link":"https:\/\/aconteceunovale.com.br\/portal\/?p=167307","title":{"rendered":"Fam\u00edlia de mulher assassinada dentro de viatura policial no Vale do Mucuri ser\u00e1 indenizada"},"content":{"rendered":"\n<p>A m\u00e3e e tr\u00eas irm\u00e3os devem receber respectivamente, R$ 70 mil e R$ 40 mil&nbsp;do Estado de Minas Gerais pela perda de La\u00eds Andrade Fonseca, assassinada por seu ex-companheiro dentro de uma viatura da Pol\u00edcia Militar. Ela era conduzida, ao lado do ex-companheiro Waldeir Ribeiro de Jesus, da cidade de Pav\u00e3o para a delegacia de pol\u00edcia em Te\u00f3filo Otoni, no Vale do Mucuri.<\/p>\n\n\n\n<p>No caminho, o homem sacou uma faca e matou La\u00eds com v\u00e1rios golpes, dentro do ve\u00edculo dirigido da Pol\u00edcia. A v\u00edtima tinha denunciado o agressor por colocar&nbsp;uma c\u00e2mera no banheiro de sua casa. O assassino confessou aos policiais que o fez&nbsp;para filmar alguma cena de trai\u00e7\u00e3o que ele achava que estaria acontecendo.<\/p>\n\n\n\n<figure class=\"wp-block-gallery columns-1 is-cropped wp-block-gallery-1 is-layout-flex wp-block-gallery-is-layout-flex\"><ul class=\"blocks-gallery-grid\"><li class=\"blocks-gallery-item\"><figure><img loading=\"lazy\" decoding=\"async\" width=\"678\" height=\"431\" src=\"https:\/\/aconteceunovale.com.br\/portal\/wp-content\/uploads\/2017\/10\/lais_andrade.jpg\" alt=\"\" data-id=\"122481\" data-full-url=\"https:\/\/aconteceunovale.com.br\/portal\/wp-content\/uploads\/2017\/10\/lais_andrade.jpg\" data-link=\"https:\/\/aconteceunovale.com.br\/portal\/?attachment_id=122481\" class=\"wp-image-122481\" srcset=\"https:\/\/aconteceunovale.com.br\/portal\/wp-content\/uploads\/2017\/10\/lais_andrade.jpg 678w, https:\/\/aconteceunovale.com.br\/portal\/wp-content\/uploads\/2017\/10\/lais_andrade-300x190.jpg 300w\" sizes=\"auto, (max-width: 678px) 100vw, 678px\" \/><figcaption class=\"blocks-gallery-item__caption\"><em>La\u00eds Andrade foi morta em viatura da PM (Foto: Reprodu\u00e7\u00e3o\/Facebook)<\/em><\/figcaption><\/figure><\/li><\/ul><\/figure>\n\n\n\n<p><strong>Justificativa negada<\/strong><\/p>\n\n\n\n<p>O Estado de Minas Gerais, respons\u00e1vel pelo transporte de pessoa detida, alegou que a morte da mulher ocorreu por a\u00e7\u00e3o de terceiro. Completou dizendo que os autores da a\u00e7\u00e3o n\u00e3o demonstraram dano sofrido.<\/p>\n\n\n\n<p>Em primeira inst\u00e2ncia, a ju\u00edza Juliana Mendes Pedrosa, da 1\u00aa Vara C\u00edvel da Comarca de Te\u00f3filo Otoni,&nbsp;argumentou que a Administra\u00e7\u00e3o P\u00fablica responde pelos danos que seus agentes causarem a terceiros.<\/p>\n\n\n\n<p>&#8220;Para fixa\u00e7\u00e3o de danos morais, deve haver demonstra\u00e7\u00e3o do nexo causal entre o ato praticado e o resultado decorrente, independentemente da comprova\u00e7\u00e3o da ocorr\u00eancia da culpa&#8221;, registrou a magistrada na senten\u00e7a.<\/p>\n\n\n\n<p>\u201cAo decidir colocar a v\u00edtima dentro da viatura, compete ao Estado garantir sua seguran\u00e7a j\u00e1 que avocou o dever de garantir-lhe a seguran\u00e7a e a integridade f\u00edsica.&nbsp;A tese defensiva de culpa exclusiva de terceiro deve ser rejeitada, pois em que pese o terceiro ter cometido o delito, os fatos ocorreram dentro da viatura policial\u201d, enfatizou.<\/p>\n\n\n\n<p><strong>Recurso<\/strong><\/p>\n\n\n\n<p>No TJMG, o relator do recurso movido pelo Estado, desembargador Moreira Diniz, acrescentou que os policiais n\u00e3o podiam transportar os detidos sem a ado\u00e7\u00e3o de medidas de seguran\u00e7a.<\/p>\n\n\n\n<p>Somente o fato de o ex-companheiro ter colocado um dispositivo para filmar a mulher no banheiro, para o desembargador, &#8220;j\u00e1 era suficiente para indicar aos policiais que a rela\u00e7\u00e3o entre o casal n\u00e3o era amistosa&#8221;.<\/p>\n\n\n\n<p>O recurso do Estado de Minas Gerais foi negado pelos integrantes da 4\u00aa C\u00e2mara C\u00edvel.<\/p>\n\n\n\n<p>Veja&nbsp;<a rel=\"noreferrer noopener\" href=\"https:\/\/www4.tjmg.jus.br\/juridico\/sf\/proc_resultado2.jsp?listaProcessos=10000200427367001\" target=\"_blank\">andamento processual<\/a>&nbsp;e&nbsp;<a rel=\"noreferrer noopener\" href=\"http:\/\/www8.tjmg.jus.br\/themis\/baixaDocumento.do?tipo=1&amp;numeroVerificador=100002004273670012020844451\" target=\"_blank\">ac\u00f3rd\u00e3o<\/a>.<\/p>\n\n\n\n<p class=\"has-pale-cyan-blue-background-color has-background\">Quer saber as not\u00edcias do <strong>Aconteceu no Vale<\/strong> em primeira m\u00e3o? Siga-nos no Facebook <a rel=\"noreferrer noopener\" href=\"http:\/\/facebook.com\/aconteceunovale\" target=\"_blank\">@aconteceunovale<\/a>, Twitter <a rel=\"noreferrer noopener\" href=\"https:\/\/twitter.com\/noticiadosvales\" target=\"_blank\">@noticiadosvales<\/a> e Instagram <a rel=\"noreferrer noopener\" href=\"https:\/\/www.instagram.com\/aconteceunovale\" target=\"_blank\">@aconteceunovale<\/a>.<\/p>\n","protected":false},"excerpt":{"rendered":"<p>A m\u00e3e e tr\u00eas irm\u00e3os devem receber respectivamente, R$ 70 mil e R$ 40 mil&nbsp;do Estado de Minas Gerais pela perda de La\u00eds Andrade Fonseca, assassinada por seu ex-companheiro dentro de uma viatura da Pol\u00edcia Militar. Ela era conduzida, ao lado do ex-companheiro Waldeir Ribeiro de Jesus, da cidade de Pav\u00e3o para a delegacia de [&hellip;]<\/p>\n","protected":false},"author":4,"featured_media":167310,"comment_status":"open","ping_status":"closed","sticky":false,"template":"","format":"standard","meta":{"amp_status":"","footnotes":""},"categories":[122],"tags":[161657,161616,1018,176123,161617,161618,176121,161656,161615,161661,161658,161660,161614,161659,447,164,161619,176122],"class_list":["post-167307","post","type-post","status-publish","format-standard","has-post-thumbnail","hentry","category-mucuri","tag-assassinada-em-viatura-da-pm","tag-assassinada-em-viatura-em-teofilo-otoni","tag-destaque","tag-homem-que-matou-ex-companheira-dentro-de-viatura-em-teofilo-otoni-e-condenado-a-mais-de-24-anos-de-prisao","tag-homicidio-em-viatura-em-teofilo-otoni","tag-lais-andrade-fonseca","tag-matou-a-ex-companheira-em-uma-viatura-da-policia-militar-em-teofilo-otoni","tag-morta-em-viatura-da-pm","tag-morta-em-viatura-em-teofilo-otoni","tag-morte-de-mulher-em-viatura-da-pm","tag-morte-em-viatura-da-pm","tag-mulher-assassinada-em-viatura-da-pm","tag-mulher-e-assassinada-dentro-de-viatura-da-policia-militar-em-teofilo-otoni","tag-mulher-morta-em-viatura-da-pm","tag-pavao","tag-teofilo-otoni","tag-valdeir-ribeiro-de-jesus","tag-waldeir-ribeiro-de-jesus"],"_links":{"self":[{"href":"https:\/\/aconteceunovale.com.br\/portal\/index.php?rest_route=\/wp\/v2\/posts\/167307","targetHints":{"allow":["GET"]}}],"collection":[{"href":"https:\/\/aconteceunovale.com.br\/portal\/index.php?rest_route=\/wp\/v2\/posts"}],"about":[{"href":"https:\/\/aconteceunovale.com.br\/portal\/index.php?rest_route=\/wp\/v2\/types\/post"}],"author":[{"embeddable":true,"href":"https:\/\/aconteceunovale.com.br\/portal\/index.php?rest_route=\/wp\/v2\/users\/4"}],"replies":[{"embeddable":true,"href":"https:\/\/aconteceunovale.com.br\/portal\/index.php?rest_route=%2Fwp%2Fv2%2Fcomments&post=167307"}],"version-history":[{"count":2,"href":"https:\/\/aconteceunovale.com.br\/portal\/index.php?rest_route=\/wp\/v2\/posts\/167307\/revisions"}],"predecessor-version":[{"id":167311,"href":"https:\/\/aconteceunovale.com.br\/portal\/index.php?rest_route=\/wp\/v2\/posts\/167307\/revisions\/167311"}],"wp:featuredmedia":[{"embeddable":true,"href":"https:\/\/aconteceunovale.com.br\/portal\/index.php?rest_route=\/wp\/v2\/media\/167310"}],"wp:attachment":[{"href":"https:\/\/aconteceunovale.com.br\/portal\/index.php?rest_route=%2Fwp%2Fv2%2Fmedia&parent=167307"}],"wp:term":[{"taxonomy":"category","embeddable":true,"href":"https:\/\/aconteceunovale.com.br\/portal\/index.php?rest_route=%2Fwp%2Fv2%2Fcategories&post=167307"},{"taxonomy":"post_tag","embeddable":true,"href":"https:\/\/aconteceunovale.com.br\/portal\/index.php?rest_route=%2Fwp%2Fv2%2Ftags&post=167307"}],"curies":[{"name":"wp","href":"https:\/\/api.w.org\/{rel}","templated":true}]}}