{"id":167304,"date":"2020-08-12T23:22:14","date_gmt":"2020-08-13T02:22:14","guid":{"rendered":"https:\/\/aconteceunovale.com.br\/portal\/?p=167304"},"modified":"2020-08-12T23:22:35","modified_gmt":"2020-08-13T02:22:35","slug":"carga-de-cerveja-e-apreendida-pela-prf-em-montes-claros","status":"publish","type":"post","link":"https:\/\/aconteceunovale.com.br\/portal\/?p=167304","title":{"rendered":"Carga de cerveja \u00e9 apreendida pela PRF em Montes Claros"},"content":{"rendered":"\n<p>A Pol\u00edcia Rodovi\u00e1ria Federal (PRF) apreendeu uma carga de mais de 36 mil litros de cerveja durante fiscaliza\u00e7\u00e3o na BR-251, em Montes Claros (MG), nesta quarta-feira (12\/8\/2020). Segundo o \u00f3rg\u00e3o, o produto era transportado com um caminhoneiro, de 42 anos, que apresentou duas notas fiscais com inconsist\u00eancias.<\/p>\n\n\n\n<p>Ainda de acordo com a PRF, a carga foi apreendida e encaminhada para lavratura do auto de infra\u00e7\u00e3o e recolhimento dos respectivos impostos e multas pela Fazenda Estadual.<\/p>\n\n\n\n<p>Ap\u00f3s a regulariza\u00e7\u00e3o da situa\u00e7\u00e3o, a mercadoria poder\u00e1 ser retirada.<\/p>\n\n\n\n<figure class=\"wp-block-gallery columns-1 is-cropped wp-block-gallery-1 is-layout-flex wp-block-gallery-is-layout-flex\"><ul class=\"blocks-gallery-grid\"><li class=\"blocks-gallery-item\"><figure><img loading=\"lazy\" decoding=\"async\" width=\"678\" height=\"446\" src=\"https:\/\/aconteceunovale.com.br\/portal\/wp-content\/uploads\/2020\/08\/carga_prf_moc.jpg\" alt=\"\" data-id=\"167305\" data-full-url=\"https:\/\/aconteceunovale.com.br\/portal\/wp-content\/uploads\/2020\/08\/carga_prf_moc.jpg\" data-link=\"https:\/\/aconteceunovale.com.br\/portal\/?attachment_id=167305\" class=\"wp-image-167305\" srcset=\"https:\/\/aconteceunovale.com.br\/portal\/wp-content\/uploads\/2020\/08\/carga_prf_moc.jpg 678w, https:\/\/aconteceunovale.com.br\/portal\/wp-content\/uploads\/2020\/08\/carga_prf_moc-300x197.jpg 300w, https:\/\/aconteceunovale.com.br\/portal\/wp-content\/uploads\/2020\/08\/carga_prf_moc-638x420.jpg 638w\" sizes=\"auto, (max-width: 678px) 100vw, 678px\" \/><figcaption class=\"blocks-gallery-item__caption\"><em>Foto: PRF \/ Divulga\u00e7\u00e3o<\/em><\/figcaption><\/figure><\/li><\/ul><\/figure>\n\n\n\n<p class=\"has-pale-cyan-blue-background-color has-background\">Quer saber as not\u00edcias do <strong>Aconteceu no Vale<\/strong> em primeira m\u00e3o? Siga-nos no Facebook <a rel=\"noreferrer noopener\" href=\"http:\/\/facebook.com\/aconteceunovale\" target=\"_blank\">@aconteceunovale<\/a>, Twitter <a rel=\"noreferrer noopener\" href=\"https:\/\/twitter.com\/noticiadosvales\" target=\"_blank\">@noticiadosvales<\/a> e Instagram <a rel=\"noreferrer noopener\" href=\"https:\/\/www.instagram.com\/aconteceunovale\" target=\"_blank\">@aconteceunovale<\/a>.<\/p>\n","protected":false},"excerpt":{"rendered":"<p>A Pol\u00edcia Rodovi\u00e1ria Federal (PRF) apreendeu uma carga de mais de 36 mil litros de cerveja durante fiscaliza\u00e7\u00e3o na BR-251, em Montes Claros (MG), nesta quarta-feira (12\/8\/2020). Segundo o \u00f3rg\u00e3o, o produto era transportado com um caminhoneiro, de 42 anos, que apresentou duas notas fiscais com inconsist\u00eancias. Ainda de acordo com a PRF, a carga [&hellip;]<\/p>\n","protected":false},"author":4,"featured_media":167305,"comment_status":"open","ping_status":"closed","sticky":false,"template":"","format":"standard","meta":{"amp_status":"","footnotes":""},"categories":[1236],"tags":[227411,227409,206349,227410,227407,227408,1018,210,239,203528],"class_list":["post-167304","post","type-post","status-publish","format-standard","has-post-thumbnail","hentry","category-norte_de_minas","tag-apreensao-de-carga-de-cerveja-em-montes-claros","tag-apreensao-de-cerveja-em-montes-claros","tag-br-251-2","tag-carga-de-cerveja-apreendida-em-montes-claros","tag-carga-de-cerveja-e-apreendida-pela-prf-em-montes-claros","tag-cerveja-apreendida-em-montes-claros","tag-destaque","tag-montes-claros","tag-prf","tag-prf-em-montes-claros"],"_links":{"self":[{"href":"https:\/\/aconteceunovale.com.br\/portal\/index.php?rest_route=\/wp\/v2\/posts\/167304","targetHints":{"allow":["GET"]}}],"collection":[{"href":"https:\/\/aconteceunovale.com.br\/portal\/index.php?rest_route=\/wp\/v2\/posts"}],"about":[{"href":"https:\/\/aconteceunovale.com.br\/portal\/index.php?rest_route=\/wp\/v2\/types\/post"}],"author":[{"embeddable":true,"href":"https:\/\/aconteceunovale.com.br\/portal\/index.php?rest_route=\/wp\/v2\/users\/4"}],"replies":[{"embeddable":true,"href":"https:\/\/aconteceunovale.com.br\/portal\/index.php?rest_route=%2Fwp%2Fv2%2Fcomments&post=167304"}],"version-history":[{"count":1,"href":"https:\/\/aconteceunovale.com.br\/portal\/index.php?rest_route=\/wp\/v2\/posts\/167304\/revisions"}],"predecessor-version":[{"id":167306,"href":"https:\/\/aconteceunovale.com.br\/portal\/index.php?rest_route=\/wp\/v2\/posts\/167304\/revisions\/167306"}],"wp:featuredmedia":[{"embeddable":true,"href":"https:\/\/aconteceunovale.com.br\/portal\/index.php?rest_route=\/wp\/v2\/media\/167305"}],"wp:attachment":[{"href":"https:\/\/aconteceunovale.com.br\/portal\/index.php?rest_route=%2Fwp%2Fv2%2Fmedia&parent=167304"}],"wp:term":[{"taxonomy":"category","embeddable":true,"href":"https:\/\/aconteceunovale.com.br\/portal\/index.php?rest_route=%2Fwp%2Fv2%2Fcategories&post=167304"},{"taxonomy":"post_tag","embeddable":true,"href":"https:\/\/aconteceunovale.com.br\/portal\/index.php?rest_route=%2Fwp%2Fv2%2Ftags&post=167304"}],"curies":[{"name":"wp","href":"https:\/\/api.w.org\/{rel}","templated":true}]}}