{"id":167249,"date":"2020-08-11T20:20:46","date_gmt":"2020-08-11T23:20:46","guid":{"rendered":"https:\/\/aconteceunovale.com.br\/portal\/?p=167249"},"modified":"2020-08-11T20:21:53","modified_gmt":"2020-08-11T23:21:53","slug":"justica-do-trabalho-reconhece-indenizacao-a-filhos-de-entregador-que-sofreu-acidente-fatal-de-transito-em-servico-no-vale-do-aco","status":"publish","type":"post","link":"https:\/\/aconteceunovale.com.br\/portal\/?p=167249","title":{"rendered":"Justi\u00e7a do Trabalho reconhece indeniza\u00e7\u00e3o a filhos de entregador que sofreu acidente fatal de tr\u00e2nsito em servi\u00e7o no Vale do A\u00e7o"},"content":{"rendered":"\n<p class=\"wp-block-paragraph\">O juiz Daniel Cordeiro Gazola, em atua\u00e7\u00e3o na 1\u00aa Vara do Trabalho de Coronel Fabriciano, condenou uma empresa de entregas, que prestava servi\u00e7os \u00e0 Via Varejo S.A. (Casas Bahia e Ponto Frio), a pagar indeniza\u00e7\u00e3o por danos morais e materiais a tr\u00eas filhos menores de um ex-empregado, v\u00edtima de acidente fatal de tr\u00e2nsito durante o servi\u00e7o. Foi reconhecida a responsabilidade subsidi\u00e1ria da Via Varejo, devido \u00e0 condi\u00e7\u00e3o de tomadora de servi\u00e7os. As indeniza\u00e7\u00f5es, somadas, resultaram no valor de R$ 498 mil, a serem divididas entre os tr\u00eas herdeiros.<\/p>\n\n\n\n<p class=\"wp-block-paragraph\">O trabalhador atuava como ajudante de entregas em caminh\u00e3o da empregadora. Boletim de ocorr\u00eancia registrou que, no momento do acidente que tirou a vida do trabalhador, o caminh\u00e3o estava com pneus lisos, n\u00e3o possu\u00eda cinto de seguran\u00e7a e n\u00e3o tinha condi\u00e7\u00f5es de circula\u00e7\u00e3o.<\/p>\n\n\n\n<p class=\"wp-block-paragraph\">Para o juiz, ficou provada a total neglig\u00eancia da empregadora por n\u00e3o manter o ve\u00edculo em condi\u00e7\u00f5es seguras, tanto para seus empregados como para os demais ve\u00edculos e transeuntes, que ficaram expostos ao risco de vida, diante das p\u00e9ssimas condi\u00e7\u00f5es de conserva\u00e7\u00e3o do caminh\u00e3o de entregas em que estava trabalhando o falecido.<\/p>\n\n\n\n<p class=\"wp-block-paragraph\">Al\u00e9m disso, na conclus\u00e3o do magistrado, a aus\u00eancia do cinto de seguran\u00e7a no ve\u00edculo foi determinante para a morte do trabalhador.&nbsp;<em>\u201cConsiderando que ele foi esmagado pelo peso da cabine do caminh\u00e3o, que tombou por cima de seu corpo, n\u00e3o \u00e9 preciso ser um perito para presumir que, se houvesse cinto de seguran\u00e7a no ve\u00edculo, o trabalhador n\u00e3o teria falecido nessas circunst\u00e2ncias\u201d,<\/em>&nbsp;destacou na senten\u00e7a.<\/p>\n\n\n\n<p class=\"wp-block-paragraph\">No entendimento do julgador, a culpa da empregadora ficou evidente, assim como o dano, traduzido na morte de um pai de fam\u00edlia. Na \u00e9poca do \u00f3bito, os tr\u00eas filhos menores do trabalhador contavam apenas com 7 e 5 anos de idade (g\u00eameos), quando foram atingidos pela&nbsp;<em>\u201cirretrat\u00e1vel perda do pai<\/em>\u201d, nas palavras do juiz.<\/p>\n\n\n\n<p class=\"wp-block-paragraph\">Segundo pontuado na senten\u00e7a, estiveram presentes, no caso, os pressupostos f\u00e1ticos da obriga\u00e7\u00e3o de indenizar (ato il\u00edcito culposo, dano e nexo de causalidade). Tendo em vista a gravidade do dano, o padr\u00e3o remunerat\u00f3rio do falecido (R$ 1.000,00) e a capacidade econ\u00f4mica das empresas envolvidas, as r\u00e9s foram condenadas (a Casas Bahia de forma subsidi\u00e1ria) a pagar aos tr\u00eas filhos do trabalhador indeniza\u00e7\u00e3o por danos morais, no valor de R$ 90 mil, dividida igualmente entre eles (R$ 30 mil para cada).<\/p>\n\n\n\n<p class=\"wp-block-paragraph\"><strong>Danos materiais<\/strong>&nbsp;&#8211; As empresas ainda foram condenadas ao pagamento de indeniza\u00e7\u00e3o por danos materiais, no valor de R$ 408 mil, que tamb\u00e9m dever\u00e1 ser dividida entre os tr\u00eas filhos menores do trabalhador. Determinou-se que os valores sejam depositados em conta-poupan\u00e7a para que eles tenham acesso quando completarem a maioridade. No caso de necessidade devidamente comprovada em esfera judicial, o dinheiro poder\u00e1 ser retirado antes.<\/p>\n\n\n\n<p class=\"wp-block-paragraph\">Conforme constou da senten\u00e7a, o dano material \u00e9 o preju\u00edzo financeiro sofrido pela v\u00edtima, que causa diminui\u00e7\u00e3o patrimonial consistente na perda total ou parcial dos bens materiais que lhe pertencem. Abrange o dano emergente &#8211; o que a v\u00edtima efetivamente perdeu &#8211; e os lucros cessantes &#8211; o que a v\u00edtima deixou de ganhar (artigo 402, CC\/2002).<\/p>\n\n\n\n<p class=\"wp-block-paragraph\">No caso, o falecido tinha 31 anos de idade na data do falecimento e, como registrou o juiz, sua aposentadoria iria ocorrer aos 65, isto \u00e9, restavam-lhe 34 anos de atividade profissional. Esse fato aliado \u00e0 m\u00e9dia de um sal\u00e1rio m\u00ednimo por m\u00eas foi considerado para a fixa\u00e7\u00e3o do valor da indeniza\u00e7\u00e3o por danos materiais, a qual resultou na quantia de R$ 408 mil.<\/p>\n\n\n\n<p class=\"wp-block-paragraph\">Quanto \u00e0 indeniza\u00e7\u00e3o por lucros cessantes, o julgador entendeu que a pretens\u00e3o, no aspecto, j\u00e1 se encontrava atendida, tendo em vista possuir o mesmo fundamento da pens\u00e3o por morte que j\u00e1 estava sendo paga aos herdeiros a cargo do INSS. Houve recurso, em tr\u00e2mite no TRT-MG.<\/p>\n\n\n\n<p class=\"wp-block-paragraph\"><strong>Processo<\/strong><\/p>\n\n\n\n<ul class=\"wp-block-list\"><li>\u00a0PJe: 0012205-94.2016.5.03.0033 &#8211; para acessar o processo, digite o n\u00famero\u00a0<a rel=\"noreferrer noopener\" href=\"https:\/\/pje.trt3.jus.br\/consultaprocessual\/pages\/consultas\/ConsultaProcessual.seam\" target=\"_blank\">aqui<\/a>.<\/li><\/ul>\n\n\n\n<p class=\"has-background has-very-light-gray-background-color wp-block-paragraph\">Quer saber as not\u00edcias do <strong>Aconteceu no Vale<\/strong> em primeira m\u00e3o? Siga-nos no Facebook <a rel=\"noreferrer noopener\" href=\"http:\/\/facebook.com\/aconteceunovale\" target=\"_blank\">@aconteceunovale<\/a>, Twitter <a rel=\"noreferrer noopener\" href=\"https:\/\/twitter.com\/noticiadosvales\" target=\"_blank\">@noticiadosvales<\/a> e Instagram <a rel=\"noreferrer noopener\" href=\"https:\/\/www.instagram.com\/aconteceunovale\" target=\"_blank\">@aconteceunovale<\/a>.<\/p>\n","protected":false},"excerpt":{"rendered":"<p>O juiz Daniel Cordeiro Gazola, em atua\u00e7\u00e3o na 1\u00aa Vara do Trabalho de Coronel Fabriciano, condenou uma empresa de entregas, que prestava servi\u00e7os \u00e0 Via Varejo S.A. (Casas Bahia e Ponto Frio), a pagar indeniza\u00e7\u00e3o por danos morais e materiais a tr\u00eas filhos menores de um ex-empregado, v\u00edtima de acidente fatal de tr\u00e2nsito durante o [&hellip;]<\/p>\n","protected":false},"author":1,"featured_media":165374,"comment_status":"open","ping_status":"closed","sticky":false,"template":"","format":"standard","meta":{"amp_status":"","footnotes":""},"categories":[121],"tags":[227337,227338,227339,1524,227335,218603,227336,227334,227333,63697,216569],"class_list":["post-167249","post","type-post","status-publish","format-standard","has-post-thumbnail","hentry","category-leste","tag-acidente-com-caminhao-no-vale-do-aco","tag-acidente-com-obito-no-vale-do-aco","tag-acidente-de-trabalho-no-vale-do-aco","tag-coronel-fabriciano","tag-daniel-cordeiro-gazola","tag-jt-mg","tag-juiz-daniel-cordeiro-gazola","tag-justica-do-trabalho-de-coronel-fabriciano-reconhece-indenizacao-a-filhos-de-entregador-que-sofreu-acidente-fatal-de-transito-em-servico","tag-justica-do-trabalho-reconhece-indenizacao-a-filhos-de-entregador-que-sofreu-acidente-fatal-de-transito-em-servico-no-vale-do-aco","tag-trt-mg","tag-vara-do-trabalho-de-coronel-fabriciano"],"yoast_head":"<!-- This site is optimized with the Yoast SEO plugin v28.3 - https:\/\/yoast.com\/product\/yoast-seo-wordpress\/ -->\n<title>Justi\u00e7a do Trabalho reconhece indeniza\u00e7\u00e3o a filhos de entregador que sofreu acidente fatal de tr\u00e2nsito em servi\u00e7o no Vale do A\u00e7o - Aconteceu no Vale<\/title>\n<meta name=\"robots\" content=\"index, follow, max-snippet:-1, max-image-preview:large, max-video-preview:-1\" \/>\n<link rel=\"canonical\" href=\"https:\/\/aconteceunovale.com.br\/portal\/?p=167249\" \/>\n<meta property=\"og:locale\" content=\"pt_BR\" \/>\n<meta property=\"og:type\" content=\"article\" \/>\n<meta property=\"og:title\" content=\"Justi\u00e7a do Trabalho reconhece indeniza\u00e7\u00e3o a filhos de entregador que sofreu acidente fatal de tr\u00e2nsito em servi\u00e7o no Vale do A\u00e7o - Aconteceu no Vale\" \/>\n<meta property=\"og:description\" content=\"O juiz Daniel Cordeiro Gazola, em atua\u00e7\u00e3o na 1\u00aa Vara do Trabalho de Coronel Fabriciano, condenou uma empresa de entregas, que prestava servi\u00e7os \u00e0 Via Varejo S.A. (Casas Bahia e Ponto Frio), a pagar indeniza\u00e7\u00e3o por danos morais e materiais a tr\u00eas filhos menores de um ex-empregado, v\u00edtima de acidente fatal de tr\u00e2nsito durante o [&hellip;]\" \/>\n<meta property=\"og:url\" content=\"https:\/\/aconteceunovale.com.br\/portal\/?p=167249\" \/>\n<meta property=\"og:site_name\" content=\"Aconteceu no Vale\" \/>\n<meta property=\"article:publisher\" content=\"https:\/\/www.facebook.com\/aconteceunovale\/\" \/>\n<meta property=\"article:published_time\" content=\"2020-08-11T23:20:46+00:00\" \/>\n<meta property=\"article:modified_time\" content=\"2020-08-11T23:21:53+00:00\" \/>\n<meta property=\"og:image\" content=\"https:\/\/aconteceunovale.com.br\/portal\/wp-content\/uploads\/2020\/07\/justica_indenizacao.jpg\" \/>\n\t<meta property=\"og:image:width\" content=\"675\" \/>\n\t<meta property=\"og:image:height\" content=\"450\" \/>\n\t<meta property=\"og:image:type\" content=\"image\/jpeg\" \/>\n<meta name=\"author\" content=\"Aconteceu no Vale\" \/>\n<meta name=\"twitter:card\" content=\"summary_large_image\" \/>\n<meta name=\"twitter:creator\" content=\"@noticiadosvales\" \/>\n<meta name=\"twitter:site\" content=\"@noticiadosvales\" \/>\n<meta name=\"twitter:label1\" content=\"Escrito por\" \/>\n\t<meta name=\"twitter:data1\" content=\"Aconteceu no Vale\" \/>\n\t<meta name=\"twitter:label2\" content=\"Est. tempo de leitura\" \/>\n\t<meta name=\"twitter:data2\" content=\"4 minutos\" \/>\n<script type=\"application\/ld+json\" class=\"yoast-schema-graph\">{\"@context\":\"https:\\\/\\\/schema.org\",\"@graph\":[{\"@type\":\"Article\",\"@id\":\"https:\\\/\\\/aconteceunovale.com.br\\\/portal\\\/?p=167249#article\",\"isPartOf\":{\"@id\":\"https:\\\/\\\/aconteceunovale.com.br\\\/portal\\\/?p=167249\"},\"author\":{\"name\":\"Aconteceu no Vale\",\"@id\":\"https:\\\/\\\/aconteceunovale.com.br\\\/portal\\\/#\\\/schema\\\/person\\\/633529146f2c94272bef50ac2953d589\"},\"headline\":\"Justi\u00e7a do Trabalho reconhece indeniza\u00e7\u00e3o a filhos de entregador que sofreu acidente fatal de tr\u00e2nsito em servi\u00e7o no Vale do A\u00e7o\",\"datePublished\":\"2020-08-11T23:20:46+00:00\",\"dateModified\":\"2020-08-11T23:21:53+00:00\",\"mainEntityOfPage\":{\"@id\":\"https:\\\/\\\/aconteceunovale.com.br\\\/portal\\\/?p=167249\"},\"wordCount\":737,\"commentCount\":0,\"image\":{\"@id\":\"https:\\\/\\\/aconteceunovale.com.br\\\/portal\\\/?p=167249#primaryimage\"},\"thumbnailUrl\":\"https:\\\/\\\/aconteceunovale.com.br\\\/portal\\\/wp-content\\\/uploads\\\/2020\\\/07\\\/justica_indenizacao.jpg\",\"keywords\":[\"Acidente com caminh\u00e3o no Vale do A\u00e7o\",\"Acidente com \u00f3bito no Vale do A\u00e7o\",\"Acidente de trabalho no Vale do A\u00e7o\",\"Coronel Fabriciano\",\"Daniel Cordeiro Gazola\",\"JT-MG\",\"Juiz Daniel Cordeiro Gazola\",\"Justi\u00e7a do Trabalho de Coronel Fabriciano reconhece indeniza\u00e7\u00e3o a filhos de entregador que sofreu acidente fatal de tr\u00e2nsito em servi\u00e7o\",\"Justi\u00e7a do Trabalho reconhece indeniza\u00e7\u00e3o a filhos de entregador que sofreu acidente fatal de tr\u00e2nsito em servi\u00e7o no Vale do A\u00e7o\",\"TRT-MG\",\"Vara do Trabalho de Coronel Fabriciano\"],\"articleSection\":[\"Leste de Minas\"],\"inLanguage\":\"pt-BR\",\"potentialAction\":[{\"@type\":\"CommentAction\",\"name\":\"Comment\",\"target\":[\"https:\\\/\\\/aconteceunovale.com.br\\\/portal\\\/?p=167249#respond\"]}]},{\"@type\":\"WebPage\",\"@id\":\"https:\\\/\\\/aconteceunovale.com.br\\\/portal\\\/?p=167249\",\"url\":\"https:\\\/\\\/aconteceunovale.com.br\\\/portal\\\/?p=167249\",\"name\":\"Justi\u00e7a do Trabalho reconhece indeniza\u00e7\u00e3o a filhos de entregador que sofreu acidente fatal de tr\u00e2nsito em servi\u00e7o no Vale do A\u00e7o - Aconteceu no Vale\",\"isPartOf\":{\"@id\":\"https:\\\/\\\/aconteceunovale.com.br\\\/portal\\\/#website\"},\"primaryImageOfPage\":{\"@id\":\"https:\\\/\\\/aconteceunovale.com.br\\\/portal\\\/?p=167249#primaryimage\"},\"image\":{\"@id\":\"https:\\\/\\\/aconteceunovale.com.br\\\/portal\\\/?p=167249#primaryimage\"},\"thumbnailUrl\":\"https:\\\/\\\/aconteceunovale.com.br\\\/portal\\\/wp-content\\\/uploads\\\/2020\\\/07\\\/justica_indenizacao.jpg\",\"datePublished\":\"2020-08-11T23:20:46+00:00\",\"dateModified\":\"2020-08-11T23:21:53+00:00\",\"author\":{\"@id\":\"https:\\\/\\\/aconteceunovale.com.br\\\/portal\\\/#\\\/schema\\\/person\\\/633529146f2c94272bef50ac2953d589\"},\"breadcrumb\":{\"@id\":\"https:\\\/\\\/aconteceunovale.com.br\\\/portal\\\/?p=167249#breadcrumb\"},\"inLanguage\":\"pt-BR\",\"potentialAction\":[{\"@type\":\"ReadAction\",\"target\":[\"https:\\\/\\\/aconteceunovale.com.br\\\/portal\\\/?p=167249\"]}]},{\"@type\":\"ImageObject\",\"inLanguage\":\"pt-BR\",\"@id\":\"https:\\\/\\\/aconteceunovale.com.br\\\/portal\\\/?p=167249#primaryimage\",\"url\":\"https:\\\/\\\/aconteceunovale.com.br\\\/portal\\\/wp-content\\\/uploads\\\/2020\\\/07\\\/justica_indenizacao.jpg\",\"contentUrl\":\"https:\\\/\\\/aconteceunovale.com.br\\\/portal\\\/wp-content\\\/uploads\\\/2020\\\/07\\\/justica_indenizacao.jpg\",\"width\":675,\"height\":450},{\"@type\":\"BreadcrumbList\",\"@id\":\"https:\\\/\\\/aconteceunovale.com.br\\\/portal\\\/?p=167249#breadcrumb\",\"itemListElement\":[{\"@type\":\"ListItem\",\"position\":1,\"name\":\"In\u00edcio\",\"item\":\"https:\\\/\\\/aconteceunovale.com.br\\\/portal\\\/\"},{\"@type\":\"ListItem\",\"position\":2,\"name\":\"Justi\u00e7a do Trabalho reconhece indeniza\u00e7\u00e3o a filhos de entregador que sofreu acidente fatal de tr\u00e2nsito em servi\u00e7o no Vale do A\u00e7o\"}]},{\"@type\":\"WebSite\",\"@id\":\"https:\\\/\\\/aconteceunovale.com.br\\\/portal\\\/#website\",\"url\":\"https:\\\/\\\/aconteceunovale.com.br\\\/portal\\\/\",\"name\":\"Aconteceu no Vale\",\"description\":\"Portal de Not\u00edcias\",\"potentialAction\":[{\"@type\":\"SearchAction\",\"target\":{\"@type\":\"EntryPoint\",\"urlTemplate\":\"https:\\\/\\\/aconteceunovale.com.br\\\/portal\\\/?s={search_term_string}\"},\"query-input\":{\"@type\":\"PropertyValueSpecification\",\"valueRequired\":true,\"valueName\":\"search_term_string\"}}],\"inLanguage\":\"pt-BR\"},{\"@type\":\"Person\",\"@id\":\"https:\\\/\\\/aconteceunovale.com.br\\\/portal\\\/#\\\/schema\\\/person\\\/633529146f2c94272bef50ac2953d589\",\"name\":\"Aconteceu no Vale\",\"description\":\"Equipe de reportagem do Aconteceu no Vale, portal de not\u00edcias do Vale do Jequitinhonha, em Minas Gerais. Cobrimos as 51 cidades do Vale desde 2013. Sugest\u00f5es de pauta e pedidos de corre\u00e7\u00e3o: contato@aconteceunovale.com.br\",\"sameAs\":[\"http:\\\/\\\/www.aconteceunovale.com.br\"],\"url\":\"https:\\\/\\\/aconteceunovale.com.br\\\/portal\\\/?author=1\"}]}<\/script>\n<!-- \/ Yoast SEO plugin. -->","yoast_head_json":{"title":"Justi\u00e7a do Trabalho reconhece indeniza\u00e7\u00e3o a filhos de entregador que sofreu acidente fatal de tr\u00e2nsito em servi\u00e7o no Vale do A\u00e7o - Aconteceu no Vale","robots":{"index":"index","follow":"follow","max-snippet":"max-snippet:-1","max-image-preview":"max-image-preview:large","max-video-preview":"max-video-preview:-1"},"canonical":"https:\/\/aconteceunovale.com.br\/portal\/?p=167249","og_locale":"pt_BR","og_type":"article","og_title":"Justi\u00e7a do Trabalho reconhece indeniza\u00e7\u00e3o a filhos de entregador que sofreu acidente fatal de tr\u00e2nsito em servi\u00e7o no Vale do A\u00e7o - Aconteceu no Vale","og_description":"O juiz Daniel Cordeiro Gazola, em atua\u00e7\u00e3o na 1\u00aa Vara do Trabalho de Coronel Fabriciano, condenou uma empresa de entregas, que prestava servi\u00e7os \u00e0 Via Varejo S.A. (Casas Bahia e Ponto Frio), a pagar indeniza\u00e7\u00e3o por danos morais e materiais a tr\u00eas filhos menores de um ex-empregado, v\u00edtima de acidente fatal de tr\u00e2nsito durante o [&hellip;]","og_url":"https:\/\/aconteceunovale.com.br\/portal\/?p=167249","og_site_name":"Aconteceu no Vale","article_publisher":"https:\/\/www.facebook.com\/aconteceunovale\/","article_published_time":"2020-08-11T23:20:46+00:00","article_modified_time":"2020-08-11T23:21:53+00:00","og_image":[{"width":675,"height":450,"url":"https:\/\/aconteceunovale.com.br\/portal\/wp-content\/uploads\/2020\/07\/justica_indenizacao.jpg","type":"image\/jpeg"}],"author":"Aconteceu no Vale","twitter_card":"summary_large_image","twitter_creator":"@noticiadosvales","twitter_site":"@noticiadosvales","twitter_misc":{"Escrito por":"Aconteceu no Vale","Est. tempo de leitura":"4 minutos"},"schema":{"@context":"https:\/\/schema.org","@graph":[{"@type":"Article","@id":"https:\/\/aconteceunovale.com.br\/portal\/?p=167249#article","isPartOf":{"@id":"https:\/\/aconteceunovale.com.br\/portal\/?p=167249"},"author":{"name":"Aconteceu no Vale","@id":"https:\/\/aconteceunovale.com.br\/portal\/#\/schema\/person\/633529146f2c94272bef50ac2953d589"},"headline":"Justi\u00e7a do Trabalho reconhece indeniza\u00e7\u00e3o a filhos de entregador que sofreu acidente fatal de tr\u00e2nsito em servi\u00e7o no Vale do A\u00e7o","datePublished":"2020-08-11T23:20:46+00:00","dateModified":"2020-08-11T23:21:53+00:00","mainEntityOfPage":{"@id":"https:\/\/aconteceunovale.com.br\/portal\/?p=167249"},"wordCount":737,"commentCount":0,"image":{"@id":"https:\/\/aconteceunovale.com.br\/portal\/?p=167249#primaryimage"},"thumbnailUrl":"https:\/\/aconteceunovale.com.br\/portal\/wp-content\/uploads\/2020\/07\/justica_indenizacao.jpg","keywords":["Acidente com caminh\u00e3o no Vale do A\u00e7o","Acidente com \u00f3bito no Vale do A\u00e7o","Acidente de trabalho no Vale do A\u00e7o","Coronel Fabriciano","Daniel Cordeiro Gazola","JT-MG","Juiz Daniel Cordeiro Gazola","Justi\u00e7a do Trabalho de Coronel Fabriciano reconhece indeniza\u00e7\u00e3o a filhos de entregador que sofreu acidente fatal de tr\u00e2nsito em servi\u00e7o","Justi\u00e7a do Trabalho reconhece indeniza\u00e7\u00e3o a filhos de entregador que sofreu acidente fatal de tr\u00e2nsito em servi\u00e7o no Vale do A\u00e7o","TRT-MG","Vara do Trabalho de Coronel Fabriciano"],"articleSection":["Leste de Minas"],"inLanguage":"pt-BR","potentialAction":[{"@type":"CommentAction","name":"Comment","target":["https:\/\/aconteceunovale.com.br\/portal\/?p=167249#respond"]}]},{"@type":"WebPage","@id":"https:\/\/aconteceunovale.com.br\/portal\/?p=167249","url":"https:\/\/aconteceunovale.com.br\/portal\/?p=167249","name":"Justi\u00e7a do Trabalho reconhece indeniza\u00e7\u00e3o a filhos de entregador que sofreu acidente fatal de tr\u00e2nsito em servi\u00e7o no Vale do A\u00e7o - Aconteceu no Vale","isPartOf":{"@id":"https:\/\/aconteceunovale.com.br\/portal\/#website"},"primaryImageOfPage":{"@id":"https:\/\/aconteceunovale.com.br\/portal\/?p=167249#primaryimage"},"image":{"@id":"https:\/\/aconteceunovale.com.br\/portal\/?p=167249#primaryimage"},"thumbnailUrl":"https:\/\/aconteceunovale.com.br\/portal\/wp-content\/uploads\/2020\/07\/justica_indenizacao.jpg","datePublished":"2020-08-11T23:20:46+00:00","dateModified":"2020-08-11T23:21:53+00:00","author":{"@id":"https:\/\/aconteceunovale.com.br\/portal\/#\/schema\/person\/633529146f2c94272bef50ac2953d589"},"breadcrumb":{"@id":"https:\/\/aconteceunovale.com.br\/portal\/?p=167249#breadcrumb"},"inLanguage":"pt-BR","potentialAction":[{"@type":"ReadAction","target":["https:\/\/aconteceunovale.com.br\/portal\/?p=167249"]}]},{"@type":"ImageObject","inLanguage":"pt-BR","@id":"https:\/\/aconteceunovale.com.br\/portal\/?p=167249#primaryimage","url":"https:\/\/aconteceunovale.com.br\/portal\/wp-content\/uploads\/2020\/07\/justica_indenizacao.jpg","contentUrl":"https:\/\/aconteceunovale.com.br\/portal\/wp-content\/uploads\/2020\/07\/justica_indenizacao.jpg","width":675,"height":450},{"@type":"BreadcrumbList","@id":"https:\/\/aconteceunovale.com.br\/portal\/?p=167249#breadcrumb","itemListElement":[{"@type":"ListItem","position":1,"name":"In\u00edcio","item":"https:\/\/aconteceunovale.com.br\/portal\/"},{"@type":"ListItem","position":2,"name":"Justi\u00e7a do Trabalho reconhece indeniza\u00e7\u00e3o a filhos de entregador que sofreu acidente fatal de tr\u00e2nsito em servi\u00e7o no Vale do A\u00e7o"}]},{"@type":"WebSite","@id":"https:\/\/aconteceunovale.com.br\/portal\/#website","url":"https:\/\/aconteceunovale.com.br\/portal\/","name":"Aconteceu no Vale","description":"Portal de Not\u00edcias","potentialAction":[{"@type":"SearchAction","target":{"@type":"EntryPoint","urlTemplate":"https:\/\/aconteceunovale.com.br\/portal\/?s={search_term_string}"},"query-input":{"@type":"PropertyValueSpecification","valueRequired":true,"valueName":"search_term_string"}}],"inLanguage":"pt-BR"},{"@type":"Person","@id":"https:\/\/aconteceunovale.com.br\/portal\/#\/schema\/person\/633529146f2c94272bef50ac2953d589","name":"Aconteceu no Vale","description":"Equipe de reportagem do Aconteceu no Vale, portal de not\u00edcias do Vale do Jequitinhonha, em Minas Gerais. Cobrimos as 51 cidades do Vale desde 2013. Sugest\u00f5es de pauta e pedidos de corre\u00e7\u00e3o: contato@aconteceunovale.com.br","sameAs":["http:\/\/www.aconteceunovale.com.br"],"url":"https:\/\/aconteceunovale.com.br\/portal\/?author=1"}]}},"_links":{"self":[{"href":"https:\/\/aconteceunovale.com.br\/portal\/index.php?rest_route=\/wp\/v2\/posts\/167249","targetHints":{"allow":["GET"]}}],"collection":[{"href":"https:\/\/aconteceunovale.com.br\/portal\/index.php?rest_route=\/wp\/v2\/posts"}],"about":[{"href":"https:\/\/aconteceunovale.com.br\/portal\/index.php?rest_route=\/wp\/v2\/types\/post"}],"author":[{"embeddable":true,"href":"https:\/\/aconteceunovale.com.br\/portal\/index.php?rest_route=\/wp\/v2\/users\/1"}],"replies":[{"embeddable":true,"href":"https:\/\/aconteceunovale.com.br\/portal\/index.php?rest_route=%2Fwp%2Fv2%2Fcomments&post=167249"}],"version-history":[{"count":1,"href":"https:\/\/aconteceunovale.com.br\/portal\/index.php?rest_route=\/wp\/v2\/posts\/167249\/revisions"}],"predecessor-version":[{"id":167250,"href":"https:\/\/aconteceunovale.com.br\/portal\/index.php?rest_route=\/wp\/v2\/posts\/167249\/revisions\/167250"}],"wp:featuredmedia":[{"embeddable":true,"href":"https:\/\/aconteceunovale.com.br\/portal\/index.php?rest_route=\/wp\/v2\/media\/165374"}],"wp:attachment":[{"href":"https:\/\/aconteceunovale.com.br\/portal\/index.php?rest_route=%2Fwp%2Fv2%2Fmedia&parent=167249"}],"wp:term":[{"taxonomy":"category","embeddable":true,"href":"https:\/\/aconteceunovale.com.br\/portal\/index.php?rest_route=%2Fwp%2Fv2%2Fcategories&post=167249"},{"taxonomy":"post_tag","embeddable":true,"href":"https:\/\/aconteceunovale.com.br\/portal\/index.php?rest_route=%2Fwp%2Fv2%2Ftags&post=167249"}],"curies":[{"name":"wp","href":"https:\/\/api.w.org\/{rel}","templated":true}]}}