{"id":167246,"date":"2020-08-11T16:04:26","date_gmt":"2020-08-11T19:04:26","guid":{"rendered":"https:\/\/aconteceunovale.com.br\/portal\/?p=167246"},"modified":"2020-08-11T16:05:03","modified_gmt":"2020-08-11T19:05:03","slug":"russia-anuncia-primeira-vacina-contra-a-covid-19","status":"publish","type":"post","link":"https:\/\/aconteceunovale.com.br\/portal\/?p=167246","title":{"rendered":"R\u00fassia anuncia primeira vacina contra a Covid-19"},"content":{"rendered":"\n<p class=\"wp-block-paragraph\">O presidente Vladimir Putin anunciou nesta ter\u00e7a-feira (11\/8\/2020) que a R\u00fassia registrou a primeira vacina do mundo contra o novo coronav\u00edrus. Ele garantiu que sua filha j\u00e1 tomou a vacina e que ela estar\u00e1 dispon\u00edvel a partir de janeiro. A decis\u00e3o \u00e9 questionada, e a Organiza\u00e7\u00e3o Mundial da Sa\u00fade (OMS)&nbsp;pediu o cumprimento dos protocolos e dos regulamentos.<\/p>\n\n\n\n<p class=\"wp-block-paragraph\">O Minist\u00e9rio da Sa\u00fade russo deu a aprova\u00e7\u00e3o regulat\u00f3ria para o produto, desenvolvido pelo Instituto Gamaleya de Moscou, ap\u00f3s menos de dois meses de&nbsp;iniciados os testes em humanos.<\/p>\n\n\n\n<p class=\"wp-block-paragraph\">&#8220;Esta manh\u00e3 foi registrada, pela primeira vez no mundo, uma vacina contra o novo coronav\u00edrus&#8221;, disse Putin durante reuni\u00e3o com membros do governo.<\/p>\n\n\n\n<p class=\"wp-block-paragraph\">De acordo com o presidente, o produto\u00a0\u00e9 &#8220;eficaz&#8221; e superou todas as provas necess\u00e1rias, al\u00e9m de permitir uma &#8220;imunidade est\u00e1vel&#8221; face \u00e0 covid-19. Putin garantiu tamb\u00e9m que uma das suas duas filhas j\u00e1 recebeu uma dose\u00a0e que se est\u00e1 se sentindo bem.<\/p>\n\n\n\n<figure class=\"wp-block-gallery columns-1 is-cropped wp-block-gallery-1 is-layout-flex wp-block-gallery-is-layout-flex\"><ul class=\"blocks-gallery-grid\"><li class=\"blocks-gallery-item\"><figure><img loading=\"lazy\" decoding=\"async\" width=\"678\" height=\"406\" src=\"https:\/\/aconteceunovale.com.br\/portal\/wp-content\/uploads\/2020\/08\/presidente_russia.jpg\" alt=\"\" data-id=\"167247\" data-full-url=\"https:\/\/aconteceunovale.com.br\/portal\/wp-content\/uploads\/2020\/08\/presidente_russia.jpg\" data-link=\"https:\/\/aconteceunovale.com.br\/portal\/?attachment_id=167247\" class=\"wp-image-167247\" srcset=\"https:\/\/aconteceunovale.com.br\/portal\/wp-content\/uploads\/2020\/08\/presidente_russia.jpg 678w, https:\/\/aconteceunovale.com.br\/portal\/wp-content\/uploads\/2020\/08\/presidente_russia-300x180.jpg 300w\" sizes=\"auto, (max-width: 678px) 100vw, 678px\" \/><figcaption class=\"blocks-gallery-item__caption\"><em>Vladimir Putin &#8211; Foto: Valter Campanato\/Ag\u00eancia Brasil<\/em><\/figcaption><\/figure><\/li><\/ul><\/figure>\n\n\n\n<p class=\"wp-block-paragraph\">&#8220;Uma das minhas filhas tomou a vacina&#8221;, afirmou.&nbsp;&#8220;Dessa forma, ela participou da experi\u00eancia. Depois da primeira vacina\u00e7\u00e3o, ela teve 38 graus de febre, no dia seguinte 37, e foi apenas isso&#8221;.<\/p>\n\n\n\n<p class=\"wp-block-paragraph\">A R\u00fassia espera agora poder iniciar a aplica\u00e7\u00e3o&nbsp;em massa, mesmo que estejam ocorrendo ainda testes cl\u00ednicos para comprovar a seguran\u00e7a da vacina. As autoridades russas j\u00e1 tinham anunciado que os profissionais de sa\u00fade, professores e outros grupos de risco ser\u00e3o os primeiros a serem imunizados.<\/p>\n\n\n\n<p class=\"wp-block-paragraph\">A vice primeira-ministra da R\u00fassia, Tatyana Golikova, disse que a&nbsp;vacina&nbsp;vai come\u00e7ar a ser administrada a profissionais de sa\u00fade, a partir de setembro, e que estar\u00e1 dispon\u00edvel ao p\u00fablico em geral a partir de 1\u00ba de janeiro de 2021.<\/p>\n\n\n\n<h2 class=\"wp-block-heading\">Decis\u00e3o questionada<\/h2>\n\n\n\n<p class=\"wp-block-paragraph\">Muitos cientistas, no entanto, na R\u00fassia e em outros pa\u00edses,&nbsp;questionaram a decis\u00e3o de registrar a vacina antes que sejam completada a chamada Fase 3 do estudo &#8211; que,&nbsp;por norma, demora v\u00e1rios meses,&nbsp;envolve milhares de pessoas e \u00e9 a \u00fanica forma de provar que a vacina experimental \u00e9 segura e funciona.<\/p>\n\n\n\n<p class=\"wp-block-paragraph\">Nas \u00faltimas semanas, muitos cientistas expressaram preocupa\u00e7\u00e3o com a velocidade em que estava sendo desenvolvida a\u00a0vacina.\u00a0A\u00a0Organiza\u00e7\u00e3o Mundial da\u00a0Sa\u00fade pediu &#8220;diretrizes claras&#8221; para o tratamento e o cumprimento dos protocolos e dos regulamentos em vigor.\u00a0<\/p>\n\n\n\n<p class=\"has-background has-very-light-gray-background-color wp-block-paragraph\">Quer saber as not\u00edcias do <strong>Aconteceu no Vale<\/strong> em primeira m\u00e3o? Siga-nos no Facebook <a rel=\"noreferrer noopener\" href=\"http:\/\/facebook.com\/aconteceunovale\" target=\"_blank\">@aconteceunovale<\/a>, Twitter <a rel=\"noreferrer noopener\" href=\"https:\/\/twitter.com\/noticiadosvales\" target=\"_blank\">@noticiadosvales<\/a> e Instagram <a rel=\"noreferrer noopener\" href=\"https:\/\/www.instagram.com\/aconteceunovale\" target=\"_blank\">@aconteceunovale<\/a>.<\/p>\n","protected":false},"excerpt":{"rendered":"<p>O presidente Vladimir Putin anunciou nesta ter\u00e7a-feira (11\/8\/2020) que a R\u00fassia registrou a primeira vacina do mundo contra o novo coronav\u00edrus. Ele garantiu que sua filha j\u00e1 tomou a vacina e que ela estar\u00e1 dispon\u00edvel a partir de janeiro. A decis\u00e3o \u00e9 questionada, e a Organiza\u00e7\u00e3o Mundial da Sa\u00fade (OMS)&nbsp;pediu o cumprimento dos protocolos e [&hellip;]<\/p>\n","protected":false},"author":1,"featured_media":167247,"comment_status":"open","ping_status":"closed","sticky":false,"template":"","format":"standard","meta":{"amp_status":"","footnotes":""},"categories":[28848,40242],"tags":[214884,216498,227325,23476,219687,218365,75388,227324,227329,227330,227331,227332,21341,227326,219775,227327,219773,227328,224627,75389],"class_list":["post-167246","post","type-post","status-publish","format-standard","has-post-thumbnail","hentry","category-mundo","category-saude-2","tag-coronavirus","tag-covid-19","tag-instituto-gamaleya-de-moscou","tag-oms","tag-pandemia-da-covid-19","tag-pandemia-do-coronavirus","tag-presidente-da-russia","tag-presidente-vladimir-putin","tag-primeira-vacina-contra-coronavirus","tag-primeira-vacina-contra-covid-19","tag-primeira-vacina-do-mundo-contra-coronavirus","tag-primeira-vacina-do-mundo-contra-covid-19","tag-russia","tag-tatyana-golikova","tag-vacina-contra-coronavirus","tag-vacina-contra-coronavirus-da-russia","tag-vacina-contra-covid-19","tag-vacina-contra-covid-19-da-russia","tag-vacina-contra-o-novo-coronavirus","tag-vladimir-putin"],"yoast_head":"<!-- This site is optimized with the Yoast SEO plugin v28.3 - https:\/\/yoast.com\/product\/yoast-seo-wordpress\/ -->\n<title>R\u00fassia anuncia primeira vacina contra a Covid-19 - Aconteceu no Vale<\/title>\n<meta name=\"robots\" content=\"index, follow, max-snippet:-1, max-image-preview:large, max-video-preview:-1\" \/>\n<link rel=\"canonical\" href=\"https:\/\/aconteceunovale.com.br\/portal\/?p=167246\" \/>\n<meta property=\"og:locale\" content=\"pt_BR\" \/>\n<meta property=\"og:type\" content=\"article\" \/>\n<meta property=\"og:title\" content=\"R\u00fassia anuncia primeira vacina contra a Covid-19 - Aconteceu no Vale\" \/>\n<meta property=\"og:description\" content=\"O presidente Vladimir Putin anunciou nesta ter\u00e7a-feira (11\/8\/2020) que a R\u00fassia registrou a primeira vacina do mundo contra o novo coronav\u00edrus. Ele garantiu que sua filha j\u00e1 tomou a vacina e que ela estar\u00e1 dispon\u00edvel a partir de janeiro. A decis\u00e3o \u00e9 questionada, e a Organiza\u00e7\u00e3o Mundial da Sa\u00fade (OMS)&nbsp;pediu o cumprimento dos protocolos e [&hellip;]\" \/>\n<meta property=\"og:url\" content=\"https:\/\/aconteceunovale.com.br\/portal\/?p=167246\" \/>\n<meta property=\"og:site_name\" content=\"Aconteceu no Vale\" \/>\n<meta property=\"article:publisher\" content=\"https:\/\/www.facebook.com\/aconteceunovale\/\" \/>\n<meta property=\"article:published_time\" content=\"2020-08-11T19:04:26+00:00\" \/>\n<meta property=\"article:modified_time\" content=\"2020-08-11T19:05:03+00:00\" \/>\n<meta property=\"og:image\" content=\"https:\/\/aconteceunovale.com.br\/portal\/wp-content\/uploads\/2020\/08\/presidente_russia.jpg\" \/>\n\t<meta property=\"og:image:width\" content=\"678\" \/>\n\t<meta property=\"og:image:height\" content=\"406\" \/>\n\t<meta property=\"og:image:type\" content=\"image\/jpeg\" \/>\n<meta name=\"author\" content=\"Aconteceu no Vale\" \/>\n<meta name=\"twitter:card\" content=\"summary_large_image\" \/>\n<meta name=\"twitter:creator\" content=\"@noticiadosvales\" \/>\n<meta name=\"twitter:site\" content=\"@noticiadosvales\" \/>\n<meta name=\"twitter:label1\" content=\"Escrito por\" \/>\n\t<meta name=\"twitter:data1\" content=\"Aconteceu no Vale\" \/>\n\t<meta name=\"twitter:label2\" content=\"Est. tempo de leitura\" \/>\n\t<meta name=\"twitter:data2\" content=\"2 minutos\" \/>\n<script type=\"application\/ld+json\" class=\"yoast-schema-graph\">{\"@context\":\"https:\\\/\\\/schema.org\",\"@graph\":[{\"@type\":\"Article\",\"@id\":\"https:\\\/\\\/aconteceunovale.com.br\\\/portal\\\/?p=167246#article\",\"isPartOf\":{\"@id\":\"https:\\\/\\\/aconteceunovale.com.br\\\/portal\\\/?p=167246\"},\"author\":{\"name\":\"Aconteceu no Vale\",\"@id\":\"https:\\\/\\\/aconteceunovale.com.br\\\/portal\\\/#\\\/schema\\\/person\\\/633529146f2c94272bef50ac2953d589\"},\"headline\":\"R\u00fassia anuncia primeira vacina contra a Covid-19\",\"datePublished\":\"2020-08-11T19:04:26+00:00\",\"dateModified\":\"2020-08-11T19:05:03+00:00\",\"mainEntityOfPage\":{\"@id\":\"https:\\\/\\\/aconteceunovale.com.br\\\/portal\\\/?p=167246\"},\"wordCount\":441,\"commentCount\":0,\"image\":{\"@id\":\"https:\\\/\\\/aconteceunovale.com.br\\\/portal\\\/?p=167246#primaryimage\"},\"thumbnailUrl\":\"https:\\\/\\\/aconteceunovale.com.br\\\/portal\\\/wp-content\\\/uploads\\\/2020\\\/08\\\/presidente_russia.jpg\",\"keywords\":[\"Coronav\u00edrus\",\"COVID-19\",\"Instituto Gamaleya de Moscou\",\"OMS\",\"Pandemia da covid-19\",\"Pandemia do coronav\u00edrus\",\"presidente da R\u00fassia\",\"Presidente Vladimir Putin\",\"Primeira vacina contra coronav\u00edrus\",\"Primeira vacina contra covid-19\",\"Primeira vacina do mundo contra coronav\u00edrus\",\"Primeira vacina do mundo contra covid-19\",\"R\u00fassia\",\"Tatyana Golikova\",\"Vacina contra coronav\u00edrus\",\"Vacina contra coronav\u00edrus da R\u00fassia\",\"Vacina contra covid-19\",\"Vacina contra Covid-19 da R\u00fassia\",\"Vacina contra o novo coronav\u00edrus\",\"Vladimir Putin\"],\"articleSection\":[\"Mundo\",\"Sa\u00fade\"],\"inLanguage\":\"pt-BR\",\"potentialAction\":[{\"@type\":\"CommentAction\",\"name\":\"Comment\",\"target\":[\"https:\\\/\\\/aconteceunovale.com.br\\\/portal\\\/?p=167246#respond\"]}]},{\"@type\":\"WebPage\",\"@id\":\"https:\\\/\\\/aconteceunovale.com.br\\\/portal\\\/?p=167246\",\"url\":\"https:\\\/\\\/aconteceunovale.com.br\\\/portal\\\/?p=167246\",\"name\":\"R\u00fassia anuncia primeira vacina contra a Covid-19 - Aconteceu no Vale\",\"isPartOf\":{\"@id\":\"https:\\\/\\\/aconteceunovale.com.br\\\/portal\\\/#website\"},\"primaryImageOfPage\":{\"@id\":\"https:\\\/\\\/aconteceunovale.com.br\\\/portal\\\/?p=167246#primaryimage\"},\"image\":{\"@id\":\"https:\\\/\\\/aconteceunovale.com.br\\\/portal\\\/?p=167246#primaryimage\"},\"thumbnailUrl\":\"https:\\\/\\\/aconteceunovale.com.br\\\/portal\\\/wp-content\\\/uploads\\\/2020\\\/08\\\/presidente_russia.jpg\",\"datePublished\":\"2020-08-11T19:04:26+00:00\",\"dateModified\":\"2020-08-11T19:05:03+00:00\",\"author\":{\"@id\":\"https:\\\/\\\/aconteceunovale.com.br\\\/portal\\\/#\\\/schema\\\/person\\\/633529146f2c94272bef50ac2953d589\"},\"breadcrumb\":{\"@id\":\"https:\\\/\\\/aconteceunovale.com.br\\\/portal\\\/?p=167246#breadcrumb\"},\"inLanguage\":\"pt-BR\",\"potentialAction\":[{\"@type\":\"ReadAction\",\"target\":[\"https:\\\/\\\/aconteceunovale.com.br\\\/portal\\\/?p=167246\"]}]},{\"@type\":\"ImageObject\",\"inLanguage\":\"pt-BR\",\"@id\":\"https:\\\/\\\/aconteceunovale.com.br\\\/portal\\\/?p=167246#primaryimage\",\"url\":\"https:\\\/\\\/aconteceunovale.com.br\\\/portal\\\/wp-content\\\/uploads\\\/2020\\\/08\\\/presidente_russia.jpg\",\"contentUrl\":\"https:\\\/\\\/aconteceunovale.com.br\\\/portal\\\/wp-content\\\/uploads\\\/2020\\\/08\\\/presidente_russia.jpg\",\"width\":678,\"height\":406,\"caption\":\"O presidente da Russia, Vladimir Putin, durante Di\u00e1logo dos L\u00edderes com o Conselho Empresarial do BRICS\"},{\"@type\":\"BreadcrumbList\",\"@id\":\"https:\\\/\\\/aconteceunovale.com.br\\\/portal\\\/?p=167246#breadcrumb\",\"itemListElement\":[{\"@type\":\"ListItem\",\"position\":1,\"name\":\"In\u00edcio\",\"item\":\"https:\\\/\\\/aconteceunovale.com.br\\\/portal\\\/\"},{\"@type\":\"ListItem\",\"position\":2,\"name\":\"R\u00fassia anuncia primeira vacina contra a Covid-19\"}]},{\"@type\":\"WebSite\",\"@id\":\"https:\\\/\\\/aconteceunovale.com.br\\\/portal\\\/#website\",\"url\":\"https:\\\/\\\/aconteceunovale.com.br\\\/portal\\\/\",\"name\":\"Aconteceu no Vale\",\"description\":\"Portal de Not\u00edcias\",\"potentialAction\":[{\"@type\":\"SearchAction\",\"target\":{\"@type\":\"EntryPoint\",\"urlTemplate\":\"https:\\\/\\\/aconteceunovale.com.br\\\/portal\\\/?s={search_term_string}\"},\"query-input\":{\"@type\":\"PropertyValueSpecification\",\"valueRequired\":true,\"valueName\":\"search_term_string\"}}],\"inLanguage\":\"pt-BR\"},{\"@type\":\"Person\",\"@id\":\"https:\\\/\\\/aconteceunovale.com.br\\\/portal\\\/#\\\/schema\\\/person\\\/633529146f2c94272bef50ac2953d589\",\"name\":\"Aconteceu no Vale\",\"description\":\"Equipe de reportagem do Aconteceu no Vale, portal de not\u00edcias do Vale do Jequitinhonha, em Minas Gerais. Cobrimos as 51 cidades do Vale desde 2013. Sugest\u00f5es de pauta e pedidos de corre\u00e7\u00e3o: contato@aconteceunovale.com.br\",\"sameAs\":[\"http:\\\/\\\/www.aconteceunovale.com.br\"],\"url\":\"https:\\\/\\\/aconteceunovale.com.br\\\/portal\\\/?author=1\"}]}<\/script>\n<!-- \/ Yoast SEO plugin. -->","yoast_head_json":{"title":"R\u00fassia anuncia primeira vacina contra a Covid-19 - Aconteceu no Vale","robots":{"index":"index","follow":"follow","max-snippet":"max-snippet:-1","max-image-preview":"max-image-preview:large","max-video-preview":"max-video-preview:-1"},"canonical":"https:\/\/aconteceunovale.com.br\/portal\/?p=167246","og_locale":"pt_BR","og_type":"article","og_title":"R\u00fassia anuncia primeira vacina contra a Covid-19 - Aconteceu no Vale","og_description":"O presidente Vladimir Putin anunciou nesta ter\u00e7a-feira (11\/8\/2020) que a R\u00fassia registrou a primeira vacina do mundo contra o novo coronav\u00edrus. Ele garantiu que sua filha j\u00e1 tomou a vacina e que ela estar\u00e1 dispon\u00edvel a partir de janeiro. A decis\u00e3o \u00e9 questionada, e a Organiza\u00e7\u00e3o Mundial da Sa\u00fade (OMS)&nbsp;pediu o cumprimento dos protocolos e [&hellip;]","og_url":"https:\/\/aconteceunovale.com.br\/portal\/?p=167246","og_site_name":"Aconteceu no Vale","article_publisher":"https:\/\/www.facebook.com\/aconteceunovale\/","article_published_time":"2020-08-11T19:04:26+00:00","article_modified_time":"2020-08-11T19:05:03+00:00","og_image":[{"width":678,"height":406,"url":"https:\/\/aconteceunovale.com.br\/portal\/wp-content\/uploads\/2020\/08\/presidente_russia.jpg","type":"image\/jpeg"}],"author":"Aconteceu no Vale","twitter_card":"summary_large_image","twitter_creator":"@noticiadosvales","twitter_site":"@noticiadosvales","twitter_misc":{"Escrito por":"Aconteceu no Vale","Est. tempo de leitura":"2 minutos"},"schema":{"@context":"https:\/\/schema.org","@graph":[{"@type":"Article","@id":"https:\/\/aconteceunovale.com.br\/portal\/?p=167246#article","isPartOf":{"@id":"https:\/\/aconteceunovale.com.br\/portal\/?p=167246"},"author":{"name":"Aconteceu no Vale","@id":"https:\/\/aconteceunovale.com.br\/portal\/#\/schema\/person\/633529146f2c94272bef50ac2953d589"},"headline":"R\u00fassia anuncia primeira vacina contra a Covid-19","datePublished":"2020-08-11T19:04:26+00:00","dateModified":"2020-08-11T19:05:03+00:00","mainEntityOfPage":{"@id":"https:\/\/aconteceunovale.com.br\/portal\/?p=167246"},"wordCount":441,"commentCount":0,"image":{"@id":"https:\/\/aconteceunovale.com.br\/portal\/?p=167246#primaryimage"},"thumbnailUrl":"https:\/\/aconteceunovale.com.br\/portal\/wp-content\/uploads\/2020\/08\/presidente_russia.jpg","keywords":["Coronav\u00edrus","COVID-19","Instituto Gamaleya de Moscou","OMS","Pandemia da covid-19","Pandemia do coronav\u00edrus","presidente da R\u00fassia","Presidente Vladimir Putin","Primeira vacina contra coronav\u00edrus","Primeira vacina contra covid-19","Primeira vacina do mundo contra coronav\u00edrus","Primeira vacina do mundo contra covid-19","R\u00fassia","Tatyana Golikova","Vacina contra coronav\u00edrus","Vacina contra coronav\u00edrus da R\u00fassia","Vacina contra covid-19","Vacina contra Covid-19 da R\u00fassia","Vacina contra o novo coronav\u00edrus","Vladimir Putin"],"articleSection":["Mundo","Sa\u00fade"],"inLanguage":"pt-BR","potentialAction":[{"@type":"CommentAction","name":"Comment","target":["https:\/\/aconteceunovale.com.br\/portal\/?p=167246#respond"]}]},{"@type":"WebPage","@id":"https:\/\/aconteceunovale.com.br\/portal\/?p=167246","url":"https:\/\/aconteceunovale.com.br\/portal\/?p=167246","name":"R\u00fassia anuncia primeira vacina contra a Covid-19 - Aconteceu no Vale","isPartOf":{"@id":"https:\/\/aconteceunovale.com.br\/portal\/#website"},"primaryImageOfPage":{"@id":"https:\/\/aconteceunovale.com.br\/portal\/?p=167246#primaryimage"},"image":{"@id":"https:\/\/aconteceunovale.com.br\/portal\/?p=167246#primaryimage"},"thumbnailUrl":"https:\/\/aconteceunovale.com.br\/portal\/wp-content\/uploads\/2020\/08\/presidente_russia.jpg","datePublished":"2020-08-11T19:04:26+00:00","dateModified":"2020-08-11T19:05:03+00:00","author":{"@id":"https:\/\/aconteceunovale.com.br\/portal\/#\/schema\/person\/633529146f2c94272bef50ac2953d589"},"breadcrumb":{"@id":"https:\/\/aconteceunovale.com.br\/portal\/?p=167246#breadcrumb"},"inLanguage":"pt-BR","potentialAction":[{"@type":"ReadAction","target":["https:\/\/aconteceunovale.com.br\/portal\/?p=167246"]}]},{"@type":"ImageObject","inLanguage":"pt-BR","@id":"https:\/\/aconteceunovale.com.br\/portal\/?p=167246#primaryimage","url":"https:\/\/aconteceunovale.com.br\/portal\/wp-content\/uploads\/2020\/08\/presidente_russia.jpg","contentUrl":"https:\/\/aconteceunovale.com.br\/portal\/wp-content\/uploads\/2020\/08\/presidente_russia.jpg","width":678,"height":406,"caption":"O presidente da Russia, Vladimir Putin, durante Di\u00e1logo dos L\u00edderes com o Conselho Empresarial do BRICS"},{"@type":"BreadcrumbList","@id":"https:\/\/aconteceunovale.com.br\/portal\/?p=167246#breadcrumb","itemListElement":[{"@type":"ListItem","position":1,"name":"In\u00edcio","item":"https:\/\/aconteceunovale.com.br\/portal\/"},{"@type":"ListItem","position":2,"name":"R\u00fassia anuncia primeira vacina contra a Covid-19"}]},{"@type":"WebSite","@id":"https:\/\/aconteceunovale.com.br\/portal\/#website","url":"https:\/\/aconteceunovale.com.br\/portal\/","name":"Aconteceu no Vale","description":"Portal de Not\u00edcias","potentialAction":[{"@type":"SearchAction","target":{"@type":"EntryPoint","urlTemplate":"https:\/\/aconteceunovale.com.br\/portal\/?s={search_term_string}"},"query-input":{"@type":"PropertyValueSpecification","valueRequired":true,"valueName":"search_term_string"}}],"inLanguage":"pt-BR"},{"@type":"Person","@id":"https:\/\/aconteceunovale.com.br\/portal\/#\/schema\/person\/633529146f2c94272bef50ac2953d589","name":"Aconteceu no Vale","description":"Equipe de reportagem do Aconteceu no Vale, portal de not\u00edcias do Vale do Jequitinhonha, em Minas Gerais. Cobrimos as 51 cidades do Vale desde 2013. Sugest\u00f5es de pauta e pedidos de corre\u00e7\u00e3o: contato@aconteceunovale.com.br","sameAs":["http:\/\/www.aconteceunovale.com.br"],"url":"https:\/\/aconteceunovale.com.br\/portal\/?author=1"}]}},"_links":{"self":[{"href":"https:\/\/aconteceunovale.com.br\/portal\/index.php?rest_route=\/wp\/v2\/posts\/167246","targetHints":{"allow":["GET"]}}],"collection":[{"href":"https:\/\/aconteceunovale.com.br\/portal\/index.php?rest_route=\/wp\/v2\/posts"}],"about":[{"href":"https:\/\/aconteceunovale.com.br\/portal\/index.php?rest_route=\/wp\/v2\/types\/post"}],"author":[{"embeddable":true,"href":"https:\/\/aconteceunovale.com.br\/portal\/index.php?rest_route=\/wp\/v2\/users\/1"}],"replies":[{"embeddable":true,"href":"https:\/\/aconteceunovale.com.br\/portal\/index.php?rest_route=%2Fwp%2Fv2%2Fcomments&post=167246"}],"version-history":[{"count":1,"href":"https:\/\/aconteceunovale.com.br\/portal\/index.php?rest_route=\/wp\/v2\/posts\/167246\/revisions"}],"predecessor-version":[{"id":167248,"href":"https:\/\/aconteceunovale.com.br\/portal\/index.php?rest_route=\/wp\/v2\/posts\/167246\/revisions\/167248"}],"wp:featuredmedia":[{"embeddable":true,"href":"https:\/\/aconteceunovale.com.br\/portal\/index.php?rest_route=\/wp\/v2\/media\/167247"}],"wp:attachment":[{"href":"https:\/\/aconteceunovale.com.br\/portal\/index.php?rest_route=%2Fwp%2Fv2%2Fmedia&parent=167246"}],"wp:term":[{"taxonomy":"category","embeddable":true,"href":"https:\/\/aconteceunovale.com.br\/portal\/index.php?rest_route=%2Fwp%2Fv2%2Fcategories&post=167246"},{"taxonomy":"post_tag","embeddable":true,"href":"https:\/\/aconteceunovale.com.br\/portal\/index.php?rest_route=%2Fwp%2Fv2%2Ftags&post=167246"}],"curies":[{"name":"wp","href":"https:\/\/api.w.org\/{rel}","templated":true}]}}