{"id":167225,"date":"2020-08-10T21:28:21","date_gmt":"2020-08-11T00:28:21","guid":{"rendered":"https:\/\/aconteceunovale.com.br\/portal\/?p=167225"},"modified":"2020-08-10T21:29:22","modified_gmt":"2020-08-11T00:29:22","slug":"buscas-em-brumadinho-serao-retomadas","status":"publish","type":"post","link":"https:\/\/aconteceunovale.com.br\/portal\/?p=167225","title":{"rendered":"Buscas em Brumadinho ser\u00e3o retomadas"},"content":{"rendered":"\n<p class=\"wp-block-paragraph\">Suspensas desde 21 de mar\u00e7o deste ano devido \u00e0 pandemia da covid-19, as buscas em Brumadinho ser\u00e3o retomadas, conforme compromisso firmado pelo<a href=\"http:\/\/www.bombeiros.mg.gov.br\/\" target=\"_blank\" rel=\"noreferrer noopener\">&nbsp;Corpo de Bombeiros Militar de Minas Gerais (CBMMG)&nbsp;<\/a>com as fam\u00edlias das 11 v\u00edtimas que seguem desaparecidas. A expectativa \u00e9 que no dia 27 de agosto cerca de 60 militares recomecem a trabalhar na regi\u00e3o atingida pelo rompimento da barragem do C\u00f3rrego do Feij\u00e3o.<\/p>\n\n\n\n<p class=\"wp-block-paragraph\">A data foi fixada ap\u00f3s tratativas com a\u00a0Secretaria de Estado de Sa\u00fade (SES)\u00a0e demais \u00f3rg\u00e3os envolvidos, e em acordo com os protocolos do plano Minas Consciente, resguardando pr\u00e1ticas de prote\u00e7\u00e3o adequadas ao enfrentamento da dissemina\u00e7\u00e3o da covid-19.<\/p>\n\n\n\n<figure class=\"wp-block-gallery columns-1 is-cropped wp-block-gallery-1 is-layout-flex wp-block-gallery-is-layout-flex\"><ul class=\"blocks-gallery-grid\"><li class=\"blocks-gallery-item\"><figure><img loading=\"lazy\" decoding=\"async\" width=\"678\" height=\"450\" src=\"https:\/\/aconteceunovale.com.br\/portal\/wp-content\/uploads\/2020\/08\/buscas_brumadinho.jpeg\" alt=\"\" data-id=\"167226\" data-full-url=\"https:\/\/aconteceunovale.com.br\/portal\/wp-content\/uploads\/2020\/08\/buscas_brumadinho.jpeg\" data-link=\"https:\/\/aconteceunovale.com.br\/portal\/?attachment_id=167226\" class=\"wp-image-167226\" srcset=\"https:\/\/aconteceunovale.com.br\/portal\/wp-content\/uploads\/2020\/08\/buscas_brumadinho.jpeg 678w, https:\/\/aconteceunovale.com.br\/portal\/wp-content\/uploads\/2020\/08\/buscas_brumadinho-300x199.jpeg 300w, https:\/\/aconteceunovale.com.br\/portal\/wp-content\/uploads\/2020\/08\/buscas_brumadinho-633x420.jpeg 633w\" sizes=\"auto, (max-width: 678px) 100vw, 678px\" \/><figcaption class=\"blocks-gallery-item__caption\"><em>Foto: Gil Leonardi \/ Imprensa MG<\/em><\/figcaption><\/figure><\/li><\/ul><\/figure>\n\n\n\n<p class=\"wp-block-paragraph\"><strong>Protocolos<\/strong><\/p>\n\n\n\n<p class=\"wp-block-paragraph\">Os protocolos de seguran\u00e7a envolvem cuidados como obrigatoriedade do uso de m\u00e1scara cobrindo nariz e boca e \u00f3culos de prote\u00e7\u00e3o durante todo o per\u00edodo do transporte para o local, inclusive dentro do ve\u00edculo; medi\u00e7\u00e3o da temperatura antes e ao t\u00e9rmino do empenho; higieniza\u00e7\u00e3o constante das m\u00e3os com \u00e1gua e sab\u00e3o ou \u00e1lcool gel a 70%, entre outros.<\/p>\n\n\n\n<p class=\"wp-block-paragraph\">Militares que se enquadram nos grupos de risco para a covid-19 n\u00e3o atuar\u00e3o na opera\u00e7\u00e3o e os demais s\u00f3 ser\u00e3o escalados ap\u00f3s exames que confirmem aptid\u00e3o para a a\u00e7\u00e3o, inclusive em rela\u00e7\u00e3o a exames de avalia\u00e7\u00e3o para a presen\u00e7a de metais pesados antes e ap\u00f3s o empenho, conforme protocolo espec\u00edfico.<\/p>\n\n\n\n<p class=\"wp-block-paragraph\">Os cuidados envolvem, ainda, protocolos espec\u00edficos como o isolamento social durante o per\u00edodo de folga (4 dias), se poss\u00edvel, inclusive de familiares pr\u00f3ximos; ocupa\u00e7\u00e3o dos ve\u00edculos limitada a 50% do n\u00famero de assentos dispon\u00edveis e higieniza\u00e7\u00e3o dos ve\u00edculos com \u00e1lcool a cada nova viagem.<\/p>\n\n\n\n<p class=\"wp-block-paragraph\">As \u00e1reas de refeit\u00f3rio tamb\u00e9m receberam protocolos espec\u00edficos, a exemplo do referente \u00e0s refei\u00e7\u00f5es, que ser\u00e3o servidas apenas em marmitex. Dormit\u00f3rios e demais espa\u00e7os est\u00e3o sendo adaptados para prevenir e reduzir riscos de infec\u00e7\u00e3o pelo coronav\u00edrus e todos os militares e outros trabalhadores que circularem pelos espa\u00e7os dever\u00e3o seguir todas as medidas de prote\u00e7\u00e3o individual em preven\u00e7\u00e3o \u00e0 covid-19.<\/p>\n\n\n\n<p class=\"wp-block-paragraph\"><strong>Durante o empenho<\/strong><\/p>\n\n\n\n<p class=\"wp-block-paragraph\">Todos os militares passar\u00e3o por medi\u00e7\u00e3o de temperatura diariamente, sendo considerado suspeito o caso com temperatura superior a 37,8\u00baC. Caso apresente febre e\/ou sintomas respirat\u00f3rios, tosse, congest\u00e3o nasal, dificuldade para respirar, falta de ar, dor de garganta, dores no corpo, dor de cabe\u00e7a, o bombeiro dever\u00e1 comunicar ao chefe da frente\/direto e solicitar avalia\u00e7\u00e3o m\u00e9dica no Posto de Sa\u00fade Avan\u00e7ado (PSA).<\/p>\n\n\n\n<p class=\"wp-block-paragraph\">Em caso de suspeita de contamina\u00e7\u00e3o definido pelo m\u00e9dico do Posto de Sa\u00fade Avan\u00e7ado (PSA), seguir o protocolo de conting\u00eancia de Sa\u00fade.<\/p>\n\n\n\n<p class=\"has-background has-very-light-gray-background-color wp-block-paragraph\">Quer saber as not\u00edcias do <strong>Aconteceu no Vale<\/strong> em primeira m\u00e3o? Siga-nos no Facebook <a rel=\"noreferrer noopener\" href=\"http:\/\/facebook.com\/aconteceunovale\" target=\"_blank\">@aconteceunovale<\/a>, Twitter <a rel=\"noreferrer noopener\" href=\"https:\/\/twitter.com\/noticiadosvales\" target=\"_blank\">@noticiadosvales<\/a> e Instagram <a rel=\"noreferrer noopener\" href=\"https:\/\/www.instagram.com\/aconteceunovale\" target=\"_blank\">@aconteceunovale<\/a>.<\/p>\n","protected":false},"excerpt":{"rendered":"<p>Suspensas desde 21 de mar\u00e7o deste ano devido \u00e0 pandemia da covid-19, as buscas em Brumadinho ser\u00e3o retomadas, conforme compromisso firmado pelo&nbsp;Corpo de Bombeiros Militar de Minas Gerais (CBMMG)&nbsp;com as fam\u00edlias das 11 v\u00edtimas que seguem desaparecidas. A expectativa \u00e9 que no dia 27 de agosto cerca de 60 militares recomecem a trabalhar na regi\u00e3o [&hellip;]<\/p>\n","protected":false},"author":1,"featured_media":167226,"comment_status":"open","ping_status":"closed","sticky":false,"template":"","format":"standard","meta":{"amp_status":"","footnotes":""},"categories":[123],"tags":[215219,195233,215224,193403,215242,192684,192803,3679,215230,227295,227294,193404,215241,215279,195235,1018,215236,215232,149979,215227,195236,215226,215235,195238,215228,215237,215231,194208,195239,215243,193008,142718,19674,215234,19675,215233,215225,604,44644,192804,215238,192686,192688,196292,198826,215220,194209,215222,121580,215221,215229,215240,215223],"class_list":["post-167225","post","type-post","status-publish","format-standard","has-post-thumbnail","hentry","category-gerais","tag-16-pessoas-sao-denunciadas-por-homicidio-qualificado-e-crimes-ambientais","tag-alexandre-de-paula-campanha","tag-ana-tereza-ribeiro-salles-giacomini","tag-andre-jum-yassuda","tag-arsenio-negro-junior","tag-barragem-da-vale-em-brumadinho","tag-barragem-de-brumadinho","tag-brumadinho","tag-bruno-tasca-cabral","tag-buscas-em-brumadinho","tag-buscas-em-brumadinho-serao-retomadas","tag-cesar-augusto-paulino-grandchamp","tag-chris-peter-meier","tag-conluio-entre-vale-e-tuv-sud","tag-cristina-heloiza-da-silva-malheiros","tag-destaque","tag-diretor-da-vale","tag-eduardo-vieira-figueiredo","tag-fabio-schvartsman","tag-fabricio-jose-fonseca-pinto","tag-felipe-figueiredo-rocha","tag-francisco-chaves-generoso","tag-investigacoes-sobre-tragedia-de-brumadinho","tag-joaquim-pedro-de-toledo","tag-leandro-wili","tag-lucio-flavo-gallon-cavalli","tag-luiz-otavio-braga-paulon","tag-makoto-namba","tag-marilene-christina-oliveira-lopes-de-assis-araujo","tag-marlisio-oliveira-cecilio-junior","tag-mina-corrego-do-feijao","tag-mineradora-vale","tag-ministerio-publico-de-minas-gerais","tag-ministerio-publico-e-policia-civil-finalizam-investigacoes-sobre-o-rompimento-da-barragem-em-brumadinho","tag-mpmg","tag-mpmg-e-pcmg-finalizam-investigacoes-sobre-o-rompimento-da-barragem-em-brumadinho","tag-paula-ayres-lima","tag-pcmg","tag-policia-civil-de-minas-gerais","tag-presidente-da-vale","tag-renzo-albieri-guimaraes-de-carvalho","tag-rompimento-de-barragem-da-vale-em-brumadinho","tag-rompimento-de-barragem-em-brumadinho","tag-silmar-magalhaes-silva","tag-tragedia-de-brumadinho","tag-tragedia-de-brumadinho-16-pessoas-sao-denunciadas-por-homicidio-qualificado-e-crimes-ambientais","tag-tuv-sud","tag-tuv-sud-bureau-de-projetos-e-consultoria","tag-vale-s-a","tag-vara-criminal-de-brumadinho","tag-wagner-marteleto-filho","tag-washington-pirete-da-silva","tag-william-garcia-pinto-coelho"],"yoast_head":"<!-- This site is optimized with the Yoast SEO plugin v28.3 - https:\/\/yoast.com\/product\/yoast-seo-wordpress\/ -->\n<title>Buscas em Brumadinho ser\u00e3o retomadas - Aconteceu no Vale<\/title>\n<meta name=\"robots\" content=\"index, follow, max-snippet:-1, max-image-preview:large, max-video-preview:-1\" \/>\n<link rel=\"canonical\" href=\"https:\/\/aconteceunovale.com.br\/portal\/?p=167225\" \/>\n<meta property=\"og:locale\" content=\"pt_BR\" \/>\n<meta property=\"og:type\" content=\"article\" \/>\n<meta property=\"og:title\" content=\"Buscas em Brumadinho ser\u00e3o retomadas - Aconteceu no Vale\" \/>\n<meta property=\"og:description\" content=\"Suspensas desde 21 de mar\u00e7o deste ano devido \u00e0 pandemia da covid-19, as buscas em Brumadinho ser\u00e3o retomadas, conforme compromisso firmado pelo&nbsp;Corpo de Bombeiros Militar de Minas Gerais (CBMMG)&nbsp;com as fam\u00edlias das 11 v\u00edtimas que seguem desaparecidas. A expectativa \u00e9 que no dia 27 de agosto cerca de 60 militares recomecem a trabalhar na regi\u00e3o [&hellip;]\" \/>\n<meta property=\"og:url\" content=\"https:\/\/aconteceunovale.com.br\/portal\/?p=167225\" \/>\n<meta property=\"og:site_name\" content=\"Aconteceu no Vale\" \/>\n<meta property=\"article:publisher\" content=\"https:\/\/www.facebook.com\/aconteceunovale\/\" \/>\n<meta property=\"article:published_time\" content=\"2020-08-11T00:28:21+00:00\" \/>\n<meta property=\"article:modified_time\" content=\"2020-08-11T00:29:22+00:00\" \/>\n<meta property=\"og:image\" content=\"https:\/\/aconteceunovale.com.br\/portal\/wp-content\/uploads\/2020\/08\/buscas_brumadinho.jpeg\" \/>\n\t<meta property=\"og:image:width\" content=\"678\" \/>\n\t<meta property=\"og:image:height\" content=\"450\" \/>\n\t<meta property=\"og:image:type\" content=\"image\/jpeg\" \/>\n<meta name=\"author\" content=\"Aconteceu no Vale\" \/>\n<meta name=\"twitter:card\" content=\"summary_large_image\" \/>\n<meta name=\"twitter:creator\" content=\"@noticiadosvales\" \/>\n<meta name=\"twitter:site\" content=\"@noticiadosvales\" \/>\n<meta name=\"twitter:label1\" content=\"Escrito por\" \/>\n\t<meta name=\"twitter:data1\" content=\"Aconteceu no Vale\" \/>\n\t<meta name=\"twitter:label2\" content=\"Est. tempo de leitura\" \/>\n\t<meta name=\"twitter:data2\" content=\"2 minutos\" \/>\n<script type=\"application\/ld+json\" class=\"yoast-schema-graph\">{\"@context\":\"https:\\\/\\\/schema.org\",\"@graph\":[{\"@type\":\"Article\",\"@id\":\"https:\\\/\\\/aconteceunovale.com.br\\\/portal\\\/?p=167225#article\",\"isPartOf\":{\"@id\":\"https:\\\/\\\/aconteceunovale.com.br\\\/portal\\\/?p=167225\"},\"author\":{\"name\":\"Aconteceu no Vale\",\"@id\":\"https:\\\/\\\/aconteceunovale.com.br\\\/portal\\\/#\\\/schema\\\/person\\\/633529146f2c94272bef50ac2953d589\"},\"headline\":\"Buscas em Brumadinho ser\u00e3o retomadas\",\"datePublished\":\"2020-08-11T00:28:21+00:00\",\"dateModified\":\"2020-08-11T00:29:22+00:00\",\"mainEntityOfPage\":{\"@id\":\"https:\\\/\\\/aconteceunovale.com.br\\\/portal\\\/?p=167225\"},\"wordCount\":503,\"commentCount\":0,\"image\":{\"@id\":\"https:\\\/\\\/aconteceunovale.com.br\\\/portal\\\/?p=167225#primaryimage\"},\"thumbnailUrl\":\"https:\\\/\\\/aconteceunovale.com.br\\\/portal\\\/wp-content\\\/uploads\\\/2020\\\/08\\\/buscas_brumadinho.jpeg\",\"keywords\":[\"16 pessoas s\u00e3o denunciadas por homic\u00eddio qualificado e crimes ambientais\",\"Alexandre de Paula Campanha\",\"Ana Tereza Ribeiro Salles Giacomini\",\"Andr\u00e9 Jum Yassuda\",\"Ars\u00eanio Negro J\u00fanior\",\"Barragem da Vale em Brumadinho\",\"barragem de Brumadinho\",\"Brumadinho\",\"Bruno Tasca Cabral\",\"Buscas em Brumadinho\",\"Buscas em Brumadinho ser\u00e3o retomadas\",\"Cesar Augusto Paulino Grandchamp\",\"Chris-Peter Meier\",\"Conluio entre Vale e T\u00fcv S\u00fcd\",\"Cristina Helo\u00edza da Silva Malheiros\",\"destaque\",\"Diretor da Vale\",\"Eduardo Vieira Figueiredo\",\"Fabio Schvartsman\",\"Fabr\u00edcio Jos\u00e9 Fonseca Pinto\",\"Felipe Figueiredo Rocha\",\"Francisco Chaves Generoso\",\"Investiga\u00e7\u00f5es sobre trag\u00e9dia de Brumadinho\",\"Joaquim Pedro de Toledo\",\"Leandro Wili\",\"L\u00facio Flavo Gallon Cavalli\",\"Luiz Ot\u00e1vio Braga Paulon\",\"Makoto Namba\",\"Marilene Christina Oliveira Lopes de Assis Ara\u00fajo\",\"Marl\u00edsio Oliveira Cec\u00edlio J\u00fanior\",\"Mina C\u00f3rrego do Feij\u00e3o\",\"mineradora Vale\",\"Minist\u00e9rio P\u00fablico de Minas Gerais\",\"Minist\u00e9rio P\u00fablico e Pol\u00edcia Civil finalizam investiga\u00e7\u00f5es sobre o rompimento da barragem em Brumadinho\",\"MPMG\",\"MPMG e PCMG finalizam investiga\u00e7\u00f5es sobre o rompimento da barragem em Brumadinho\",\"Paula Ayres Lima\",\"PCMG\",\"Pol\u00edcia Civil de Minas Gerais\",\"presidente da Vale\",\"Renzo Albieri Guimar\u00e3es de Carvalho\",\"Rompimento de Barragem da Vale em Brumadinho\",\"Rompimento de barragem em Brumadinho\",\"Silmar Magalh\u00e3es Silva\",\"Trag\u00e9dia de Brumadinho\",\"Trag\u00e9dia de Brumadinho: 16 pessoas s\u00e3o denunciadas por homic\u00eddio qualificado e crimes ambientais\",\"T\u00fcv S\u00fcd\",\"T\u00fcv S\u00fcd Bureau de Projetos e Consultoria\",\"Vale S.A.\",\"Vara Criminal de Brumadinho\",\"Wagner Marteleto Filho\",\"Washington Pirete da Silva\",\"William Garcia Pinto Coelho\"],\"articleSection\":[\"Minas Gerais\"],\"inLanguage\":\"pt-BR\",\"potentialAction\":[{\"@type\":\"CommentAction\",\"name\":\"Comment\",\"target\":[\"https:\\\/\\\/aconteceunovale.com.br\\\/portal\\\/?p=167225#respond\"]}]},{\"@type\":\"WebPage\",\"@id\":\"https:\\\/\\\/aconteceunovale.com.br\\\/portal\\\/?p=167225\",\"url\":\"https:\\\/\\\/aconteceunovale.com.br\\\/portal\\\/?p=167225\",\"name\":\"Buscas em Brumadinho ser\u00e3o retomadas - Aconteceu no Vale\",\"isPartOf\":{\"@id\":\"https:\\\/\\\/aconteceunovale.com.br\\\/portal\\\/#website\"},\"primaryImageOfPage\":{\"@id\":\"https:\\\/\\\/aconteceunovale.com.br\\\/portal\\\/?p=167225#primaryimage\"},\"image\":{\"@id\":\"https:\\\/\\\/aconteceunovale.com.br\\\/portal\\\/?p=167225#primaryimage\"},\"thumbnailUrl\":\"https:\\\/\\\/aconteceunovale.com.br\\\/portal\\\/wp-content\\\/uploads\\\/2020\\\/08\\\/buscas_brumadinho.jpeg\",\"datePublished\":\"2020-08-11T00:28:21+00:00\",\"dateModified\":\"2020-08-11T00:29:22+00:00\",\"author\":{\"@id\":\"https:\\\/\\\/aconteceunovale.com.br\\\/portal\\\/#\\\/schema\\\/person\\\/633529146f2c94272bef50ac2953d589\"},\"breadcrumb\":{\"@id\":\"https:\\\/\\\/aconteceunovale.com.br\\\/portal\\\/?p=167225#breadcrumb\"},\"inLanguage\":\"pt-BR\",\"potentialAction\":[{\"@type\":\"ReadAction\",\"target\":[\"https:\\\/\\\/aconteceunovale.com.br\\\/portal\\\/?p=167225\"]}]},{\"@type\":\"ImageObject\",\"inLanguage\":\"pt-BR\",\"@id\":\"https:\\\/\\\/aconteceunovale.com.br\\\/portal\\\/?p=167225#primaryimage\",\"url\":\"https:\\\/\\\/aconteceunovale.com.br\\\/portal\\\/wp-content\\\/uploads\\\/2020\\\/08\\\/buscas_brumadinho.jpeg\",\"contentUrl\":\"https:\\\/\\\/aconteceunovale.com.br\\\/portal\\\/wp-content\\\/uploads\\\/2020\\\/08\\\/buscas_brumadinho.jpeg\",\"width\":678,\"height\":450},{\"@type\":\"BreadcrumbList\",\"@id\":\"https:\\\/\\\/aconteceunovale.com.br\\\/portal\\\/?p=167225#breadcrumb\",\"itemListElement\":[{\"@type\":\"ListItem\",\"position\":1,\"name\":\"In\u00edcio\",\"item\":\"https:\\\/\\\/aconteceunovale.com.br\\\/portal\\\/\"},{\"@type\":\"ListItem\",\"position\":2,\"name\":\"Buscas em Brumadinho ser\u00e3o retomadas\"}]},{\"@type\":\"WebSite\",\"@id\":\"https:\\\/\\\/aconteceunovale.com.br\\\/portal\\\/#website\",\"url\":\"https:\\\/\\\/aconteceunovale.com.br\\\/portal\\\/\",\"name\":\"Aconteceu no Vale\",\"description\":\"Portal de Not\u00edcias\",\"potentialAction\":[{\"@type\":\"SearchAction\",\"target\":{\"@type\":\"EntryPoint\",\"urlTemplate\":\"https:\\\/\\\/aconteceunovale.com.br\\\/portal\\\/?s={search_term_string}\"},\"query-input\":{\"@type\":\"PropertyValueSpecification\",\"valueRequired\":true,\"valueName\":\"search_term_string\"}}],\"inLanguage\":\"pt-BR\"},{\"@type\":\"Person\",\"@id\":\"https:\\\/\\\/aconteceunovale.com.br\\\/portal\\\/#\\\/schema\\\/person\\\/633529146f2c94272bef50ac2953d589\",\"name\":\"Aconteceu no Vale\",\"description\":\"Equipe de reportagem do Aconteceu no Vale, portal de not\u00edcias do Vale do Jequitinhonha, em Minas Gerais. Cobrimos as 51 cidades do Vale desde 2013. Sugest\u00f5es de pauta e pedidos de corre\u00e7\u00e3o: contato@aconteceunovale.com.br\",\"sameAs\":[\"http:\\\/\\\/www.aconteceunovale.com.br\"],\"url\":\"https:\\\/\\\/aconteceunovale.com.br\\\/portal\\\/?author=1\"}]}<\/script>\n<!-- \/ Yoast SEO plugin. -->","yoast_head_json":{"title":"Buscas em Brumadinho ser\u00e3o retomadas - Aconteceu no Vale","robots":{"index":"index","follow":"follow","max-snippet":"max-snippet:-1","max-image-preview":"max-image-preview:large","max-video-preview":"max-video-preview:-1"},"canonical":"https:\/\/aconteceunovale.com.br\/portal\/?p=167225","og_locale":"pt_BR","og_type":"article","og_title":"Buscas em Brumadinho ser\u00e3o retomadas - Aconteceu no Vale","og_description":"Suspensas desde 21 de mar\u00e7o deste ano devido \u00e0 pandemia da covid-19, as buscas em Brumadinho ser\u00e3o retomadas, conforme compromisso firmado pelo&nbsp;Corpo de Bombeiros Militar de Minas Gerais (CBMMG)&nbsp;com as fam\u00edlias das 11 v\u00edtimas que seguem desaparecidas. A expectativa \u00e9 que no dia 27 de agosto cerca de 60 militares recomecem a trabalhar na regi\u00e3o [&hellip;]","og_url":"https:\/\/aconteceunovale.com.br\/portal\/?p=167225","og_site_name":"Aconteceu no Vale","article_publisher":"https:\/\/www.facebook.com\/aconteceunovale\/","article_published_time":"2020-08-11T00:28:21+00:00","article_modified_time":"2020-08-11T00:29:22+00:00","og_image":[{"width":678,"height":450,"url":"https:\/\/aconteceunovale.com.br\/portal\/wp-content\/uploads\/2020\/08\/buscas_brumadinho.jpeg","type":"image\/jpeg"}],"author":"Aconteceu no Vale","twitter_card":"summary_large_image","twitter_creator":"@noticiadosvales","twitter_site":"@noticiadosvales","twitter_misc":{"Escrito por":"Aconteceu no Vale","Est. tempo de leitura":"2 minutos"},"schema":{"@context":"https:\/\/schema.org","@graph":[{"@type":"Article","@id":"https:\/\/aconteceunovale.com.br\/portal\/?p=167225#article","isPartOf":{"@id":"https:\/\/aconteceunovale.com.br\/portal\/?p=167225"},"author":{"name":"Aconteceu no Vale","@id":"https:\/\/aconteceunovale.com.br\/portal\/#\/schema\/person\/633529146f2c94272bef50ac2953d589"},"headline":"Buscas em Brumadinho ser\u00e3o retomadas","datePublished":"2020-08-11T00:28:21+00:00","dateModified":"2020-08-11T00:29:22+00:00","mainEntityOfPage":{"@id":"https:\/\/aconteceunovale.com.br\/portal\/?p=167225"},"wordCount":503,"commentCount":0,"image":{"@id":"https:\/\/aconteceunovale.com.br\/portal\/?p=167225#primaryimage"},"thumbnailUrl":"https:\/\/aconteceunovale.com.br\/portal\/wp-content\/uploads\/2020\/08\/buscas_brumadinho.jpeg","keywords":["16 pessoas s\u00e3o denunciadas por homic\u00eddio qualificado e crimes ambientais","Alexandre de Paula Campanha","Ana Tereza Ribeiro Salles Giacomini","Andr\u00e9 Jum Yassuda","Ars\u00eanio Negro J\u00fanior","Barragem da Vale em Brumadinho","barragem de Brumadinho","Brumadinho","Bruno Tasca Cabral","Buscas em Brumadinho","Buscas em Brumadinho ser\u00e3o retomadas","Cesar Augusto Paulino Grandchamp","Chris-Peter Meier","Conluio entre Vale e T\u00fcv S\u00fcd","Cristina Helo\u00edza da Silva Malheiros","destaque","Diretor da Vale","Eduardo Vieira Figueiredo","Fabio Schvartsman","Fabr\u00edcio Jos\u00e9 Fonseca Pinto","Felipe Figueiredo Rocha","Francisco Chaves Generoso","Investiga\u00e7\u00f5es sobre trag\u00e9dia de Brumadinho","Joaquim Pedro de Toledo","Leandro Wili","L\u00facio Flavo Gallon Cavalli","Luiz Ot\u00e1vio Braga Paulon","Makoto Namba","Marilene Christina Oliveira Lopes de Assis Ara\u00fajo","Marl\u00edsio Oliveira Cec\u00edlio J\u00fanior","Mina C\u00f3rrego do Feij\u00e3o","mineradora Vale","Minist\u00e9rio P\u00fablico de Minas Gerais","Minist\u00e9rio P\u00fablico e Pol\u00edcia Civil finalizam investiga\u00e7\u00f5es sobre o rompimento da barragem em Brumadinho","MPMG","MPMG e PCMG finalizam investiga\u00e7\u00f5es sobre o rompimento da barragem em Brumadinho","Paula Ayres Lima","PCMG","Pol\u00edcia Civil de Minas Gerais","presidente da Vale","Renzo Albieri Guimar\u00e3es de Carvalho","Rompimento de Barragem da Vale em Brumadinho","Rompimento de barragem em Brumadinho","Silmar Magalh\u00e3es Silva","Trag\u00e9dia de Brumadinho","Trag\u00e9dia de Brumadinho: 16 pessoas s\u00e3o denunciadas por homic\u00eddio qualificado e crimes ambientais","T\u00fcv S\u00fcd","T\u00fcv S\u00fcd Bureau de Projetos e Consultoria","Vale S.A.","Vara Criminal de Brumadinho","Wagner Marteleto Filho","Washington Pirete da Silva","William Garcia Pinto Coelho"],"articleSection":["Minas Gerais"],"inLanguage":"pt-BR","potentialAction":[{"@type":"CommentAction","name":"Comment","target":["https:\/\/aconteceunovale.com.br\/portal\/?p=167225#respond"]}]},{"@type":"WebPage","@id":"https:\/\/aconteceunovale.com.br\/portal\/?p=167225","url":"https:\/\/aconteceunovale.com.br\/portal\/?p=167225","name":"Buscas em Brumadinho ser\u00e3o retomadas - Aconteceu no Vale","isPartOf":{"@id":"https:\/\/aconteceunovale.com.br\/portal\/#website"},"primaryImageOfPage":{"@id":"https:\/\/aconteceunovale.com.br\/portal\/?p=167225#primaryimage"},"image":{"@id":"https:\/\/aconteceunovale.com.br\/portal\/?p=167225#primaryimage"},"thumbnailUrl":"https:\/\/aconteceunovale.com.br\/portal\/wp-content\/uploads\/2020\/08\/buscas_brumadinho.jpeg","datePublished":"2020-08-11T00:28:21+00:00","dateModified":"2020-08-11T00:29:22+00:00","author":{"@id":"https:\/\/aconteceunovale.com.br\/portal\/#\/schema\/person\/633529146f2c94272bef50ac2953d589"},"breadcrumb":{"@id":"https:\/\/aconteceunovale.com.br\/portal\/?p=167225#breadcrumb"},"inLanguage":"pt-BR","potentialAction":[{"@type":"ReadAction","target":["https:\/\/aconteceunovale.com.br\/portal\/?p=167225"]}]},{"@type":"ImageObject","inLanguage":"pt-BR","@id":"https:\/\/aconteceunovale.com.br\/portal\/?p=167225#primaryimage","url":"https:\/\/aconteceunovale.com.br\/portal\/wp-content\/uploads\/2020\/08\/buscas_brumadinho.jpeg","contentUrl":"https:\/\/aconteceunovale.com.br\/portal\/wp-content\/uploads\/2020\/08\/buscas_brumadinho.jpeg","width":678,"height":450},{"@type":"BreadcrumbList","@id":"https:\/\/aconteceunovale.com.br\/portal\/?p=167225#breadcrumb","itemListElement":[{"@type":"ListItem","position":1,"name":"In\u00edcio","item":"https:\/\/aconteceunovale.com.br\/portal\/"},{"@type":"ListItem","position":2,"name":"Buscas em Brumadinho ser\u00e3o retomadas"}]},{"@type":"WebSite","@id":"https:\/\/aconteceunovale.com.br\/portal\/#website","url":"https:\/\/aconteceunovale.com.br\/portal\/","name":"Aconteceu no Vale","description":"Portal de Not\u00edcias","potentialAction":[{"@type":"SearchAction","target":{"@type":"EntryPoint","urlTemplate":"https:\/\/aconteceunovale.com.br\/portal\/?s={search_term_string}"},"query-input":{"@type":"PropertyValueSpecification","valueRequired":true,"valueName":"search_term_string"}}],"inLanguage":"pt-BR"},{"@type":"Person","@id":"https:\/\/aconteceunovale.com.br\/portal\/#\/schema\/person\/633529146f2c94272bef50ac2953d589","name":"Aconteceu no Vale","description":"Equipe de reportagem do Aconteceu no Vale, portal de not\u00edcias do Vale do Jequitinhonha, em Minas Gerais. Cobrimos as 51 cidades do Vale desde 2013. Sugest\u00f5es de pauta e pedidos de corre\u00e7\u00e3o: contato@aconteceunovale.com.br","sameAs":["http:\/\/www.aconteceunovale.com.br"],"url":"https:\/\/aconteceunovale.com.br\/portal\/?author=1"}]}},"_links":{"self":[{"href":"https:\/\/aconteceunovale.com.br\/portal\/index.php?rest_route=\/wp\/v2\/posts\/167225","targetHints":{"allow":["GET"]}}],"collection":[{"href":"https:\/\/aconteceunovale.com.br\/portal\/index.php?rest_route=\/wp\/v2\/posts"}],"about":[{"href":"https:\/\/aconteceunovale.com.br\/portal\/index.php?rest_route=\/wp\/v2\/types\/post"}],"author":[{"embeddable":true,"href":"https:\/\/aconteceunovale.com.br\/portal\/index.php?rest_route=\/wp\/v2\/users\/1"}],"replies":[{"embeddable":true,"href":"https:\/\/aconteceunovale.com.br\/portal\/index.php?rest_route=%2Fwp%2Fv2%2Fcomments&post=167225"}],"version-history":[{"count":1,"href":"https:\/\/aconteceunovale.com.br\/portal\/index.php?rest_route=\/wp\/v2\/posts\/167225\/revisions"}],"predecessor-version":[{"id":167227,"href":"https:\/\/aconteceunovale.com.br\/portal\/index.php?rest_route=\/wp\/v2\/posts\/167225\/revisions\/167227"}],"wp:featuredmedia":[{"embeddable":true,"href":"https:\/\/aconteceunovale.com.br\/portal\/index.php?rest_route=\/wp\/v2\/media\/167226"}],"wp:attachment":[{"href":"https:\/\/aconteceunovale.com.br\/portal\/index.php?rest_route=%2Fwp%2Fv2%2Fmedia&parent=167225"}],"wp:term":[{"taxonomy":"category","embeddable":true,"href":"https:\/\/aconteceunovale.com.br\/portal\/index.php?rest_route=%2Fwp%2Fv2%2Fcategories&post=167225"},{"taxonomy":"post_tag","embeddable":true,"href":"https:\/\/aconteceunovale.com.br\/portal\/index.php?rest_route=%2Fwp%2Fv2%2Ftags&post=167225"}],"curies":[{"name":"wp","href":"https:\/\/api.w.org\/{rel}","templated":true}]}}