{"id":167218,"date":"2020-08-10T12:56:19","date_gmt":"2020-08-10T15:56:19","guid":{"rendered":"https:\/\/aconteceunovale.com.br\/portal\/?p=167218"},"modified":"2020-08-10T12:56:47","modified_gmt":"2020-08-10T15:56:47","slug":"caminhoneiro-morre-em-acidente-em-montes-claros","status":"publish","type":"post","link":"https:\/\/aconteceunovale.com.br\/portal\/?p=167218","title":{"rendered":"Caminhoneiro morre em acidente em Montes Claros"},"content":{"rendered":"\n<p class=\"wp-block-paragraph\">Um caminhoneiro morreu em um acidente no Bairro Santo Ant\u00f4nio, em Montes Claros, na madrugada desta segunda-feira (10\/8\/2020). O capotamento do ve\u00edculo de carga aconteceu em uma rotat\u00f3ria que d\u00e1 acesso \u00e0 Avenida Pl\u00ednio Ribeiro e as causas ser\u00e3o investigadas.<\/p>\n\n\n\n<p class=\"wp-block-paragraph\">Segundo informa\u00e7\u00f5es do Corpo de Bombeiros, o motorista sofreu politraumatismo e esmagamento de cr\u00e2nio. Ele ficou preso \u00e0s ferragens e morreu no local. O \u00f3bito foi confirmado por uma equipe do Samu.<\/p>\n\n\n\n<p class=\"wp-block-paragraph\">Ainda de acordo com os bombeiros, o acidente aconteceu por volta das 3h30 e a din\u00e2mica n\u00e3o foi esclarecida porque n\u00e3o h\u00e1 testemunhas, mas a suspeita \u00e9 de que o condutor perdeu o controle, capotou e depois bateu em uma palmeira \u00e0s margens da via.<\/p>\n\n\n\n<p class=\"wp-block-paragraph\">A per\u00edcia esteve no local e o corpo foi encaminhado ao Instituto M\u00e9dico Legal (IML) para identifica\u00e7\u00e3o. O caminh\u00e3o \u00e9 licenciado no munic\u00edpio de Formiga (MG) e transportava cimento.<\/p>\n\n\n\n<figure class=\"wp-block-gallery columns-1 is-cropped wp-block-gallery-1 is-layout-flex wp-block-gallery-is-layout-flex\"><ul class=\"blocks-gallery-grid\"><li class=\"blocks-gallery-item\"><figure><img loading=\"lazy\" decoding=\"async\" width=\"678\" height=\"382\" src=\"https:\/\/aconteceunovale.com.br\/portal\/wp-content\/uploads\/2020\/08\/acidente_moc.jpg\" alt=\"\" data-id=\"167219\" data-full-url=\"https:\/\/aconteceunovale.com.br\/portal\/wp-content\/uploads\/2020\/08\/acidente_moc.jpg\" data-link=\"https:\/\/aconteceunovale.com.br\/portal\/?attachment_id=167219\" class=\"wp-image-167219\" srcset=\"https:\/\/aconteceunovale.com.br\/portal\/wp-content\/uploads\/2020\/08\/acidente_moc.jpg 678w, https:\/\/aconteceunovale.com.br\/portal\/wp-content\/uploads\/2020\/08\/acidente_moc-300x169.jpg 300w\" sizes=\"auto, (max-width: 678px) 100vw, 678px\" \/><figcaption class=\"blocks-gallery-item__caption\"><em>Foto: Corpo de Bombeiros \/ Divulga\u00e7\u00e3o<\/em><\/figcaption><\/figure><\/li><\/ul><\/figure>\n\n\n\n<p class=\"has-background has-very-light-gray-background-color wp-block-paragraph\">Quer saber as not\u00edcias do <strong>Aconteceu no Vale<\/strong> em primeira m\u00e3o? Siga-nos no Facebook <a rel=\"noreferrer noopener\" href=\"http:\/\/facebook.com\/aconteceunovale\" target=\"_blank\">@aconteceunovale<\/a>, Twitter <a rel=\"noreferrer noopener\" href=\"https:\/\/twitter.com\/noticiadosvales\" target=\"_blank\">@noticiadosvales<\/a> e Instagram <a rel=\"noreferrer noopener\" href=\"https:\/\/www.instagram.com\/aconteceunovale\" target=\"_blank\">@aconteceunovale<\/a>.<\/p>\n","protected":false},"excerpt":{"rendered":"<p>Um caminhoneiro morreu em um acidente no Bairro Santo Ant\u00f4nio, em Montes Claros, na madrugada desta segunda-feira (10\/8\/2020). O capotamento do ve\u00edculo de carga aconteceu em uma rotat\u00f3ria que d\u00e1 acesso \u00e0 Avenida Pl\u00ednio Ribeiro e as causas ser\u00e3o investigadas. Segundo informa\u00e7\u00f5es do Corpo de Bombeiros, o motorista sofreu politraumatismo e esmagamento de cr\u00e2nio. Ele [&hellip;]<\/p>\n","protected":false},"author":1,"featured_media":167219,"comment_status":"open","ping_status":"closed","sticky":false,"template":"","format":"standard","meta":{"amp_status":"","footnotes":""},"categories":[1236],"tags":[227280,227279,61975,227275,227281,142977,16673,227278,227274,227276,1018,1513,210,227277],"class_list":["post-167218","post","type-post","status-publish","format-standard","has-post-thumbnail","hentry","category-norte_de_minas","tag-acidente-com-caminhao-de-cimento-em-montes-claros","tag-acidente-com-caminhao-de-formiga-em-montes-claros","tag-acidente-com-caminhao-em-montes-claros","tag-acidente-com-caminhoneiro-em-montes-claros","tag-acidente-com-carreta-de-cimento-em-montes-claros","tag-acidente-com-carreta-em-montes-claros","tag-acidente-em-montes-claros","tag-acidente-na-avenida-plinio-ribeiro-em-montes-claros","tag-caminhoneiro-morre-em-acidente-em-montes-claros","tag-capotamento-de-carreta-em-montes-claros","tag-destaque","tag-formiga","tag-montes-claros","tag-tombamento-de-carreta-em-montes-claros"],"yoast_head":"<!-- This site is optimized with the Yoast SEO plugin v28.3 - https:\/\/yoast.com\/product\/yoast-seo-wordpress\/ -->\n<title>Caminhoneiro morre em acidente em Montes Claros - Aconteceu no Vale<\/title>\n<meta name=\"robots\" content=\"index, follow, max-snippet:-1, max-image-preview:large, max-video-preview:-1\" \/>\n<link rel=\"canonical\" href=\"https:\/\/aconteceunovale.com.br\/portal\/?p=167218\" \/>\n<meta property=\"og:locale\" content=\"pt_BR\" \/>\n<meta property=\"og:type\" content=\"article\" \/>\n<meta property=\"og:title\" content=\"Caminhoneiro morre em acidente em Montes Claros - Aconteceu no Vale\" \/>\n<meta property=\"og:description\" content=\"Um caminhoneiro morreu em um acidente no Bairro Santo Ant\u00f4nio, em Montes Claros, na madrugada desta segunda-feira (10\/8\/2020). O capotamento do ve\u00edculo de carga aconteceu em uma rotat\u00f3ria que d\u00e1 acesso \u00e0 Avenida Pl\u00ednio Ribeiro e as causas ser\u00e3o investigadas. Segundo informa\u00e7\u00f5es do Corpo de Bombeiros, o motorista sofreu politraumatismo e esmagamento de cr\u00e2nio. Ele [&hellip;]\" \/>\n<meta property=\"og:url\" content=\"https:\/\/aconteceunovale.com.br\/portal\/?p=167218\" \/>\n<meta property=\"og:site_name\" content=\"Aconteceu no Vale\" \/>\n<meta property=\"article:publisher\" content=\"https:\/\/www.facebook.com\/aconteceunovale\/\" \/>\n<meta property=\"article:published_time\" content=\"2020-08-10T15:56:19+00:00\" \/>\n<meta property=\"article:modified_time\" content=\"2020-08-10T15:56:47+00:00\" \/>\n<meta property=\"og:image\" content=\"https:\/\/aconteceunovale.com.br\/portal\/wp-content\/uploads\/2020\/08\/acidente_moc.jpg\" \/>\n\t<meta property=\"og:image:width\" content=\"678\" \/>\n\t<meta property=\"og:image:height\" content=\"382\" \/>\n\t<meta property=\"og:image:type\" content=\"image\/jpeg\" \/>\n<meta name=\"author\" content=\"Aconteceu no Vale\" \/>\n<meta name=\"twitter:card\" content=\"summary_large_image\" \/>\n<meta name=\"twitter:creator\" content=\"@noticiadosvales\" \/>\n<meta name=\"twitter:site\" content=\"@noticiadosvales\" \/>\n<meta name=\"twitter:label1\" content=\"Escrito por\" \/>\n\t<meta name=\"twitter:data1\" content=\"Aconteceu no Vale\" \/>\n\t<meta name=\"twitter:label2\" content=\"Est. tempo de leitura\" \/>\n\t<meta name=\"twitter:data2\" content=\"1 minuto\" \/>\n<script type=\"application\/ld+json\" class=\"yoast-schema-graph\">{\"@context\":\"https:\\\/\\\/schema.org\",\"@graph\":[{\"@type\":\"Article\",\"@id\":\"https:\\\/\\\/aconteceunovale.com.br\\\/portal\\\/?p=167218#article\",\"isPartOf\":{\"@id\":\"https:\\\/\\\/aconteceunovale.com.br\\\/portal\\\/?p=167218\"},\"author\":{\"name\":\"Aconteceu no Vale\",\"@id\":\"https:\\\/\\\/aconteceunovale.com.br\\\/portal\\\/#\\\/schema\\\/person\\\/633529146f2c94272bef50ac2953d589\"},\"headline\":\"Caminhoneiro morre em acidente em Montes Claros\",\"datePublished\":\"2020-08-10T15:56:19+00:00\",\"dateModified\":\"2020-08-10T15:56:47+00:00\",\"mainEntityOfPage\":{\"@id\":\"https:\\\/\\\/aconteceunovale.com.br\\\/portal\\\/?p=167218\"},\"wordCount\":192,\"commentCount\":0,\"image\":{\"@id\":\"https:\\\/\\\/aconteceunovale.com.br\\\/portal\\\/?p=167218#primaryimage\"},\"thumbnailUrl\":\"https:\\\/\\\/aconteceunovale.com.br\\\/portal\\\/wp-content\\\/uploads\\\/2020\\\/08\\\/acidente_moc.jpg\",\"keywords\":[\"Acidente com caminh\u00e3o de cimento em Montes Claros\",\"Acidente com caminh\u00e3o de Formiga em Montes Claros\",\"acidente com caminh\u00e3o em Montes Claros\",\"Acidente com caminhoneiro em Montes Claros\",\"Acidente com carreta de cimento em Montes Claros\",\"Acidente com carreta em Montes Claros\",\"acidente em montes claros\",\"Acidente na Avenida Pl\u00ednio Ribeiro em Montes Claros\",\"Caminhoneiro morre em acidente em Montes Claros\",\"Capotamento de carreta em Montes Claros\",\"destaque\",\"Formiga\",\"Montes Claros\",\"Tombamento de carreta em Montes Claros\"],\"articleSection\":[\"Norte de Minas\"],\"inLanguage\":\"pt-BR\",\"potentialAction\":[{\"@type\":\"CommentAction\",\"name\":\"Comment\",\"target\":[\"https:\\\/\\\/aconteceunovale.com.br\\\/portal\\\/?p=167218#respond\"]}]},{\"@type\":\"WebPage\",\"@id\":\"https:\\\/\\\/aconteceunovale.com.br\\\/portal\\\/?p=167218\",\"url\":\"https:\\\/\\\/aconteceunovale.com.br\\\/portal\\\/?p=167218\",\"name\":\"Caminhoneiro morre em acidente em Montes Claros - Aconteceu no Vale\",\"isPartOf\":{\"@id\":\"https:\\\/\\\/aconteceunovale.com.br\\\/portal\\\/#website\"},\"primaryImageOfPage\":{\"@id\":\"https:\\\/\\\/aconteceunovale.com.br\\\/portal\\\/?p=167218#primaryimage\"},\"image\":{\"@id\":\"https:\\\/\\\/aconteceunovale.com.br\\\/portal\\\/?p=167218#primaryimage\"},\"thumbnailUrl\":\"https:\\\/\\\/aconteceunovale.com.br\\\/portal\\\/wp-content\\\/uploads\\\/2020\\\/08\\\/acidente_moc.jpg\",\"datePublished\":\"2020-08-10T15:56:19+00:00\",\"dateModified\":\"2020-08-10T15:56:47+00:00\",\"author\":{\"@id\":\"https:\\\/\\\/aconteceunovale.com.br\\\/portal\\\/#\\\/schema\\\/person\\\/633529146f2c94272bef50ac2953d589\"},\"breadcrumb\":{\"@id\":\"https:\\\/\\\/aconteceunovale.com.br\\\/portal\\\/?p=167218#breadcrumb\"},\"inLanguage\":\"pt-BR\",\"potentialAction\":[{\"@type\":\"ReadAction\",\"target\":[\"https:\\\/\\\/aconteceunovale.com.br\\\/portal\\\/?p=167218\"]}]},{\"@type\":\"ImageObject\",\"inLanguage\":\"pt-BR\",\"@id\":\"https:\\\/\\\/aconteceunovale.com.br\\\/portal\\\/?p=167218#primaryimage\",\"url\":\"https:\\\/\\\/aconteceunovale.com.br\\\/portal\\\/wp-content\\\/uploads\\\/2020\\\/08\\\/acidente_moc.jpg\",\"contentUrl\":\"https:\\\/\\\/aconteceunovale.com.br\\\/portal\\\/wp-content\\\/uploads\\\/2020\\\/08\\\/acidente_moc.jpg\",\"width\":678,\"height\":382},{\"@type\":\"BreadcrumbList\",\"@id\":\"https:\\\/\\\/aconteceunovale.com.br\\\/portal\\\/?p=167218#breadcrumb\",\"itemListElement\":[{\"@type\":\"ListItem\",\"position\":1,\"name\":\"In\u00edcio\",\"item\":\"https:\\\/\\\/aconteceunovale.com.br\\\/portal\\\/\"},{\"@type\":\"ListItem\",\"position\":2,\"name\":\"Caminhoneiro morre em acidente em Montes Claros\"}]},{\"@type\":\"WebSite\",\"@id\":\"https:\\\/\\\/aconteceunovale.com.br\\\/portal\\\/#website\",\"url\":\"https:\\\/\\\/aconteceunovale.com.br\\\/portal\\\/\",\"name\":\"Aconteceu no Vale\",\"description\":\"Portal de Not\u00edcias\",\"potentialAction\":[{\"@type\":\"SearchAction\",\"target\":{\"@type\":\"EntryPoint\",\"urlTemplate\":\"https:\\\/\\\/aconteceunovale.com.br\\\/portal\\\/?s={search_term_string}\"},\"query-input\":{\"@type\":\"PropertyValueSpecification\",\"valueRequired\":true,\"valueName\":\"search_term_string\"}}],\"inLanguage\":\"pt-BR\"},{\"@type\":\"Person\",\"@id\":\"https:\\\/\\\/aconteceunovale.com.br\\\/portal\\\/#\\\/schema\\\/person\\\/633529146f2c94272bef50ac2953d589\",\"name\":\"Aconteceu no Vale\",\"description\":\"Equipe de reportagem do Aconteceu no Vale, portal de not\u00edcias do Vale do Jequitinhonha, em Minas Gerais. Cobrimos as 51 cidades do Vale desde 2013. Sugest\u00f5es de pauta e pedidos de corre\u00e7\u00e3o: contato@aconteceunovale.com.br\",\"sameAs\":[\"http:\\\/\\\/www.aconteceunovale.com.br\"],\"url\":\"https:\\\/\\\/aconteceunovale.com.br\\\/portal\\\/?author=1\"}]}<\/script>\n<!-- \/ Yoast SEO plugin. -->","yoast_head_json":{"title":"Caminhoneiro morre em acidente em Montes Claros - Aconteceu no Vale","robots":{"index":"index","follow":"follow","max-snippet":"max-snippet:-1","max-image-preview":"max-image-preview:large","max-video-preview":"max-video-preview:-1"},"canonical":"https:\/\/aconteceunovale.com.br\/portal\/?p=167218","og_locale":"pt_BR","og_type":"article","og_title":"Caminhoneiro morre em acidente em Montes Claros - Aconteceu no Vale","og_description":"Um caminhoneiro morreu em um acidente no Bairro Santo Ant\u00f4nio, em Montes Claros, na madrugada desta segunda-feira (10\/8\/2020). O capotamento do ve\u00edculo de carga aconteceu em uma rotat\u00f3ria que d\u00e1 acesso \u00e0 Avenida Pl\u00ednio Ribeiro e as causas ser\u00e3o investigadas. Segundo informa\u00e7\u00f5es do Corpo de Bombeiros, o motorista sofreu politraumatismo e esmagamento de cr\u00e2nio. Ele [&hellip;]","og_url":"https:\/\/aconteceunovale.com.br\/portal\/?p=167218","og_site_name":"Aconteceu no Vale","article_publisher":"https:\/\/www.facebook.com\/aconteceunovale\/","article_published_time":"2020-08-10T15:56:19+00:00","article_modified_time":"2020-08-10T15:56:47+00:00","og_image":[{"width":678,"height":382,"url":"https:\/\/aconteceunovale.com.br\/portal\/wp-content\/uploads\/2020\/08\/acidente_moc.jpg","type":"image\/jpeg"}],"author":"Aconteceu no Vale","twitter_card":"summary_large_image","twitter_creator":"@noticiadosvales","twitter_site":"@noticiadosvales","twitter_misc":{"Escrito por":"Aconteceu no Vale","Est. tempo de leitura":"1 minuto"},"schema":{"@context":"https:\/\/schema.org","@graph":[{"@type":"Article","@id":"https:\/\/aconteceunovale.com.br\/portal\/?p=167218#article","isPartOf":{"@id":"https:\/\/aconteceunovale.com.br\/portal\/?p=167218"},"author":{"name":"Aconteceu no Vale","@id":"https:\/\/aconteceunovale.com.br\/portal\/#\/schema\/person\/633529146f2c94272bef50ac2953d589"},"headline":"Caminhoneiro morre em acidente em Montes Claros","datePublished":"2020-08-10T15:56:19+00:00","dateModified":"2020-08-10T15:56:47+00:00","mainEntityOfPage":{"@id":"https:\/\/aconteceunovale.com.br\/portal\/?p=167218"},"wordCount":192,"commentCount":0,"image":{"@id":"https:\/\/aconteceunovale.com.br\/portal\/?p=167218#primaryimage"},"thumbnailUrl":"https:\/\/aconteceunovale.com.br\/portal\/wp-content\/uploads\/2020\/08\/acidente_moc.jpg","keywords":["Acidente com caminh\u00e3o de cimento em Montes Claros","Acidente com caminh\u00e3o de Formiga em Montes Claros","acidente com caminh\u00e3o em Montes Claros","Acidente com caminhoneiro em Montes Claros","Acidente com carreta de cimento em Montes Claros","Acidente com carreta em Montes Claros","acidente em montes claros","Acidente na Avenida Pl\u00ednio Ribeiro em Montes Claros","Caminhoneiro morre em acidente em Montes Claros","Capotamento de carreta em Montes Claros","destaque","Formiga","Montes Claros","Tombamento de carreta em Montes Claros"],"articleSection":["Norte de Minas"],"inLanguage":"pt-BR","potentialAction":[{"@type":"CommentAction","name":"Comment","target":["https:\/\/aconteceunovale.com.br\/portal\/?p=167218#respond"]}]},{"@type":"WebPage","@id":"https:\/\/aconteceunovale.com.br\/portal\/?p=167218","url":"https:\/\/aconteceunovale.com.br\/portal\/?p=167218","name":"Caminhoneiro morre em acidente em Montes Claros - Aconteceu no Vale","isPartOf":{"@id":"https:\/\/aconteceunovale.com.br\/portal\/#website"},"primaryImageOfPage":{"@id":"https:\/\/aconteceunovale.com.br\/portal\/?p=167218#primaryimage"},"image":{"@id":"https:\/\/aconteceunovale.com.br\/portal\/?p=167218#primaryimage"},"thumbnailUrl":"https:\/\/aconteceunovale.com.br\/portal\/wp-content\/uploads\/2020\/08\/acidente_moc.jpg","datePublished":"2020-08-10T15:56:19+00:00","dateModified":"2020-08-10T15:56:47+00:00","author":{"@id":"https:\/\/aconteceunovale.com.br\/portal\/#\/schema\/person\/633529146f2c94272bef50ac2953d589"},"breadcrumb":{"@id":"https:\/\/aconteceunovale.com.br\/portal\/?p=167218#breadcrumb"},"inLanguage":"pt-BR","potentialAction":[{"@type":"ReadAction","target":["https:\/\/aconteceunovale.com.br\/portal\/?p=167218"]}]},{"@type":"ImageObject","inLanguage":"pt-BR","@id":"https:\/\/aconteceunovale.com.br\/portal\/?p=167218#primaryimage","url":"https:\/\/aconteceunovale.com.br\/portal\/wp-content\/uploads\/2020\/08\/acidente_moc.jpg","contentUrl":"https:\/\/aconteceunovale.com.br\/portal\/wp-content\/uploads\/2020\/08\/acidente_moc.jpg","width":678,"height":382},{"@type":"BreadcrumbList","@id":"https:\/\/aconteceunovale.com.br\/portal\/?p=167218#breadcrumb","itemListElement":[{"@type":"ListItem","position":1,"name":"In\u00edcio","item":"https:\/\/aconteceunovale.com.br\/portal\/"},{"@type":"ListItem","position":2,"name":"Caminhoneiro morre em acidente em Montes Claros"}]},{"@type":"WebSite","@id":"https:\/\/aconteceunovale.com.br\/portal\/#website","url":"https:\/\/aconteceunovale.com.br\/portal\/","name":"Aconteceu no Vale","description":"Portal de Not\u00edcias","potentialAction":[{"@type":"SearchAction","target":{"@type":"EntryPoint","urlTemplate":"https:\/\/aconteceunovale.com.br\/portal\/?s={search_term_string}"},"query-input":{"@type":"PropertyValueSpecification","valueRequired":true,"valueName":"search_term_string"}}],"inLanguage":"pt-BR"},{"@type":"Person","@id":"https:\/\/aconteceunovale.com.br\/portal\/#\/schema\/person\/633529146f2c94272bef50ac2953d589","name":"Aconteceu no Vale","description":"Equipe de reportagem do Aconteceu no Vale, portal de not\u00edcias do Vale do Jequitinhonha, em Minas Gerais. Cobrimos as 51 cidades do Vale desde 2013. Sugest\u00f5es de pauta e pedidos de corre\u00e7\u00e3o: contato@aconteceunovale.com.br","sameAs":["http:\/\/www.aconteceunovale.com.br"],"url":"https:\/\/aconteceunovale.com.br\/portal\/?author=1"}]}},"_links":{"self":[{"href":"https:\/\/aconteceunovale.com.br\/portal\/index.php?rest_route=\/wp\/v2\/posts\/167218","targetHints":{"allow":["GET"]}}],"collection":[{"href":"https:\/\/aconteceunovale.com.br\/portal\/index.php?rest_route=\/wp\/v2\/posts"}],"about":[{"href":"https:\/\/aconteceunovale.com.br\/portal\/index.php?rest_route=\/wp\/v2\/types\/post"}],"author":[{"embeddable":true,"href":"https:\/\/aconteceunovale.com.br\/portal\/index.php?rest_route=\/wp\/v2\/users\/1"}],"replies":[{"embeddable":true,"href":"https:\/\/aconteceunovale.com.br\/portal\/index.php?rest_route=%2Fwp%2Fv2%2Fcomments&post=167218"}],"version-history":[{"count":1,"href":"https:\/\/aconteceunovale.com.br\/portal\/index.php?rest_route=\/wp\/v2\/posts\/167218\/revisions"}],"predecessor-version":[{"id":167220,"href":"https:\/\/aconteceunovale.com.br\/portal\/index.php?rest_route=\/wp\/v2\/posts\/167218\/revisions\/167220"}],"wp:featuredmedia":[{"embeddable":true,"href":"https:\/\/aconteceunovale.com.br\/portal\/index.php?rest_route=\/wp\/v2\/media\/167219"}],"wp:attachment":[{"href":"https:\/\/aconteceunovale.com.br\/portal\/index.php?rest_route=%2Fwp%2Fv2%2Fmedia&parent=167218"}],"wp:term":[{"taxonomy":"category","embeddable":true,"href":"https:\/\/aconteceunovale.com.br\/portal\/index.php?rest_route=%2Fwp%2Fv2%2Fcategories&post=167218"},{"taxonomy":"post_tag","embeddable":true,"href":"https:\/\/aconteceunovale.com.br\/portal\/index.php?rest_route=%2Fwp%2Fv2%2Ftags&post=167218"}],"curies":[{"name":"wp","href":"https:\/\/api.w.org\/{rel}","templated":true}]}}