{"id":167208,"date":"2020-08-10T09:48:39","date_gmt":"2020-08-10T12:48:39","guid":{"rendered":"https:\/\/aconteceunovale.com.br\/portal\/?p=167208"},"modified":"2020-08-10T09:49:42","modified_gmt":"2020-08-10T12:49:42","slug":"presidente-do-supremo-e-internado-em-brasilia","status":"publish","type":"post","link":"https:\/\/aconteceunovale.com.br\/portal\/?p=167208","title":{"rendered":"Presidente do Supremo \u00e9 internado em Bras\u00edlia"},"content":{"rendered":"\n<p class=\"wp-block-paragraph\">O presidente do STF (Supremo Tribunal Federal), ministro Dias Toffoli, foi internado nesse domingo (9\/8\/2020) em um hospital particular de Bras\u00edlia com um quadro de pneumonite al\u00e9rgica.<\/p>\n\n\n\n<p class=\"wp-block-paragraph\">Segundo nota divulgada ontem pela assessoria de imprensa do STF, o ministro testou negativo para Covid-19 e despachar\u00e1 normalmente durante a interna\u00e7\u00e3o.<\/p>\n\n\n\n<h3 class=\"wp-block-heading\">Pneumonite<\/h3>\n\n\n\n<p class=\"wp-block-paragraph\">A pneumonite por hipersensibilidade \u00e9 um tipo de inflama\u00e7\u00e3o dentro e ao redor dos pequenos sacos de ar (alv\u00e9olos) e das menores vias a\u00e9reas (bronqu\u00edolos) dos pulm\u00f5es provocada por uma rea\u00e7\u00e3o de hipersensibilidade \u00e0 inala\u00e7\u00e3o de poeiras org\u00e2nicas ou, menos frequentemente, de subst\u00e2ncias qu\u00edmicas.<\/p>\n\n\n\n<p class=\"wp-block-paragraph\">Essa hipersensibilidade dos pulm\u00f5es provoca tosse, febre, calafrios e falta de ar algumas horas ap\u00f3s o contato com a subst\u00e2ncia.<\/p>\n\n\n\n<figure class=\"wp-block-gallery columns-1 is-cropped wp-block-gallery-1 is-layout-flex wp-block-gallery-is-layout-flex\"><ul class=\"blocks-gallery-grid\"><li class=\"blocks-gallery-item\"><figure><img loading=\"lazy\" decoding=\"async\" width=\"678\" height=\"406\" src=\"https:\/\/aconteceunovale.com.br\/portal\/wp-content\/uploads\/2020\/08\/dias_toffoli.jpg\" alt=\"\" data-id=\"167209\" data-full-url=\"https:\/\/aconteceunovale.com.br\/portal\/wp-content\/uploads\/2020\/08\/dias_toffoli.jpg\" data-link=\"https:\/\/aconteceunovale.com.br\/portal\/?attachment_id=167209\" class=\"wp-image-167209\" srcset=\"https:\/\/aconteceunovale.com.br\/portal\/wp-content\/uploads\/2020\/08\/dias_toffoli.jpg 678w, https:\/\/aconteceunovale.com.br\/portal\/wp-content\/uploads\/2020\/08\/dias_toffoli-300x180.jpg 300w\" sizes=\"auto, (max-width: 678px) 100vw, 678px\" \/><figcaption class=\"blocks-gallery-item__caption\"><em>Dias Toffoli &#8211; Foto: Marcelo Camargo\/Ag\u00eancia Brasil<\/em><\/figcaption><\/figure><\/li><\/ul><\/figure>\n\n\n\n<p class=\"has-background has-very-light-gray-background-color wp-block-paragraph\">Quer saber as not\u00edcias do <strong>Aconteceu no Vale<\/strong> em primeira m\u00e3o? Siga-nos no Facebook <a rel=\"noreferrer noopener\" href=\"http:\/\/facebook.com\/aconteceunovale\" target=\"_blank\">@aconteceunovale<\/a>, Twitter <a rel=\"noreferrer noopener\" href=\"https:\/\/twitter.com\/noticiadosvales\" target=\"_blank\">@noticiadosvales<\/a> e Instagram <a rel=\"noreferrer noopener\" href=\"https:\/\/www.instagram.com\/aconteceunovale\" target=\"_blank\">@aconteceunovale<\/a>.<\/p>\n","protected":false},"excerpt":{"rendered":"<p>O presidente do STF (Supremo Tribunal Federal), ministro Dias Toffoli, foi internado nesse domingo (9\/8\/2020) em um hospital particular de Bras\u00edlia com um quadro de pneumonite al\u00e9rgica. Segundo nota divulgada ontem pela assessoria de imprensa do STF, o ministro testou negativo para Covid-19 e despachar\u00e1 normalmente durante a interna\u00e7\u00e3o. Pneumonite A pneumonite por hipersensibilidade \u00e9 [&hellip;]<\/p>\n","protected":false},"author":1,"featured_media":167209,"comment_status":"open","ping_status":"closed","sticky":false,"template":"","format":"standard","meta":{"amp_status":"","footnotes":""},"categories":[6,40242],"tags":[4606,227263,227261,227260,227267,227266,227262,227265,227259,227264,227258,28511],"class_list":["post-167208","post","type-post","status-publish","format-standard","has-post-thumbnail","hentry","category-br","category-saude-2","tag-brasilia","tag-dias-toffoli-e-internado-com-quadro-de-pneumonite-alergica","tag-internacao-do-presidente-do-stf","tag-internacao-do-presidente-do-supremo","tag-pneumonite-alergica","tag-pneumonite-por-hipersensibilidade","tag-presidente-do-stf-e-internado","tag-presidente-do-stf-e-internado-com-quadro-de-pneumonite-alergica","tag-presidente-do-supremo-e-internado","tag-presidente-do-supremo-e-internado-com-quadro-de-pneumonite-alergica","tag-presidente-do-supremo-e-internado-em-brasilia","tag-stf"],"yoast_head":"<!-- This site is optimized with the Yoast SEO plugin v28.3 - https:\/\/yoast.com\/product\/yoast-seo-wordpress\/ -->\n<title>Presidente do Supremo \u00e9 internado em Bras\u00edlia - Aconteceu no Vale<\/title>\n<meta name=\"robots\" content=\"index, follow, max-snippet:-1, max-image-preview:large, max-video-preview:-1\" \/>\n<link rel=\"canonical\" href=\"https:\/\/aconteceunovale.com.br\/portal\/?p=167208\" \/>\n<meta property=\"og:locale\" content=\"pt_BR\" \/>\n<meta property=\"og:type\" content=\"article\" \/>\n<meta property=\"og:title\" content=\"Presidente do Supremo \u00e9 internado em Bras\u00edlia - Aconteceu no Vale\" \/>\n<meta property=\"og:description\" content=\"O presidente do STF (Supremo Tribunal Federal), ministro Dias Toffoli, foi internado nesse domingo (9\/8\/2020) em um hospital particular de Bras\u00edlia com um quadro de pneumonite al\u00e9rgica. Segundo nota divulgada ontem pela assessoria de imprensa do STF, o ministro testou negativo para Covid-19 e despachar\u00e1 normalmente durante a interna\u00e7\u00e3o. Pneumonite A pneumonite por hipersensibilidade \u00e9 [&hellip;]\" \/>\n<meta property=\"og:url\" content=\"https:\/\/aconteceunovale.com.br\/portal\/?p=167208\" \/>\n<meta property=\"og:site_name\" content=\"Aconteceu no Vale\" \/>\n<meta property=\"article:publisher\" content=\"https:\/\/www.facebook.com\/aconteceunovale\/\" \/>\n<meta property=\"article:published_time\" content=\"2020-08-10T12:48:39+00:00\" \/>\n<meta property=\"article:modified_time\" content=\"2020-08-10T12:49:42+00:00\" \/>\n<meta property=\"og:image\" content=\"https:\/\/aconteceunovale.com.br\/portal\/wp-content\/uploads\/2020\/08\/dias_toffoli.jpg\" \/>\n\t<meta property=\"og:image:width\" content=\"678\" \/>\n\t<meta property=\"og:image:height\" content=\"406\" \/>\n\t<meta property=\"og:image:type\" content=\"image\/jpeg\" \/>\n<meta name=\"author\" content=\"Aconteceu no Vale\" \/>\n<meta name=\"twitter:card\" content=\"summary_large_image\" \/>\n<meta name=\"twitter:creator\" content=\"@noticiadosvales\" \/>\n<meta name=\"twitter:site\" content=\"@noticiadosvales\" \/>\n<meta name=\"twitter:label1\" content=\"Escrito por\" \/>\n\t<meta name=\"twitter:data1\" content=\"Aconteceu no Vale\" \/>\n\t<meta name=\"twitter:label2\" content=\"Est. tempo de leitura\" \/>\n\t<meta name=\"twitter:data2\" content=\"1 minuto\" \/>\n<script type=\"application\/ld+json\" class=\"yoast-schema-graph\">{\"@context\":\"https:\\\/\\\/schema.org\",\"@graph\":[{\"@type\":\"Article\",\"@id\":\"https:\\\/\\\/aconteceunovale.com.br\\\/portal\\\/?p=167208#article\",\"isPartOf\":{\"@id\":\"https:\\\/\\\/aconteceunovale.com.br\\\/portal\\\/?p=167208\"},\"author\":{\"name\":\"Aconteceu no Vale\",\"@id\":\"https:\\\/\\\/aconteceunovale.com.br\\\/portal\\\/#\\\/schema\\\/person\\\/633529146f2c94272bef50ac2953d589\"},\"headline\":\"Presidente do Supremo \u00e9 internado em Bras\u00edlia\",\"datePublished\":\"2020-08-10T12:48:39+00:00\",\"dateModified\":\"2020-08-10T12:49:42+00:00\",\"mainEntityOfPage\":{\"@id\":\"https:\\\/\\\/aconteceunovale.com.br\\\/portal\\\/?p=167208\"},\"wordCount\":165,\"commentCount\":0,\"image\":{\"@id\":\"https:\\\/\\\/aconteceunovale.com.br\\\/portal\\\/?p=167208#primaryimage\"},\"thumbnailUrl\":\"https:\\\/\\\/aconteceunovale.com.br\\\/portal\\\/wp-content\\\/uploads\\\/2020\\\/08\\\/dias_toffoli.jpg\",\"keywords\":[\"Bras\u00edlia\",\"Dias Toffoli \u00e9 internado com quadro de pneumonite al\u00e9rgica\",\"Interna\u00e7\u00e3o do presidente do STF\",\"Interna\u00e7\u00e3o do Presidente do Supremo\",\"Pneumonite al\u00e9rgica\",\"Pneumonite por hipersensibilidade\",\"Presidente do STF \u00e9 internado\",\"Presidente do STF \u00e9 internado com quadro de pneumonite al\u00e9rgica\",\"Presidente do Supremo \u00e9 internado\",\"Presidente do Supremo \u00e9 internado com quadro de pneumonite al\u00e9rgica\",\"Presidente do Supremo \u00e9 internado em Bras\u00edlia\",\"STF\"],\"articleSection\":[\"Brasil\",\"Sa\u00fade\"],\"inLanguage\":\"pt-BR\",\"potentialAction\":[{\"@type\":\"CommentAction\",\"name\":\"Comment\",\"target\":[\"https:\\\/\\\/aconteceunovale.com.br\\\/portal\\\/?p=167208#respond\"]}]},{\"@type\":\"WebPage\",\"@id\":\"https:\\\/\\\/aconteceunovale.com.br\\\/portal\\\/?p=167208\",\"url\":\"https:\\\/\\\/aconteceunovale.com.br\\\/portal\\\/?p=167208\",\"name\":\"Presidente do Supremo \u00e9 internado em Bras\u00edlia - Aconteceu no Vale\",\"isPartOf\":{\"@id\":\"https:\\\/\\\/aconteceunovale.com.br\\\/portal\\\/#website\"},\"primaryImageOfPage\":{\"@id\":\"https:\\\/\\\/aconteceunovale.com.br\\\/portal\\\/?p=167208#primaryimage\"},\"image\":{\"@id\":\"https:\\\/\\\/aconteceunovale.com.br\\\/portal\\\/?p=167208#primaryimage\"},\"thumbnailUrl\":\"https:\\\/\\\/aconteceunovale.com.br\\\/portal\\\/wp-content\\\/uploads\\\/2020\\\/08\\\/dias_toffoli.jpg\",\"datePublished\":\"2020-08-10T12:48:39+00:00\",\"dateModified\":\"2020-08-10T12:49:42+00:00\",\"author\":{\"@id\":\"https:\\\/\\\/aconteceunovale.com.br\\\/portal\\\/#\\\/schema\\\/person\\\/633529146f2c94272bef50ac2953d589\"},\"breadcrumb\":{\"@id\":\"https:\\\/\\\/aconteceunovale.com.br\\\/portal\\\/?p=167208#breadcrumb\"},\"inLanguage\":\"pt-BR\",\"potentialAction\":[{\"@type\":\"ReadAction\",\"target\":[\"https:\\\/\\\/aconteceunovale.com.br\\\/portal\\\/?p=167208\"]}]},{\"@type\":\"ImageObject\",\"inLanguage\":\"pt-BR\",\"@id\":\"https:\\\/\\\/aconteceunovale.com.br\\\/portal\\\/?p=167208#primaryimage\",\"url\":\"https:\\\/\\\/aconteceunovale.com.br\\\/portal\\\/wp-content\\\/uploads\\\/2020\\\/08\\\/dias_toffoli.jpg\",\"contentUrl\":\"https:\\\/\\\/aconteceunovale.com.br\\\/portal\\\/wp-content\\\/uploads\\\/2020\\\/08\\\/dias_toffoli.jpg\",\"width\":678,\"height\":406,\"caption\":\"O presidente do Supremo Tribunal Federal, Dias Toffoli, durante reuni\u00e3o com o presidente da C\u00e2mara dos Deputados, Rodrigo Maia.\"},{\"@type\":\"BreadcrumbList\",\"@id\":\"https:\\\/\\\/aconteceunovale.com.br\\\/portal\\\/?p=167208#breadcrumb\",\"itemListElement\":[{\"@type\":\"ListItem\",\"position\":1,\"name\":\"In\u00edcio\",\"item\":\"https:\\\/\\\/aconteceunovale.com.br\\\/portal\\\/\"},{\"@type\":\"ListItem\",\"position\":2,\"name\":\"Presidente do Supremo \u00e9 internado em Bras\u00edlia\"}]},{\"@type\":\"WebSite\",\"@id\":\"https:\\\/\\\/aconteceunovale.com.br\\\/portal\\\/#website\",\"url\":\"https:\\\/\\\/aconteceunovale.com.br\\\/portal\\\/\",\"name\":\"Aconteceu no Vale\",\"description\":\"Portal de Not\u00edcias\",\"potentialAction\":[{\"@type\":\"SearchAction\",\"target\":{\"@type\":\"EntryPoint\",\"urlTemplate\":\"https:\\\/\\\/aconteceunovale.com.br\\\/portal\\\/?s={search_term_string}\"},\"query-input\":{\"@type\":\"PropertyValueSpecification\",\"valueRequired\":true,\"valueName\":\"search_term_string\"}}],\"inLanguage\":\"pt-BR\"},{\"@type\":\"Person\",\"@id\":\"https:\\\/\\\/aconteceunovale.com.br\\\/portal\\\/#\\\/schema\\\/person\\\/633529146f2c94272bef50ac2953d589\",\"name\":\"Aconteceu no Vale\",\"description\":\"Equipe de reportagem do Aconteceu no Vale, portal de not\u00edcias do Vale do Jequitinhonha, em Minas Gerais. Cobrimos as 51 cidades do Vale desde 2013. Sugest\u00f5es de pauta e pedidos de corre\u00e7\u00e3o: contato@aconteceunovale.com.br\",\"sameAs\":[\"http:\\\/\\\/www.aconteceunovale.com.br\"],\"url\":\"https:\\\/\\\/aconteceunovale.com.br\\\/portal\\\/?author=1\"}]}<\/script>\n<!-- \/ Yoast SEO plugin. -->","yoast_head_json":{"title":"Presidente do Supremo \u00e9 internado em Bras\u00edlia - Aconteceu no Vale","robots":{"index":"index","follow":"follow","max-snippet":"max-snippet:-1","max-image-preview":"max-image-preview:large","max-video-preview":"max-video-preview:-1"},"canonical":"https:\/\/aconteceunovale.com.br\/portal\/?p=167208","og_locale":"pt_BR","og_type":"article","og_title":"Presidente do Supremo \u00e9 internado em Bras\u00edlia - Aconteceu no Vale","og_description":"O presidente do STF (Supremo Tribunal Federal), ministro Dias Toffoli, foi internado nesse domingo (9\/8\/2020) em um hospital particular de Bras\u00edlia com um quadro de pneumonite al\u00e9rgica. Segundo nota divulgada ontem pela assessoria de imprensa do STF, o ministro testou negativo para Covid-19 e despachar\u00e1 normalmente durante a interna\u00e7\u00e3o. Pneumonite A pneumonite por hipersensibilidade \u00e9 [&hellip;]","og_url":"https:\/\/aconteceunovale.com.br\/portal\/?p=167208","og_site_name":"Aconteceu no Vale","article_publisher":"https:\/\/www.facebook.com\/aconteceunovale\/","article_published_time":"2020-08-10T12:48:39+00:00","article_modified_time":"2020-08-10T12:49:42+00:00","og_image":[{"width":678,"height":406,"url":"https:\/\/aconteceunovale.com.br\/portal\/wp-content\/uploads\/2020\/08\/dias_toffoli.jpg","type":"image\/jpeg"}],"author":"Aconteceu no Vale","twitter_card":"summary_large_image","twitter_creator":"@noticiadosvales","twitter_site":"@noticiadosvales","twitter_misc":{"Escrito por":"Aconteceu no Vale","Est. tempo de leitura":"1 minuto"},"schema":{"@context":"https:\/\/schema.org","@graph":[{"@type":"Article","@id":"https:\/\/aconteceunovale.com.br\/portal\/?p=167208#article","isPartOf":{"@id":"https:\/\/aconteceunovale.com.br\/portal\/?p=167208"},"author":{"name":"Aconteceu no Vale","@id":"https:\/\/aconteceunovale.com.br\/portal\/#\/schema\/person\/633529146f2c94272bef50ac2953d589"},"headline":"Presidente do Supremo \u00e9 internado em Bras\u00edlia","datePublished":"2020-08-10T12:48:39+00:00","dateModified":"2020-08-10T12:49:42+00:00","mainEntityOfPage":{"@id":"https:\/\/aconteceunovale.com.br\/portal\/?p=167208"},"wordCount":165,"commentCount":0,"image":{"@id":"https:\/\/aconteceunovale.com.br\/portal\/?p=167208#primaryimage"},"thumbnailUrl":"https:\/\/aconteceunovale.com.br\/portal\/wp-content\/uploads\/2020\/08\/dias_toffoli.jpg","keywords":["Bras\u00edlia","Dias Toffoli \u00e9 internado com quadro de pneumonite al\u00e9rgica","Interna\u00e7\u00e3o do presidente do STF","Interna\u00e7\u00e3o do Presidente do Supremo","Pneumonite al\u00e9rgica","Pneumonite por hipersensibilidade","Presidente do STF \u00e9 internado","Presidente do STF \u00e9 internado com quadro de pneumonite al\u00e9rgica","Presidente do Supremo \u00e9 internado","Presidente do Supremo \u00e9 internado com quadro de pneumonite al\u00e9rgica","Presidente do Supremo \u00e9 internado em Bras\u00edlia","STF"],"articleSection":["Brasil","Sa\u00fade"],"inLanguage":"pt-BR","potentialAction":[{"@type":"CommentAction","name":"Comment","target":["https:\/\/aconteceunovale.com.br\/portal\/?p=167208#respond"]}]},{"@type":"WebPage","@id":"https:\/\/aconteceunovale.com.br\/portal\/?p=167208","url":"https:\/\/aconteceunovale.com.br\/portal\/?p=167208","name":"Presidente do Supremo \u00e9 internado em Bras\u00edlia - Aconteceu no Vale","isPartOf":{"@id":"https:\/\/aconteceunovale.com.br\/portal\/#website"},"primaryImageOfPage":{"@id":"https:\/\/aconteceunovale.com.br\/portal\/?p=167208#primaryimage"},"image":{"@id":"https:\/\/aconteceunovale.com.br\/portal\/?p=167208#primaryimage"},"thumbnailUrl":"https:\/\/aconteceunovale.com.br\/portal\/wp-content\/uploads\/2020\/08\/dias_toffoli.jpg","datePublished":"2020-08-10T12:48:39+00:00","dateModified":"2020-08-10T12:49:42+00:00","author":{"@id":"https:\/\/aconteceunovale.com.br\/portal\/#\/schema\/person\/633529146f2c94272bef50ac2953d589"},"breadcrumb":{"@id":"https:\/\/aconteceunovale.com.br\/portal\/?p=167208#breadcrumb"},"inLanguage":"pt-BR","potentialAction":[{"@type":"ReadAction","target":["https:\/\/aconteceunovale.com.br\/portal\/?p=167208"]}]},{"@type":"ImageObject","inLanguage":"pt-BR","@id":"https:\/\/aconteceunovale.com.br\/portal\/?p=167208#primaryimage","url":"https:\/\/aconteceunovale.com.br\/portal\/wp-content\/uploads\/2020\/08\/dias_toffoli.jpg","contentUrl":"https:\/\/aconteceunovale.com.br\/portal\/wp-content\/uploads\/2020\/08\/dias_toffoli.jpg","width":678,"height":406,"caption":"O presidente do Supremo Tribunal Federal, Dias Toffoli, durante reuni\u00e3o com o presidente da C\u00e2mara dos Deputados, Rodrigo Maia."},{"@type":"BreadcrumbList","@id":"https:\/\/aconteceunovale.com.br\/portal\/?p=167208#breadcrumb","itemListElement":[{"@type":"ListItem","position":1,"name":"In\u00edcio","item":"https:\/\/aconteceunovale.com.br\/portal\/"},{"@type":"ListItem","position":2,"name":"Presidente do Supremo \u00e9 internado em Bras\u00edlia"}]},{"@type":"WebSite","@id":"https:\/\/aconteceunovale.com.br\/portal\/#website","url":"https:\/\/aconteceunovale.com.br\/portal\/","name":"Aconteceu no Vale","description":"Portal de Not\u00edcias","potentialAction":[{"@type":"SearchAction","target":{"@type":"EntryPoint","urlTemplate":"https:\/\/aconteceunovale.com.br\/portal\/?s={search_term_string}"},"query-input":{"@type":"PropertyValueSpecification","valueRequired":true,"valueName":"search_term_string"}}],"inLanguage":"pt-BR"},{"@type":"Person","@id":"https:\/\/aconteceunovale.com.br\/portal\/#\/schema\/person\/633529146f2c94272bef50ac2953d589","name":"Aconteceu no Vale","description":"Equipe de reportagem do Aconteceu no Vale, portal de not\u00edcias do Vale do Jequitinhonha, em Minas Gerais. Cobrimos as 51 cidades do Vale desde 2013. Sugest\u00f5es de pauta e pedidos de corre\u00e7\u00e3o: contato@aconteceunovale.com.br","sameAs":["http:\/\/www.aconteceunovale.com.br"],"url":"https:\/\/aconteceunovale.com.br\/portal\/?author=1"}]}},"_links":{"self":[{"href":"https:\/\/aconteceunovale.com.br\/portal\/index.php?rest_route=\/wp\/v2\/posts\/167208","targetHints":{"allow":["GET"]}}],"collection":[{"href":"https:\/\/aconteceunovale.com.br\/portal\/index.php?rest_route=\/wp\/v2\/posts"}],"about":[{"href":"https:\/\/aconteceunovale.com.br\/portal\/index.php?rest_route=\/wp\/v2\/types\/post"}],"author":[{"embeddable":true,"href":"https:\/\/aconteceunovale.com.br\/portal\/index.php?rest_route=\/wp\/v2\/users\/1"}],"replies":[{"embeddable":true,"href":"https:\/\/aconteceunovale.com.br\/portal\/index.php?rest_route=%2Fwp%2Fv2%2Fcomments&post=167208"}],"version-history":[{"count":1,"href":"https:\/\/aconteceunovale.com.br\/portal\/index.php?rest_route=\/wp\/v2\/posts\/167208\/revisions"}],"predecessor-version":[{"id":167210,"href":"https:\/\/aconteceunovale.com.br\/portal\/index.php?rest_route=\/wp\/v2\/posts\/167208\/revisions\/167210"}],"wp:featuredmedia":[{"embeddable":true,"href":"https:\/\/aconteceunovale.com.br\/portal\/index.php?rest_route=\/wp\/v2\/media\/167209"}],"wp:attachment":[{"href":"https:\/\/aconteceunovale.com.br\/portal\/index.php?rest_route=%2Fwp%2Fv2%2Fmedia&parent=167208"}],"wp:term":[{"taxonomy":"category","embeddable":true,"href":"https:\/\/aconteceunovale.com.br\/portal\/index.php?rest_route=%2Fwp%2Fv2%2Fcategories&post=167208"},{"taxonomy":"post_tag","embeddable":true,"href":"https:\/\/aconteceunovale.com.br\/portal\/index.php?rest_route=%2Fwp%2Fv2%2Ftags&post=167208"}],"curies":[{"name":"wp","href":"https:\/\/api.w.org\/{rel}","templated":true}]}}