{"id":167199,"date":"2020-08-09T18:43:38","date_gmt":"2020-08-09T21:43:38","guid":{"rendered":"https:\/\/aconteceunovale.com.br\/portal\/?p=167199"},"modified":"2020-08-09T21:00:17","modified_gmt":"2020-08-10T00:00:17","slug":"atletico-mg-vence-o-flamengo-na-estreia-do-brasileirao-2020","status":"publish","type":"post","link":"https:\/\/aconteceunovale.com.br\/portal\/?p=167199","title":{"rendered":"Atl\u00e9tico-MG vence o Flamengo na estreia do Brasileir\u00e3o 2020"},"content":{"rendered":"\n<p class=\"wp-block-paragraph\">O Brasileir\u00e3o 2020 come\u00e7ou com festa para a torcida do Atl\u00e9tico Mineiro. O Galo mostrou for\u00e7a no teste de fogo que teve logo na rodada de abertura da competi\u00e7\u00e3o e venceu o Flamengo por 1 a 0, neste domingo (9\/8), no Maracan\u00e3.<\/p>\n\n\n\n<p class=\"wp-block-paragraph\">Os comandados pelo argentino Jorge Sampaoli tentaram tomar conta da partida desde o in\u00edcio, mas o Flamengo desperdi\u00e7ou uma excelente oportunidade aos 7 minutos. Bruno Henrique passou pelo goleiro Rafael e acertou a trave. Depois o jogo seguiu equilibrado at\u00e9 os 23 minutos, quando o lateral-esquerdo Guilherme Arana foi ao fundo e cruzou. Filipe Lu\u00eds, na pequena \u00e1rea, tentou afastar, mas marcou contra. Atl\u00e9tico 1 a 0.<\/p>\n\n\n\n<p class=\"wp-block-paragraph\">Depois, aos 31, o centroavante Gabriel Barbosa teve uma boa chance, chutando colocado. Aos 37, foi a vez do Galo amea\u00e7ar. Em contra-ataque, o atacante Savarino chuta em cima do goleiro Diego Alves. Aos 39 e aos 45 minutos, o Flamengo poderia ter marcado. Mas Bruno Henrique e Gabriel Barbosa perderam a chance.<\/p>\n\n\n\n<p class=\"wp-block-paragraph\">No segundo tempo, o t\u00e9cnico Jorge Sampaoli manteve a equipe for\u00e7ando a marca\u00e7\u00e3o na sa\u00edda de bola do advers\u00e1rio e n\u00e3o foi t\u00e3o amea\u00e7ada. A maior chance dos donos da casa foi logo aos 4 minutos. Gabigol, lan\u00e7ado na frente, finalizou para fora. O auxiliar chegou a marcar impedimento e os flamenguistas reclamaram a marca\u00e7\u00e3o de um p\u00eanalti. Ao analisar o VAR, o \u00e1rbitro Raphael Claus descartou o impedimento, mas tamb\u00e9m n\u00e3o marcou a penalidade m\u00e1xima. Na sequ\u00eancia, o Atl\u00e9tico Mineiro bloqueou bem o Flamengo e manteve o placar em 1 a 0.<\/p>\n\n\n\n<p class=\"wp-block-paragraph\">Na segunda rodada, o Atl\u00e9tico recebe o Corinthians, na quarta-feira (12\/8), \u00e0s 19h15. O Flamengo visita o Atl\u00e9tico Goianiense, na mesma data, \u00e0s 20h30.&nbsp;<\/p>\n\n\n\n<figure class=\"wp-block-gallery columns-1 is-cropped wp-block-gallery-1 is-layout-flex wp-block-gallery-is-layout-flex\"><ul class=\"blocks-gallery-grid\"><li class=\"blocks-gallery-item\"><figure><img loading=\"lazy\" decoding=\"async\" width=\"678\" height=\"450\" src=\"https:\/\/aconteceunovale.com.br\/portal\/wp-content\/uploads\/2020\/08\/galo_flamengo_1.jpg\" alt=\"\" data-id=\"167200\" data-full-url=\"https:\/\/aconteceunovale.com.br\/portal\/wp-content\/uploads\/2020\/08\/galo_flamengo_1.jpg\" data-link=\"https:\/\/aconteceunovale.com.br\/portal\/?attachment_id=167200\" class=\"wp-image-167200\" srcset=\"https:\/\/aconteceunovale.com.br\/portal\/wp-content\/uploads\/2020\/08\/galo_flamengo_1.jpg 678w, https:\/\/aconteceunovale.com.br\/portal\/wp-content\/uploads\/2020\/08\/galo_flamengo_1-300x199.jpg 300w, https:\/\/aconteceunovale.com.br\/portal\/wp-content\/uploads\/2020\/08\/galo_flamengo_1-633x420.jpg 633w\" sizes=\"auto, (max-width: 678px) 100vw, 678px\" \/><figcaption class=\"blocks-gallery-item__caption\"><em>Foto: Divulga\u00e7\u00e3o \/ Atl\u00e9tico-MG<\/em><\/figcaption><\/figure><\/li><\/ul><\/figure>\n\n\n\n<h2 class=\"wp-block-heading\"><strong>Guilherme Arana destaca import\u00e2ncia da vit\u00f3ria<\/strong><\/h2>\n\n\n\n<p class=\"wp-block-paragraph\">Um dos destaques do Atl\u00e9tico, Guilherme Arana destacou a import\u00e2ncia do resultado positivo no Rio de Janeiro, mas disse que \u00e9 necess\u00e1rio manter os p\u00e9s no ch\u00e3o porque ainda \u00e9 preciso evoluir muito para alcan\u00e7ar objetivos maiores.<\/p>\n\n\n\n<p class=\"wp-block-paragraph\">&#8220;O grupo est\u00e1 de parab\u00e9ns. N\u00e3o \u00e9 porque ganhamos do Flamengo que somos os melhores e tamb\u00e9m n\u00e3o somos os piores. A gente vem trabalhando quietinho. Nas minhas entrevistas, sempre digo que o professor passa a ideia que ele quer e a gente precisava se aperfei\u00e7oar o mais r\u00e1pido. Ent\u00e3o, a gente ainda est\u00e1 em busca, temos muito para crescer, mas esse passo foi muito grande, vencer o Flamengo aqui no Rio nos d\u00e1 uma moral&#8221;, disse o lateral-esquerdo.<\/p>\n\n\n\n<p class=\"wp-block-paragraph\">Questionado se a vit\u00f3ria no Maracan\u00e3 era um resultado que mostrava que o Galo estar\u00e1 na briga pelo t\u00edtulo, Arana afirmou que ainda \u00e9 prematuro dizer qualquer coisa sobre isso.<\/p>\n\n\n\n<p class=\"wp-block-paragraph\">&#8220;Ainda \u00e9 muito cedo para falar, a gente tem que trabalhar e rever alguns erros que cometemos hoje, mas estamos no caminho certo, trabalhando. Infelizmente, o come\u00e7o de 2020 n\u00e3o foi dos melhores, mas estamos voltados totalmente para o Brasileiro e trabalhando todos os dias para chegar na melhor forma e fazer um excelente campeonato&#8221;, comentou Arana, que foi eleito o melhor jogador em campo pela CBF.<\/p>\n\n\n\n<figure class=\"wp-block-gallery columns-1 is-cropped wp-block-gallery-2 is-layout-flex wp-block-gallery-is-layout-flex\"><ul class=\"blocks-gallery-grid\"><li class=\"blocks-gallery-item\"><figure><img loading=\"lazy\" decoding=\"async\" width=\"678\" height=\"393\" src=\"https:\/\/aconteceunovale.com.br\/portal\/wp-content\/uploads\/2020\/08\/galo_flamengo_3.png\" alt=\"\" data-id=\"167206\" data-full-url=\"https:\/\/aconteceunovale.com.br\/portal\/wp-content\/uploads\/2020\/08\/galo_flamengo_3.png\" data-link=\"https:\/\/aconteceunovale.com.br\/portal\/?attachment_id=167206\" class=\"wp-image-167206\" srcset=\"https:\/\/aconteceunovale.com.br\/portal\/wp-content\/uploads\/2020\/08\/galo_flamengo_3.png 678w, https:\/\/aconteceunovale.com.br\/portal\/wp-content\/uploads\/2020\/08\/galo_flamengo_3-300x174.png 300w\" sizes=\"auto, (max-width: 678px) 100vw, 678px\" \/><figcaption class=\"blocks-gallery-item__caption\"><em>Foto: Divulga\u00e7\u00e3o \/ Atl\u00e9tico-MG<\/em><\/figcaption><\/figure><\/li><\/ul><\/figure>\n\n\n\n<h2 class=\"wp-block-heading\"><strong>Sampaoli comemora estreia vitoriosa do Atl\u00e9tico<\/strong><\/h2>\n\n\n\n<p class=\"wp-block-paragraph\">A estreia vitoriosa do Galo na competi\u00e7\u00e3o nacional foi comemorada pelo t\u00e9cnico Jorge Sampaoli, que ressaltou a import\u00e2ncia do resultado.<\/p>\n\n\n\n<p class=\"wp-block-paragraph\">\u201cCome\u00e7ar bem o torneio \u00e9 muito importante para um time jovem como o nosso. Come\u00e7ar desta forma, jogando uma partida dif\u00edcil, contra uma grande equipe que n\u00f3s&nbsp;surpreendemos e pudemos ganhar aqui, com muitas varia\u00e7\u00f5es no desenvolvimento de jogo.&nbsp;A import\u00e2ncia \u00e9 saber que ganhamos tr\u00eas pontos como visitante. Daqui dois dias, jogaremos em casa contra o Corinthians e temos que melhorar algumas coisas&#8221;, disse o treinador atleticano.<\/p>\n\n\n\n<p class=\"wp-block-paragraph\">Sampaoli reiterou a relev\u00e2ncia do grande resultado conquistado pelo Atl\u00e9tico no Rio de Janeiro e tamb\u00e9m afirmou que o Galo precisa definir os jogos quando tiver a oportunidade para tal.<\/p>\n\n\n\n<p class=\"wp-block-paragraph\">\u201cPara n\u00f3s, \u00e9 muito importante. Tive a sorte de terminar o Brasileir\u00e3o anterior vencendo o Flamengo com o Santos e come\u00e7ar de novo ganhando essa partida, mas s\u00e3o coisas do futebol. Seguramente, o Flamengo \u00e9 uma equipe que vai brigar n\u00e3o s\u00f3 pelo Brasileiro, mas pela Libertadores. Tem um elenco incr\u00edvel, um treinador que chegou agora, \u00e9 muito estudioso e claro no que quer. Seguramente, n\u00e3o s\u00e3o jogos isolados que v\u00e3o modificar o que um clube pretende. No nosso caso, temos que seguir evoluindo com esse time jovem. Entendendo que, em cada partida, temos que definir o jogo. Quando n\u00e3o definimos o jogo, temos alguns inconvenientes, como tivemos hoje em alguns momentos do jogo&#8221;, acrescentou Sampaoli.<\/p>\n\n\n\n<p class=\"wp-block-paragraph\">O comandante da equipe alvinegra ainda falou da estrat\u00e9gia para segurar o \u00edmpeto do advers\u00e1rio quando v\u00e1rios atacantes foram colocados em campo pelo t\u00e9cnico&nbsp;Dom\u00e8nec&nbsp;Torrent.<\/p>\n\n\n\n<p class=\"wp-block-paragraph\">&#8220;Mais que tudo, com as varia\u00e7\u00f5es que fez o treinador do Flamengo, pude realizar modifica\u00e7\u00f5es estruturais que permitem que a equipe se adapte ao que poderia acontecer. Naquele momento, havia muitos atacantes em campo e eu tinha que tentar que a bola n\u00e3o chegasse a eles. Em outro momento, quando chegava a bola, ver como poderia defender. Um desenvolvimento de generosidade do grupo, que enalteceu a vit\u00f3ria contra um rival de muita import\u00e2ncia&#8221;, concluiu.<\/p>\n\n\n\n<p class=\"has-background has-very-light-gray-background-color wp-block-paragraph\">Quer saber as not\u00edcias do <strong>Aconteceu no Vale<\/strong> em primeira m\u00e3o? Siga-nos no Facebook <a rel=\"noreferrer noopener\" href=\"http:\/\/facebook.com\/aconteceunovale\" target=\"_blank\">@aconteceunovale<\/a>, Twitter <a rel=\"noreferrer noopener\" href=\"https:\/\/twitter.com\/noticiadosvales\" target=\"_blank\">@noticiadosvales<\/a> e Instagram <a rel=\"noreferrer noopener\" href=\"https:\/\/www.instagram.com\/aconteceunovale\" target=\"_blank\">@aconteceunovale<\/a>.<\/p>\n","protected":false},"excerpt":{"rendered":"<p>O Brasileir\u00e3o 2020 come\u00e7ou com festa para a torcida do Atl\u00e9tico Mineiro. O Galo mostrou for\u00e7a no teste de fogo que teve logo na rodada de abertura da competi\u00e7\u00e3o e venceu o Flamengo por 1 a 0, neste domingo (9\/8), no Maracan\u00e3. Os comandados pelo argentino Jorge Sampaoli tentaram tomar conta da partida desde o [&hellip;]<\/p>\n","protected":false},"author":1,"featured_media":167200,"comment_status":"open","ping_status":"closed","sticky":false,"template":"","format":"standard","meta":{"amp_status":"","footnotes":""},"categories":[6,59,123],"tags":[227002,2741,227253,227255,227250,40575,227257,227251,227254,227248,13044,227007,13043,227008,227006,14190,227256,12312,227252,23542,227249,227003,227005,227004,25960],"class_list":["post-167199","post","type-post","status-publish","format-standard","has-post-thumbnail","hentry","category-br","category-esportes","category-gerais","tag-arana-projeta-boa-estreia-do-galo-contra-o-flamengo-no-brasileirao","tag-atletico-mineiro","tag-atletico-mineiro-derrota-o-flamengo","tag-atletico-mineiro-ganha-do-flamengo","tag-atletico-mineiro-vence-o-flamengo","tag-atletico-mg","tag-atletico-mg-1-x-0-flamengo","tag-atletico-mg-derrota-o-flamengo","tag-atletico-mg-ganha-do-flamengo","tag-atletico-mg-vence-o-flamengo","tag-brasileirao","tag-brasileirao-2020","tag-campeonato-brasileiro","tag-campeonato-brasileiro-2020","tag-estreia-do-atletico-no-brasileirao","tag-flamengo","tag-flamengo-0-x-1-atletico-mg","tag-galo","tag-galo-derrota-o-flamengo","tag-galo-ganha-do-flamengo","tag-galo-vence-o-flamengo","tag-guilherme-arana","tag-guilherme-arana-atletico-mg","tag-guilherme-arana-galo","tag-serie-a"],"yoast_head":"<!-- This site is optimized with the Yoast SEO plugin v28.3 - https:\/\/yoast.com\/product\/yoast-seo-wordpress\/ -->\n<title>Atl\u00e9tico-MG vence o Flamengo na estreia do Brasileir\u00e3o 2020 - Aconteceu no Vale<\/title>\n<meta name=\"robots\" content=\"index, follow, max-snippet:-1, max-image-preview:large, max-video-preview:-1\" \/>\n<link rel=\"canonical\" href=\"https:\/\/aconteceunovale.com.br\/portal\/?p=167199\" \/>\n<meta property=\"og:locale\" content=\"pt_BR\" \/>\n<meta property=\"og:type\" content=\"article\" \/>\n<meta property=\"og:title\" content=\"Atl\u00e9tico-MG vence o Flamengo na estreia do Brasileir\u00e3o 2020 - Aconteceu no Vale\" \/>\n<meta property=\"og:description\" content=\"O Brasileir\u00e3o 2020 come\u00e7ou com festa para a torcida do Atl\u00e9tico Mineiro. O Galo mostrou for\u00e7a no teste de fogo que teve logo na rodada de abertura da competi\u00e7\u00e3o e venceu o Flamengo por 1 a 0, neste domingo (9\/8), no Maracan\u00e3. Os comandados pelo argentino Jorge Sampaoli tentaram tomar conta da partida desde o [&hellip;]\" \/>\n<meta property=\"og:url\" content=\"https:\/\/aconteceunovale.com.br\/portal\/?p=167199\" \/>\n<meta property=\"og:site_name\" content=\"Aconteceu no Vale\" \/>\n<meta property=\"article:publisher\" content=\"https:\/\/www.facebook.com\/aconteceunovale\/\" \/>\n<meta property=\"article:published_time\" content=\"2020-08-09T21:43:38+00:00\" \/>\n<meta property=\"article:modified_time\" content=\"2020-08-10T00:00:17+00:00\" \/>\n<meta property=\"og:image\" content=\"https:\/\/aconteceunovale.com.br\/portal\/wp-content\/uploads\/2020\/08\/galo_flamengo_1.jpg\" \/>\n\t<meta property=\"og:image:width\" content=\"678\" \/>\n\t<meta property=\"og:image:height\" content=\"450\" \/>\n\t<meta property=\"og:image:type\" content=\"image\/jpeg\" \/>\n<meta name=\"author\" content=\"Aconteceu no Vale\" \/>\n<meta name=\"twitter:card\" content=\"summary_large_image\" \/>\n<meta name=\"twitter:creator\" content=\"@noticiadosvales\" \/>\n<meta name=\"twitter:site\" content=\"@noticiadosvales\" \/>\n<meta name=\"twitter:label1\" content=\"Escrito por\" \/>\n\t<meta name=\"twitter:data1\" content=\"Aconteceu no Vale\" \/>\n\t<meta name=\"twitter:label2\" content=\"Est. tempo de leitura\" \/>\n\t<meta name=\"twitter:data2\" content=\"5 minutos\" \/>\n<script type=\"application\/ld+json\" class=\"yoast-schema-graph\">{\"@context\":\"https:\\\/\\\/schema.org\",\"@graph\":[{\"@type\":\"Article\",\"@id\":\"https:\\\/\\\/aconteceunovale.com.br\\\/portal\\\/?p=167199#article\",\"isPartOf\":{\"@id\":\"https:\\\/\\\/aconteceunovale.com.br\\\/portal\\\/?p=167199\"},\"author\":{\"name\":\"Aconteceu no Vale\",\"@id\":\"https:\\\/\\\/aconteceunovale.com.br\\\/portal\\\/#\\\/schema\\\/person\\\/633529146f2c94272bef50ac2953d589\"},\"headline\":\"Atl\u00e9tico-MG vence o Flamengo na estreia do Brasileir\u00e3o 2020\",\"datePublished\":\"2020-08-09T21:43:38+00:00\",\"dateModified\":\"2020-08-10T00:00:17+00:00\",\"mainEntityOfPage\":{\"@id\":\"https:\\\/\\\/aconteceunovale.com.br\\\/portal\\\/?p=167199\"},\"wordCount\":939,\"commentCount\":0,\"image\":{\"@id\":\"https:\\\/\\\/aconteceunovale.com.br\\\/portal\\\/?p=167199#primaryimage\"},\"thumbnailUrl\":\"https:\\\/\\\/aconteceunovale.com.br\\\/portal\\\/wp-content\\\/uploads\\\/2020\\\/08\\\/galo_flamengo_1.jpg\",\"keywords\":[\"Arana projeta boa estreia do Galo contra o Flamengo no Brasileir\u00e3o\",\"Atl\u00e9tico Mineiro\",\"Atl\u00e9tico Mineiro derrota o Flamengo\",\"Atl\u00e9tico Mineiro ganha do Flamengo\",\"Atl\u00e9tico Mineiro vence o Flamengo\",\"Atl\u00e9tico-MG\",\"Atl\u00e9tico-MG 1 x 0 Flamengo\",\"Atl\u00e9tico-MG derrota o Flamengo\",\"Atl\u00e9tico-MG ganha do Flamengo\",\"Atl\u00e9tico-MG vence o Flamengo\",\"brasileir\u00e3o\",\"Brasileir\u00e3o 2020\",\"campeonato brasileiro\",\"Campeonato Brasileiro 2020\",\"Estreia do Atl\u00e9tico no Brasileir\u00e3o\",\"Flamengo\",\"Flamengo 0 x 1 Atl\u00e9tico-MG\",\"galo\",\"Galo derrota o Flamengo\",\"galo ganha do flamengo\",\"Galo vence o Flamengo\",\"Guilherme Arana\",\"Guilherme Arana Atl\u00e9tico-MG\",\"Guilherme Arana Galo\",\"S\u00e9rie A\"],\"articleSection\":[\"Brasil\",\"Esportes\",\"Minas Gerais\"],\"inLanguage\":\"pt-BR\",\"potentialAction\":[{\"@type\":\"CommentAction\",\"name\":\"Comment\",\"target\":[\"https:\\\/\\\/aconteceunovale.com.br\\\/portal\\\/?p=167199#respond\"]}]},{\"@type\":\"WebPage\",\"@id\":\"https:\\\/\\\/aconteceunovale.com.br\\\/portal\\\/?p=167199\",\"url\":\"https:\\\/\\\/aconteceunovale.com.br\\\/portal\\\/?p=167199\",\"name\":\"Atl\u00e9tico-MG vence o Flamengo na estreia do Brasileir\u00e3o 2020 - Aconteceu no Vale\",\"isPartOf\":{\"@id\":\"https:\\\/\\\/aconteceunovale.com.br\\\/portal\\\/#website\"},\"primaryImageOfPage\":{\"@id\":\"https:\\\/\\\/aconteceunovale.com.br\\\/portal\\\/?p=167199#primaryimage\"},\"image\":{\"@id\":\"https:\\\/\\\/aconteceunovale.com.br\\\/portal\\\/?p=167199#primaryimage\"},\"thumbnailUrl\":\"https:\\\/\\\/aconteceunovale.com.br\\\/portal\\\/wp-content\\\/uploads\\\/2020\\\/08\\\/galo_flamengo_1.jpg\",\"datePublished\":\"2020-08-09T21:43:38+00:00\",\"dateModified\":\"2020-08-10T00:00:17+00:00\",\"author\":{\"@id\":\"https:\\\/\\\/aconteceunovale.com.br\\\/portal\\\/#\\\/schema\\\/person\\\/633529146f2c94272bef50ac2953d589\"},\"breadcrumb\":{\"@id\":\"https:\\\/\\\/aconteceunovale.com.br\\\/portal\\\/?p=167199#breadcrumb\"},\"inLanguage\":\"pt-BR\",\"potentialAction\":[{\"@type\":\"ReadAction\",\"target\":[\"https:\\\/\\\/aconteceunovale.com.br\\\/portal\\\/?p=167199\"]}]},{\"@type\":\"ImageObject\",\"inLanguage\":\"pt-BR\",\"@id\":\"https:\\\/\\\/aconteceunovale.com.br\\\/portal\\\/?p=167199#primaryimage\",\"url\":\"https:\\\/\\\/aconteceunovale.com.br\\\/portal\\\/wp-content\\\/uploads\\\/2020\\\/08\\\/galo_flamengo_1.jpg\",\"contentUrl\":\"https:\\\/\\\/aconteceunovale.com.br\\\/portal\\\/wp-content\\\/uploads\\\/2020\\\/08\\\/galo_flamengo_1.jpg\",\"width\":678,\"height\":450},{\"@type\":\"BreadcrumbList\",\"@id\":\"https:\\\/\\\/aconteceunovale.com.br\\\/portal\\\/?p=167199#breadcrumb\",\"itemListElement\":[{\"@type\":\"ListItem\",\"position\":1,\"name\":\"In\u00edcio\",\"item\":\"https:\\\/\\\/aconteceunovale.com.br\\\/portal\\\/\"},{\"@type\":\"ListItem\",\"position\":2,\"name\":\"Atl\u00e9tico-MG vence o Flamengo na estreia do Brasileir\u00e3o 2020\"}]},{\"@type\":\"WebSite\",\"@id\":\"https:\\\/\\\/aconteceunovale.com.br\\\/portal\\\/#website\",\"url\":\"https:\\\/\\\/aconteceunovale.com.br\\\/portal\\\/\",\"name\":\"Aconteceu no Vale\",\"description\":\"Portal de Not\u00edcias\",\"potentialAction\":[{\"@type\":\"SearchAction\",\"target\":{\"@type\":\"EntryPoint\",\"urlTemplate\":\"https:\\\/\\\/aconteceunovale.com.br\\\/portal\\\/?s={search_term_string}\"},\"query-input\":{\"@type\":\"PropertyValueSpecification\",\"valueRequired\":true,\"valueName\":\"search_term_string\"}}],\"inLanguage\":\"pt-BR\"},{\"@type\":\"Person\",\"@id\":\"https:\\\/\\\/aconteceunovale.com.br\\\/portal\\\/#\\\/schema\\\/person\\\/633529146f2c94272bef50ac2953d589\",\"name\":\"Aconteceu no Vale\",\"description\":\"Equipe de reportagem do Aconteceu no Vale, portal de not\u00edcias do Vale do Jequitinhonha, em Minas Gerais. Cobrimos as 51 cidades do Vale desde 2013. Sugest\u00f5es de pauta e pedidos de corre\u00e7\u00e3o: contato@aconteceunovale.com.br\",\"sameAs\":[\"http:\\\/\\\/www.aconteceunovale.com.br\"],\"url\":\"https:\\\/\\\/aconteceunovale.com.br\\\/portal\\\/?author=1\"}]}<\/script>\n<!-- \/ Yoast SEO plugin. -->","yoast_head_json":{"title":"Atl\u00e9tico-MG vence o Flamengo na estreia do Brasileir\u00e3o 2020 - Aconteceu no Vale","robots":{"index":"index","follow":"follow","max-snippet":"max-snippet:-1","max-image-preview":"max-image-preview:large","max-video-preview":"max-video-preview:-1"},"canonical":"https:\/\/aconteceunovale.com.br\/portal\/?p=167199","og_locale":"pt_BR","og_type":"article","og_title":"Atl\u00e9tico-MG vence o Flamengo na estreia do Brasileir\u00e3o 2020 - Aconteceu no Vale","og_description":"O Brasileir\u00e3o 2020 come\u00e7ou com festa para a torcida do Atl\u00e9tico Mineiro. O Galo mostrou for\u00e7a no teste de fogo que teve logo na rodada de abertura da competi\u00e7\u00e3o e venceu o Flamengo por 1 a 0, neste domingo (9\/8), no Maracan\u00e3. Os comandados pelo argentino Jorge Sampaoli tentaram tomar conta da partida desde o [&hellip;]","og_url":"https:\/\/aconteceunovale.com.br\/portal\/?p=167199","og_site_name":"Aconteceu no Vale","article_publisher":"https:\/\/www.facebook.com\/aconteceunovale\/","article_published_time":"2020-08-09T21:43:38+00:00","article_modified_time":"2020-08-10T00:00:17+00:00","og_image":[{"width":678,"height":450,"url":"https:\/\/aconteceunovale.com.br\/portal\/wp-content\/uploads\/2020\/08\/galo_flamengo_1.jpg","type":"image\/jpeg"}],"author":"Aconteceu no Vale","twitter_card":"summary_large_image","twitter_creator":"@noticiadosvales","twitter_site":"@noticiadosvales","twitter_misc":{"Escrito por":"Aconteceu no Vale","Est. tempo de leitura":"5 minutos"},"schema":{"@context":"https:\/\/schema.org","@graph":[{"@type":"Article","@id":"https:\/\/aconteceunovale.com.br\/portal\/?p=167199#article","isPartOf":{"@id":"https:\/\/aconteceunovale.com.br\/portal\/?p=167199"},"author":{"name":"Aconteceu no Vale","@id":"https:\/\/aconteceunovale.com.br\/portal\/#\/schema\/person\/633529146f2c94272bef50ac2953d589"},"headline":"Atl\u00e9tico-MG vence o Flamengo na estreia do Brasileir\u00e3o 2020","datePublished":"2020-08-09T21:43:38+00:00","dateModified":"2020-08-10T00:00:17+00:00","mainEntityOfPage":{"@id":"https:\/\/aconteceunovale.com.br\/portal\/?p=167199"},"wordCount":939,"commentCount":0,"image":{"@id":"https:\/\/aconteceunovale.com.br\/portal\/?p=167199#primaryimage"},"thumbnailUrl":"https:\/\/aconteceunovale.com.br\/portal\/wp-content\/uploads\/2020\/08\/galo_flamengo_1.jpg","keywords":["Arana projeta boa estreia do Galo contra o Flamengo no Brasileir\u00e3o","Atl\u00e9tico Mineiro","Atl\u00e9tico Mineiro derrota o Flamengo","Atl\u00e9tico Mineiro ganha do Flamengo","Atl\u00e9tico Mineiro vence o Flamengo","Atl\u00e9tico-MG","Atl\u00e9tico-MG 1 x 0 Flamengo","Atl\u00e9tico-MG derrota o Flamengo","Atl\u00e9tico-MG ganha do Flamengo","Atl\u00e9tico-MG vence o Flamengo","brasileir\u00e3o","Brasileir\u00e3o 2020","campeonato brasileiro","Campeonato Brasileiro 2020","Estreia do Atl\u00e9tico no Brasileir\u00e3o","Flamengo","Flamengo 0 x 1 Atl\u00e9tico-MG","galo","Galo derrota o Flamengo","galo ganha do flamengo","Galo vence o Flamengo","Guilherme Arana","Guilherme Arana Atl\u00e9tico-MG","Guilherme Arana Galo","S\u00e9rie A"],"articleSection":["Brasil","Esportes","Minas Gerais"],"inLanguage":"pt-BR","potentialAction":[{"@type":"CommentAction","name":"Comment","target":["https:\/\/aconteceunovale.com.br\/portal\/?p=167199#respond"]}]},{"@type":"WebPage","@id":"https:\/\/aconteceunovale.com.br\/portal\/?p=167199","url":"https:\/\/aconteceunovale.com.br\/portal\/?p=167199","name":"Atl\u00e9tico-MG vence o Flamengo na estreia do Brasileir\u00e3o 2020 - Aconteceu no Vale","isPartOf":{"@id":"https:\/\/aconteceunovale.com.br\/portal\/#website"},"primaryImageOfPage":{"@id":"https:\/\/aconteceunovale.com.br\/portal\/?p=167199#primaryimage"},"image":{"@id":"https:\/\/aconteceunovale.com.br\/portal\/?p=167199#primaryimage"},"thumbnailUrl":"https:\/\/aconteceunovale.com.br\/portal\/wp-content\/uploads\/2020\/08\/galo_flamengo_1.jpg","datePublished":"2020-08-09T21:43:38+00:00","dateModified":"2020-08-10T00:00:17+00:00","author":{"@id":"https:\/\/aconteceunovale.com.br\/portal\/#\/schema\/person\/633529146f2c94272bef50ac2953d589"},"breadcrumb":{"@id":"https:\/\/aconteceunovale.com.br\/portal\/?p=167199#breadcrumb"},"inLanguage":"pt-BR","potentialAction":[{"@type":"ReadAction","target":["https:\/\/aconteceunovale.com.br\/portal\/?p=167199"]}]},{"@type":"ImageObject","inLanguage":"pt-BR","@id":"https:\/\/aconteceunovale.com.br\/portal\/?p=167199#primaryimage","url":"https:\/\/aconteceunovale.com.br\/portal\/wp-content\/uploads\/2020\/08\/galo_flamengo_1.jpg","contentUrl":"https:\/\/aconteceunovale.com.br\/portal\/wp-content\/uploads\/2020\/08\/galo_flamengo_1.jpg","width":678,"height":450},{"@type":"BreadcrumbList","@id":"https:\/\/aconteceunovale.com.br\/portal\/?p=167199#breadcrumb","itemListElement":[{"@type":"ListItem","position":1,"name":"In\u00edcio","item":"https:\/\/aconteceunovale.com.br\/portal\/"},{"@type":"ListItem","position":2,"name":"Atl\u00e9tico-MG vence o Flamengo na estreia do Brasileir\u00e3o 2020"}]},{"@type":"WebSite","@id":"https:\/\/aconteceunovale.com.br\/portal\/#website","url":"https:\/\/aconteceunovale.com.br\/portal\/","name":"Aconteceu no Vale","description":"Portal de Not\u00edcias","potentialAction":[{"@type":"SearchAction","target":{"@type":"EntryPoint","urlTemplate":"https:\/\/aconteceunovale.com.br\/portal\/?s={search_term_string}"},"query-input":{"@type":"PropertyValueSpecification","valueRequired":true,"valueName":"search_term_string"}}],"inLanguage":"pt-BR"},{"@type":"Person","@id":"https:\/\/aconteceunovale.com.br\/portal\/#\/schema\/person\/633529146f2c94272bef50ac2953d589","name":"Aconteceu no Vale","description":"Equipe de reportagem do Aconteceu no Vale, portal de not\u00edcias do Vale do Jequitinhonha, em Minas Gerais. Cobrimos as 51 cidades do Vale desde 2013. Sugest\u00f5es de pauta e pedidos de corre\u00e7\u00e3o: contato@aconteceunovale.com.br","sameAs":["http:\/\/www.aconteceunovale.com.br"],"url":"https:\/\/aconteceunovale.com.br\/portal\/?author=1"}]}},"_links":{"self":[{"href":"https:\/\/aconteceunovale.com.br\/portal\/index.php?rest_route=\/wp\/v2\/posts\/167199","targetHints":{"allow":["GET"]}}],"collection":[{"href":"https:\/\/aconteceunovale.com.br\/portal\/index.php?rest_route=\/wp\/v2\/posts"}],"about":[{"href":"https:\/\/aconteceunovale.com.br\/portal\/index.php?rest_route=\/wp\/v2\/types\/post"}],"author":[{"embeddable":true,"href":"https:\/\/aconteceunovale.com.br\/portal\/index.php?rest_route=\/wp\/v2\/users\/1"}],"replies":[{"embeddable":true,"href":"https:\/\/aconteceunovale.com.br\/portal\/index.php?rest_route=%2Fwp%2Fv2%2Fcomments&post=167199"}],"version-history":[{"count":2,"href":"https:\/\/aconteceunovale.com.br\/portal\/index.php?rest_route=\/wp\/v2\/posts\/167199\/revisions"}],"predecessor-version":[{"id":167207,"href":"https:\/\/aconteceunovale.com.br\/portal\/index.php?rest_route=\/wp\/v2\/posts\/167199\/revisions\/167207"}],"wp:featuredmedia":[{"embeddable":true,"href":"https:\/\/aconteceunovale.com.br\/portal\/index.php?rest_route=\/wp\/v2\/media\/167200"}],"wp:attachment":[{"href":"https:\/\/aconteceunovale.com.br\/portal\/index.php?rest_route=%2Fwp%2Fv2%2Fmedia&parent=167199"}],"wp:term":[{"taxonomy":"category","embeddable":true,"href":"https:\/\/aconteceunovale.com.br\/portal\/index.php?rest_route=%2Fwp%2Fv2%2Fcategories&post=167199"},{"taxonomy":"post_tag","embeddable":true,"href":"https:\/\/aconteceunovale.com.br\/portal\/index.php?rest_route=%2Fwp%2Fv2%2Ftags&post=167199"}],"curies":[{"name":"wp","href":"https:\/\/api.w.org\/{rel}","templated":true}]}}