{"id":167127,"date":"2020-08-07T22:57:02","date_gmt":"2020-08-08T01:57:02","guid":{"rendered":"https:\/\/aconteceunovale.com.br\/portal\/?p=167127"},"modified":"2020-08-07T22:57:37","modified_gmt":"2020-08-08T01:57:37","slug":"policia-civil-realiza-nova-fase-de-operacao-de-combate-ao-crime-pistolagem-em-sao-sebastiao-do-maranhao-e-regiao","status":"publish","type":"post","link":"https:\/\/aconteceunovale.com.br\/portal\/?p=167127","title":{"rendered":"Pol\u00edcia Civil realiza nova fase de opera\u00e7\u00e3o de combate ao crime pistolagem em S\u00e3o Sebasti\u00e3o do Maranh\u00e3o e regi\u00e3o"},"content":{"rendered":"\n<p>A Pol\u00edcia Civil de Minas Gerais (PCMG) desencadeou a segunda fase da opera\u00e7\u00e3o \u201cInsidiis\u201d, em Santa Maria do Sua\u00e7u\u00ed, que resultou na pris\u00e3o um homem de 26 anos. Ele \u00e9 suspeito de ter participado de v\u00e1rios homic\u00eddios no distrito de Santo Ant\u00f4nio dos Ara\u00fajos, pertencente a S\u00e3o Sebasti\u00e3o do Maranh\u00e3o. A opera\u00e7\u00e3o tem a finalidade de combater o crime de pistolagem que vinha sendo praticado na regi\u00e3o.<\/p>\n\n\n\n<p>O indiv\u00edduo preso na tarde dessa quinta-feira (7\/8\/2020) \u00e9 suspeito de integrar uma quadrilha especializada no homic\u00eddio qualificado mediante promessa de recompensa em emboscada, que vinha atuando na \u00faltima d\u00e9cada em S\u00e3o Sebasti\u00e3o do Maranh\u00e3o. Ele teria sido respons\u00e1vel por diversos homic\u00eddios no munic\u00edpio.<\/p>\n\n\n\n<p>As investiga\u00e7\u00f5es apontam que alguns membros da quadrilha teriam, inclusive, atentado contra a vida de testemunhas que pudessem fornecer informa\u00e7\u00f5es sobre os crimes.<\/p>\n\n\n\n<p>O suspeito foi encaminhado ao Sistema Prisional e encontra-se \u00e0 disposi\u00e7\u00e3o da Justi\u00e7a.<\/p>\n\n\n\n<figure class=\"wp-block-gallery columns-1 is-cropped wp-block-gallery-1 is-layout-flex wp-block-gallery-is-layout-flex\"><ul class=\"blocks-gallery-grid\"><li class=\"blocks-gallery-item\"><figure><img loading=\"lazy\" decoding=\"async\" width=\"671\" height=\"450\" src=\"https:\/\/aconteceunovale.com.br\/portal\/wp-content\/uploads\/2020\/08\/operacao_sms.jpeg\" alt=\"\" data-id=\"167128\" data-full-url=\"https:\/\/aconteceunovale.com.br\/portal\/wp-content\/uploads\/2020\/08\/operacao_sms.jpeg\" data-link=\"https:\/\/aconteceunovale.com.br\/portal\/?attachment_id=167128\" class=\"wp-image-167128\" srcset=\"https:\/\/aconteceunovale.com.br\/portal\/wp-content\/uploads\/2020\/08\/operacao_sms.jpeg 671w, https:\/\/aconteceunovale.com.br\/portal\/wp-content\/uploads\/2020\/08\/operacao_sms-300x201.jpeg 300w, https:\/\/aconteceunovale.com.br\/portal\/wp-content\/uploads\/2020\/08\/operacao_sms-626x420.jpeg 626w\" sizes=\"auto, (max-width: 671px) 100vw, 671px\" \/><figcaption class=\"blocks-gallery-item__caption\"><em>Foto: Divulga\u00e7\u00e3o\/PCMG<\/em><\/figcaption><\/figure><\/li><\/ul><\/figure>\n\n\n\n<p class=\"has-background has-very-light-gray-background-color\">Quer saber as not\u00edcias do <strong>Aconteceu no Vale<\/strong> em primeira m\u00e3o? Siga-nos no Facebook <a rel=\"noreferrer noopener\" href=\"http:\/\/facebook.com\/aconteceunovale\" target=\"_blank\">@aconteceunovale<\/a>, Twitter <a rel=\"noreferrer noopener\" href=\"https:\/\/twitter.com\/noticiadosvales\" target=\"_blank\">@noticiadosvales<\/a> e Instagram <a rel=\"noreferrer noopener\" href=\"https:\/\/www.instagram.com\/aconteceunovale\" target=\"_blank\">@aconteceunovale<\/a>.<\/p>\n","protected":false},"excerpt":{"rendered":"<p>A Pol\u00edcia Civil de Minas Gerais (PCMG) desencadeou a segunda fase da opera\u00e7\u00e3o \u201cInsidiis\u201d, em Santa Maria do Sua\u00e7u\u00ed, que resultou na pris\u00e3o um homem de 26 anos. Ele \u00e9 suspeito de ter participado de v\u00e1rios homic\u00eddios no distrito de Santo Ant\u00f4nio dos Ara\u00fajos, pertencente a S\u00e3o Sebasti\u00e3o do Maranh\u00e3o. A opera\u00e7\u00e3o tem a finalidade [&hellip;]<\/p>\n","protected":false},"author":1,"featured_media":167128,"comment_status":"open","ping_status":"closed","sticky":false,"template":"","format":"standard","meta":{"amp_status":"","footnotes":""},"categories":[121],"tags":[551,132,226322,226328,220577,1018,226327,155,226324,226323,226325,226320,306,226321,221026,226326,221417,310,240,186933,162,324,332],"class_list":["post-167127","post","type-post","status-publish","format-standard","has-post-thumbnail","hentry","category-leste","tag-aricanduva","tag-capelinha","tag-crimes-em-sao-sebastiao-do-maranhao","tag-delegacia-de-policia-civil-em-santa-maria-do-suacui","tag-delegado-douglas-mota","tag-destaque","tag-douglas-mota","tag-guanhaes","tag-homicidios-em-sao-sebastiao-do-maranhao","tag-mortes-em-sao-sebastiao-do-maranhao","tag-operacao-insidiis-em-sao-sebastiao-do-maranhao","tag-operacao-policial-combate-crime-de-pistolagem-em-sao-sebastiao-do-maranhao-e-regiao","tag-pecanha","tag-pistolagem-em-sao-sebastiao-do-maranhao","tag-preso-em-santa-maria-do-suacui","tag-preso-em-santo-antonio-dos-araujos","tag-preso-em-sao-sebastiao-do-maranhao","tag-sabinopolis","tag-santa-maria-do-suacui","tag-santo-antonio-dos-araujos","tag-sao-joao-evangelista","tag-sao-sebastiao-do-maranhao","tag-virginopolis"],"_links":{"self":[{"href":"https:\/\/aconteceunovale.com.br\/portal\/index.php?rest_route=\/wp\/v2\/posts\/167127","targetHints":{"allow":["GET"]}}],"collection":[{"href":"https:\/\/aconteceunovale.com.br\/portal\/index.php?rest_route=\/wp\/v2\/posts"}],"about":[{"href":"https:\/\/aconteceunovale.com.br\/portal\/index.php?rest_route=\/wp\/v2\/types\/post"}],"author":[{"embeddable":true,"href":"https:\/\/aconteceunovale.com.br\/portal\/index.php?rest_route=\/wp\/v2\/users\/1"}],"replies":[{"embeddable":true,"href":"https:\/\/aconteceunovale.com.br\/portal\/index.php?rest_route=%2Fwp%2Fv2%2Fcomments&post=167127"}],"version-history":[{"count":1,"href":"https:\/\/aconteceunovale.com.br\/portal\/index.php?rest_route=\/wp\/v2\/posts\/167127\/revisions"}],"predecessor-version":[{"id":167129,"href":"https:\/\/aconteceunovale.com.br\/portal\/index.php?rest_route=\/wp\/v2\/posts\/167127\/revisions\/167129"}],"wp:featuredmedia":[{"embeddable":true,"href":"https:\/\/aconteceunovale.com.br\/portal\/index.php?rest_route=\/wp\/v2\/media\/167128"}],"wp:attachment":[{"href":"https:\/\/aconteceunovale.com.br\/portal\/index.php?rest_route=%2Fwp%2Fv2%2Fmedia&parent=167127"}],"wp:term":[{"taxonomy":"category","embeddable":true,"href":"https:\/\/aconteceunovale.com.br\/portal\/index.php?rest_route=%2Fwp%2Fv2%2Fcategories&post=167127"},{"taxonomy":"post_tag","embeddable":true,"href":"https:\/\/aconteceunovale.com.br\/portal\/index.php?rest_route=%2Fwp%2Fv2%2Ftags&post=167127"}],"curies":[{"name":"wp","href":"https:\/\/api.w.org\/{rel}","templated":true}]}}