{"id":167123,"date":"2020-08-07T22:48:48","date_gmt":"2020-08-08T01:48:48","guid":{"rendered":"https:\/\/aconteceunovale.com.br\/portal\/?p=167123"},"modified":"2020-08-07T22:49:33","modified_gmt":"2020-08-08T01:49:33","slug":"operacao-conjunta-resulta-em-prisoes-por-trafico-de-drogas-em-sao-pedro-do-suacui","status":"publish","type":"post","link":"https:\/\/aconteceunovale.com.br\/portal\/?p=167123","title":{"rendered":"Opera\u00e7\u00e3o conjunta resulta em pris\u00f5es por tr\u00e1fico de drogas em S\u00e3o Pedro do Sua\u00e7u\u00ed"},"content":{"rendered":"\n<p>Dois homens, de 18 e 21 anos, foram presos por tr\u00e1fico de drogas e posse ilegal de arma de fogo durante opera\u00e7\u00e3o conjunta entre as pol\u00edcias Civil e Militar, nesta sexta-feira (7\/8\/2020), em S\u00e3o Pedro do Sua\u00e7u\u00ed (MG). Os policiais apreenderam 213 pedras de crack, uma muni\u00e7\u00e3o cal.38, duas armas, al\u00e9m de um drone e outros materiais utilizados pelos suspeitos.<\/p>\n\n\n\n<p>\u201cEssa opera\u00e7\u00e3o reafirma o compromisso da Pol\u00edcia Civil com a sociedade em promover a repress\u00e3o ao tr\u00e1fico e ao crime organizado na regi\u00e3o, restabelecendo a sensa\u00e7\u00e3o de seguran\u00e7a, tranquilidade p\u00fablica e a paz social\u201d, destaca o Delegado Rodrigo Luiz Nalon Moreira.<\/p>\n\n\n\n<figure class=\"wp-block-gallery columns-1 is-cropped wp-block-gallery-1 is-layout-flex wp-block-gallery-is-layout-flex\"><ul class=\"blocks-gallery-grid\"><li class=\"blocks-gallery-item\"><figure><img loading=\"lazy\" decoding=\"async\" width=\"678\" height=\"376\" src=\"https:\/\/aconteceunovale.com.br\/portal\/wp-content\/uploads\/2020\/08\/operacao_sao_pedro_1.jpg\" alt=\"\" data-id=\"167124\" data-full-url=\"https:\/\/aconteceunovale.com.br\/portal\/wp-content\/uploads\/2020\/08\/operacao_sao_pedro_1.jpg\" data-link=\"https:\/\/aconteceunovale.com.br\/portal\/?attachment_id=167124\" class=\"wp-image-167124\" srcset=\"https:\/\/aconteceunovale.com.br\/portal\/wp-content\/uploads\/2020\/08\/operacao_sao_pedro_1.jpg 678w, https:\/\/aconteceunovale.com.br\/portal\/wp-content\/uploads\/2020\/08\/operacao_sao_pedro_1-300x166.jpg 300w\" sizes=\"auto, (max-width: 678px) 100vw, 678px\" \/><figcaption class=\"blocks-gallery-item__caption\"><em>Foto: Divulga\u00e7\u00e3o\/PCMG<\/em><\/figcaption><\/figure><\/li><li class=\"blocks-gallery-item\"><figure><img loading=\"lazy\" decoding=\"async\" width=\"678\" height=\"364\" src=\"https:\/\/aconteceunovale.com.br\/portal\/wp-content\/uploads\/2020\/08\/operacao_sao_pedro_2.jpg\" alt=\"\" data-id=\"167125\" data-full-url=\"https:\/\/aconteceunovale.com.br\/portal\/wp-content\/uploads\/2020\/08\/operacao_sao_pedro_2.jpg\" data-link=\"https:\/\/aconteceunovale.com.br\/portal\/?attachment_id=167125\" class=\"wp-image-167125\" srcset=\"https:\/\/aconteceunovale.com.br\/portal\/wp-content\/uploads\/2020\/08\/operacao_sao_pedro_2.jpg 678w, https:\/\/aconteceunovale.com.br\/portal\/wp-content\/uploads\/2020\/08\/operacao_sao_pedro_2-300x161.jpg 300w\" sizes=\"auto, (max-width: 678px) 100vw, 678px\" \/><figcaption class=\"blocks-gallery-item__caption\"><em>Foto: Divulga\u00e7\u00e3o\/PMMG<\/em><\/figcaption><\/figure><\/li><\/ul><\/figure>\n\n\n\n<h2 class=\"wp-block-heading\"><strong>Delegado fala sobre a a\u00e7\u00e3o<\/strong><\/h2>\n\n\n\n<figure><iframe loading=\"lazy\" width=\"100%\" height=\"400\" src=\"https:\/\/www.youtube.com\/embed\/VUiNjreiTVA\" allowfullscreen=\"\"><\/iframe><\/figure>\n\n\n\n<p class=\"has-background has-very-light-gray-background-color\">Quer saber as not\u00edcias do <strong>Aconteceu no Vale<\/strong> em primeira m\u00e3o? Siga-nos no Facebook <a rel=\"noreferrer noopener\" href=\"http:\/\/facebook.com\/aconteceunovale\" target=\"_blank\">@aconteceunovale<\/a>, Twitter <a rel=\"noreferrer noopener\" href=\"https:\/\/twitter.com\/noticiadosvales\" target=\"_blank\">@noticiadosvales<\/a> e Instagram <a rel=\"noreferrer noopener\" href=\"https:\/\/www.instagram.com\/aconteceunovale\" target=\"_blank\">@aconteceunovale<\/a>.<\/p>\n","protected":false},"excerpt":{"rendered":"<p>Dois homens, de 18 e 21 anos, foram presos por tr\u00e1fico de drogas e posse ilegal de arma de fogo durante opera\u00e7\u00e3o conjunta entre as pol\u00edcias Civil e Militar, nesta sexta-feira (7\/8\/2020), em S\u00e3o Pedro do Sua\u00e7u\u00ed (MG). Os policiais apreenderam 213 pedras de crack, uma muni\u00e7\u00e3o cal.38, duas armas, al\u00e9m de um drone e [&hellip;]<\/p>\n","protected":false},"author":1,"featured_media":167124,"comment_status":"open","ping_status":"closed","sticky":false,"template":"","format":"standard","meta":{"amp_status":"","footnotes":""},"categories":[121],"tags":[227117,226925,227118,155,227113,306,322,227116,227115,227114],"class_list":["post-167123","post","type-post","status-publish","format-standard","has-post-thumbnail","hentry","category-leste","tag-apreensao-de-drogas-em-sao-pedro-do-suacui","tag-delegado-rodrigo-luiz-nalon-moreira","tag-drogas-apreendidas-em-sao-pedro-do-suacui","tag-guanhaes","tag-operacao-conjunta-resulta-em-prisoes-por-trafico-de-drogas-em-sao-pedro-do-suacui","tag-pecanha","tag-sao-pedro-do-suacui","tag-traficantes-presos-em-sao-pedro-do-suacui","tag-trafico-de-drogas-em-sao-pedro-do-suacui","tag-trafico-em-sao-pedro-do-suacui"],"_links":{"self":[{"href":"https:\/\/aconteceunovale.com.br\/portal\/index.php?rest_route=\/wp\/v2\/posts\/167123","targetHints":{"allow":["GET"]}}],"collection":[{"href":"https:\/\/aconteceunovale.com.br\/portal\/index.php?rest_route=\/wp\/v2\/posts"}],"about":[{"href":"https:\/\/aconteceunovale.com.br\/portal\/index.php?rest_route=\/wp\/v2\/types\/post"}],"author":[{"embeddable":true,"href":"https:\/\/aconteceunovale.com.br\/portal\/index.php?rest_route=\/wp\/v2\/users\/1"}],"replies":[{"embeddable":true,"href":"https:\/\/aconteceunovale.com.br\/portal\/index.php?rest_route=%2Fwp%2Fv2%2Fcomments&post=167123"}],"version-history":[{"count":1,"href":"https:\/\/aconteceunovale.com.br\/portal\/index.php?rest_route=\/wp\/v2\/posts\/167123\/revisions"}],"predecessor-version":[{"id":167126,"href":"https:\/\/aconteceunovale.com.br\/portal\/index.php?rest_route=\/wp\/v2\/posts\/167123\/revisions\/167126"}],"wp:featuredmedia":[{"embeddable":true,"href":"https:\/\/aconteceunovale.com.br\/portal\/index.php?rest_route=\/wp\/v2\/media\/167124"}],"wp:attachment":[{"href":"https:\/\/aconteceunovale.com.br\/portal\/index.php?rest_route=%2Fwp%2Fv2%2Fmedia&parent=167123"}],"wp:term":[{"taxonomy":"category","embeddable":true,"href":"https:\/\/aconteceunovale.com.br\/portal\/index.php?rest_route=%2Fwp%2Fv2%2Fcategories&post=167123"},{"taxonomy":"post_tag","embeddable":true,"href":"https:\/\/aconteceunovale.com.br\/portal\/index.php?rest_route=%2Fwp%2Fv2%2Ftags&post=167123"}],"curies":[{"name":"wp","href":"https:\/\/api.w.org\/{rel}","templated":true}]}}