{"id":167120,"date":"2020-08-07T22:38:54","date_gmt":"2020-08-08T01:38:54","guid":{"rendered":"https:\/\/aconteceunovale.com.br\/portal\/?p=167120"},"modified":"2020-08-07T22:39:15","modified_gmt":"2020-08-08T01:39:15","slug":"policia-civil-apreende-iguanas-em-coronel-fabriciano","status":"publish","type":"post","link":"https:\/\/aconteceunovale.com.br\/portal\/?p=167120","title":{"rendered":"Pol\u00edcia Civil apreende iguanas em Coronel Fabriciano"},"content":{"rendered":"\n<p>Uma opera\u00e7\u00e3o conjunta entre a Delegacia de Pol\u00edcia Civil em Coronel Fabriciano e a Delegacia Especializada em Investiga\u00e7\u00e3o de Crimes contra a Fauna, do Departamento Estadual de Investiga\u00e7\u00e3o de Crimes Contra o Meio Ambiente (Dema), resultou na apreens\u00e3o de duas iguanas no bairro Caladinho, naquele munic\u00edpio.<\/p>\n\n\n\n<p>Ap\u00f3s o recebimento de den\u00fancias an\u00f4nimas, os policiais civis prenderam um indiv\u00edduo de 33 anos, que realizou o tr\u00e1fico dos animais silvestres, aproveitando-se do servi\u00e7o dos Correios.<\/p>\n\n\n\n<p>Os r\u00e9pteis teriam sa\u00eddo de S\u00e3o Paulo com destino a Coronel Fabriciano, nesta semana. Conforme as investiga\u00e7\u00f5es, que se encontram em andamento, as iguanas seriam encaminhadas posteriormente para a cidade de Ipatinga.<\/p>\n\n\n\n<p>O investigado foi preso pela pr\u00e1tica dos crimes de tr\u00e1fico de animais silvestres e por maus-tratos.<\/p>\n\n\n\n<figure class=\"wp-block-gallery columns-1 is-cropped wp-block-gallery-1 is-layout-flex wp-block-gallery-is-layout-flex\"><ul class=\"blocks-gallery-grid\"><li class=\"blocks-gallery-item\"><figure><img loading=\"lazy\" decoding=\"async\" width=\"580\" height=\"384\" src=\"https:\/\/aconteceunovale.com.br\/portal\/wp-content\/uploads\/2020\/08\/iguanas_fabriciano.jpg\" alt=\"\" data-id=\"167121\" data-full-url=\"https:\/\/aconteceunovale.com.br\/portal\/wp-content\/uploads\/2020\/08\/iguanas_fabriciano.jpg\" data-link=\"https:\/\/aconteceunovale.com.br\/portal\/?attachment_id=167121\" class=\"wp-image-167121\" srcset=\"https:\/\/aconteceunovale.com.br\/portal\/wp-content\/uploads\/2020\/08\/iguanas_fabriciano.jpg 580w, https:\/\/aconteceunovale.com.br\/portal\/wp-content\/uploads\/2020\/08\/iguanas_fabriciano-300x199.jpg 300w\" sizes=\"auto, (max-width: 580px) 100vw, 580px\" \/><figcaption class=\"blocks-gallery-item__caption\"><em>Foto: Divulga\u00e7\u00e3o\/PCMG<\/em><\/figcaption><\/figure><\/li><\/ul><\/figure>\n\n\n\n<p class=\"has-background has-very-light-gray-background-color\">Quer saber as not\u00edcias do <strong>Aconteceu no Vale<\/strong> em primeira m\u00e3o? Siga-nos no Facebook <a rel=\"noreferrer noopener\" href=\"http:\/\/facebook.com\/aconteceunovale\" target=\"_blank\">@aconteceunovale<\/a>, Twitter <a rel=\"noreferrer noopener\" href=\"https:\/\/twitter.com\/noticiadosvales\" target=\"_blank\">@noticiadosvales<\/a> e Instagram <a rel=\"noreferrer noopener\" href=\"https:\/\/www.instagram.com\/aconteceunovale\" target=\"_blank\">@aconteceunovale<\/a>.<\/p>\n","protected":false},"excerpt":{"rendered":"<p>Uma opera\u00e7\u00e3o conjunta entre a Delegacia de Pol\u00edcia Civil em Coronel Fabriciano e a Delegacia Especializada em Investiga\u00e7\u00e3o de Crimes contra a Fauna, do Departamento Estadual de Investiga\u00e7\u00e3o de Crimes Contra o Meio Ambiente (Dema), resultou na apreens\u00e3o de duas iguanas no bairro Caladinho, naquele munic\u00edpio. Ap\u00f3s o recebimento de den\u00fancias an\u00f4nimas, os policiais civis [&hellip;]<\/p>\n","protected":false},"author":1,"featured_media":167121,"comment_status":"open","ping_status":"closed","sticky":false,"template":"","format":"standard","meta":{"amp_status":"","footnotes":""},"categories":[121],"tags":[227110,1524,227112,227111,604,227109,44644],"class_list":["post-167120","post","type-post","status-publish","format-standard","has-post-thumbnail","hentry","category-leste","tag-apreensao-de-iguanas-em-coronel-fabriciano","tag-coronel-fabriciano","tag-delegacia-de-policia-civil-em-coronel-fabriciano","tag-iguanas-apreendidas-em-coronel-fabriciano","tag-pcmg","tag-policia-civil-apreende-iguanas-em-coronel-fabriciano","tag-policia-civil-de-minas-gerais"],"_links":{"self":[{"href":"https:\/\/aconteceunovale.com.br\/portal\/index.php?rest_route=\/wp\/v2\/posts\/167120","targetHints":{"allow":["GET"]}}],"collection":[{"href":"https:\/\/aconteceunovale.com.br\/portal\/index.php?rest_route=\/wp\/v2\/posts"}],"about":[{"href":"https:\/\/aconteceunovale.com.br\/portal\/index.php?rest_route=\/wp\/v2\/types\/post"}],"author":[{"embeddable":true,"href":"https:\/\/aconteceunovale.com.br\/portal\/index.php?rest_route=\/wp\/v2\/users\/1"}],"replies":[{"embeddable":true,"href":"https:\/\/aconteceunovale.com.br\/portal\/index.php?rest_route=%2Fwp%2Fv2%2Fcomments&post=167120"}],"version-history":[{"count":1,"href":"https:\/\/aconteceunovale.com.br\/portal\/index.php?rest_route=\/wp\/v2\/posts\/167120\/revisions"}],"predecessor-version":[{"id":167122,"href":"https:\/\/aconteceunovale.com.br\/portal\/index.php?rest_route=\/wp\/v2\/posts\/167120\/revisions\/167122"}],"wp:featuredmedia":[{"embeddable":true,"href":"https:\/\/aconteceunovale.com.br\/portal\/index.php?rest_route=\/wp\/v2\/media\/167121"}],"wp:attachment":[{"href":"https:\/\/aconteceunovale.com.br\/portal\/index.php?rest_route=%2Fwp%2Fv2%2Fmedia&parent=167120"}],"wp:term":[{"taxonomy":"category","embeddable":true,"href":"https:\/\/aconteceunovale.com.br\/portal\/index.php?rest_route=%2Fwp%2Fv2%2Fcategories&post=167120"},{"taxonomy":"post_tag","embeddable":true,"href":"https:\/\/aconteceunovale.com.br\/portal\/index.php?rest_route=%2Fwp%2Fv2%2Ftags&post=167120"}],"curies":[{"name":"wp","href":"https:\/\/api.w.org\/{rel}","templated":true}]}}