{"id":167113,"date":"2020-08-07T21:39:27","date_gmt":"2020-08-08T00:39:27","guid":{"rendered":"https:\/\/aconteceunovale.com.br\/portal\/?p=167113"},"modified":"2020-08-07T21:40:46","modified_gmt":"2020-08-08T00:40:46","slug":"federacao-mineira-de-futebol-define-as-finais-do-estadual","status":"publish","type":"post","link":"https:\/\/aconteceunovale.com.br\/portal\/?p=167113","title":{"rendered":"Federa\u00e7\u00e3o Mineira de Futebol define as finais do Estadual"},"content":{"rendered":"\n<p>As finais do Campeonato Mineiro 2020, entre Atl\u00e9tico e Tombense, foram definidas pela Federa\u00e7\u00e3o Mineira de Futebol (FMF). O primeiro jogo da decis\u00e3o ser\u00e1 em 26 de agosto, \u00e0s 21h30, no Mineir\u00e3o, com mando de campo do Galo. A partida de volta acontecer\u00e1 no dia 30 de agosto, \u00e0s 16h, na Arena Independ\u00eancia.<\/p>\n\n\n\n<p>Maior campe\u00e3o mineiro, com 44 t\u00edtulos, o Atl\u00e9tico est\u00e1 na 14\u00aa final seguida do Estadual. Por ter feito a melhor campanha na primeira fase, o Tombense jogar\u00e1 por dois resultados iguais na decis\u00e3o.<\/p>\n\n\n\n<figure class=\"wp-block-gallery columns-1 is-cropped wp-block-gallery-1 is-layout-flex wp-block-gallery-is-layout-flex\"><ul class=\"blocks-gallery-grid\"><li class=\"blocks-gallery-item\"><figure><img loading=\"lazy\" decoding=\"async\" width=\"650\" height=\"450\" src=\"https:\/\/aconteceunovale.com.br\/portal\/wp-content\/uploads\/2020\/08\/finais_mineiro.jpg\" alt=\"\" data-id=\"167114\" data-full-url=\"https:\/\/aconteceunovale.com.br\/portal\/wp-content\/uploads\/2020\/08\/finais_mineiro.jpg\" data-link=\"https:\/\/aconteceunovale.com.br\/portal\/?attachment_id=167114\" class=\"wp-image-167114\" srcset=\"https:\/\/aconteceunovale.com.br\/portal\/wp-content\/uploads\/2020\/08\/finais_mineiro.jpg 650w, https:\/\/aconteceunovale.com.br\/portal\/wp-content\/uploads\/2020\/08\/finais_mineiro-300x208.jpg 300w, https:\/\/aconteceunovale.com.br\/portal\/wp-content\/uploads\/2020\/08\/finais_mineiro-100x70.jpg 100w, https:\/\/aconteceunovale.com.br\/portal\/wp-content\/uploads\/2020\/08\/finais_mineiro-218x150.jpg 218w, https:\/\/aconteceunovale.com.br\/portal\/wp-content\/uploads\/2020\/08\/finais_mineiro-607x420.jpg 607w\" sizes=\"auto, (max-width: 650px) 100vw, 650px\" \/><\/figure><\/li><\/ul><\/figure>\n\n\n\n<p class=\"has-background has-very-light-gray-background-color\">Quer saber as not\u00edcias do <strong>Aconteceu no Vale<\/strong> em primeira m\u00e3o? Siga-nos no Facebook <a rel=\"noreferrer noopener\" href=\"http:\/\/facebook.com\/aconteceunovale\" target=\"_blank\">@aconteceunovale<\/a>, Twitter <a rel=\"noreferrer noopener\" href=\"https:\/\/twitter.com\/noticiadosvales\" target=\"_blank\">@noticiadosvales<\/a> e Instagram <a rel=\"noreferrer noopener\" href=\"https:\/\/www.instagram.com\/aconteceunovale\" target=\"_blank\">@aconteceunovale<\/a>.<\/p>\n","protected":false},"excerpt":{"rendered":"<p>As finais do Campeonato Mineiro 2020, entre Atl\u00e9tico e Tombense, foram definidas pela Federa\u00e7\u00e3o Mineira de Futebol (FMF). O primeiro jogo da decis\u00e3o ser\u00e1 em 26 de agosto, \u00e0s 21h30, no Mineir\u00e3o, com mando de campo do Galo. A partida de volta acontecer\u00e1 no dia 30 de agosto, \u00e0s 16h, na Arena Independ\u00eancia. Maior campe\u00e3o [&hellip;]<\/p>\n","protected":false},"author":1,"featured_media":167115,"comment_status":"open","ping_status":"closed","sticky":false,"template":"","format":"standard","meta":{"amp_status":"","footnotes":""},"categories":[59,123],"tags":[226349,226617,194,1017,32921,226607,226253,226904,4404,226155,226903,226608,682,226255,226258,121210,227105,121211,22725,226256,226611,211822,226254,215,86812,226257,81237,226609,23161,226905,226606,226900,226901,226902,226605,226610,32690,226260,226259,42209],"class_list":["post-167113","post","type-post","status-publish","format-standard","has-post-thumbnail","hentry","category-sports","category-gerais","tag-atletico-goleia-o-patrocinense-e-avanca-para-as-semifinais-do-campeonato-mineiro","tag-atletico-vence-o-america-e-larga-em-vantagem-na-disputa-por-vaga-na-final-do-campeonato-mineiro","tag-belo-horizonte","tag-bh","tag-caldense","tag-caldense-campeonato-mineiro-2020","tag-caldense-e-cruzeiro-entram-em-campo-por-vaga-nas-semifinais-do-campeonato-mineiro","tag-campeao-do-interior-de-minas-gerais","tag-campeonato-mineiro","tag-campeonato-mineiro-2020","tag-carcara-da-zona-da-mata","tag-carcara-de-tombos","tag-cruzeiro","tag-duelo-entre-caldense-e-cruzeiro","tag-estadio-doutor-ronaldo-junqueira","tag-federacao-mineira-de-futebol","tag-federacao-mineira-de-futebol-define-as-finais-do-estadual","tag-fmf","tag-independencia","tag-jogo-entre-caldense-e-cruzeiro","tag-jogo-entre-tombense-e-caldense","tag-mineiro","tag-mineiro-2020","tag-pocos-de-caldas","tag-primeira-fase-do-campeonato-mineiro","tag-primeira-fase-do-mineiro","tag-ronaldao","tag-semifinais-do-campeonato-mineiro-2020","tag-tombense","tag-tombense-campeao-do-interior-de-minas-gerais","tag-tombense-campeonato-mineiro-2020","tag-tombense-chega-a-final-do-campeonato-mineiro-pela-primeira-vez","tag-tombense-e-o-primeiro-finalista-do-campeonato-mineiro-2020","tag-tombense-finalista-do-campeonato-mineiro-2020","tag-tombense-vence-e-esta-mais-perto-da-final-do-campeonato-mineiro-2020","tag-tombense-x-caldense","tag-tombos","tag-ultima-rodada-da-primeira-fase-do-campeonato-mineiro","tag-ultima-rodada-da-primeira-fase-do-mineiro","tag-veterana"],"_links":{"self":[{"href":"https:\/\/aconteceunovale.com.br\/portal\/index.php?rest_route=\/wp\/v2\/posts\/167113","targetHints":{"allow":["GET"]}}],"collection":[{"href":"https:\/\/aconteceunovale.com.br\/portal\/index.php?rest_route=\/wp\/v2\/posts"}],"about":[{"href":"https:\/\/aconteceunovale.com.br\/portal\/index.php?rest_route=\/wp\/v2\/types\/post"}],"author":[{"embeddable":true,"href":"https:\/\/aconteceunovale.com.br\/portal\/index.php?rest_route=\/wp\/v2\/users\/1"}],"replies":[{"embeddable":true,"href":"https:\/\/aconteceunovale.com.br\/portal\/index.php?rest_route=%2Fwp%2Fv2%2Fcomments&post=167113"}],"version-history":[{"count":1,"href":"https:\/\/aconteceunovale.com.br\/portal\/index.php?rest_route=\/wp\/v2\/posts\/167113\/revisions"}],"predecessor-version":[{"id":167116,"href":"https:\/\/aconteceunovale.com.br\/portal\/index.php?rest_route=\/wp\/v2\/posts\/167113\/revisions\/167116"}],"wp:featuredmedia":[{"embeddable":true,"href":"https:\/\/aconteceunovale.com.br\/portal\/index.php?rest_route=\/wp\/v2\/media\/167115"}],"wp:attachment":[{"href":"https:\/\/aconteceunovale.com.br\/portal\/index.php?rest_route=%2Fwp%2Fv2%2Fmedia&parent=167113"}],"wp:term":[{"taxonomy":"category","embeddable":true,"href":"https:\/\/aconteceunovale.com.br\/portal\/index.php?rest_route=%2Fwp%2Fv2%2Fcategories&post=167113"},{"taxonomy":"post_tag","embeddable":true,"href":"https:\/\/aconteceunovale.com.br\/portal\/index.php?rest_route=%2Fwp%2Fv2%2Ftags&post=167113"}],"curies":[{"name":"wp","href":"https:\/\/api.w.org\/{rel}","templated":true}]}}