{"id":167109,"date":"2020-08-07T21:25:05","date_gmt":"2020-08-08T00:25:05","guid":{"rendered":"https:\/\/aconteceunovale.com.br\/portal\/?p=167109"},"modified":"2020-08-07T21:25:34","modified_gmt":"2020-08-08T00:25:34","slug":"minas-tenis-clube-confirma-acerto-com-o-levantador-william","status":"publish","type":"post","link":"https:\/\/aconteceunovale.com.br\/portal\/?p=167109","title":{"rendered":"Minas T\u00eanis Clube confirma acerto com o levantador William"},"content":{"rendered":"\n<p>O Minas T\u00eanis Clube anunciou nesta sexta-feira (7\/8\/2020), por meio de suas redes sociais, o acerto com o levantador William Arjona. O experiente atleta, de 41 anos, \u00e9 o primeiro refor\u00e7o da equipe treinada pelo t\u00e9cnico Nery Tambeiro, que vai para a s\u00e9tima temporada no time de Belo Horizonte.<\/p>\n\n\n\n<p>\u201cFicaria um vazio na minha carreira se n\u00e3o pudesse vestir a camisa do Minas. O clube, como um todo, \u00e9 incr\u00edvel, n\u00e3o s\u00f3 pelo esporte, mas por tudo que proporciona aos s\u00f3cios. Vou ter a oportunidade de desfrutar da melhor estrutura do v\u00f4lei brasileiro e da qualidade dos profissionais. Joguei muitas vezes contra e considero a arena o melhor gin\u00e1sio do Pa\u00eds. Estou feliz em trabalhar em um clube como o Minas, que tem torcedores apaixonados. Quero desfrutar desse momento, desenvolver o melhor do meu trabalho e levar alegria aos torcedores, que seja um prazer ir ao Minas e assistir jogos na arena\u201d, disse o campe\u00e3o ol\u00edmpico nos Jogos do Rio de Janeiro, que passou as \u00faltimas tr\u00eas temporadas no Sesi\/SP, depois de sair do Sada Cruzeiro.<\/p>\n\n\n\n<p>Al\u00e9m da medalha de ouro ol\u00edmpica, o atleta possui tr\u00eas t\u00edtulos de campe\u00e3o do Mundial de Clubes e seis t\u00edtulos da Superliga Brasileira, pelo Sada Cruzeiro, e v\u00e1rias outras conquistas. Enquanto o mago (alcunha pela qual William \u00e9 conhecido) chega, tem gente saindo do Minas: \u00e9 o oposto Davy. O jogador de 23 anos acertou nesta sexta-feira com o Berlin Recycling Volleys (Alemanha) e parte para a primeira experi\u00eancia fora do Brasil.<\/p>\n\n\n\n<figure class=\"wp-block-gallery columns-1 is-cropped wp-block-gallery-1 is-layout-flex wp-block-gallery-is-layout-flex\"><ul class=\"blocks-gallery-grid\"><li class=\"blocks-gallery-item\"><figure><img loading=\"lazy\" decoding=\"async\" width=\"678\" height=\"382\" src=\"https:\/\/aconteceunovale.com.br\/portal\/wp-content\/uploads\/2020\/08\/willian_minas.jpg\" alt=\"\" data-id=\"167110\" data-full-url=\"https:\/\/aconteceunovale.com.br\/portal\/wp-content\/uploads\/2020\/08\/willian_minas.jpg\" data-link=\"https:\/\/aconteceunovale.com.br\/portal\/?attachment_id=167110\" class=\"wp-image-167110\" srcset=\"https:\/\/aconteceunovale.com.br\/portal\/wp-content\/uploads\/2020\/08\/willian_minas.jpg 678w, https:\/\/aconteceunovale.com.br\/portal\/wp-content\/uploads\/2020\/08\/willian_minas-300x169.jpg 300w\" sizes=\"auto, (max-width: 678px) 100vw, 678px\" \/><figcaption class=\"blocks-gallery-item__caption\"><em>William (7) \u00e9 um dos jogadores mais vitoriosos do v\u00f4lei brasileiro &#8211; Foto: Arquivo pessoal<\/em><\/figcaption><\/figure><\/li><\/ul><\/figure>\n\n\n\n<h2 class=\"wp-block-heading\">Montes Claros Minas<\/h2>\n\n\n\n<p>Outro time mineiro que anunciou novidades nesta sexta-feira \u00e9 o Montes Claros Am\u00e9rica. Chegaram o central Gabriel Cotrim, de 20 anos, que tem passagens pela sele\u00e7\u00e3o brasileira de base, e o ponteiro Erick Costa, de 23, que em 2019 jogou no Sporting Clube das Caldas (Portugal).<\/p>\n\n\n\n<h2 class=\"wp-block-heading\">V\u00f4lei feminino<\/h2>\n\n\n\n<p>Quando o assunto \u00e9 v\u00f4lei feminino, o Sesi Bauru segue firme com a forma\u00e7\u00e3o do plantel para a temporada 2020\/2021. Nesta sexta, a equipe do interior paulista fez um an\u00fancio importante, a renova\u00e7\u00e3o do contrato da oposto Polina Rahimova. Na temporada passada, a jogadora do Uzbequist\u00e3o foi a maior pontuadora da competi\u00e7\u00e3o (428 pontos, m\u00e9dia de 5,28 pontos\/set). E agora, aos 30 anos, vai para a segunda temporada no v\u00f4lei brasileiro. Na \u00faltima quinta (6), o Bras\u00edlia, que volta \u00e0 elite do v\u00f4lei nacional na pr\u00f3xima temporada, anunciou a contrata\u00e7\u00e3o da levantadora Ju Carrijo. Aos 28 anos, a atleta estava no Curitiba.<\/p>\n\n\n\n<figure class=\"wp-block-gallery columns-1 is-cropped wp-block-gallery-2 is-layout-flex wp-block-gallery-is-layout-flex\"><ul class=\"blocks-gallery-grid\"><li class=\"blocks-gallery-item\"><figure><img loading=\"lazy\" decoding=\"async\" width=\"678\" height=\"408\" src=\"https:\/\/aconteceunovale.com.br\/portal\/wp-content\/uploads\/2020\/08\/polina_sesi.jpg\" alt=\"\" data-id=\"167111\" data-full-url=\"https:\/\/aconteceunovale.com.br\/portal\/wp-content\/uploads\/2020\/08\/polina_sesi.jpg\" data-link=\"https:\/\/aconteceunovale.com.br\/portal\/?attachment_id=167111\" class=\"wp-image-167111\" srcset=\"https:\/\/aconteceunovale.com.br\/portal\/wp-content\/uploads\/2020\/08\/polina_sesi.jpg 678w, https:\/\/aconteceunovale.com.br\/portal\/wp-content\/uploads\/2020\/08\/polina_sesi-300x181.jpg 300w\" sizes=\"auto, (max-width: 678px) 100vw, 678px\" \/><figcaption class=\"blocks-gallery-item__caption\"><em>Polina Rahimova &#8211; Foto: Divulga\u00e7\u00e3o \/ Sesi Bauru<\/em><\/figcaption><\/figure><\/li><\/ul><\/figure>\n\n\n\n<p class=\"has-background has-very-light-gray-background-color\">Quer saber as not\u00edcias do <strong>Aconteceu no Vale<\/strong> em primeira m\u00e3o? Siga-nos no Facebook <a rel=\"noreferrer noopener\" href=\"http:\/\/facebook.com\/aconteceunovale\" target=\"_blank\">@aconteceunovale<\/a>, Twitter <a rel=\"noreferrer noopener\" href=\"https:\/\/twitter.com\/noticiadosvales\" target=\"_blank\">@noticiadosvales<\/a> e Instagram <a rel=\"noreferrer noopener\" href=\"https:\/\/www.instagram.com\/aconteceunovale\" target=\"_blank\">@aconteceunovale<\/a>.<\/p>\n","protected":false},"excerpt":{"rendered":"<p>O Minas T\u00eanis Clube anunciou nesta sexta-feira (7\/8\/2020), por meio de suas redes sociais, o acerto com o levantador William Arjona. O experiente atleta, de 41 anos, \u00e9 o primeiro refor\u00e7o da equipe treinada pelo t\u00e9cnico Nery Tambeiro, que vai para a s\u00e9tima temporada no time de Belo Horizonte. \u201cFicaria um vazio na minha carreira [&hellip;]<\/p>\n","protected":false},"author":1,"featured_media":167110,"comment_status":"open","ping_status":"closed","sticky":false,"template":"","format":"standard","meta":{"amp_status":"","footnotes":""},"categories":[6,59,123],"tags":[194,1017,227100,227101,227098,28237,227020,227096,227103,227104,227102,227097,227099],"class_list":["post-167109","post","type-post","status-publish","format-standard","has-post-thumbnail","hentry","category-br","category-sports","category-gerais","tag-belo-horizonte","tag-bh","tag-campeao-olimpico-william-e-contratado-com-o-minas","tag-campeao-olimpico-william-fecha-com-o-minas","tag-levantador-william","tag-minas-tenis-clube","tag-montes-claros-america-volei","tag-mtc","tag-nery-tambeiro","tag-polina-rahimova","tag-william-arjona","tag-william-peixoto-arjona","tag-willian-el-mago"],"_links":{"self":[{"href":"https:\/\/aconteceunovale.com.br\/portal\/index.php?rest_route=\/wp\/v2\/posts\/167109","targetHints":{"allow":["GET"]}}],"collection":[{"href":"https:\/\/aconteceunovale.com.br\/portal\/index.php?rest_route=\/wp\/v2\/posts"}],"about":[{"href":"https:\/\/aconteceunovale.com.br\/portal\/index.php?rest_route=\/wp\/v2\/types\/post"}],"author":[{"embeddable":true,"href":"https:\/\/aconteceunovale.com.br\/portal\/index.php?rest_route=\/wp\/v2\/users\/1"}],"replies":[{"embeddable":true,"href":"https:\/\/aconteceunovale.com.br\/portal\/index.php?rest_route=%2Fwp%2Fv2%2Fcomments&post=167109"}],"version-history":[{"count":1,"href":"https:\/\/aconteceunovale.com.br\/portal\/index.php?rest_route=\/wp\/v2\/posts\/167109\/revisions"}],"predecessor-version":[{"id":167112,"href":"https:\/\/aconteceunovale.com.br\/portal\/index.php?rest_route=\/wp\/v2\/posts\/167109\/revisions\/167112"}],"wp:featuredmedia":[{"embeddable":true,"href":"https:\/\/aconteceunovale.com.br\/portal\/index.php?rest_route=\/wp\/v2\/media\/167110"}],"wp:attachment":[{"href":"https:\/\/aconteceunovale.com.br\/portal\/index.php?rest_route=%2Fwp%2Fv2%2Fmedia&parent=167109"}],"wp:term":[{"taxonomy":"category","embeddable":true,"href":"https:\/\/aconteceunovale.com.br\/portal\/index.php?rest_route=%2Fwp%2Fv2%2Fcategories&post=167109"},{"taxonomy":"post_tag","embeddable":true,"href":"https:\/\/aconteceunovale.com.br\/portal\/index.php?rest_route=%2Fwp%2Fv2%2Ftags&post=167109"}],"curies":[{"name":"wp","href":"https:\/\/api.w.org\/{rel}","templated":true}]}}