{"id":167102,"date":"2020-08-07T21:09:25","date_gmt":"2020-08-08T00:09:25","guid":{"rendered":"https:\/\/aconteceunovale.com.br\/portal\/?p=167102"},"modified":"2020-08-07T21:10:03","modified_gmt":"2020-08-08T00:10:03","slug":"acidente-aereo-na-india-deixa-ao-menos-17-mortos","status":"publish","type":"post","link":"https:\/\/aconteceunovale.com.br\/portal\/?p=167102","title":{"rendered":"Acidente a\u00e9reo na \u00cdndia deixa ao menos 17 mortos"},"content":{"rendered":"\n<p class=\"wp-block-paragraph\">Pelo menos 17 pessoas morreram e mais de 100 ficaram feridas quando um avi\u00e3o de passageiros da Air India Express, que repatriava cidad\u00e3os indianos que estavam afastados do pa\u00eds por conta da pandemia de covid-19 ultrapassou a pista ao aterrissar durante uma forte chuva na cidade de Calicute, no sul do pa\u00eds, nesta sexta-feira (7\/8\/2020), disseram autoridades.<\/p>\n\n\n\n<p class=\"wp-block-paragraph\">O Boeing 737, que operava um voo de Dubai para o Aeroporto Internacional de Calicute levava 190 passageiros e tripulantes, afirmou o Minist\u00e9rio de Avia\u00e7\u00e3o em nota. Entre os passageiros, havia 10 crian\u00e7as.<\/p>\n\n\n\n<p class=\"wp-block-paragraph\">Imagens de televis\u00e3o mostraram equipes de resgate se movimentando pelos destro\u00e7os no meio da chuva, que ainda era forte. A aeronave estava partida em pelo menos dois peda\u00e7os depois que a fuselagem da aeronave se rasgou e caiu em um barranco aproximadamente 12 metros abaixo, disseram as autoridades.<\/p>\n\n\n\n<p class=\"wp-block-paragraph\">&#8220;Por conta das condi\u00e7\u00f5es clim\u00e1ticas, ele n\u00e3o p\u00f4de pousar da primeira vez, ent\u00e3o ele fez a volta e tentou a aproxima\u00e7\u00e3o por uma dire\u00e7\u00e3o diferente&#8221;, disse o ministro da Avia\u00e7\u00e3o Civil, Hardeep Singh Puri, ao canal DD News, acrescentando que apenas uma investiga\u00e7\u00e3o revelaria as causas do acidente.<\/p>\n\n\n\n<p class=\"wp-block-paragraph\">Puri disse que as autoridades conseguiram resgatar a maior parte dos passageiros, pois a aeronave n\u00e3o pegou fogo enquanto descia a ladeira no final da pista de pouso, que fica num morro.<\/p>\n\n\n\n<p class=\"wp-block-paragraph\">Tais pistas s\u00e3o localizadas em altitude e t\u00eam quedas bruscas em uma ou nas duas pontas.<\/p>\n\n\n\n<p class=\"wp-block-paragraph\">&#8220;A boa not\u00edcia \u00e9 que o avi\u00e3o se partiu e assim conseguimos acessar os passageiros&#8221;, disse Puri. Segundo o ministro, as opera\u00e7\u00f5es de resgate estavam finalizadas.<\/p>\n\n\n\n<p class=\"wp-block-paragraph\">O gabinete do ministro-chefe do estado de Kerala, onde o aeroporto est\u00e1 localizado e que \u00e9 lar de um grande n\u00famero de indianos trabalhando no Oriente M\u00e9dio, anunciou que, al\u00e9m dos 17 mortos, os 173 demais haviam sido hospitalizados.<\/p>\n\n\n\n<figure class=\"wp-block-gallery columns-1 is-cropped wp-block-gallery-1 is-layout-flex wp-block-gallery-is-layout-flex\"><ul class=\"blocks-gallery-grid\"><li class=\"blocks-gallery-item\"><figure><img loading=\"lazy\" decoding=\"async\" width=\"600\" height=\"450\" src=\"https:\/\/aconteceunovale.com.br\/portal\/wp-content\/uploads\/2020\/08\/acidente_aero_india_3.jpg\" alt=\"\" data-id=\"167103\" data-full-url=\"https:\/\/aconteceunovale.com.br\/portal\/wp-content\/uploads\/2020\/08\/acidente_aero_india_3.jpg\" data-link=\"https:\/\/aconteceunovale.com.br\/portal\/?attachment_id=167103\" class=\"wp-image-167103\" srcset=\"https:\/\/aconteceunovale.com.br\/portal\/wp-content\/uploads\/2020\/08\/acidente_aero_india_3.jpg 600w, https:\/\/aconteceunovale.com.br\/portal\/wp-content\/uploads\/2020\/08\/acidente_aero_india_3-300x225.jpg 300w, https:\/\/aconteceunovale.com.br\/portal\/wp-content\/uploads\/2020\/08\/acidente_aero_india_3-80x60.jpg 80w, https:\/\/aconteceunovale.com.br\/portal\/wp-content\/uploads\/2020\/08\/acidente_aero_india_3-265x198.jpg 265w, https:\/\/aconteceunovale.com.br\/portal\/wp-content\/uploads\/2020\/08\/acidente_aero_india_3-560x420.jpg 560w\" sizes=\"auto, (max-width: 600px) 100vw, 600px\" \/><figcaption class=\"blocks-gallery-item__caption\"><em>Cr\u00e9ditos: National Disaster Response Force (NDRF)<\/em><\/figcaption><\/figure><\/li><li class=\"blocks-gallery-item\"><figure><img loading=\"lazy\" decoding=\"async\" width=\"600\" height=\"450\" src=\"https:\/\/aconteceunovale.com.br\/portal\/wp-content\/uploads\/2020\/08\/acidente_aero_india_2.jpg\" alt=\"\" data-id=\"167104\" data-full-url=\"https:\/\/aconteceunovale.com.br\/portal\/wp-content\/uploads\/2020\/08\/acidente_aero_india_2.jpg\" data-link=\"https:\/\/aconteceunovale.com.br\/portal\/?attachment_id=167104\" class=\"wp-image-167104\" srcset=\"https:\/\/aconteceunovale.com.br\/portal\/wp-content\/uploads\/2020\/08\/acidente_aero_india_2.jpg 600w, https:\/\/aconteceunovale.com.br\/portal\/wp-content\/uploads\/2020\/08\/acidente_aero_india_2-300x225.jpg 300w, https:\/\/aconteceunovale.com.br\/portal\/wp-content\/uploads\/2020\/08\/acidente_aero_india_2-80x60.jpg 80w, https:\/\/aconteceunovale.com.br\/portal\/wp-content\/uploads\/2020\/08\/acidente_aero_india_2-265x198.jpg 265w, https:\/\/aconteceunovale.com.br\/portal\/wp-content\/uploads\/2020\/08\/acidente_aero_india_2-560x420.jpg 560w\" sizes=\"auto, (max-width: 600px) 100vw, 600px\" \/><figcaption class=\"blocks-gallery-item__caption\"><em>Cr\u00e9ditos: National Disaster Response Force (NDRF)<\/em><\/figcaption><\/figure><\/li><li class=\"blocks-gallery-item\"><figure><img loading=\"lazy\" decoding=\"async\" width=\"600\" height=\"450\" src=\"https:\/\/aconteceunovale.com.br\/portal\/wp-content\/uploads\/2020\/08\/acidente_aero_india_1.jpg\" alt=\"\" data-id=\"167105\" data-full-url=\"https:\/\/aconteceunovale.com.br\/portal\/wp-content\/uploads\/2020\/08\/acidente_aero_india_1.jpg\" data-link=\"https:\/\/aconteceunovale.com.br\/portal\/?attachment_id=167105\" class=\"wp-image-167105\" srcset=\"https:\/\/aconteceunovale.com.br\/portal\/wp-content\/uploads\/2020\/08\/acidente_aero_india_1.jpg 600w, https:\/\/aconteceunovale.com.br\/portal\/wp-content\/uploads\/2020\/08\/acidente_aero_india_1-300x225.jpg 300w, https:\/\/aconteceunovale.com.br\/portal\/wp-content\/uploads\/2020\/08\/acidente_aero_india_1-80x60.jpg 80w, https:\/\/aconteceunovale.com.br\/portal\/wp-content\/uploads\/2020\/08\/acidente_aero_india_1-265x198.jpg 265w, https:\/\/aconteceunovale.com.br\/portal\/wp-content\/uploads\/2020\/08\/acidente_aero_india_1-560x420.jpg 560w\" sizes=\"auto, (max-width: 600px) 100vw, 600px\" \/><figcaption class=\"blocks-gallery-item__caption\"><em>Cr\u00e9ditos: National Disaster Response Force (NDRF)<\/em><\/figcaption><\/figure><\/li><\/ul><\/figure>\n\n\n\n<h2 class=\"wp-block-heading\">Pior acidente em 10 anos<\/h2>\n\n\n\n<p class=\"wp-block-paragraph\">Foi o pior acidente a\u00e9reo da \u00cdndia desde 2010, quando um voo da Air India Express, vindo de Dubai, excedeu a pista alta em Mangalore, uma cidade no sul, e desceu morro abaixo, matando 158 pessoas.<\/p>\n\n\n\n<p class=\"wp-block-paragraph\">Informa\u00e7\u00f5es da imprensa sugerem que o avi\u00e3o deslizou para fora da pista em Calicute, batendo com a parte da frente no ch\u00e3o.<\/p>\n\n\n\n<p class=\"wp-block-paragraph\">A Boeing anunciou que estava reunindo mais informa\u00e7\u00f5es sobre o incidente, monitorando de perto a situa\u00e7\u00e3o e oferecendo assist\u00eancia a seu cliente.<\/p>\n\n\n\n<p class=\"wp-block-paragraph\">A \u00cdndia, que paralisou todas as viagens a\u00e9reas no fm de mar\u00e7o para tentar conter o novo coronav\u00edrus, reiniciou as viagens de maneira limitada. O voo Air India Express AXB1344 era uma opera\u00e7\u00e3o do governo de repatria\u00e7\u00e3o de cidad\u00e3os indianos que n\u00e3o conseguiam voltar para casa por conta das restri\u00e7\u00f5es de viagem.<\/p>\n\n\n\n<p class=\"has-background has-very-light-gray-background-color wp-block-paragraph\">Quer saber as not\u00edcias do <strong>Aconteceu no Vale<\/strong> em primeira m\u00e3o? Siga-nos no Facebook <a rel=\"noreferrer noopener\" href=\"http:\/\/facebook.com\/aconteceunovale\" target=\"_blank\">@aconteceunovale<\/a>, Twitter <a rel=\"noreferrer noopener\" href=\"https:\/\/twitter.com\/noticiadosvales\" target=\"_blank\">@noticiadosvales<\/a> e Instagram <a rel=\"noreferrer noopener\" href=\"https:\/\/www.instagram.com\/aconteceunovale\" target=\"_blank\">@aconteceunovale<\/a>.<\/p>\n","protected":false},"excerpt":{"rendered":"<p>Pelo menos 17 pessoas morreram e mais de 100 ficaram feridas quando um avi\u00e3o de passageiros da Air India Express, que repatriava cidad\u00e3os indianos que estavam afastados do pa\u00eds por conta da pandemia de covid-19 ultrapassou a pista ao aterrissar durante uma forte chuva na cidade de Calicute, no sul do pa\u00eds, nesta sexta-feira (7\/8\/2020), [&hellip;]<\/p>\n","protected":false},"author":1,"featured_media":167103,"comment_status":"open","ping_status":"closed","sticky":false,"template":"","format":"standard","meta":{"amp_status":"","footnotes":""},"categories":[28848],"tags":[227084,227077,227076,227081,227082,227085,227078,227093,227092,227087,227080,227090,227091,227086,137267,227088,48760,87966,227089,227083,227079],"class_list":["post-167102","post","type-post","status-publish","format-standard","has-post-thumbnail","hentry","category-mundo","tag-acidente-aereo-em-calicute","tag-acidente-aereo-na-india","tag-acidente-aereo-na-india-deixa-ao-menos-17-mortos","tag-acidente-air-india-express","tag-acidente-com-aviao-da-air-india-express","tag-acidente-com-aviao-em-calicute","tag-acidente-com-aviao-na-india","tag-acidente-voo-air-india-express","tag-acidente-voo-air-india-express-em-calicute","tag-aeroporto-internacional-de-calicute","tag-air-india-express","tag-air-india-express-axb1344","tag-air-india-express-em-calicute","tag-boeing-737-da-air-india-express","tag-calicute","tag-hardeep-singh-puri","tag-india","tag-kerala","tag-mangalore","tag-queda-de-aviao-da-air-india-express","tag-queda-de-aviao-na-india"],"yoast_head":"<!-- This site is optimized with the Yoast SEO plugin v28.3 - https:\/\/yoast.com\/product\/yoast-seo-wordpress\/ -->\n<title>Acidente a\u00e9reo na \u00cdndia deixa ao menos 17 mortos - Aconteceu no Vale<\/title>\n<meta name=\"robots\" content=\"index, follow, max-snippet:-1, max-image-preview:large, max-video-preview:-1\" \/>\n<link rel=\"canonical\" href=\"https:\/\/aconteceunovale.com.br\/portal\/?p=167102\" \/>\n<meta property=\"og:locale\" content=\"pt_BR\" \/>\n<meta property=\"og:type\" content=\"article\" \/>\n<meta property=\"og:title\" content=\"Acidente a\u00e9reo na \u00cdndia deixa ao menos 17 mortos - Aconteceu no Vale\" \/>\n<meta property=\"og:description\" content=\"Pelo menos 17 pessoas morreram e mais de 100 ficaram feridas quando um avi\u00e3o de passageiros da Air India Express, que repatriava cidad\u00e3os indianos que estavam afastados do pa\u00eds por conta da pandemia de covid-19 ultrapassou a pista ao aterrissar durante uma forte chuva na cidade de Calicute, no sul do pa\u00eds, nesta sexta-feira (7\/8\/2020), [&hellip;]\" \/>\n<meta property=\"og:url\" content=\"https:\/\/aconteceunovale.com.br\/portal\/?p=167102\" \/>\n<meta property=\"og:site_name\" content=\"Aconteceu no Vale\" \/>\n<meta property=\"article:publisher\" content=\"https:\/\/www.facebook.com\/aconteceunovale\/\" \/>\n<meta property=\"article:published_time\" content=\"2020-08-08T00:09:25+00:00\" \/>\n<meta property=\"article:modified_time\" content=\"2020-08-08T00:10:03+00:00\" \/>\n<meta property=\"og:image\" content=\"https:\/\/aconteceunovale.com.br\/portal\/wp-content\/uploads\/2020\/08\/acidente_aero_india_3.jpg\" \/>\n\t<meta property=\"og:image:width\" content=\"600\" \/>\n\t<meta property=\"og:image:height\" content=\"450\" \/>\n\t<meta property=\"og:image:type\" content=\"image\/jpeg\" \/>\n<meta name=\"author\" content=\"Aconteceu no Vale\" \/>\n<meta name=\"twitter:card\" content=\"summary_large_image\" \/>\n<meta name=\"twitter:creator\" content=\"@noticiadosvales\" \/>\n<meta name=\"twitter:site\" content=\"@noticiadosvales\" \/>\n<meta name=\"twitter:label1\" content=\"Escrito por\" \/>\n\t<meta name=\"twitter:data1\" content=\"Aconteceu no Vale\" \/>\n\t<meta name=\"twitter:label2\" content=\"Est. tempo de leitura\" \/>\n\t<meta name=\"twitter:data2\" content=\"3 minutos\" \/>\n<script type=\"application\/ld+json\" class=\"yoast-schema-graph\">{\"@context\":\"https:\\\/\\\/schema.org\",\"@graph\":[{\"@type\":\"Article\",\"@id\":\"https:\\\/\\\/aconteceunovale.com.br\\\/portal\\\/?p=167102#article\",\"isPartOf\":{\"@id\":\"https:\\\/\\\/aconteceunovale.com.br\\\/portal\\\/?p=167102\"},\"author\":{\"name\":\"Aconteceu no Vale\",\"@id\":\"https:\\\/\\\/aconteceunovale.com.br\\\/portal\\\/#\\\/schema\\\/person\\\/633529146f2c94272bef50ac2953d589\"},\"headline\":\"Acidente a\u00e9reo na \u00cdndia deixa ao menos 17 mortos\",\"datePublished\":\"2020-08-08T00:09:25+00:00\",\"dateModified\":\"2020-08-08T00:10:03+00:00\",\"mainEntityOfPage\":{\"@id\":\"https:\\\/\\\/aconteceunovale.com.br\\\/portal\\\/?p=167102\"},\"wordCount\":517,\"commentCount\":0,\"image\":{\"@id\":\"https:\\\/\\\/aconteceunovale.com.br\\\/portal\\\/?p=167102#primaryimage\"},\"thumbnailUrl\":\"https:\\\/\\\/aconteceunovale.com.br\\\/portal\\\/wp-content\\\/uploads\\\/2020\\\/08\\\/acidente_aero_india_3.jpg\",\"keywords\":[\"Acidente a\u00e9reo em Calicute\",\"Acidente a\u00e9reo na \u00cdndia\",\"Acidente a\u00e9reo na \u00cdndia deixa ao menos 17 mortos\",\"Acidente Air India Express\",\"Acidente com avi\u00e3o da Air India Express\",\"Acidente com avi\u00e3o em Calicute\",\"Acidente com avi\u00e3o na \u00cdndia\",\"Acidente voo Air India Express\",\"Acidente voo Air India Express em Calicute\",\"Aeroporto Internacional de Calicute\",\"Air India Express\",\"Air India Express AXB1344\",\"Air India Express em Calicute\",\"Boeing 737 da Air India Express\",\"Calicute\",\"Hardeep Singh Puri\",\"\u00cdndia\",\"Kerala\",\"Mangalore\",\"Queda de avi\u00e3o da Air India Express\",\"Queda de avi\u00e3o na \u00cdndia\"],\"articleSection\":[\"Mundo\"],\"inLanguage\":\"pt-BR\",\"potentialAction\":[{\"@type\":\"CommentAction\",\"name\":\"Comment\",\"target\":[\"https:\\\/\\\/aconteceunovale.com.br\\\/portal\\\/?p=167102#respond\"]}]},{\"@type\":\"WebPage\",\"@id\":\"https:\\\/\\\/aconteceunovale.com.br\\\/portal\\\/?p=167102\",\"url\":\"https:\\\/\\\/aconteceunovale.com.br\\\/portal\\\/?p=167102\",\"name\":\"Acidente a\u00e9reo na \u00cdndia deixa ao menos 17 mortos - Aconteceu no Vale\",\"isPartOf\":{\"@id\":\"https:\\\/\\\/aconteceunovale.com.br\\\/portal\\\/#website\"},\"primaryImageOfPage\":{\"@id\":\"https:\\\/\\\/aconteceunovale.com.br\\\/portal\\\/?p=167102#primaryimage\"},\"image\":{\"@id\":\"https:\\\/\\\/aconteceunovale.com.br\\\/portal\\\/?p=167102#primaryimage\"},\"thumbnailUrl\":\"https:\\\/\\\/aconteceunovale.com.br\\\/portal\\\/wp-content\\\/uploads\\\/2020\\\/08\\\/acidente_aero_india_3.jpg\",\"datePublished\":\"2020-08-08T00:09:25+00:00\",\"dateModified\":\"2020-08-08T00:10:03+00:00\",\"author\":{\"@id\":\"https:\\\/\\\/aconteceunovale.com.br\\\/portal\\\/#\\\/schema\\\/person\\\/633529146f2c94272bef50ac2953d589\"},\"breadcrumb\":{\"@id\":\"https:\\\/\\\/aconteceunovale.com.br\\\/portal\\\/?p=167102#breadcrumb\"},\"inLanguage\":\"pt-BR\",\"potentialAction\":[{\"@type\":\"ReadAction\",\"target\":[\"https:\\\/\\\/aconteceunovale.com.br\\\/portal\\\/?p=167102\"]}]},{\"@type\":\"ImageObject\",\"inLanguage\":\"pt-BR\",\"@id\":\"https:\\\/\\\/aconteceunovale.com.br\\\/portal\\\/?p=167102#primaryimage\",\"url\":\"https:\\\/\\\/aconteceunovale.com.br\\\/portal\\\/wp-content\\\/uploads\\\/2020\\\/08\\\/acidente_aero_india_3.jpg\",\"contentUrl\":\"https:\\\/\\\/aconteceunovale.com.br\\\/portal\\\/wp-content\\\/uploads\\\/2020\\\/08\\\/acidente_aero_india_3.jpg\",\"width\":600,\"height\":450},{\"@type\":\"BreadcrumbList\",\"@id\":\"https:\\\/\\\/aconteceunovale.com.br\\\/portal\\\/?p=167102#breadcrumb\",\"itemListElement\":[{\"@type\":\"ListItem\",\"position\":1,\"name\":\"In\u00edcio\",\"item\":\"https:\\\/\\\/aconteceunovale.com.br\\\/portal\\\/\"},{\"@type\":\"ListItem\",\"position\":2,\"name\":\"Acidente a\u00e9reo na \u00cdndia deixa ao menos 17 mortos\"}]},{\"@type\":\"WebSite\",\"@id\":\"https:\\\/\\\/aconteceunovale.com.br\\\/portal\\\/#website\",\"url\":\"https:\\\/\\\/aconteceunovale.com.br\\\/portal\\\/\",\"name\":\"Aconteceu no Vale\",\"description\":\"Portal de Not\u00edcias\",\"potentialAction\":[{\"@type\":\"SearchAction\",\"target\":{\"@type\":\"EntryPoint\",\"urlTemplate\":\"https:\\\/\\\/aconteceunovale.com.br\\\/portal\\\/?s={search_term_string}\"},\"query-input\":{\"@type\":\"PropertyValueSpecification\",\"valueRequired\":true,\"valueName\":\"search_term_string\"}}],\"inLanguage\":\"pt-BR\"},{\"@type\":\"Person\",\"@id\":\"https:\\\/\\\/aconteceunovale.com.br\\\/portal\\\/#\\\/schema\\\/person\\\/633529146f2c94272bef50ac2953d589\",\"name\":\"Aconteceu no Vale\",\"description\":\"Equipe de reportagem do Aconteceu no Vale, portal de not\u00edcias do Vale do Jequitinhonha, em Minas Gerais. Cobrimos as 51 cidades do Vale desde 2013. Sugest\u00f5es de pauta e pedidos de corre\u00e7\u00e3o: contato@aconteceunovale.com.br\",\"sameAs\":[\"http:\\\/\\\/www.aconteceunovale.com.br\"],\"url\":\"https:\\\/\\\/aconteceunovale.com.br\\\/portal\\\/?author=1\"}]}<\/script>\n<!-- \/ Yoast SEO plugin. -->","yoast_head_json":{"title":"Acidente a\u00e9reo na \u00cdndia deixa ao menos 17 mortos - Aconteceu no Vale","robots":{"index":"index","follow":"follow","max-snippet":"max-snippet:-1","max-image-preview":"max-image-preview:large","max-video-preview":"max-video-preview:-1"},"canonical":"https:\/\/aconteceunovale.com.br\/portal\/?p=167102","og_locale":"pt_BR","og_type":"article","og_title":"Acidente a\u00e9reo na \u00cdndia deixa ao menos 17 mortos - Aconteceu no Vale","og_description":"Pelo menos 17 pessoas morreram e mais de 100 ficaram feridas quando um avi\u00e3o de passageiros da Air India Express, que repatriava cidad\u00e3os indianos que estavam afastados do pa\u00eds por conta da pandemia de covid-19 ultrapassou a pista ao aterrissar durante uma forte chuva na cidade de Calicute, no sul do pa\u00eds, nesta sexta-feira (7\/8\/2020), [&hellip;]","og_url":"https:\/\/aconteceunovale.com.br\/portal\/?p=167102","og_site_name":"Aconteceu no Vale","article_publisher":"https:\/\/www.facebook.com\/aconteceunovale\/","article_published_time":"2020-08-08T00:09:25+00:00","article_modified_time":"2020-08-08T00:10:03+00:00","og_image":[{"width":600,"height":450,"url":"https:\/\/aconteceunovale.com.br\/portal\/wp-content\/uploads\/2020\/08\/acidente_aero_india_3.jpg","type":"image\/jpeg"}],"author":"Aconteceu no Vale","twitter_card":"summary_large_image","twitter_creator":"@noticiadosvales","twitter_site":"@noticiadosvales","twitter_misc":{"Escrito por":"Aconteceu no Vale","Est. tempo de leitura":"3 minutos"},"schema":{"@context":"https:\/\/schema.org","@graph":[{"@type":"Article","@id":"https:\/\/aconteceunovale.com.br\/portal\/?p=167102#article","isPartOf":{"@id":"https:\/\/aconteceunovale.com.br\/portal\/?p=167102"},"author":{"name":"Aconteceu no Vale","@id":"https:\/\/aconteceunovale.com.br\/portal\/#\/schema\/person\/633529146f2c94272bef50ac2953d589"},"headline":"Acidente a\u00e9reo na \u00cdndia deixa ao menos 17 mortos","datePublished":"2020-08-08T00:09:25+00:00","dateModified":"2020-08-08T00:10:03+00:00","mainEntityOfPage":{"@id":"https:\/\/aconteceunovale.com.br\/portal\/?p=167102"},"wordCount":517,"commentCount":0,"image":{"@id":"https:\/\/aconteceunovale.com.br\/portal\/?p=167102#primaryimage"},"thumbnailUrl":"https:\/\/aconteceunovale.com.br\/portal\/wp-content\/uploads\/2020\/08\/acidente_aero_india_3.jpg","keywords":["Acidente a\u00e9reo em Calicute","Acidente a\u00e9reo na \u00cdndia","Acidente a\u00e9reo na \u00cdndia deixa ao menos 17 mortos","Acidente Air India Express","Acidente com avi\u00e3o da Air India Express","Acidente com avi\u00e3o em Calicute","Acidente com avi\u00e3o na \u00cdndia","Acidente voo Air India Express","Acidente voo Air India Express em Calicute","Aeroporto Internacional de Calicute","Air India Express","Air India Express AXB1344","Air India Express em Calicute","Boeing 737 da Air India Express","Calicute","Hardeep Singh Puri","\u00cdndia","Kerala","Mangalore","Queda de avi\u00e3o da Air India Express","Queda de avi\u00e3o na \u00cdndia"],"articleSection":["Mundo"],"inLanguage":"pt-BR","potentialAction":[{"@type":"CommentAction","name":"Comment","target":["https:\/\/aconteceunovale.com.br\/portal\/?p=167102#respond"]}]},{"@type":"WebPage","@id":"https:\/\/aconteceunovale.com.br\/portal\/?p=167102","url":"https:\/\/aconteceunovale.com.br\/portal\/?p=167102","name":"Acidente a\u00e9reo na \u00cdndia deixa ao menos 17 mortos - Aconteceu no Vale","isPartOf":{"@id":"https:\/\/aconteceunovale.com.br\/portal\/#website"},"primaryImageOfPage":{"@id":"https:\/\/aconteceunovale.com.br\/portal\/?p=167102#primaryimage"},"image":{"@id":"https:\/\/aconteceunovale.com.br\/portal\/?p=167102#primaryimage"},"thumbnailUrl":"https:\/\/aconteceunovale.com.br\/portal\/wp-content\/uploads\/2020\/08\/acidente_aero_india_3.jpg","datePublished":"2020-08-08T00:09:25+00:00","dateModified":"2020-08-08T00:10:03+00:00","author":{"@id":"https:\/\/aconteceunovale.com.br\/portal\/#\/schema\/person\/633529146f2c94272bef50ac2953d589"},"breadcrumb":{"@id":"https:\/\/aconteceunovale.com.br\/portal\/?p=167102#breadcrumb"},"inLanguage":"pt-BR","potentialAction":[{"@type":"ReadAction","target":["https:\/\/aconteceunovale.com.br\/portal\/?p=167102"]}]},{"@type":"ImageObject","inLanguage":"pt-BR","@id":"https:\/\/aconteceunovale.com.br\/portal\/?p=167102#primaryimage","url":"https:\/\/aconteceunovale.com.br\/portal\/wp-content\/uploads\/2020\/08\/acidente_aero_india_3.jpg","contentUrl":"https:\/\/aconteceunovale.com.br\/portal\/wp-content\/uploads\/2020\/08\/acidente_aero_india_3.jpg","width":600,"height":450},{"@type":"BreadcrumbList","@id":"https:\/\/aconteceunovale.com.br\/portal\/?p=167102#breadcrumb","itemListElement":[{"@type":"ListItem","position":1,"name":"In\u00edcio","item":"https:\/\/aconteceunovale.com.br\/portal\/"},{"@type":"ListItem","position":2,"name":"Acidente a\u00e9reo na \u00cdndia deixa ao menos 17 mortos"}]},{"@type":"WebSite","@id":"https:\/\/aconteceunovale.com.br\/portal\/#website","url":"https:\/\/aconteceunovale.com.br\/portal\/","name":"Aconteceu no Vale","description":"Portal de Not\u00edcias","potentialAction":[{"@type":"SearchAction","target":{"@type":"EntryPoint","urlTemplate":"https:\/\/aconteceunovale.com.br\/portal\/?s={search_term_string}"},"query-input":{"@type":"PropertyValueSpecification","valueRequired":true,"valueName":"search_term_string"}}],"inLanguage":"pt-BR"},{"@type":"Person","@id":"https:\/\/aconteceunovale.com.br\/portal\/#\/schema\/person\/633529146f2c94272bef50ac2953d589","name":"Aconteceu no Vale","description":"Equipe de reportagem do Aconteceu no Vale, portal de not\u00edcias do Vale do Jequitinhonha, em Minas Gerais. Cobrimos as 51 cidades do Vale desde 2013. Sugest\u00f5es de pauta e pedidos de corre\u00e7\u00e3o: contato@aconteceunovale.com.br","sameAs":["http:\/\/www.aconteceunovale.com.br"],"url":"https:\/\/aconteceunovale.com.br\/portal\/?author=1"}]}},"_links":{"self":[{"href":"https:\/\/aconteceunovale.com.br\/portal\/index.php?rest_route=\/wp\/v2\/posts\/167102","targetHints":{"allow":["GET"]}}],"collection":[{"href":"https:\/\/aconteceunovale.com.br\/portal\/index.php?rest_route=\/wp\/v2\/posts"}],"about":[{"href":"https:\/\/aconteceunovale.com.br\/portal\/index.php?rest_route=\/wp\/v2\/types\/post"}],"author":[{"embeddable":true,"href":"https:\/\/aconteceunovale.com.br\/portal\/index.php?rest_route=\/wp\/v2\/users\/1"}],"replies":[{"embeddable":true,"href":"https:\/\/aconteceunovale.com.br\/portal\/index.php?rest_route=%2Fwp%2Fv2%2Fcomments&post=167102"}],"version-history":[{"count":1,"href":"https:\/\/aconteceunovale.com.br\/portal\/index.php?rest_route=\/wp\/v2\/posts\/167102\/revisions"}],"predecessor-version":[{"id":167106,"href":"https:\/\/aconteceunovale.com.br\/portal\/index.php?rest_route=\/wp\/v2\/posts\/167102\/revisions\/167106"}],"wp:featuredmedia":[{"embeddable":true,"href":"https:\/\/aconteceunovale.com.br\/portal\/index.php?rest_route=\/wp\/v2\/media\/167103"}],"wp:attachment":[{"href":"https:\/\/aconteceunovale.com.br\/portal\/index.php?rest_route=%2Fwp%2Fv2%2Fmedia&parent=167102"}],"wp:term":[{"taxonomy":"category","embeddable":true,"href":"https:\/\/aconteceunovale.com.br\/portal\/index.php?rest_route=%2Fwp%2Fv2%2Fcategories&post=167102"},{"taxonomy":"post_tag","embeddable":true,"href":"https:\/\/aconteceunovale.com.br\/portal\/index.php?rest_route=%2Fwp%2Fv2%2Ftags&post=167102"}],"curies":[{"name":"wp","href":"https:\/\/api.w.org\/{rel}","templated":true}]}}