{"id":167071,"date":"2020-08-06T22:46:30","date_gmt":"2020-08-07T01:46:30","guid":{"rendered":"https:\/\/aconteceunovale.com.br\/portal\/?p=167071"},"modified":"2020-08-06T22:47:16","modified_gmt":"2020-08-07T01:47:16","slug":"medida-provisoria-destina-r-199-bilhao-para-viabilizar-vacina-contra-covid-19","status":"publish","type":"post","link":"https:\/\/aconteceunovale.com.br\/portal\/?p=167071","title":{"rendered":"Medida Provis\u00f3ria destina R$ 1,99 bilh\u00e3o para viabilizar vacina contra Covid-19"},"content":{"rendered":"\n<p>O presidente Jair Bolsonaro assinou nesta quinta-feira (6) a medida provis\u00f3ria (MP) que abre cr\u00e9dito extraordin\u00e1rio de R$ 1,9 bilh\u00e3o para viabilizar a produ\u00e7\u00e3o e aquisi\u00e7\u00e3o da vacina contra a covid-19, que est\u00e1 sendo desenvolvida pelo laborat\u00f3rio AstraZeneca, em parceria com a Universidade de Oxford. A transfer\u00eancia de tecnologia na formula\u00e7\u00e3o, envase e controle de qualidade da vacina ser\u00e1 realizada por meio de um acordo da empresa brit\u00e2nica com a Funda\u00e7\u00e3o Oswaldo Cruz (Fiocruz), vinculada ao Minist\u00e9rio da Sa\u00fade. Com isso, caso a efic\u00e1cia do imunobiol\u00f3gico seja comprovada, o Brasil dever\u00e1 produzir 100 milh\u00f5es de doses.&nbsp;<img decoding=\"async\" src=\"https:\/\/agenciabrasil.ebc.com.br\/ebc.png?id=1313159&amp;o=node\"><img decoding=\"async\" src=\"https:\/\/agenciabrasil.ebc.com.br\/ebc.gif?id=1313159&amp;o=node\"><\/p>\n\n\n\n<p>&#8220;Assinamos esse protocolo no passado e passamos a fazer parte desse seleto grupo. A nossa contrapartida \u00e9 basicamente financeira no momento, quase R$ 2 bilh\u00f5es. Talvez em dezembro ou janeiro exista a possibilidade da vacina e da\u00ed esse problema estar\u00e1 vencido poucas semanas depois&#8221;, afirmou o presidente, durante cerim\u00f4nia de assinatura da MP, no Pal\u00e1cio do Planalto.<\/p>\n\n\n\n<p>O acordo entre Fiocruz e AstraZeneca \u00e9 resultado da coopera\u00e7\u00e3o entre o governo brasileiro e governo brit\u00e2nico, anunciado em 27 de junho pelo Minist\u00e9rio da Sa\u00fade. O pr\u00f3ximo passo ser\u00e1 a assinatura de um contrato de encomenda tecnol\u00f3gica, previsto para este m\u00eas, que garante o acesso a 100 milh\u00f5es de doses do insumo da vacina, das quais 30 milh\u00f5es de doses entre dezembro e janeiro e 70 milh\u00f5es ao longo dos dois primeiros trimestres de 2021. Em todo o mundo, esta \u00e9 uma das vacinas que est\u00e3o em est\u00e1gio mais avan\u00e7ado, j\u00e1 em testes cl\u00ednicos com seres humanos.&nbsp;<\/p>\n\n\n\n<p>&#8220;Estamos garantindo a aplica\u00e7\u00e3o de recursos em uma vacina que tem se mostrado a mais promissora do mundo. O investimento \u00e9 significativo, n\u00e3o apenas no seu valor, quase R$ 2 bilh\u00f5es, mas tamb\u00e9m aponta para a busca de solu\u00e7\u00f5es que permitam ao Brasil desenvolver tecnologias para a prote\u00e7\u00e3o dos brasileiros. Esse \u00e9 um acordo de transfer\u00eancia de tecnologia, isso significa que estamos garantindo a produ\u00e7\u00e3o e entrega, inicialmente, de 100 milh\u00f5es de doses, al\u00e9m de trazer para o pa\u00eds a capacidade de utilizar, na ind\u00fastria nacional, essa nova tecnologia e dar sustentabilidade ao programa brasileiro de imuniza\u00e7\u00f5es&#8221;, destacou o ministro interino da Sa\u00fade, Eduardo Pazuello.&nbsp; &nbsp;&nbsp;<\/p>\n\n\n\n<p>Se a vacina for eficaz e o cronograma previsto pelo governo se cumprir, a expectativa \u00e9 que haja uma grande campanha nacional de vacina\u00e7\u00e3o contra a covid-19 no in\u00edcio do pr\u00f3ximo ano, dirigida a p\u00fablicos priorit\u00e1rios, como idosos, profissionais da sa\u00fade e pessoas com doen\u00e7as preexistentes.&nbsp;&nbsp;<\/p>\n\n\n\n<p>Do total de recursos liberados, o Minist\u00e9rio da Sa\u00fade prev\u00ea um repasse de R$ 522,1 milh\u00f5es na estrutura de Bio-Manguinhos, unidade da Fiocruz produtora de imunobiol\u00f3gicos. O objetivo \u00e9 ampliar a capacidade nacional de produ\u00e7\u00e3o de vacinas e tecnologia dispon\u00edvel para a prote\u00e7\u00e3o da popula\u00e7\u00e3o, afirma a pasta. Um total de R$ 1,3 bilh\u00e3o s\u00e3o despesas referentes a pagamentos previstos no contrato de encomenda tecnol\u00f3gica. Os valores contemplam a finaliza\u00e7\u00e3o da vacina. O acordo prev\u00ea o in\u00edcio da produ\u00e7\u00e3o da vacina no Brasil a partir de dezembro deste ano e garante total dom\u00ednio tecnol\u00f3gico para que Bio-Manguinhos tenha condi\u00e7\u00f5es de produzir a vacina de forma independente.<\/p>\n\n\n\n<h2 class=\"wp-block-heading\">A vacina<\/h2>\n\n\n\n<p>Desenvolvida pela Universidade de Oxford, a vacina foi elaborada atrav\u00e9s da plataforma tecnol\u00f3gica de v\u00edrus n\u00e3o replicante (a partir do adenov\u00edrus de chimpanz\u00e9, obt\u00e9m-se um adenov\u00edrus geneticamente modificado, por meio da inser\u00e7\u00e3o do gene que codifica a prote\u00edna S do v\u00edrus SARS-COV-2). De acordo com o governo, embora seja baseada em uma nova tecnologia, esta plataforma j\u00e1 foi testada anteriormente para outras doen\u00e7as, como, por exemplo, nos surtos de ebola e MERS (s\u00edndrome respirat\u00f3ria do Oriente M\u00e9dio causada por outro tipo de coronav\u00edrus) e \u00e9 semelhante a outras plataformas da Bio-Manguinhos\/Fiocruz, o que facilita a sua implanta\u00e7\u00e3o em tempo reduzido. A vacina est\u00e1 na Fase 3 dos ensaios cl\u00ednicos, que \u00e9 a \u00faltima etapa de testes em seres humanos para determinar a seguran\u00e7a e efic\u00e1cia.<\/p>\n\n\n\n<h2 class=\"wp-block-heading\">Assista \u00e0 cerim\u00f4nia na \u00edntegra<\/h2>\n\n\n\n<figure><iframe loading=\"lazy\" src=\"https:\/\/www.facebook.com\/plugins\/video.php?href=https%3A%2F%2Fwww.facebook.com%2Fagenciabrasil.ebc%2Fvideos%2F3700837626596263%2F&amp;show_text=0&amp;width=560\" width=\"100%\" height=\"400\" allowfullscreen=\"true\"><\/iframe><\/figure>\n\n\n\n<p class=\"has-background has-very-light-gray-background-color\">Quer saber as not\u00edcias do <strong>Aconteceu no Vale<\/strong> em primeira m\u00e3o? Siga-nos no Facebook <a rel=\"noreferrer noopener\" href=\"http:\/\/facebook.com\/aconteceunovale\" target=\"_blank\">@aconteceunovale<\/a>, Twitter <a rel=\"noreferrer noopener\" href=\"https:\/\/twitter.com\/noticiadosvales\" target=\"_blank\">@noticiadosvales<\/a> e Instagram <a rel=\"noreferrer noopener\" href=\"https:\/\/www.instagram.com\/aconteceunovale\" target=\"_blank\">@aconteceunovale<\/a>.<\/p>\n","protected":false},"excerpt":{"rendered":"<p>O presidente Jair Bolsonaro assinou nesta quinta-feira (6) a medida provis\u00f3ria (MP) que abre cr\u00e9dito extraordin\u00e1rio de R$ 1,9 bilh\u00e3o para viabilizar a produ\u00e7\u00e3o e aquisi\u00e7\u00e3o da vacina contra a covid-19, que est\u00e1 sendo desenvolvida pelo laborat\u00f3rio AstraZeneca, em parceria com a Universidade de Oxford. A transfer\u00eancia de tecnologia na formula\u00e7\u00e3o, envase e controle de [&hellip;]<\/p>\n","protected":false},"author":1,"featured_media":167072,"comment_status":"open","ping_status":"closed","sticky":false,"template":"","format":"standard","meta":{"amp_status":"","footnotes":""},"categories":[6,40240,40242],"tags":[2278,224214,224638,224211,214884,216498,1018,224636,81258,105724,224479,43376,224213,224635,19326,224483,215653,140166,219687,224485,218365,219103,224484,224482,224481,224480,224637,224212,224215,78002,80737,224210,219773,160110],"class_list":["post-167071","post","type-post","status-publish","format-standard","has-post-thumbnail","hentry","category-br","category-politica-2","category-saude-2","tag-anvisa","tag-astrazeneca","tag-astrazeneca-brazil","tag-chadox1-ncov-19","tag-coronavirus","tag-covid-19","tag-destaque","tag-diretora-do-grupo-astrazeneca","tag-fundacao-lemann","tag-governo-brasileiro","tag-governo-brasileiro-anuncia-parceria-para-producao-de-vacina-contra-covid-19","tag-instituto-butantan","tag-jorge-paulo-lemann","tag-maria-augusta-bernardini","tag-ministerio-da-saude","tag-ministerio-da-saude-brasileiro-anuncia-parceria-para-producao-de-vacina-contra-covid-19","tag-novo-coronavirus","tag-pandemia","tag-pandemia-da-covid-19","tag-pandemia-da-covid-19-no-brasil","tag-pandemia-do-coronavirus","tag-pandemia-do-coronavirus-no-brasil","tag-pandemia-no-brasil","tag-parceria-para-producao-de-vacina-contra-covid-19","tag-parceria-para-vacina-contra-covid-19","tag-producao-de-vacina-contra-covid-19","tag-reino-unido-no-brasil","tag-teste-da-vacina-chadox1-ncov-19","tag-testes-com-vacina-contra-covid-19-comecam-em-sao-paulo","tag-unifesp","tag-universidade-de-oxford","tag-vacina-chadox1-ncov-19","tag-vacina-contra-covid-19","tag-vijay-rangarajan"],"_links":{"self":[{"href":"https:\/\/aconteceunovale.com.br\/portal\/index.php?rest_route=\/wp\/v2\/posts\/167071","targetHints":{"allow":["GET"]}}],"collection":[{"href":"https:\/\/aconteceunovale.com.br\/portal\/index.php?rest_route=\/wp\/v2\/posts"}],"about":[{"href":"https:\/\/aconteceunovale.com.br\/portal\/index.php?rest_route=\/wp\/v2\/types\/post"}],"author":[{"embeddable":true,"href":"https:\/\/aconteceunovale.com.br\/portal\/index.php?rest_route=\/wp\/v2\/users\/1"}],"replies":[{"embeddable":true,"href":"https:\/\/aconteceunovale.com.br\/portal\/index.php?rest_route=%2Fwp%2Fv2%2Fcomments&post=167071"}],"version-history":[{"count":1,"href":"https:\/\/aconteceunovale.com.br\/portal\/index.php?rest_route=\/wp\/v2\/posts\/167071\/revisions"}],"predecessor-version":[{"id":167073,"href":"https:\/\/aconteceunovale.com.br\/portal\/index.php?rest_route=\/wp\/v2\/posts\/167071\/revisions\/167073"}],"wp:featuredmedia":[{"embeddable":true,"href":"https:\/\/aconteceunovale.com.br\/portal\/index.php?rest_route=\/wp\/v2\/media\/167072"}],"wp:attachment":[{"href":"https:\/\/aconteceunovale.com.br\/portal\/index.php?rest_route=%2Fwp%2Fv2%2Fmedia&parent=167071"}],"wp:term":[{"taxonomy":"category","embeddable":true,"href":"https:\/\/aconteceunovale.com.br\/portal\/index.php?rest_route=%2Fwp%2Fv2%2Fcategories&post=167071"},{"taxonomy":"post_tag","embeddable":true,"href":"https:\/\/aconteceunovale.com.br\/portal\/index.php?rest_route=%2Fwp%2Fv2%2Ftags&post=167071"}],"curies":[{"name":"wp","href":"https:\/\/api.w.org\/{rel}","templated":true}]}}