{"id":167068,"date":"2020-08-06T22:37:47","date_gmt":"2020-08-07T01:37:47","guid":{"rendered":"https:\/\/aconteceunovale.com.br\/portal\/?p=167068"},"modified":"2020-08-06T22:38:33","modified_gmt":"2020-08-07T01:38:33","slug":"covid-19-brasil-tem-984-mil-mortes-e-29-milhoes-de-casos","status":"publish","type":"post","link":"https:\/\/aconteceunovale.com.br\/portal\/?p=167068","title":{"rendered":"Covid-19: Brasil tem 98,4 mil mortes e 2,9 milh\u00f5es de casos"},"content":{"rendered":"\n<p>O balan\u00e7o di\u00e1rio do Minist\u00e9rio da Sa\u00fade, divulgado&nbsp;hoje&nbsp;(6\/8\/2020), totalizou 98.493 mortes desde o in\u00edcio da pandemia. Desde&nbsp;ontem, foram registrados pelas secretarias locais de sa\u00fade 1.237 \u00f3bitos.&nbsp;Ontem (5), o sistema marcava 97.256 mortes. Ainda h\u00e1 3.544 \u00f3bitos em investiga\u00e7\u00e3o.<\/p>\n\n\n\n<p>O n\u00famero acumulado de casos da doen\u00e7a chegou a 2.912.212. Nas \u00faltimas 24 horas,&nbsp;o painel do \u00f3rg\u00e3o recebeu a notifica\u00e7\u00e3o de 53.139 novos casos das autoridades locais de sa\u00fade. At\u00e9&nbsp;ontem, a pasta havia contabilizado 2.859.073 pessoas infectadas desde o in\u00edcio da pandemia.&nbsp;<\/p>\n\n\n\n<p>De acordo com o\u00a0Minist\u00e9rio da Sa\u00fade, h\u00e1 766.059 pacientes em acompanhamento, e\u00a02.047.660 pessoas recuperadas da doen\u00e7a.<\/p>\n\n\n\n<h2 class=\"wp-block-heading\">Covid-19 nos estados<\/h2>\n\n\n\n<p>Os estados com mais mortes por covid-19 s\u00e3o: S\u00e3o Paulo (24.448), Rio&nbsp;de Janeiro&nbsp;(13.941), Cear\u00e1 (7.893), Pernambuco (6.828) e Par\u00e1 (5.835). As Unidades da Federa\u00e7\u00e3o com menos falecimentos pela pandemia s\u00e3o: Tocantins (428), Mato Grosso do Sul (458), Roraima (538), Acre (552) e Amap\u00e1 (594).<\/p>\n\n\n\n<p>J\u00e1 em termos de casos, S\u00e3o Paulo lidera (598.670), seguido por Bahia (183.690), Cear\u00e1 (183.301), Rio&nbsp;de Janeiro&nbsp;(174.064) e Par\u00e1 (162.822). A Bahia ultrapassou o Cear\u00e1 e assumiu a&nbsp;segunda&nbsp;coloca\u00e7\u00e3o no&nbsp;<em>ranking<\/em>.<\/p>\n\n\n\n<p>Os estados com menos pessoas infectadas at\u00e9 o momento s\u00e3o Acre (21.263), Mato Grosso do Sul (29.101), Tocantins (29.539), Roraima (34.929) e Amap\u00e1 (37.735). O Acre consolidou a posi\u00e7\u00e3o de estado com menos casos. Nas \u00faltimas semanas, essa posi\u00e7\u00e3o era ocupada por Mato Grosso do Sul.<\/p>\n\n\n\n<figure class=\"wp-block-gallery columns-1 is-cropped wp-block-gallery-1 is-layout-flex wp-block-gallery-is-layout-flex\"><ul class=\"blocks-gallery-grid\"><li class=\"blocks-gallery-item\"><figure><img loading=\"lazy\" decoding=\"async\" width=\"754\" height=\"424\" src=\"https:\/\/aconteceunovale.com.br\/portal\/wp-content\/uploads\/2020\/08\/corona_br_6agosto.jpeg\" alt=\"\" data-id=\"167069\" data-full-url=\"https:\/\/aconteceunovale.com.br\/portal\/wp-content\/uploads\/2020\/08\/corona_br_6agosto.jpeg\" data-link=\"https:\/\/aconteceunovale.com.br\/portal\/?attachment_id=167069\" class=\"wp-image-167069\" srcset=\"https:\/\/aconteceunovale.com.br\/portal\/wp-content\/uploads\/2020\/08\/corona_br_6agosto.jpeg 754w, https:\/\/aconteceunovale.com.br\/portal\/wp-content\/uploads\/2020\/08\/corona_br_6agosto-300x169.jpeg 300w, https:\/\/aconteceunovale.com.br\/portal\/wp-content\/uploads\/2020\/08\/corona_br_6agosto-696x391.jpeg 696w, https:\/\/aconteceunovale.com.br\/portal\/wp-content\/uploads\/2020\/08\/corona_br_6agosto-747x420.jpeg 747w\" sizes=\"auto, (max-width: 754px) 100vw, 754px\" \/><\/figure><\/li><\/ul><\/figure>\n\n\n\n<h2 class=\"wp-block-heading\">Covid-19 no mundo<\/h2>\n\n\n\n<p>De acordo com o mapa da universidade\u00a0<a rel=\"noreferrer noopener\" href=\"https:\/\/coronavirus.jhu.edu\/map.html\" target=\"_blank\">Johns Hopkins<\/a>, as 22h30, os Estados Unidos lideram o\u00a0<em>ranking\u00a0<\/em>novo coronav\u00edrus com\u00a04.877.115 casos acumulados\u00a0e\u00a0159.990\u00a0mortes por covid-19 desde o in\u00edcio da pandemia. O Brasil ocupa a segunda posi\u00e7\u00e3o. Em terceiro lugar na lista de pa\u00edses com maior registro da doen\u00e7a est\u00e1 a \u00cdndia com 1.964.536 casos acumulados. E o M\u00e9xico est\u00e1 entre os tr\u00eas pa\u00edses com o maior n\u00famero de mortes provocadas pelo novo coronav\u00edrus, 49.698.<\/p>\n\n\n\n<p class=\"has-background has-very-light-gray-background-color\">Quer saber as not\u00edcias do <strong>Aconteceu no Vale<\/strong> em primeira m\u00e3o? Siga-nos no Facebook <a rel=\"noreferrer noopener\" href=\"http:\/\/facebook.com\/aconteceunovale\" target=\"_blank\">@aconteceunovale<\/a>, Twitter <a rel=\"noreferrer noopener\" href=\"https:\/\/twitter.com\/noticiadosvales\" target=\"_blank\">@noticiadosvales<\/a> e Instagram <a rel=\"noreferrer noopener\" href=\"https:\/\/www.instagram.com\/aconteceunovale\" target=\"_blank\">@aconteceunovale<\/a>.<\/p>\n","protected":false},"excerpt":{"rendered":"<p>O balan\u00e7o di\u00e1rio do Minist\u00e9rio da Sa\u00fade, divulgado&nbsp;hoje&nbsp;(6\/8\/2020), totalizou 98.493 mortes desde o in\u00edcio da pandemia. Desde&nbsp;ontem, foram registrados pelas secretarias locais de sa\u00fade 1.237 \u00f3bitos.&nbsp;Ontem (5), o sistema marcava 97.256 mortes. Ainda h\u00e1 3.544 \u00f3bitos em investiga\u00e7\u00e3o. O n\u00famero acumulado de casos da doen\u00e7a chegou a 2.912.212. Nas \u00faltimas 24 horas,&nbsp;o painel do \u00f3rg\u00e3o [&hellip;]<\/p>\n","protected":false},"author":1,"featured_media":167069,"comment_status":"open","ping_status":"closed","sticky":false,"template":"","format":"standard","meta":{"amp_status":"","footnotes":""},"categories":[6,28848,40242],"tags":[4785,220477,218722,218721,220660,218396,218388,219520,218787,218049,218506,218816,218205,218509,214884,218472,218817,218374,215394,218948,218505,218397,218383,219011,216498,218381,218043,218508,218395,218384,219007,219576,219579,218512,218513,18393,15469,218393,218392,218391,218663,50315,218386,218385,218382,218514,218515,19326,220349,218380,218044,218507,218398,218389,218045,218510,219874,219580,219581,219873,215653,218206,218511,218815,219578,219010,219577,219105,219104,218379,218876,218399,218390,219519,140166,217692,219008,219009,220478,220479,218394,218387,220944,220945],"class_list":{"0":"post-167068","1":"post","2":"type-post","3":"status-publish","4":"format-standard","5":"has-post-thumbnail","6":"hentry","7":"category-br","8":"category-mundo","9":"category-saude-2","10":"tag-brasil","11":"tag-brasil-bate-recorde-de-obitos-e-casos-confirmados-em-um-dia","12":"tag-brasil-tem-241-obitos-por-coronavirus","13":"tag-brasil-tem-241-obitos-por-coronavirus-e-6-836-casos-confirmados","14":"tag-brasil-ultrapassa-marca-de-4-mil-obitos-por-covid-19","15":"tag-carnificina-nos-estados-unidos","16":"tag-carnificina-nos-eua","17":"tag-casos-confirmados-e-obitos-no-brasil","19":"tag-casos-de-coronavirus-no-brasil","20":"tag-casos-de-coronavirus-no-mundo","21":"tag-casos-de-coronavirus-no-mundo-superam-1-milhao","22":"tag-casos-de-covid-19-no-brasil","23":"tag-casos-de-covid-19-no-mundo","24":"tag-coronavirus","25":"tag-coronavirus-em-27-de-marco-brasil-tem-92-mortes-e-3-417-casos-confirmados","26":"tag-coronavirus-ja-matou-mais-de-51-mil-pessoas-no-mundo","28":"tag-coronavirus-no-brasil","29":"tag-coronavirus-no-brasil-mortes-somam-359-e-infectados-sao-mais-de-9-mil","30":"tag-coronavirus-no-mundo","31":"tag-coronavirus-nos-estados-unidos","32":"tag-coronavirus-nos-eua","33":"tag-coronavirus-passa-de-258-mil-o-numero-de-pessoas-curadas","34":"tag-covid-19","36":"tag-covid-19-no-brasil","37":"tag-covid-19-no-mundo","38":"tag-covid-19-nos-estados-unidos","39":"tag-covid-19-nos-eua","40":"tag-covid-19-passa-de-258-mil-o-numero-de-pessoas-curadas","41":"tag-curados-coronavirus","42":"tag-curados-covid-19","43":"tag-curados-de-coronavirus","44":"tag-curados-de-covid-19","46":"tag-estados-unidos","47":"tag-estados-unidos-coronavirus","48":"tag-estados-unidos-covid-19","49":"tag-estados-unidos-tem-mais-de-1-000-mortes-por-coronavirus","50":"tag-estados-unidos-tem-mais-de-3-700-mortes-e-181-mil-infectados-por-coronavirus","51":"tag-eua","52":"tag-eua-coronavirus","53":"tag-eua-covid-19","54":"tag-eua-tem-mais-de-1-000-mortes-por-coronavirus","55":"tag-infectados-por-coronavirus-curados","56":"tag-infectados-por-covid-19-curados","57":"tag-ministerio-da-saude","58":"tag-ministerio-da-saude-atualiza-numeros-do-coronavirus-no-brasil","60":"tag-mortes-por-coronavirus-no-brasil","61":"tag-mortes-por-coronavirus-no-mundo","62":"tag-mortes-por-coronavirus-nos-estados-unidos","63":"tag-mortes-por-coronavirus-nos-eua","64":"tag-mortes-por-covid-19-no-brasil","65":"tag-mortes-por-covid-19-no-mundo","66":"tag-mundo-ja-tem-mais-de-500-mil-recuperados-da-covid-19","67":"tag-mundo-ja-tem-quase-400-mil-curados-da-covid-19","68":"tag-mundo-ja-tem-quase-400-mil-curados-do-coronavirus","69":"tag-mundo-tem-mais-de-500-mil-pacientes-recuperados-da-covid-19","70":"tag-novo-coronavirus","71":"tag-numero-de-casos-de-covid-19-confirmados-no-brasil","72":"tag-numero-de-casos-de-covid-19-confirmados-no-mundo","73":"tag-numero-de-mortes-por-coronavirus-no-brasil-sobe-para-299","74":"tag-numero-de-pessoas-curadas-da-covid-19-passa-de-389-mil","75":"tag-numero-de-pessoas-curadas-de-coronavirus","76":"tag-numero-de-pessoas-curadas-do-novo-coronavirus-passa-de-389-mil","77":"tag-numeros-da-covid-19-no-brasil","78":"tag-numeros-do-coronavirus-no-brasil","80":"tag-obitos-por-coronavirus-no-brasil","81":"tag-obitos-por-coronavirus-nos-estados-unidos","82":"tag-obitos-por-coronavirus-nos-eua","83":"tag-obitos-por-covid-19-no-brasil","84":"tag-pandemia","85":"tag-pandemia-de-coronavirus","86":"tag-pessoas-curadas-de-coronavirus","87":"tag-pessoas-curadas-de-covid-19","88":"tag-recorde-de-obitos-por-coronavirus-no-brasil","89":"tag-recorde-de-obitos-por-covid-19-no-brasil","90":"tag-tragedia-nos-estados-unidos","91":"tag-tragedia-nos-eua","92":"tag-virus-vai-atingir-70-da-populacao","93":"tag-virus-vai-atingir-70-da-populacao-diz-jair-bolsonaro"},"_links":{"self":[{"href":"https:\/\/aconteceunovale.com.br\/portal\/index.php?rest_route=\/wp\/v2\/posts\/167068","targetHints":{"allow":["GET"]}}],"collection":[{"href":"https:\/\/aconteceunovale.com.br\/portal\/index.php?rest_route=\/wp\/v2\/posts"}],"about":[{"href":"https:\/\/aconteceunovale.com.br\/portal\/index.php?rest_route=\/wp\/v2\/types\/post"}],"author":[{"embeddable":true,"href":"https:\/\/aconteceunovale.com.br\/portal\/index.php?rest_route=\/wp\/v2\/users\/1"}],"replies":[{"embeddable":true,"href":"https:\/\/aconteceunovale.com.br\/portal\/index.php?rest_route=%2Fwp%2Fv2%2Fcomments&post=167068"}],"version-history":[{"count":1,"href":"https:\/\/aconteceunovale.com.br\/portal\/index.php?rest_route=\/wp\/v2\/posts\/167068\/revisions"}],"predecessor-version":[{"id":167070,"href":"https:\/\/aconteceunovale.com.br\/portal\/index.php?rest_route=\/wp\/v2\/posts\/167068\/revisions\/167070"}],"wp:featuredmedia":[{"embeddable":true,"href":"https:\/\/aconteceunovale.com.br\/portal\/index.php?rest_route=\/wp\/v2\/media\/167069"}],"wp:attachment":[{"href":"https:\/\/aconteceunovale.com.br\/portal\/index.php?rest_route=%2Fwp%2Fv2%2Fmedia&parent=167068"}],"wp:term":[{"taxonomy":"category","embeddable":true,"href":"https:\/\/aconteceunovale.com.br\/portal\/index.php?rest_route=%2Fwp%2Fv2%2Fcategories&post=167068"},{"taxonomy":"post_tag","embeddable":true,"href":"https:\/\/aconteceunovale.com.br\/portal\/index.php?rest_route=%2Fwp%2Fv2%2Ftags&post=167068"}],"curies":[{"name":"wp","href":"https:\/\/api.w.org\/{rel}","templated":true}]}}