{"id":167033,"date":"2020-08-06T16:16:51","date_gmt":"2020-08-06T19:16:51","guid":{"rendered":"https:\/\/aconteceunovale.com.br\/portal\/?p=167033"},"modified":"2020-08-06T16:17:18","modified_gmt":"2020-08-06T19:17:18","slug":"ministro-da-economia-diz-que-anunciara-tres-ou-quatro-privatizacoes-de-grandes-empresas","status":"publish","type":"post","link":"https:\/\/aconteceunovale.com.br\/portal\/?p=167033","title":{"rendered":"Ministro da Economia diz que anunciar\u00e1 tr\u00eas ou quatro privatiza\u00e7\u00f5es de grandes empresas"},"content":{"rendered":"\n<p class=\"wp-block-paragraph\">O ministro da Economia, Paulo Guedes, afirmou hoje (6\/8\/2020) que, dentro de 30 a 60 dias, anunciar\u00e1 tr\u00eas ou quatro privatiza\u00e7\u00f5es de grandes empresas. Ele participou de evento transmitido pela internet organizado pela Fundaci\u00f3n Internacional para la Libertad (Funda\u00e7\u00e3o Internacional pela Liberdade), presidida pelo escritor peruano Mario Vargas Llosa, ganhador do Pr\u00eamio Nobel de Literatura.<img decoding=\"async\" src=\"https:\/\/agenciabrasil.ebc.com.br\/ebc.png?id=1313140&amp;o=node\"><img decoding=\"async\" src=\"https:\/\/agenciabrasil.ebc.com.br\/ebc.gif?id=1313140&amp;o=node\"><\/p>\n\n\n\n<p class=\"wp-block-paragraph\">\u201cVamos anunciar tr\u00eas ou quatro privatiza\u00e7\u00f5es de grandes companhias\u201d, disse o ministro, que n\u00e3o anunciar\u00e1 os nomes das empresas neste momento. Ele disse acreditar no apoio do Congresso Nacional.<\/p>\n\n\n\n<p class=\"wp-block-paragraph\">Guedes afirmou que o presidente Jair Bolsonaro d\u00e1 suporte para que o governo siga com as privatiza\u00e7\u00f5es e com as reformas.<\/p>\n\n\n\n<p class=\"wp-block-paragraph\">O ministro disse ainda que, ap\u00f3s os gastos extraordin\u00e1rios necess\u00e1rios para o enfrentamento da crise gerada pela pandemia de covid-19, o governo retomar\u00e1 em 2021 a trajet\u00f3ria fiscal, com redu\u00e7\u00e3o de despesas. Ele citou que, se n\u00e3o fosse a crise gerada pela pandemia, o d\u00e9ficit prim\u00e1rio (receitas menos despesas, sem considerar gastos com juros) ficaria em 1% de tudo o que o pa\u00eds produz \u2013 Produto Interno Bruto (PIB). Com as despesas extraordin\u00e1rias necess\u00e1rias para o enfrentamento da crise, esse percentual deve ficar em 11%. \u201cNo pr\u00f3ximo ano, vamos reduzir dramaticamente os gastos\u201d, afirmou.<\/p>\n\n\n\n<p class=\"wp-block-paragraph\">Para o ministro, as medidas adotadas pelo governo para o enfrentamento da crise surtiram efeito, uma vez que as previs\u00f5es de analistas econ\u00f4micos para a queda da economia neste ano, que inicialmente superavam 10%, agora est\u00e3o um pouco abaixo de 4%. \u201cPerdemos um ano em termos de espa\u00e7o fiscal, mas n\u00f3s ganhamos milh\u00f5es de vidas, a economia continuou com os sinais vitais preservados. Ent\u00e3o, estou dizendo que o Brasil vai surpreender o mundo de novo. Surpreendeu no ano passado, quando n\u00f3s fizemos uma reforma dif\u00edcil [da Previd\u00eancia], e vamos surpreender de novo deste ano, porque estamos votando propostas\u201d, disse.<\/p>\n\n\n\n<p class=\"has-background has-very-light-gray-background-color wp-block-paragraph\">Quer saber as not\u00edcias do <strong>Aconteceu no Vale<\/strong> em primeira m\u00e3o? Siga-nos no Facebook <a rel=\"noreferrer noopener\" href=\"http:\/\/facebook.com\/aconteceunovale\" target=\"_blank\">@aconteceunovale<\/a>, Twitter <a rel=\"noreferrer noopener\" href=\"https:\/\/twitter.com\/noticiadosvales\" target=\"_blank\">@noticiadosvales<\/a> e Instagram <a rel=\"noreferrer noopener\" href=\"https:\/\/www.instagram.com\/aconteceunovale\" target=\"_blank\">@aconteceunovale<\/a>.<\/p>\n","protected":false},"excerpt":{"rendered":"<p>O ministro da Economia, Paulo Guedes, afirmou hoje (6\/8\/2020) que, dentro de 30 a 60 dias, anunciar\u00e1 tr\u00eas ou quatro privatiza\u00e7\u00f5es de grandes empresas. Ele participou de evento transmitido pela internet organizado pela Fundaci\u00f3n Internacional para la Libertad (Funda\u00e7\u00e3o Internacional pela Liberdade), presidida pelo escritor peruano Mario Vargas Llosa, ganhador do Pr\u00eamio Nobel de Literatura. [&hellip;]<\/p>\n","protected":false},"author":1,"featured_media":167034,"comment_status":"open","ping_status":"closed","sticky":false,"template":"","format":"standard","meta":{"amp_status":"","footnotes":""},"categories":[6,40240],"tags":[184405,194202,226997,227000,17364,226999,191236,226998],"class_list":["post-167033","post","type-post","status-publish","format-standard","has-post-thumbnail","hentry","category-br","category-politica","tag-governo-bolsonaro","tag-ministro-da-economia","tag-ministro-da-economia-diz-que-anunciara-tres-ou-quatro-privatizacoes-de-grandes-empresas","tag-ministro-paulo-guedes","tag-paulo-guedes","tag-privatizacao-de-estatais-no-brasil","tag-privatizacoes","tag-privatizacoes-no-brasil"],"yoast_head":"<!-- This site is optimized with the Yoast SEO plugin v28.3 - https:\/\/yoast.com\/product\/yoast-seo-wordpress\/ -->\n<title>Ministro da Economia diz que anunciar\u00e1 tr\u00eas ou quatro privatiza\u00e7\u00f5es de grandes empresas - Aconteceu no Vale<\/title>\n<meta name=\"robots\" content=\"index, follow, max-snippet:-1, max-image-preview:large, max-video-preview:-1\" \/>\n<link rel=\"canonical\" href=\"https:\/\/aconteceunovale.com.br\/portal\/?p=167033\" \/>\n<meta property=\"og:locale\" content=\"pt_BR\" \/>\n<meta property=\"og:type\" content=\"article\" \/>\n<meta property=\"og:title\" content=\"Ministro da Economia diz que anunciar\u00e1 tr\u00eas ou quatro privatiza\u00e7\u00f5es de grandes empresas - Aconteceu no Vale\" \/>\n<meta property=\"og:description\" content=\"O ministro da Economia, Paulo Guedes, afirmou hoje (6\/8\/2020) que, dentro de 30 a 60 dias, anunciar\u00e1 tr\u00eas ou quatro privatiza\u00e7\u00f5es de grandes empresas. Ele participou de evento transmitido pela internet organizado pela Fundaci\u00f3n Internacional para la Libertad (Funda\u00e7\u00e3o Internacional pela Liberdade), presidida pelo escritor peruano Mario Vargas Llosa, ganhador do Pr\u00eamio Nobel de Literatura. [&hellip;]\" \/>\n<meta property=\"og:url\" content=\"https:\/\/aconteceunovale.com.br\/portal\/?p=167033\" \/>\n<meta property=\"og:site_name\" content=\"Aconteceu no Vale\" \/>\n<meta property=\"article:publisher\" content=\"https:\/\/www.facebook.com\/aconteceunovale\/\" \/>\n<meta property=\"article:published_time\" content=\"2020-08-06T19:16:51+00:00\" \/>\n<meta property=\"article:modified_time\" content=\"2020-08-06T19:17:18+00:00\" \/>\n<meta property=\"og:image\" content=\"https:\/\/aconteceunovale.com.br\/portal\/wp-content\/uploads\/2020\/08\/paulo_guedes.jpg\" \/>\n\t<meta property=\"og:image:width\" content=\"678\" \/>\n\t<meta property=\"og:image:height\" content=\"406\" \/>\n\t<meta property=\"og:image:type\" content=\"image\/jpeg\" \/>\n<meta name=\"author\" content=\"Aconteceu no Vale\" \/>\n<meta name=\"twitter:card\" content=\"summary_large_image\" \/>\n<meta name=\"twitter:creator\" content=\"@noticiadosvales\" \/>\n<meta name=\"twitter:site\" content=\"@noticiadosvales\" \/>\n<meta name=\"twitter:label1\" content=\"Escrito por\" \/>\n\t<meta name=\"twitter:data1\" content=\"Aconteceu no Vale\" \/>\n\t<meta name=\"twitter:label2\" content=\"Est. tempo de leitura\" \/>\n\t<meta name=\"twitter:data2\" content=\"2 minutos\" \/>\n<script type=\"application\/ld+json\" class=\"yoast-schema-graph\">{\"@context\":\"https:\\\/\\\/schema.org\",\"@graph\":[{\"@type\":\"Article\",\"@id\":\"https:\\\/\\\/aconteceunovale.com.br\\\/portal\\\/?p=167033#article\",\"isPartOf\":{\"@id\":\"https:\\\/\\\/aconteceunovale.com.br\\\/portal\\\/?p=167033\"},\"author\":{\"name\":\"Aconteceu no Vale\",\"@id\":\"https:\\\/\\\/aconteceunovale.com.br\\\/portal\\\/#\\\/schema\\\/person\\\/633529146f2c94272bef50ac2953d589\"},\"headline\":\"Ministro da Economia diz que anunciar\u00e1 tr\u00eas ou quatro privatiza\u00e7\u00f5es de grandes empresas\",\"datePublished\":\"2020-08-06T19:16:51+00:00\",\"dateModified\":\"2020-08-06T19:17:18+00:00\",\"mainEntityOfPage\":{\"@id\":\"https:\\\/\\\/aconteceunovale.com.br\\\/portal\\\/?p=167033\"},\"wordCount\":357,\"commentCount\":0,\"image\":{\"@id\":\"https:\\\/\\\/aconteceunovale.com.br\\\/portal\\\/?p=167033#primaryimage\"},\"thumbnailUrl\":\"https:\\\/\\\/aconteceunovale.com.br\\\/portal\\\/wp-content\\\/uploads\\\/2020\\\/08\\\/paulo_guedes.jpg\",\"keywords\":[\"Governo Bolsonaro\",\"ministro da Economia\",\"Ministro da Economia diz que anunciar\u00e1 tr\u00eas ou quatro privatiza\u00e7\u00f5es de grandes empresas\",\"Ministro Paulo Guedes\",\"Paulo Guedes\",\"Privatiza\u00e7\u00e3o de estatais no Brasil\",\"privatiza\u00e7\u00f5es\",\"Privatiza\u00e7\u00f5es no Brasil\"],\"articleSection\":[\"Brasil\",\"Pol\u00edtica\"],\"inLanguage\":\"pt-BR\",\"potentialAction\":[{\"@type\":\"CommentAction\",\"name\":\"Comment\",\"target\":[\"https:\\\/\\\/aconteceunovale.com.br\\\/portal\\\/?p=167033#respond\"]}]},{\"@type\":\"WebPage\",\"@id\":\"https:\\\/\\\/aconteceunovale.com.br\\\/portal\\\/?p=167033\",\"url\":\"https:\\\/\\\/aconteceunovale.com.br\\\/portal\\\/?p=167033\",\"name\":\"Ministro da Economia diz que anunciar\u00e1 tr\u00eas ou quatro privatiza\u00e7\u00f5es de grandes empresas - Aconteceu no Vale\",\"isPartOf\":{\"@id\":\"https:\\\/\\\/aconteceunovale.com.br\\\/portal\\\/#website\"},\"primaryImageOfPage\":{\"@id\":\"https:\\\/\\\/aconteceunovale.com.br\\\/portal\\\/?p=167033#primaryimage\"},\"image\":{\"@id\":\"https:\\\/\\\/aconteceunovale.com.br\\\/portal\\\/?p=167033#primaryimage\"},\"thumbnailUrl\":\"https:\\\/\\\/aconteceunovale.com.br\\\/portal\\\/wp-content\\\/uploads\\\/2020\\\/08\\\/paulo_guedes.jpg\",\"datePublished\":\"2020-08-06T19:16:51+00:00\",\"dateModified\":\"2020-08-06T19:17:18+00:00\",\"author\":{\"@id\":\"https:\\\/\\\/aconteceunovale.com.br\\\/portal\\\/#\\\/schema\\\/person\\\/633529146f2c94272bef50ac2953d589\"},\"breadcrumb\":{\"@id\":\"https:\\\/\\\/aconteceunovale.com.br\\\/portal\\\/?p=167033#breadcrumb\"},\"inLanguage\":\"pt-BR\",\"potentialAction\":[{\"@type\":\"ReadAction\",\"target\":[\"https:\\\/\\\/aconteceunovale.com.br\\\/portal\\\/?p=167033\"]}]},{\"@type\":\"ImageObject\",\"inLanguage\":\"pt-BR\",\"@id\":\"https:\\\/\\\/aconteceunovale.com.br\\\/portal\\\/?p=167033#primaryimage\",\"url\":\"https:\\\/\\\/aconteceunovale.com.br\\\/portal\\\/wp-content\\\/uploads\\\/2020\\\/08\\\/paulo_guedes.jpg\",\"contentUrl\":\"https:\\\/\\\/aconteceunovale.com.br\\\/portal\\\/wp-content\\\/uploads\\\/2020\\\/08\\\/paulo_guedes.jpg\",\"width\":678,\"height\":406,\"caption\":\"O ministro da Economia, Paulo Guedes. fala \u00e0 imprensa no Pal\u00e1cio do Planalto\"},{\"@type\":\"BreadcrumbList\",\"@id\":\"https:\\\/\\\/aconteceunovale.com.br\\\/portal\\\/?p=167033#breadcrumb\",\"itemListElement\":[{\"@type\":\"ListItem\",\"position\":1,\"name\":\"In\u00edcio\",\"item\":\"https:\\\/\\\/aconteceunovale.com.br\\\/portal\\\/\"},{\"@type\":\"ListItem\",\"position\":2,\"name\":\"Ministro da Economia diz que anunciar\u00e1 tr\u00eas ou quatro privatiza\u00e7\u00f5es de grandes empresas\"}]},{\"@type\":\"WebSite\",\"@id\":\"https:\\\/\\\/aconteceunovale.com.br\\\/portal\\\/#website\",\"url\":\"https:\\\/\\\/aconteceunovale.com.br\\\/portal\\\/\",\"name\":\"Aconteceu no Vale\",\"description\":\"Portal de Not\u00edcias\",\"potentialAction\":[{\"@type\":\"SearchAction\",\"target\":{\"@type\":\"EntryPoint\",\"urlTemplate\":\"https:\\\/\\\/aconteceunovale.com.br\\\/portal\\\/?s={search_term_string}\"},\"query-input\":{\"@type\":\"PropertyValueSpecification\",\"valueRequired\":true,\"valueName\":\"search_term_string\"}}],\"inLanguage\":\"pt-BR\"},{\"@type\":\"Person\",\"@id\":\"https:\\\/\\\/aconteceunovale.com.br\\\/portal\\\/#\\\/schema\\\/person\\\/633529146f2c94272bef50ac2953d589\",\"name\":\"Aconteceu no Vale\",\"description\":\"Equipe de reportagem do Aconteceu no Vale, portal de not\u00edcias do Vale do Jequitinhonha, em Minas Gerais. Cobrimos as 51 cidades do Vale desde 2013. Sugest\u00f5es de pauta e pedidos de corre\u00e7\u00e3o: contato@aconteceunovale.com.br\",\"sameAs\":[\"http:\\\/\\\/www.aconteceunovale.com.br\"],\"url\":\"https:\\\/\\\/aconteceunovale.com.br\\\/portal\\\/?author=1\"}]}<\/script>\n<!-- \/ Yoast SEO plugin. -->","yoast_head_json":{"title":"Ministro da Economia diz que anunciar\u00e1 tr\u00eas ou quatro privatiza\u00e7\u00f5es de grandes empresas - Aconteceu no Vale","robots":{"index":"index","follow":"follow","max-snippet":"max-snippet:-1","max-image-preview":"max-image-preview:large","max-video-preview":"max-video-preview:-1"},"canonical":"https:\/\/aconteceunovale.com.br\/portal\/?p=167033","og_locale":"pt_BR","og_type":"article","og_title":"Ministro da Economia diz que anunciar\u00e1 tr\u00eas ou quatro privatiza\u00e7\u00f5es de grandes empresas - Aconteceu no Vale","og_description":"O ministro da Economia, Paulo Guedes, afirmou hoje (6\/8\/2020) que, dentro de 30 a 60 dias, anunciar\u00e1 tr\u00eas ou quatro privatiza\u00e7\u00f5es de grandes empresas. Ele participou de evento transmitido pela internet organizado pela Fundaci\u00f3n Internacional para la Libertad (Funda\u00e7\u00e3o Internacional pela Liberdade), presidida pelo escritor peruano Mario Vargas Llosa, ganhador do Pr\u00eamio Nobel de Literatura. [&hellip;]","og_url":"https:\/\/aconteceunovale.com.br\/portal\/?p=167033","og_site_name":"Aconteceu no Vale","article_publisher":"https:\/\/www.facebook.com\/aconteceunovale\/","article_published_time":"2020-08-06T19:16:51+00:00","article_modified_time":"2020-08-06T19:17:18+00:00","og_image":[{"width":678,"height":406,"url":"https:\/\/aconteceunovale.com.br\/portal\/wp-content\/uploads\/2020\/08\/paulo_guedes.jpg","type":"image\/jpeg"}],"author":"Aconteceu no Vale","twitter_card":"summary_large_image","twitter_creator":"@noticiadosvales","twitter_site":"@noticiadosvales","twitter_misc":{"Escrito por":"Aconteceu no Vale","Est. tempo de leitura":"2 minutos"},"schema":{"@context":"https:\/\/schema.org","@graph":[{"@type":"Article","@id":"https:\/\/aconteceunovale.com.br\/portal\/?p=167033#article","isPartOf":{"@id":"https:\/\/aconteceunovale.com.br\/portal\/?p=167033"},"author":{"name":"Aconteceu no Vale","@id":"https:\/\/aconteceunovale.com.br\/portal\/#\/schema\/person\/633529146f2c94272bef50ac2953d589"},"headline":"Ministro da Economia diz que anunciar\u00e1 tr\u00eas ou quatro privatiza\u00e7\u00f5es de grandes empresas","datePublished":"2020-08-06T19:16:51+00:00","dateModified":"2020-08-06T19:17:18+00:00","mainEntityOfPage":{"@id":"https:\/\/aconteceunovale.com.br\/portal\/?p=167033"},"wordCount":357,"commentCount":0,"image":{"@id":"https:\/\/aconteceunovale.com.br\/portal\/?p=167033#primaryimage"},"thumbnailUrl":"https:\/\/aconteceunovale.com.br\/portal\/wp-content\/uploads\/2020\/08\/paulo_guedes.jpg","keywords":["Governo Bolsonaro","ministro da Economia","Ministro da Economia diz que anunciar\u00e1 tr\u00eas ou quatro privatiza\u00e7\u00f5es de grandes empresas","Ministro Paulo Guedes","Paulo Guedes","Privatiza\u00e7\u00e3o de estatais no Brasil","privatiza\u00e7\u00f5es","Privatiza\u00e7\u00f5es no Brasil"],"articleSection":["Brasil","Pol\u00edtica"],"inLanguage":"pt-BR","potentialAction":[{"@type":"CommentAction","name":"Comment","target":["https:\/\/aconteceunovale.com.br\/portal\/?p=167033#respond"]}]},{"@type":"WebPage","@id":"https:\/\/aconteceunovale.com.br\/portal\/?p=167033","url":"https:\/\/aconteceunovale.com.br\/portal\/?p=167033","name":"Ministro da Economia diz que anunciar\u00e1 tr\u00eas ou quatro privatiza\u00e7\u00f5es de grandes empresas - Aconteceu no Vale","isPartOf":{"@id":"https:\/\/aconteceunovale.com.br\/portal\/#website"},"primaryImageOfPage":{"@id":"https:\/\/aconteceunovale.com.br\/portal\/?p=167033#primaryimage"},"image":{"@id":"https:\/\/aconteceunovale.com.br\/portal\/?p=167033#primaryimage"},"thumbnailUrl":"https:\/\/aconteceunovale.com.br\/portal\/wp-content\/uploads\/2020\/08\/paulo_guedes.jpg","datePublished":"2020-08-06T19:16:51+00:00","dateModified":"2020-08-06T19:17:18+00:00","author":{"@id":"https:\/\/aconteceunovale.com.br\/portal\/#\/schema\/person\/633529146f2c94272bef50ac2953d589"},"breadcrumb":{"@id":"https:\/\/aconteceunovale.com.br\/portal\/?p=167033#breadcrumb"},"inLanguage":"pt-BR","potentialAction":[{"@type":"ReadAction","target":["https:\/\/aconteceunovale.com.br\/portal\/?p=167033"]}]},{"@type":"ImageObject","inLanguage":"pt-BR","@id":"https:\/\/aconteceunovale.com.br\/portal\/?p=167033#primaryimage","url":"https:\/\/aconteceunovale.com.br\/portal\/wp-content\/uploads\/2020\/08\/paulo_guedes.jpg","contentUrl":"https:\/\/aconteceunovale.com.br\/portal\/wp-content\/uploads\/2020\/08\/paulo_guedes.jpg","width":678,"height":406,"caption":"O ministro da Economia, Paulo Guedes. fala \u00e0 imprensa no Pal\u00e1cio do Planalto"},{"@type":"BreadcrumbList","@id":"https:\/\/aconteceunovale.com.br\/portal\/?p=167033#breadcrumb","itemListElement":[{"@type":"ListItem","position":1,"name":"In\u00edcio","item":"https:\/\/aconteceunovale.com.br\/portal\/"},{"@type":"ListItem","position":2,"name":"Ministro da Economia diz que anunciar\u00e1 tr\u00eas ou quatro privatiza\u00e7\u00f5es de grandes empresas"}]},{"@type":"WebSite","@id":"https:\/\/aconteceunovale.com.br\/portal\/#website","url":"https:\/\/aconteceunovale.com.br\/portal\/","name":"Aconteceu no Vale","description":"Portal de Not\u00edcias","potentialAction":[{"@type":"SearchAction","target":{"@type":"EntryPoint","urlTemplate":"https:\/\/aconteceunovale.com.br\/portal\/?s={search_term_string}"},"query-input":{"@type":"PropertyValueSpecification","valueRequired":true,"valueName":"search_term_string"}}],"inLanguage":"pt-BR"},{"@type":"Person","@id":"https:\/\/aconteceunovale.com.br\/portal\/#\/schema\/person\/633529146f2c94272bef50ac2953d589","name":"Aconteceu no Vale","description":"Equipe de reportagem do Aconteceu no Vale, portal de not\u00edcias do Vale do Jequitinhonha, em Minas Gerais. Cobrimos as 51 cidades do Vale desde 2013. Sugest\u00f5es de pauta e pedidos de corre\u00e7\u00e3o: contato@aconteceunovale.com.br","sameAs":["http:\/\/www.aconteceunovale.com.br"],"url":"https:\/\/aconteceunovale.com.br\/portal\/?author=1"}]}},"_links":{"self":[{"href":"https:\/\/aconteceunovale.com.br\/portal\/index.php?rest_route=\/wp\/v2\/posts\/167033","targetHints":{"allow":["GET"]}}],"collection":[{"href":"https:\/\/aconteceunovale.com.br\/portal\/index.php?rest_route=\/wp\/v2\/posts"}],"about":[{"href":"https:\/\/aconteceunovale.com.br\/portal\/index.php?rest_route=\/wp\/v2\/types\/post"}],"author":[{"embeddable":true,"href":"https:\/\/aconteceunovale.com.br\/portal\/index.php?rest_route=\/wp\/v2\/users\/1"}],"replies":[{"embeddable":true,"href":"https:\/\/aconteceunovale.com.br\/portal\/index.php?rest_route=%2Fwp%2Fv2%2Fcomments&post=167033"}],"version-history":[{"count":1,"href":"https:\/\/aconteceunovale.com.br\/portal\/index.php?rest_route=\/wp\/v2\/posts\/167033\/revisions"}],"predecessor-version":[{"id":167035,"href":"https:\/\/aconteceunovale.com.br\/portal\/index.php?rest_route=\/wp\/v2\/posts\/167033\/revisions\/167035"}],"wp:featuredmedia":[{"embeddable":true,"href":"https:\/\/aconteceunovale.com.br\/portal\/index.php?rest_route=\/wp\/v2\/media\/167034"}],"wp:attachment":[{"href":"https:\/\/aconteceunovale.com.br\/portal\/index.php?rest_route=%2Fwp%2Fv2%2Fmedia&parent=167033"}],"wp:term":[{"taxonomy":"category","embeddable":true,"href":"https:\/\/aconteceunovale.com.br\/portal\/index.php?rest_route=%2Fwp%2Fv2%2Fcategories&post=167033"},{"taxonomy":"post_tag","embeddable":true,"href":"https:\/\/aconteceunovale.com.br\/portal\/index.php?rest_route=%2Fwp%2Fv2%2Ftags&post=167033"}],"curies":[{"name":"wp","href":"https:\/\/api.w.org\/{rel}","templated":true}]}}