{"id":167018,"date":"2020-08-06T15:41:33","date_gmt":"2020-08-06T18:41:33","guid":{"rendered":"https:\/\/aconteceunovale.com.br\/portal\/?p=167018"},"modified":"2020-08-06T15:42:08","modified_gmt":"2020-08-06T18:42:08","slug":"mineiros-nao-terao-reajuste-na-conta-de-energia-eletrica-da-cemig-em-2020-anuncia-governador","status":"publish","type":"post","link":"https:\/\/aconteceunovale.com.br\/portal\/?p=167018","title":{"rendered":"Mineiros n\u00e3o ter\u00e3o reajuste na conta de energia el\u00e9trica da Cemig em 2020, anuncia governador"},"content":{"rendered":"\n<p class=\"wp-block-paragraph\">O aumento de 4,27% aplicado nas contas de energia el\u00e9trica enviadas pela\u00a0<a rel=\"noreferrer noopener\" href=\"http:\/\/cemig.com.br\/\" target=\"_blank\">Cemig<\/a>\u00a0em maio n\u00e3o ir\u00e1 vigorar. O comunicado foi feito nesta quinta-feira (6\/8\/2020) pelo governador Romeu Zema, em coletiva de imprensa virtual transmitida pelas redes sociais.<\/p>\n\n\n\n<p class=\"wp-block-paragraph\">O cancelamento do aumento, referente ao reajuste anual feito pela companhia, aconteceu em negocia\u00e7\u00e3o entre o Executivo mineiro e a presid\u00eancia da empresa.<\/p>\n\n\n\n<p class=\"wp-block-paragraph\">Zema ressaltou que a medida faz parte do esfor\u00e7o do\u00a0Governo de Minas\u00a0para amenizar os impactos da pandemia na vida dos mineiros.<\/p>\n\n\n\n<p class=\"wp-block-paragraph\">\u201cSabemos que muitos perderam o emprego, perderam renda. E faremos tudo o que pudermos para ajudar as fam\u00edlias. Conversei com o presidente da Cemig e, na \u00faltima reuni\u00e3o do Conselho de administra\u00e7\u00e3o da empresa, ficou decidido que o aumento de 4,27% aplicado nas contas de maio n\u00e3o ir\u00e1 vigorar. O mineiro n\u00e3o ter\u00e1 reajuste na conta de energia el\u00e9trica este ano, como aconteceu nos anos anteriores\u201d, explicou.<\/p>\n\n\n\n<figure class=\"wp-block-gallery columns-1 is-cropped wp-block-gallery-1 is-layout-flex wp-block-gallery-is-layout-flex\"><ul class=\"blocks-gallery-grid\"><li class=\"blocks-gallery-item\"><figure><img loading=\"lazy\" decoding=\"async\" width=\"600\" height=\"450\" src=\"https:\/\/aconteceunovale.com.br\/portal\/wp-content\/uploads\/2020\/08\/governador_zema.jpg\" alt=\"\" data-id=\"167019\" data-full-url=\"https:\/\/aconteceunovale.com.br\/portal\/wp-content\/uploads\/2020\/08\/governador_zema.jpg\" data-link=\"https:\/\/aconteceunovale.com.br\/portal\/?attachment_id=167019\" class=\"wp-image-167019\" srcset=\"https:\/\/aconteceunovale.com.br\/portal\/wp-content\/uploads\/2020\/08\/governador_zema.jpg 600w, https:\/\/aconteceunovale.com.br\/portal\/wp-content\/uploads\/2020\/08\/governador_zema-300x225.jpg 300w, https:\/\/aconteceunovale.com.br\/portal\/wp-content\/uploads\/2020\/08\/governador_zema-80x60.jpg 80w, https:\/\/aconteceunovale.com.br\/portal\/wp-content\/uploads\/2020\/08\/governador_zema-265x198.jpg 265w, https:\/\/aconteceunovale.com.br\/portal\/wp-content\/uploads\/2020\/08\/governador_zema-560x420.jpg 560w\" sizes=\"auto, (max-width: 600px) 100vw, 600px\" \/><figcaption class=\"blocks-gallery-item__caption\"><em>Foto: Gil Leonardi \/ Imprensa MG<\/em><\/figcaption><\/figure><\/li><\/ul><\/figure>\n\n\n\n<p class=\"wp-block-paragraph\"><strong>Pequenas empresas<\/strong><\/p>\n\n\n\n<p class=\"wp-block-paragraph\">Ele tamb\u00e9m ressaltou que a medida deve beneficiar pequenos empres\u00e1rios. \u201cSabemos que os pequenos empreendedores tamb\u00e9m foram duramente atingidos pela pandemia e a manuten\u00e7\u00e3o dos valores das contas de luz vai ajudar a aliviar as despesas\u201d, disse.<\/p>\n\n\n\n<p class=\"wp-block-paragraph\">O impacto da perda de arrecada\u00e7\u00e3o referente ao reajuste tarif\u00e1rio ser\u00e1 amenizado pela entrada de R$ 714 milh\u00f5es nos cofres da companhia, referentes \u00e0 vit\u00f3ria da Cemig em disputa tribut\u00e1ria judicial&nbsp;que questionou a inclus\u00e3o do PIS-Pasep\/Confins na base de c\u00e1lculo do ICMS das faturas de energia.<\/p>\n\n\n\n<p class=\"wp-block-paragraph\">A solicita\u00e7\u00e3o de cancelamento do reajuste j\u00e1 foi enviada \u00e0 Ag\u00eancia Nacional de Energia El\u00e9trica (Aneel), para ser analisada e deliberada pela diretoria da ag\u00eancia.<\/p>\n\n\n\n<p class=\"has-background has-very-light-gray-background-color wp-block-paragraph\">Quer saber as not\u00edcias do <strong>Aconteceu no Vale<\/strong> em primeira m\u00e3o? Siga-nos no Facebook <a rel=\"noreferrer noopener\" href=\"http:\/\/facebook.com\/aconteceunovale\" target=\"_blank\">@aconteceunovale<\/a>, Twitter <a rel=\"noreferrer noopener\" href=\"https:\/\/twitter.com\/noticiadosvales\" target=\"_blank\">@noticiadosvales<\/a> e Instagram <a rel=\"noreferrer noopener\" href=\"https:\/\/www.instagram.com\/aconteceunovale\" target=\"_blank\">@aconteceunovale<\/a>.<\/p>\n","protected":false},"excerpt":{"rendered":"<p>O aumento de 4,27% aplicado nas contas de energia el\u00e9trica enviadas pela\u00a0Cemig\u00a0em maio n\u00e3o ir\u00e1 vigorar. O comunicado foi feito nesta quinta-feira (6\/8\/2020) pelo governador Romeu Zema, em coletiva de imprensa virtual transmitida pelas redes sociais. O cancelamento do aumento, referente ao reajuste anual feito pela companhia, aconteceu em negocia\u00e7\u00e3o entre o Executivo mineiro e [&hellip;]<\/p>\n","protected":false},"author":1,"featured_media":167019,"comment_status":"open","ping_status":"closed","sticky":false,"template":"","format":"standard","meta":{"amp_status":"","footnotes":""},"categories":[123,40240],"tags":[96092,162890,170292,347,1018,184213,226975,170291,162891,178207],"class_list":["post-167018","post","type-post","status-publish","format-standard","has-post-thumbnail","hentry","category-gerais","category-politica","tag-aumento-conta-cemig","tag-aumento-conta-de-energia-eletrica","tag-aumento-tarifa-cemig","tag-cemig","tag-destaque","tag-governador-romeu-zema","tag-mineiros-nao-terao-reajuste-na-conta-de-energia-eletrica-da-cemig-em-2020","tag-reajuste-conta-cemig","tag-reajuste-conta-de-energia-eletrica","tag-romeu-zema"],"yoast_head":"<!-- This site is optimized with the Yoast SEO plugin v28.3 - https:\/\/yoast.com\/product\/yoast-seo-wordpress\/ -->\n<title>Mineiros n\u00e3o ter\u00e3o reajuste na conta de energia el\u00e9trica da Cemig em 2020, anuncia governador - Aconteceu no Vale<\/title>\n<meta name=\"robots\" content=\"index, follow, max-snippet:-1, max-image-preview:large, max-video-preview:-1\" \/>\n<link rel=\"canonical\" href=\"https:\/\/aconteceunovale.com.br\/portal\/?p=167018\" \/>\n<meta property=\"og:locale\" content=\"pt_BR\" \/>\n<meta property=\"og:type\" content=\"article\" \/>\n<meta property=\"og:title\" content=\"Mineiros n\u00e3o ter\u00e3o reajuste na conta de energia el\u00e9trica da Cemig em 2020, anuncia governador - Aconteceu no Vale\" \/>\n<meta property=\"og:description\" content=\"O aumento de 4,27% aplicado nas contas de energia el\u00e9trica enviadas pela\u00a0Cemig\u00a0em maio n\u00e3o ir\u00e1 vigorar. O comunicado foi feito nesta quinta-feira (6\/8\/2020) pelo governador Romeu Zema, em coletiva de imprensa virtual transmitida pelas redes sociais. O cancelamento do aumento, referente ao reajuste anual feito pela companhia, aconteceu em negocia\u00e7\u00e3o entre o Executivo mineiro e [&hellip;]\" \/>\n<meta property=\"og:url\" content=\"https:\/\/aconteceunovale.com.br\/portal\/?p=167018\" \/>\n<meta property=\"og:site_name\" content=\"Aconteceu no Vale\" \/>\n<meta property=\"article:publisher\" content=\"https:\/\/www.facebook.com\/aconteceunovale\/\" \/>\n<meta property=\"article:published_time\" content=\"2020-08-06T18:41:33+00:00\" \/>\n<meta property=\"article:modified_time\" content=\"2020-08-06T18:42:08+00:00\" \/>\n<meta property=\"og:image\" content=\"https:\/\/aconteceunovale.com.br\/portal\/wp-content\/uploads\/2020\/08\/governador_zema.jpg\" \/>\n\t<meta property=\"og:image:width\" content=\"600\" \/>\n\t<meta property=\"og:image:height\" content=\"450\" \/>\n\t<meta property=\"og:image:type\" content=\"image\/jpeg\" \/>\n<meta name=\"author\" content=\"Aconteceu no Vale\" \/>\n<meta name=\"twitter:card\" content=\"summary_large_image\" \/>\n<meta name=\"twitter:creator\" content=\"@noticiadosvales\" \/>\n<meta name=\"twitter:site\" content=\"@noticiadosvales\" \/>\n<meta name=\"twitter:label1\" content=\"Escrito por\" \/>\n\t<meta name=\"twitter:data1\" content=\"Aconteceu no Vale\" \/>\n\t<meta name=\"twitter:label2\" content=\"Est. tempo de leitura\" \/>\n\t<meta name=\"twitter:data2\" content=\"2 minutos\" \/>\n<script type=\"application\/ld+json\" class=\"yoast-schema-graph\">{\"@context\":\"https:\\\/\\\/schema.org\",\"@graph\":[{\"@type\":\"Article\",\"@id\":\"https:\\\/\\\/aconteceunovale.com.br\\\/portal\\\/?p=167018#article\",\"isPartOf\":{\"@id\":\"https:\\\/\\\/aconteceunovale.com.br\\\/portal\\\/?p=167018\"},\"author\":{\"name\":\"Aconteceu no Vale\",\"@id\":\"https:\\\/\\\/aconteceunovale.com.br\\\/portal\\\/#\\\/schema\\\/person\\\/633529146f2c94272bef50ac2953d589\"},\"headline\":\"Mineiros n\u00e3o ter\u00e3o reajuste na conta de energia el\u00e9trica da Cemig em 2020, anuncia governador\",\"datePublished\":\"2020-08-06T18:41:33+00:00\",\"dateModified\":\"2020-08-06T18:42:08+00:00\",\"mainEntityOfPage\":{\"@id\":\"https:\\\/\\\/aconteceunovale.com.br\\\/portal\\\/?p=167018\"},\"wordCount\":328,\"commentCount\":0,\"image\":{\"@id\":\"https:\\\/\\\/aconteceunovale.com.br\\\/portal\\\/?p=167018#primaryimage\"},\"thumbnailUrl\":\"https:\\\/\\\/aconteceunovale.com.br\\\/portal\\\/wp-content\\\/uploads\\\/2020\\\/08\\\/governador_zema.jpg\",\"keywords\":[\"Aumento conta Cemig\",\"Aumento conta de energia el\u00e9trica\",\"Aumento tarifa Cemig\",\"cemig\",\"destaque\",\"Governador Romeu Zema\",\"Mineiros n\u00e3o ter\u00e3o reajuste na conta de energia el\u00e9trica da Cemig em 2020\",\"Reajuste conta Cemig\",\"Reajuste conta de energia el\u00e9trica\",\"Romeu Zema\"],\"articleSection\":[\"Minas Gerais\",\"Pol\u00edtica\"],\"inLanguage\":\"pt-BR\",\"potentialAction\":[{\"@type\":\"CommentAction\",\"name\":\"Comment\",\"target\":[\"https:\\\/\\\/aconteceunovale.com.br\\\/portal\\\/?p=167018#respond\"]}]},{\"@type\":\"WebPage\",\"@id\":\"https:\\\/\\\/aconteceunovale.com.br\\\/portal\\\/?p=167018\",\"url\":\"https:\\\/\\\/aconteceunovale.com.br\\\/portal\\\/?p=167018\",\"name\":\"Mineiros n\u00e3o ter\u00e3o reajuste na conta de energia el\u00e9trica da Cemig em 2020, anuncia governador - Aconteceu no Vale\",\"isPartOf\":{\"@id\":\"https:\\\/\\\/aconteceunovale.com.br\\\/portal\\\/#website\"},\"primaryImageOfPage\":{\"@id\":\"https:\\\/\\\/aconteceunovale.com.br\\\/portal\\\/?p=167018#primaryimage\"},\"image\":{\"@id\":\"https:\\\/\\\/aconteceunovale.com.br\\\/portal\\\/?p=167018#primaryimage\"},\"thumbnailUrl\":\"https:\\\/\\\/aconteceunovale.com.br\\\/portal\\\/wp-content\\\/uploads\\\/2020\\\/08\\\/governador_zema.jpg\",\"datePublished\":\"2020-08-06T18:41:33+00:00\",\"dateModified\":\"2020-08-06T18:42:08+00:00\",\"author\":{\"@id\":\"https:\\\/\\\/aconteceunovale.com.br\\\/portal\\\/#\\\/schema\\\/person\\\/633529146f2c94272bef50ac2953d589\"},\"breadcrumb\":{\"@id\":\"https:\\\/\\\/aconteceunovale.com.br\\\/portal\\\/?p=167018#breadcrumb\"},\"inLanguage\":\"pt-BR\",\"potentialAction\":[{\"@type\":\"ReadAction\",\"target\":[\"https:\\\/\\\/aconteceunovale.com.br\\\/portal\\\/?p=167018\"]}]},{\"@type\":\"ImageObject\",\"inLanguage\":\"pt-BR\",\"@id\":\"https:\\\/\\\/aconteceunovale.com.br\\\/portal\\\/?p=167018#primaryimage\",\"url\":\"https:\\\/\\\/aconteceunovale.com.br\\\/portal\\\/wp-content\\\/uploads\\\/2020\\\/08\\\/governador_zema.jpg\",\"contentUrl\":\"https:\\\/\\\/aconteceunovale.com.br\\\/portal\\\/wp-content\\\/uploads\\\/2020\\\/08\\\/governador_zema.jpg\",\"width\":600,\"height\":450},{\"@type\":\"BreadcrumbList\",\"@id\":\"https:\\\/\\\/aconteceunovale.com.br\\\/portal\\\/?p=167018#breadcrumb\",\"itemListElement\":[{\"@type\":\"ListItem\",\"position\":1,\"name\":\"In\u00edcio\",\"item\":\"https:\\\/\\\/aconteceunovale.com.br\\\/portal\\\/\"},{\"@type\":\"ListItem\",\"position\":2,\"name\":\"Mineiros n\u00e3o ter\u00e3o reajuste na conta de energia el\u00e9trica da Cemig em 2020, anuncia governador\"}]},{\"@type\":\"WebSite\",\"@id\":\"https:\\\/\\\/aconteceunovale.com.br\\\/portal\\\/#website\",\"url\":\"https:\\\/\\\/aconteceunovale.com.br\\\/portal\\\/\",\"name\":\"Aconteceu no Vale\",\"description\":\"Portal de Not\u00edcias\",\"potentialAction\":[{\"@type\":\"SearchAction\",\"target\":{\"@type\":\"EntryPoint\",\"urlTemplate\":\"https:\\\/\\\/aconteceunovale.com.br\\\/portal\\\/?s={search_term_string}\"},\"query-input\":{\"@type\":\"PropertyValueSpecification\",\"valueRequired\":true,\"valueName\":\"search_term_string\"}}],\"inLanguage\":\"pt-BR\"},{\"@type\":\"Person\",\"@id\":\"https:\\\/\\\/aconteceunovale.com.br\\\/portal\\\/#\\\/schema\\\/person\\\/633529146f2c94272bef50ac2953d589\",\"name\":\"Aconteceu no Vale\",\"description\":\"Equipe de reportagem do Aconteceu no Vale, portal de not\u00edcias do Vale do Jequitinhonha, em Minas Gerais. Cobrimos as 51 cidades do Vale desde 2013. Sugest\u00f5es de pauta e pedidos de corre\u00e7\u00e3o: contato@aconteceunovale.com.br\",\"sameAs\":[\"http:\\\/\\\/www.aconteceunovale.com.br\"],\"url\":\"https:\\\/\\\/aconteceunovale.com.br\\\/portal\\\/?author=1\"}]}<\/script>\n<!-- \/ Yoast SEO plugin. -->","yoast_head_json":{"title":"Mineiros n\u00e3o ter\u00e3o reajuste na conta de energia el\u00e9trica da Cemig em 2020, anuncia governador - Aconteceu no Vale","robots":{"index":"index","follow":"follow","max-snippet":"max-snippet:-1","max-image-preview":"max-image-preview:large","max-video-preview":"max-video-preview:-1"},"canonical":"https:\/\/aconteceunovale.com.br\/portal\/?p=167018","og_locale":"pt_BR","og_type":"article","og_title":"Mineiros n\u00e3o ter\u00e3o reajuste na conta de energia el\u00e9trica da Cemig em 2020, anuncia governador - Aconteceu no Vale","og_description":"O aumento de 4,27% aplicado nas contas de energia el\u00e9trica enviadas pela\u00a0Cemig\u00a0em maio n\u00e3o ir\u00e1 vigorar. O comunicado foi feito nesta quinta-feira (6\/8\/2020) pelo governador Romeu Zema, em coletiva de imprensa virtual transmitida pelas redes sociais. O cancelamento do aumento, referente ao reajuste anual feito pela companhia, aconteceu em negocia\u00e7\u00e3o entre o Executivo mineiro e [&hellip;]","og_url":"https:\/\/aconteceunovale.com.br\/portal\/?p=167018","og_site_name":"Aconteceu no Vale","article_publisher":"https:\/\/www.facebook.com\/aconteceunovale\/","article_published_time":"2020-08-06T18:41:33+00:00","article_modified_time":"2020-08-06T18:42:08+00:00","og_image":[{"width":600,"height":450,"url":"https:\/\/aconteceunovale.com.br\/portal\/wp-content\/uploads\/2020\/08\/governador_zema.jpg","type":"image\/jpeg"}],"author":"Aconteceu no Vale","twitter_card":"summary_large_image","twitter_creator":"@noticiadosvales","twitter_site":"@noticiadosvales","twitter_misc":{"Escrito por":"Aconteceu no Vale","Est. tempo de leitura":"2 minutos"},"schema":{"@context":"https:\/\/schema.org","@graph":[{"@type":"Article","@id":"https:\/\/aconteceunovale.com.br\/portal\/?p=167018#article","isPartOf":{"@id":"https:\/\/aconteceunovale.com.br\/portal\/?p=167018"},"author":{"name":"Aconteceu no Vale","@id":"https:\/\/aconteceunovale.com.br\/portal\/#\/schema\/person\/633529146f2c94272bef50ac2953d589"},"headline":"Mineiros n\u00e3o ter\u00e3o reajuste na conta de energia el\u00e9trica da Cemig em 2020, anuncia governador","datePublished":"2020-08-06T18:41:33+00:00","dateModified":"2020-08-06T18:42:08+00:00","mainEntityOfPage":{"@id":"https:\/\/aconteceunovale.com.br\/portal\/?p=167018"},"wordCount":328,"commentCount":0,"image":{"@id":"https:\/\/aconteceunovale.com.br\/portal\/?p=167018#primaryimage"},"thumbnailUrl":"https:\/\/aconteceunovale.com.br\/portal\/wp-content\/uploads\/2020\/08\/governador_zema.jpg","keywords":["Aumento conta Cemig","Aumento conta de energia el\u00e9trica","Aumento tarifa Cemig","cemig","destaque","Governador Romeu Zema","Mineiros n\u00e3o ter\u00e3o reajuste na conta de energia el\u00e9trica da Cemig em 2020","Reajuste conta Cemig","Reajuste conta de energia el\u00e9trica","Romeu Zema"],"articleSection":["Minas Gerais","Pol\u00edtica"],"inLanguage":"pt-BR","potentialAction":[{"@type":"CommentAction","name":"Comment","target":["https:\/\/aconteceunovale.com.br\/portal\/?p=167018#respond"]}]},{"@type":"WebPage","@id":"https:\/\/aconteceunovale.com.br\/portal\/?p=167018","url":"https:\/\/aconteceunovale.com.br\/portal\/?p=167018","name":"Mineiros n\u00e3o ter\u00e3o reajuste na conta de energia el\u00e9trica da Cemig em 2020, anuncia governador - Aconteceu no Vale","isPartOf":{"@id":"https:\/\/aconteceunovale.com.br\/portal\/#website"},"primaryImageOfPage":{"@id":"https:\/\/aconteceunovale.com.br\/portal\/?p=167018#primaryimage"},"image":{"@id":"https:\/\/aconteceunovale.com.br\/portal\/?p=167018#primaryimage"},"thumbnailUrl":"https:\/\/aconteceunovale.com.br\/portal\/wp-content\/uploads\/2020\/08\/governador_zema.jpg","datePublished":"2020-08-06T18:41:33+00:00","dateModified":"2020-08-06T18:42:08+00:00","author":{"@id":"https:\/\/aconteceunovale.com.br\/portal\/#\/schema\/person\/633529146f2c94272bef50ac2953d589"},"breadcrumb":{"@id":"https:\/\/aconteceunovale.com.br\/portal\/?p=167018#breadcrumb"},"inLanguage":"pt-BR","potentialAction":[{"@type":"ReadAction","target":["https:\/\/aconteceunovale.com.br\/portal\/?p=167018"]}]},{"@type":"ImageObject","inLanguage":"pt-BR","@id":"https:\/\/aconteceunovale.com.br\/portal\/?p=167018#primaryimage","url":"https:\/\/aconteceunovale.com.br\/portal\/wp-content\/uploads\/2020\/08\/governador_zema.jpg","contentUrl":"https:\/\/aconteceunovale.com.br\/portal\/wp-content\/uploads\/2020\/08\/governador_zema.jpg","width":600,"height":450},{"@type":"BreadcrumbList","@id":"https:\/\/aconteceunovale.com.br\/portal\/?p=167018#breadcrumb","itemListElement":[{"@type":"ListItem","position":1,"name":"In\u00edcio","item":"https:\/\/aconteceunovale.com.br\/portal\/"},{"@type":"ListItem","position":2,"name":"Mineiros n\u00e3o ter\u00e3o reajuste na conta de energia el\u00e9trica da Cemig em 2020, anuncia governador"}]},{"@type":"WebSite","@id":"https:\/\/aconteceunovale.com.br\/portal\/#website","url":"https:\/\/aconteceunovale.com.br\/portal\/","name":"Aconteceu no Vale","description":"Portal de Not\u00edcias","potentialAction":[{"@type":"SearchAction","target":{"@type":"EntryPoint","urlTemplate":"https:\/\/aconteceunovale.com.br\/portal\/?s={search_term_string}"},"query-input":{"@type":"PropertyValueSpecification","valueRequired":true,"valueName":"search_term_string"}}],"inLanguage":"pt-BR"},{"@type":"Person","@id":"https:\/\/aconteceunovale.com.br\/portal\/#\/schema\/person\/633529146f2c94272bef50ac2953d589","name":"Aconteceu no Vale","description":"Equipe de reportagem do Aconteceu no Vale, portal de not\u00edcias do Vale do Jequitinhonha, em Minas Gerais. Cobrimos as 51 cidades do Vale desde 2013. Sugest\u00f5es de pauta e pedidos de corre\u00e7\u00e3o: contato@aconteceunovale.com.br","sameAs":["http:\/\/www.aconteceunovale.com.br"],"url":"https:\/\/aconteceunovale.com.br\/portal\/?author=1"}]}},"_links":{"self":[{"href":"https:\/\/aconteceunovale.com.br\/portal\/index.php?rest_route=\/wp\/v2\/posts\/167018","targetHints":{"allow":["GET"]}}],"collection":[{"href":"https:\/\/aconteceunovale.com.br\/portal\/index.php?rest_route=\/wp\/v2\/posts"}],"about":[{"href":"https:\/\/aconteceunovale.com.br\/portal\/index.php?rest_route=\/wp\/v2\/types\/post"}],"author":[{"embeddable":true,"href":"https:\/\/aconteceunovale.com.br\/portal\/index.php?rest_route=\/wp\/v2\/users\/1"}],"replies":[{"embeddable":true,"href":"https:\/\/aconteceunovale.com.br\/portal\/index.php?rest_route=%2Fwp%2Fv2%2Fcomments&post=167018"}],"version-history":[{"count":1,"href":"https:\/\/aconteceunovale.com.br\/portal\/index.php?rest_route=\/wp\/v2\/posts\/167018\/revisions"}],"predecessor-version":[{"id":167020,"href":"https:\/\/aconteceunovale.com.br\/portal\/index.php?rest_route=\/wp\/v2\/posts\/167018\/revisions\/167020"}],"wp:featuredmedia":[{"embeddable":true,"href":"https:\/\/aconteceunovale.com.br\/portal\/index.php?rest_route=\/wp\/v2\/media\/167019"}],"wp:attachment":[{"href":"https:\/\/aconteceunovale.com.br\/portal\/index.php?rest_route=%2Fwp%2Fv2%2Fmedia&parent=167018"}],"wp:term":[{"taxonomy":"category","embeddable":true,"href":"https:\/\/aconteceunovale.com.br\/portal\/index.php?rest_route=%2Fwp%2Fv2%2Fcategories&post=167018"},{"taxonomy":"post_tag","embeddable":true,"href":"https:\/\/aconteceunovale.com.br\/portal\/index.php?rest_route=%2Fwp%2Fv2%2Ftags&post=167018"}],"curies":[{"name":"wp","href":"https:\/\/api.w.org\/{rel}","templated":true}]}}