{"id":167015,"date":"2020-08-06T14:19:43","date_gmt":"2020-08-06T17:19:43","guid":{"rendered":"https:\/\/aconteceunovale.com.br\/portal\/?p=167015"},"modified":"2020-08-06T14:19:52","modified_gmt":"2020-08-06T17:19:52","slug":"tribunal-de-contas-de-minas-gerais-considera-irregular-licitacao-promovida-pelo-municipio-de-coronel-fabriciano","status":"publish","type":"post","link":"https:\/\/aconteceunovale.com.br\/portal\/?p=167015","title":{"rendered":"Tribunal de Contas de Minas Gerais considera irregular licita\u00e7\u00e3o promovida pelo munic\u00edpio de Coronel Fabriciano"},"content":{"rendered":"\n<p class=\"wp-block-paragraph\">O Tribunal de Contas do Estado de Minas Gerais (TCE-MG) considerou irregular o Edital de Licita\u00e7\u00e3o n. 1.031.507, Processo Licitat\u00f3rio n\u00ba 001\/2018, relativo ao Preg\u00e3o Presencial realizado pelo munic\u00edpio de Coronel Fabriciano para contrata\u00e7\u00e3o de servi\u00e7os t\u00e9cnicos especializados com vistas \u00e0 presta\u00e7\u00e3o de servi\u00e7os multidisciplinares necess\u00e1rios ao desenvolvimento institucional da prefeitura. A decis\u00e3o foi publicada no Di\u00e1rio Oficial de Contas (DOC) dessa segunda-feira (3\/8\/2020).<\/p>\n\n\n\n<p class=\"wp-block-paragraph\">A Corte de Contas mineira, na sess\u00e3o da Segunda C\u00e2mara do dia 23 de julho, acompanhou o parecer do conselheiro Cl\u00e1udio Couto Terr\u00e3o, relator do processo, que entendeu n\u00e3o ter havido clareza na defini\u00e7\u00e3o do objeto da licita\u00e7\u00e3o, o que dificulta a execu\u00e7\u00e3o do contrato e n\u00e3o atende ao interesse p\u00fablico, que \u00e9 o objetivo maior da licita\u00e7\u00e3o.&nbsp;<\/p>\n\n\n\n<p class=\"wp-block-paragraph\">Identificou que n\u00e3o houve o parcelamento do objeto contratado, sem a devida justificativa, o que restringe a competitividade do procedimento e impede que a Administra\u00e7\u00e3o P\u00fablica obtenha a melhor proposta, em ofensa ao disposto na Lei de Licita\u00e7\u00e3o n 8.666\/93. Tamb\u00e9m identificou que n\u00e3o foram exigidos profissionais especializados para a execu\u00e7\u00e3o das atividades relacionadas \u00e0 realiza\u00e7\u00e3o do Plano Diretor (PD) e do Plano de Mobilidade Urbana (PMU). Alegou que PD e o PMU s\u00e3o projetos distintos e demandam profissionais diferentes. Tal conduta pode impedir a participa\u00e7\u00e3o de empresas aptas a cumprirem apenas um dos objetos.&nbsp;<\/p>\n\n\n\n<p class=\"wp-block-paragraph\">O tribunal ainda apontou a escassez do prazo de in\u00edcio de execu\u00e7\u00e3o dos servi\u00e7os, tamb\u00e9m sem a devida motiva\u00e7\u00e3o. Assim est\u00e1 prescrito no subitem do edital:<\/p>\n\n\n\n<ul class=\"wp-block-list\"><li><em>10.1. A licitante vencedora ficar\u00e1 obrigada a executar os servi\u00e7os, conforme a necessidade e o interesse da Prefeitura Municipal de Coronel Fabriciano, no prazo m\u00e1ximo de 24 (vinte e quatro) horas ap\u00f3s o recebimento da Autoriza\u00e7\u00e3o de Fornecimento expedida pela Prefeitura Municipal de Coronel Fabriciano.<\/em><\/li><\/ul>\n\n\n\n<p class=\"wp-block-paragraph\">Para os membros da Segunda C\u00e2mara a determina\u00e7\u00e3o restringe a competitividade do processo licitat\u00f3rio em raz\u00e3o da \u201cexiguidade do prazo para entrega\u201d, o que afasta licitantes que n\u00e3o ter\u00e3o condi\u00e7\u00f5es de atender \u00e0 Administra\u00e7\u00e3o P\u00fablica no prazo fixado. Justificou que a imposi\u00e7\u00e3o do prazo para o in\u00edcio da execu\u00e7\u00e3o do objeto privilegia fornecedores locais em detrimento de participantes incapazes de assumir as obriga\u00e7\u00f5es contratadas em raz\u00e3o das dist\u00e2ncias entre suas sedes e o munic\u00edpio.&nbsp;<\/p>\n\n\n\n<p class=\"wp-block-paragraph\">Dessa forma, o tribunal responsabilizou o secret\u00e1rio de Governan\u00e7a de Controle, Gest\u00e3o e Transpar\u00eancia, Jos\u00e9 M\u00e1rcio Gomes Pereira; o secret\u00e1rio de Governan\u00e7a Urbana, Planejamento e Meio Ambiente, Douglas Prado Barbosa; o secret\u00e1rio de Governan\u00e7a Educacional, Carlos Alberto Serra Negra, bem como o pregoeiro, Jos\u00e9 Pereira, e o advogado-geral do munic\u00edpio, Denner Franco Reis, pelas irregularidades no Procedimento Licitat\u00f3rio n\u00ba 001\/2018.&nbsp;<\/p>\n\n\n\n<p class=\"wp-block-paragraph\">O TCE-MG ainda aplicou multa pessoal aos respons\u00e1veis no valor de R$ 1.000,00 (mil reais) por falha cometida. Recomendou, por fim, que, quando de licita\u00e7\u00f5es futuras, leiam a cartilha \u201cComo elaborar Termo de Refer\u00eancia ou Projeto B\u00e1sico\u201d e que incluam no contrato o reajuste por \u00edndice a ser aplicado na hip\u00f3tese de o instrumento vigorar por per\u00edodo superior a 1 ano.<\/p>\n\n\n\n<p class=\"has-background has-very-light-gray-background-color wp-block-paragraph\">Quer saber as not\u00edcias do <strong>Aconteceu no Vale<\/strong> em primeira m\u00e3o? Siga-nos no Facebook <a rel=\"noreferrer noopener\" href=\"http:\/\/facebook.com\/aconteceunovale\" target=\"_blank\">@aconteceunovale<\/a>, Twitter <a rel=\"noreferrer noopener\" href=\"https:\/\/twitter.com\/noticiadosvales\" target=\"_blank\">@noticiadosvales<\/a> e Instagram <a rel=\"noreferrer noopener\" href=\"https:\/\/www.instagram.com\/aconteceunovale\" target=\"_blank\">@aconteceunovale<\/a>.<\/p>\n","protected":false},"excerpt":{"rendered":"<p>O Tribunal de Contas do Estado de Minas Gerais (TCE-MG) considerou irregular o Edital de Licita\u00e7\u00e3o n. 1.031.507, Processo Licitat\u00f3rio n\u00ba 001\/2018, relativo ao Preg\u00e3o Presencial realizado pelo munic\u00edpio de Coronel Fabriciano para contrata\u00e7\u00e3o de servi\u00e7os t\u00e9cnicos especializados com vistas \u00e0 presta\u00e7\u00e3o de servi\u00e7os multidisciplinares necess\u00e1rios ao desenvolvimento institucional da prefeitura. A decis\u00e3o foi publicada [&hellip;]<\/p>\n","protected":false},"author":1,"featured_media":167016,"comment_status":"open","ping_status":"closed","sticky":false,"template":"","format":"standard","meta":{"amp_status":"","footnotes":""},"categories":[121],"tags":[1524,137210,226974,226973,226972,206245,226971],"class_list":["post-167015","post","type-post","status-publish","format-standard","has-post-thumbnail","hentry","category-leste","tag-coronel-fabriciano","tag-prefeitura-de-coronel-fabriciano","tag-prefeitura-municipal-de-coronel-fabriciano","tag-tce-mg-considera-irregular-licitacao-promovida-pelo-municipio-de-coronel-fabriciano","tag-tcemg-considera-irregular-licitacao-promovida-pelo-municipio-de-coronel-fabriciano","tag-tribunal-de-contas-de-minas-gerais","tag-tribunal-de-contas-de-minas-gerais-considera-irregular-licitacao-promovida-pelo-municipio-de-coronel-fabriciano"],"yoast_head":"<!-- This site is optimized with the Yoast SEO plugin v28.3 - https:\/\/yoast.com\/product\/yoast-seo-wordpress\/ -->\n<title>Tribunal de Contas de Minas Gerais considera irregular licita\u00e7\u00e3o promovida pelo munic\u00edpio de Coronel Fabriciano - Aconteceu no Vale<\/title>\n<meta name=\"robots\" content=\"index, follow, max-snippet:-1, max-image-preview:large, max-video-preview:-1\" \/>\n<link rel=\"canonical\" href=\"https:\/\/aconteceunovale.com.br\/portal\/?p=167015\" \/>\n<meta property=\"og:locale\" content=\"pt_BR\" \/>\n<meta property=\"og:type\" content=\"article\" \/>\n<meta property=\"og:title\" content=\"Tribunal de Contas de Minas Gerais considera irregular licita\u00e7\u00e3o promovida pelo munic\u00edpio de Coronel Fabriciano - Aconteceu no Vale\" \/>\n<meta property=\"og:description\" content=\"O Tribunal de Contas do Estado de Minas Gerais (TCE-MG) considerou irregular o Edital de Licita\u00e7\u00e3o n. 1.031.507, Processo Licitat\u00f3rio n\u00ba 001\/2018, relativo ao Preg\u00e3o Presencial realizado pelo munic\u00edpio de Coronel Fabriciano para contrata\u00e7\u00e3o de servi\u00e7os t\u00e9cnicos especializados com vistas \u00e0 presta\u00e7\u00e3o de servi\u00e7os multidisciplinares necess\u00e1rios ao desenvolvimento institucional da prefeitura. A decis\u00e3o foi publicada [&hellip;]\" \/>\n<meta property=\"og:url\" content=\"https:\/\/aconteceunovale.com.br\/portal\/?p=167015\" \/>\n<meta property=\"og:site_name\" content=\"Aconteceu no Vale\" \/>\n<meta property=\"article:publisher\" content=\"https:\/\/www.facebook.com\/aconteceunovale\/\" \/>\n<meta property=\"article:published_time\" content=\"2020-08-06T17:19:43+00:00\" \/>\n<meta property=\"article:modified_time\" content=\"2020-08-06T17:19:52+00:00\" \/>\n<meta property=\"og:image\" content=\"https:\/\/aconteceunovale.com.br\/portal\/wp-content\/uploads\/2020\/08\/fabriciano.jpg\" \/>\n\t<meta property=\"og:image:width\" content=\"638\" \/>\n\t<meta property=\"og:image:height\" content=\"450\" \/>\n\t<meta property=\"og:image:type\" content=\"image\/jpeg\" \/>\n<meta name=\"author\" content=\"Aconteceu no Vale\" \/>\n<meta name=\"twitter:card\" content=\"summary_large_image\" \/>\n<meta name=\"twitter:creator\" content=\"@noticiadosvales\" \/>\n<meta name=\"twitter:site\" content=\"@noticiadosvales\" \/>\n<meta name=\"twitter:label1\" content=\"Escrito por\" \/>\n\t<meta name=\"twitter:data1\" content=\"Aconteceu no Vale\" \/>\n\t<meta name=\"twitter:label2\" content=\"Est. tempo de leitura\" \/>\n\t<meta name=\"twitter:data2\" content=\"3 minutos\" \/>\n<script type=\"application\/ld+json\" class=\"yoast-schema-graph\">{\"@context\":\"https:\\\/\\\/schema.org\",\"@graph\":[{\"@type\":\"Article\",\"@id\":\"https:\\\/\\\/aconteceunovale.com.br\\\/portal\\\/?p=167015#article\",\"isPartOf\":{\"@id\":\"https:\\\/\\\/aconteceunovale.com.br\\\/portal\\\/?p=167015\"},\"author\":{\"name\":\"Aconteceu no Vale\",\"@id\":\"https:\\\/\\\/aconteceunovale.com.br\\\/portal\\\/#\\\/schema\\\/person\\\/633529146f2c94272bef50ac2953d589\"},\"headline\":\"Tribunal de Contas de Minas Gerais considera irregular licita\u00e7\u00e3o promovida pelo munic\u00edpio de Coronel Fabriciano\",\"datePublished\":\"2020-08-06T17:19:43+00:00\",\"dateModified\":\"2020-08-06T17:19:52+00:00\",\"mainEntityOfPage\":{\"@id\":\"https:\\\/\\\/aconteceunovale.com.br\\\/portal\\\/?p=167015\"},\"wordCount\":587,\"commentCount\":0,\"image\":{\"@id\":\"https:\\\/\\\/aconteceunovale.com.br\\\/portal\\\/?p=167015#primaryimage\"},\"thumbnailUrl\":\"https:\\\/\\\/aconteceunovale.com.br\\\/portal\\\/wp-content\\\/uploads\\\/2020\\\/08\\\/fabriciano.jpg\",\"keywords\":[\"Coronel Fabriciano\",\"Prefeitura de Coronel Fabriciano\",\"Prefeitura Municipal de Coronel Fabriciano\",\"TCE-MG considera irregular licita\u00e7\u00e3o promovida pelo munic\u00edpio de Coronel Fabriciano\",\"TCEMG considera irregular licita\u00e7\u00e3o promovida pelo munic\u00edpio de Coronel Fabriciano\",\"Tribunal de Contas de Minas Gerais\",\"Tribunal de Contas de Minas Gerais considera irregular licita\u00e7\u00e3o promovida pelo munic\u00edpio de Coronel Fabriciano\"],\"articleSection\":[\"Leste de Minas\"],\"inLanguage\":\"pt-BR\",\"potentialAction\":[{\"@type\":\"CommentAction\",\"name\":\"Comment\",\"target\":[\"https:\\\/\\\/aconteceunovale.com.br\\\/portal\\\/?p=167015#respond\"]}]},{\"@type\":\"WebPage\",\"@id\":\"https:\\\/\\\/aconteceunovale.com.br\\\/portal\\\/?p=167015\",\"url\":\"https:\\\/\\\/aconteceunovale.com.br\\\/portal\\\/?p=167015\",\"name\":\"Tribunal de Contas de Minas Gerais considera irregular licita\u00e7\u00e3o promovida pelo munic\u00edpio de Coronel Fabriciano - Aconteceu no Vale\",\"isPartOf\":{\"@id\":\"https:\\\/\\\/aconteceunovale.com.br\\\/portal\\\/#website\"},\"primaryImageOfPage\":{\"@id\":\"https:\\\/\\\/aconteceunovale.com.br\\\/portal\\\/?p=167015#primaryimage\"},\"image\":{\"@id\":\"https:\\\/\\\/aconteceunovale.com.br\\\/portal\\\/?p=167015#primaryimage\"},\"thumbnailUrl\":\"https:\\\/\\\/aconteceunovale.com.br\\\/portal\\\/wp-content\\\/uploads\\\/2020\\\/08\\\/fabriciano.jpg\",\"datePublished\":\"2020-08-06T17:19:43+00:00\",\"dateModified\":\"2020-08-06T17:19:52+00:00\",\"author\":{\"@id\":\"https:\\\/\\\/aconteceunovale.com.br\\\/portal\\\/#\\\/schema\\\/person\\\/633529146f2c94272bef50ac2953d589\"},\"breadcrumb\":{\"@id\":\"https:\\\/\\\/aconteceunovale.com.br\\\/portal\\\/?p=167015#breadcrumb\"},\"inLanguage\":\"pt-BR\",\"potentialAction\":[{\"@type\":\"ReadAction\",\"target\":[\"https:\\\/\\\/aconteceunovale.com.br\\\/portal\\\/?p=167015\"]}]},{\"@type\":\"ImageObject\",\"inLanguage\":\"pt-BR\",\"@id\":\"https:\\\/\\\/aconteceunovale.com.br\\\/portal\\\/?p=167015#primaryimage\",\"url\":\"https:\\\/\\\/aconteceunovale.com.br\\\/portal\\\/wp-content\\\/uploads\\\/2020\\\/08\\\/fabriciano.jpg\",\"contentUrl\":\"https:\\\/\\\/aconteceunovale.com.br\\\/portal\\\/wp-content\\\/uploads\\\/2020\\\/08\\\/fabriciano.jpg\",\"width\":638,\"height\":450},{\"@type\":\"BreadcrumbList\",\"@id\":\"https:\\\/\\\/aconteceunovale.com.br\\\/portal\\\/?p=167015#breadcrumb\",\"itemListElement\":[{\"@type\":\"ListItem\",\"position\":1,\"name\":\"In\u00edcio\",\"item\":\"https:\\\/\\\/aconteceunovale.com.br\\\/portal\\\/\"},{\"@type\":\"ListItem\",\"position\":2,\"name\":\"Tribunal de Contas de Minas Gerais considera irregular licita\u00e7\u00e3o promovida pelo munic\u00edpio de Coronel Fabriciano\"}]},{\"@type\":\"WebSite\",\"@id\":\"https:\\\/\\\/aconteceunovale.com.br\\\/portal\\\/#website\",\"url\":\"https:\\\/\\\/aconteceunovale.com.br\\\/portal\\\/\",\"name\":\"Aconteceu no Vale\",\"description\":\"Portal de Not\u00edcias\",\"potentialAction\":[{\"@type\":\"SearchAction\",\"target\":{\"@type\":\"EntryPoint\",\"urlTemplate\":\"https:\\\/\\\/aconteceunovale.com.br\\\/portal\\\/?s={search_term_string}\"},\"query-input\":{\"@type\":\"PropertyValueSpecification\",\"valueRequired\":true,\"valueName\":\"search_term_string\"}}],\"inLanguage\":\"pt-BR\"},{\"@type\":\"Person\",\"@id\":\"https:\\\/\\\/aconteceunovale.com.br\\\/portal\\\/#\\\/schema\\\/person\\\/633529146f2c94272bef50ac2953d589\",\"name\":\"Aconteceu no Vale\",\"description\":\"Equipe de reportagem do Aconteceu no Vale, portal de not\u00edcias do Vale do Jequitinhonha, em Minas Gerais. Cobrimos as 51 cidades do Vale desde 2013. Sugest\u00f5es de pauta e pedidos de corre\u00e7\u00e3o: contato@aconteceunovale.com.br\",\"sameAs\":[\"http:\\\/\\\/www.aconteceunovale.com.br\"],\"url\":\"https:\\\/\\\/aconteceunovale.com.br\\\/portal\\\/?author=1\"}]}<\/script>\n<!-- \/ Yoast SEO plugin. -->","yoast_head_json":{"title":"Tribunal de Contas de Minas Gerais considera irregular licita\u00e7\u00e3o promovida pelo munic\u00edpio de Coronel Fabriciano - Aconteceu no Vale","robots":{"index":"index","follow":"follow","max-snippet":"max-snippet:-1","max-image-preview":"max-image-preview:large","max-video-preview":"max-video-preview:-1"},"canonical":"https:\/\/aconteceunovale.com.br\/portal\/?p=167015","og_locale":"pt_BR","og_type":"article","og_title":"Tribunal de Contas de Minas Gerais considera irregular licita\u00e7\u00e3o promovida pelo munic\u00edpio de Coronel Fabriciano - Aconteceu no Vale","og_description":"O Tribunal de Contas do Estado de Minas Gerais (TCE-MG) considerou irregular o Edital de Licita\u00e7\u00e3o n. 1.031.507, Processo Licitat\u00f3rio n\u00ba 001\/2018, relativo ao Preg\u00e3o Presencial realizado pelo munic\u00edpio de Coronel Fabriciano para contrata\u00e7\u00e3o de servi\u00e7os t\u00e9cnicos especializados com vistas \u00e0 presta\u00e7\u00e3o de servi\u00e7os multidisciplinares necess\u00e1rios ao desenvolvimento institucional da prefeitura. A decis\u00e3o foi publicada [&hellip;]","og_url":"https:\/\/aconteceunovale.com.br\/portal\/?p=167015","og_site_name":"Aconteceu no Vale","article_publisher":"https:\/\/www.facebook.com\/aconteceunovale\/","article_published_time":"2020-08-06T17:19:43+00:00","article_modified_time":"2020-08-06T17:19:52+00:00","og_image":[{"width":638,"height":450,"url":"https:\/\/aconteceunovale.com.br\/portal\/wp-content\/uploads\/2020\/08\/fabriciano.jpg","type":"image\/jpeg"}],"author":"Aconteceu no Vale","twitter_card":"summary_large_image","twitter_creator":"@noticiadosvales","twitter_site":"@noticiadosvales","twitter_misc":{"Escrito por":"Aconteceu no Vale","Est. tempo de leitura":"3 minutos"},"schema":{"@context":"https:\/\/schema.org","@graph":[{"@type":"Article","@id":"https:\/\/aconteceunovale.com.br\/portal\/?p=167015#article","isPartOf":{"@id":"https:\/\/aconteceunovale.com.br\/portal\/?p=167015"},"author":{"name":"Aconteceu no Vale","@id":"https:\/\/aconteceunovale.com.br\/portal\/#\/schema\/person\/633529146f2c94272bef50ac2953d589"},"headline":"Tribunal de Contas de Minas Gerais considera irregular licita\u00e7\u00e3o promovida pelo munic\u00edpio de Coronel Fabriciano","datePublished":"2020-08-06T17:19:43+00:00","dateModified":"2020-08-06T17:19:52+00:00","mainEntityOfPage":{"@id":"https:\/\/aconteceunovale.com.br\/portal\/?p=167015"},"wordCount":587,"commentCount":0,"image":{"@id":"https:\/\/aconteceunovale.com.br\/portal\/?p=167015#primaryimage"},"thumbnailUrl":"https:\/\/aconteceunovale.com.br\/portal\/wp-content\/uploads\/2020\/08\/fabriciano.jpg","keywords":["Coronel Fabriciano","Prefeitura de Coronel Fabriciano","Prefeitura Municipal de Coronel Fabriciano","TCE-MG considera irregular licita\u00e7\u00e3o promovida pelo munic\u00edpio de Coronel Fabriciano","TCEMG considera irregular licita\u00e7\u00e3o promovida pelo munic\u00edpio de Coronel Fabriciano","Tribunal de Contas de Minas Gerais","Tribunal de Contas de Minas Gerais considera irregular licita\u00e7\u00e3o promovida pelo munic\u00edpio de Coronel Fabriciano"],"articleSection":["Leste de Minas"],"inLanguage":"pt-BR","potentialAction":[{"@type":"CommentAction","name":"Comment","target":["https:\/\/aconteceunovale.com.br\/portal\/?p=167015#respond"]}]},{"@type":"WebPage","@id":"https:\/\/aconteceunovale.com.br\/portal\/?p=167015","url":"https:\/\/aconteceunovale.com.br\/portal\/?p=167015","name":"Tribunal de Contas de Minas Gerais considera irregular licita\u00e7\u00e3o promovida pelo munic\u00edpio de Coronel Fabriciano - Aconteceu no Vale","isPartOf":{"@id":"https:\/\/aconteceunovale.com.br\/portal\/#website"},"primaryImageOfPage":{"@id":"https:\/\/aconteceunovale.com.br\/portal\/?p=167015#primaryimage"},"image":{"@id":"https:\/\/aconteceunovale.com.br\/portal\/?p=167015#primaryimage"},"thumbnailUrl":"https:\/\/aconteceunovale.com.br\/portal\/wp-content\/uploads\/2020\/08\/fabriciano.jpg","datePublished":"2020-08-06T17:19:43+00:00","dateModified":"2020-08-06T17:19:52+00:00","author":{"@id":"https:\/\/aconteceunovale.com.br\/portal\/#\/schema\/person\/633529146f2c94272bef50ac2953d589"},"breadcrumb":{"@id":"https:\/\/aconteceunovale.com.br\/portal\/?p=167015#breadcrumb"},"inLanguage":"pt-BR","potentialAction":[{"@type":"ReadAction","target":["https:\/\/aconteceunovale.com.br\/portal\/?p=167015"]}]},{"@type":"ImageObject","inLanguage":"pt-BR","@id":"https:\/\/aconteceunovale.com.br\/portal\/?p=167015#primaryimage","url":"https:\/\/aconteceunovale.com.br\/portal\/wp-content\/uploads\/2020\/08\/fabriciano.jpg","contentUrl":"https:\/\/aconteceunovale.com.br\/portal\/wp-content\/uploads\/2020\/08\/fabriciano.jpg","width":638,"height":450},{"@type":"BreadcrumbList","@id":"https:\/\/aconteceunovale.com.br\/portal\/?p=167015#breadcrumb","itemListElement":[{"@type":"ListItem","position":1,"name":"In\u00edcio","item":"https:\/\/aconteceunovale.com.br\/portal\/"},{"@type":"ListItem","position":2,"name":"Tribunal de Contas de Minas Gerais considera irregular licita\u00e7\u00e3o promovida pelo munic\u00edpio de Coronel Fabriciano"}]},{"@type":"WebSite","@id":"https:\/\/aconteceunovale.com.br\/portal\/#website","url":"https:\/\/aconteceunovale.com.br\/portal\/","name":"Aconteceu no Vale","description":"Portal de Not\u00edcias","potentialAction":[{"@type":"SearchAction","target":{"@type":"EntryPoint","urlTemplate":"https:\/\/aconteceunovale.com.br\/portal\/?s={search_term_string}"},"query-input":{"@type":"PropertyValueSpecification","valueRequired":true,"valueName":"search_term_string"}}],"inLanguage":"pt-BR"},{"@type":"Person","@id":"https:\/\/aconteceunovale.com.br\/portal\/#\/schema\/person\/633529146f2c94272bef50ac2953d589","name":"Aconteceu no Vale","description":"Equipe de reportagem do Aconteceu no Vale, portal de not\u00edcias do Vale do Jequitinhonha, em Minas Gerais. Cobrimos as 51 cidades do Vale desde 2013. Sugest\u00f5es de pauta e pedidos de corre\u00e7\u00e3o: contato@aconteceunovale.com.br","sameAs":["http:\/\/www.aconteceunovale.com.br"],"url":"https:\/\/aconteceunovale.com.br\/portal\/?author=1"}]}},"_links":{"self":[{"href":"https:\/\/aconteceunovale.com.br\/portal\/index.php?rest_route=\/wp\/v2\/posts\/167015","targetHints":{"allow":["GET"]}}],"collection":[{"href":"https:\/\/aconteceunovale.com.br\/portal\/index.php?rest_route=\/wp\/v2\/posts"}],"about":[{"href":"https:\/\/aconteceunovale.com.br\/portal\/index.php?rest_route=\/wp\/v2\/types\/post"}],"author":[{"embeddable":true,"href":"https:\/\/aconteceunovale.com.br\/portal\/index.php?rest_route=\/wp\/v2\/users\/1"}],"replies":[{"embeddable":true,"href":"https:\/\/aconteceunovale.com.br\/portal\/index.php?rest_route=%2Fwp%2Fv2%2Fcomments&post=167015"}],"version-history":[{"count":1,"href":"https:\/\/aconteceunovale.com.br\/portal\/index.php?rest_route=\/wp\/v2\/posts\/167015\/revisions"}],"predecessor-version":[{"id":167017,"href":"https:\/\/aconteceunovale.com.br\/portal\/index.php?rest_route=\/wp\/v2\/posts\/167015\/revisions\/167017"}],"wp:featuredmedia":[{"embeddable":true,"href":"https:\/\/aconteceunovale.com.br\/portal\/index.php?rest_route=\/wp\/v2\/media\/167016"}],"wp:attachment":[{"href":"https:\/\/aconteceunovale.com.br\/portal\/index.php?rest_route=%2Fwp%2Fv2%2Fmedia&parent=167015"}],"wp:term":[{"taxonomy":"category","embeddable":true,"href":"https:\/\/aconteceunovale.com.br\/portal\/index.php?rest_route=%2Fwp%2Fv2%2Fcategories&post=167015"},{"taxonomy":"post_tag","embeddable":true,"href":"https:\/\/aconteceunovale.com.br\/portal\/index.php?rest_route=%2Fwp%2Fv2%2Ftags&post=167015"}],"curies":[{"name":"wp","href":"https:\/\/api.w.org\/{rel}","templated":true}]}}