{"id":166988,"date":"2020-08-06T09:04:07","date_gmt":"2020-08-06T12:04:07","guid":{"rendered":"https:\/\/aconteceunovale.com.br\/portal\/?p=166988"},"modified":"2020-08-06T09:05:02","modified_gmt":"2020-08-06T12:05:02","slug":"atletico-derrota-o-america-e-esta-na-final-do-campeonato-mineiro","status":"publish","type":"post","link":"https:\/\/aconteceunovale.com.br\/portal\/?p=166988","title":{"rendered":"Atl\u00e9tico derrota o Am\u00e9rica e est\u00e1 na final do Campeonato Mineiro"},"content":{"rendered":"\n<p class=\"wp-block-paragraph\">Com um futebol eficiente, o Atl\u00e9tico-MG superou o Am\u00e9rica-MG por 3 a 0 na noite desta quarta (5\/8\/2020) e garantiu a classifica\u00e7\u00e3o para a final do Campeonato Mineiro. Seu advers\u00e1rio na grande decis\u00e3o ser\u00e1 o Tombense.<\/p>\n\n\n\n<p class=\"wp-block-paragraph\">A equipe comandada pelo t\u00e9cnico argentino Jorge Sampaoli chegou com certa tranquilidade \u00e0 partida, pois no jogo de ida da semifinal havia vencido por 2 a 1.<\/p>\n\n\n\n<p class=\"wp-block-paragraph\">Com a bola rolando, o que se viu nos primeiros minutos foi uma disputa muito dura, com pouca qualidade t\u00e9cnica. Isto fez com que a igualdade no marcador perdurasse at\u00e9 o intervalo.<\/p>\n\n\n\n<p class=\"wp-block-paragraph\">No segundo tempo as equipes voltaram sem mudan\u00e7as de jogadores, mas o Atl\u00e9tico come\u00e7ou a atuar de forma diferente, transformando em gols as oportunidades que surgiram.<\/p>\n\n\n\n<figure class=\"wp-block-gallery columns-1 is-cropped wp-block-gallery-1 is-layout-flex wp-block-gallery-is-layout-flex\"><ul class=\"blocks-gallery-grid\"><li class=\"blocks-gallery-item\"><figure><img loading=\"lazy\" decoding=\"async\" width=\"675\" height=\"450\" src=\"https:\/\/aconteceunovale.com.br\/portal\/wp-content\/uploads\/2020\/08\/atletico_america_semi.jpg\" alt=\"\" data-id=\"166989\" data-full-url=\"https:\/\/aconteceunovale.com.br\/portal\/wp-content\/uploads\/2020\/08\/atletico_america_semi.jpg\" data-link=\"https:\/\/aconteceunovale.com.br\/portal\/?attachment_id=166989\" class=\"wp-image-166989\" srcset=\"https:\/\/aconteceunovale.com.br\/portal\/wp-content\/uploads\/2020\/08\/atletico_america_semi.jpg 675w, https:\/\/aconteceunovale.com.br\/portal\/wp-content\/uploads\/2020\/08\/atletico_america_semi-300x200.jpg 300w, https:\/\/aconteceunovale.com.br\/portal\/wp-content\/uploads\/2020\/08\/atletico_america_semi-630x420.jpg 630w\" sizes=\"auto, (max-width: 675px) 100vw, 675px\" \/><figcaption class=\"blocks-gallery-item__caption\"><em>Foto: Bruno Cantini\/Ag\u00eancia Galo\/Atl\u00e9tico-MG<\/em><\/figcaption><\/figure><\/li><\/ul><\/figure>\n\n\n\n<p class=\"wp-block-paragraph\">O primeiro saiu aos 10 minutos da etapa final, quando, ap\u00f3s cobran\u00e7a de escanteio de Savarino, o zagueiro R\u00e9ver cabeceia com for\u00e7a para vencer o goleiro Airton.<\/p>\n\n\n\n<p class=\"wp-block-paragraph\">O segundo veio aos 27, e foi um gola\u00e7o. Savarino enfia a bola em profundidade para Marrony. O jovem atacante v\u00ea o goleiro Airton avan\u00e7ar para fechar seu \u00e2ngulo. Ele ent\u00e3o recua um pouco e bate por cobertura para marcar o mais bonito da noite.<\/p>\n\n\n\n<p class=\"wp-block-paragraph\">E quem fecha o marcador \u00e9 justamente o venezuelano Savarino, que chuta cruzado para ver a bola passar entre as pernas do goleiro advers\u00e1rio.<\/p>\n\n\n\n<p class=\"wp-block-paragraph\">Com a vit\u00f3ria o Atl\u00e9tico chegou \u00e0 final do Mineiro, onde enfrenta o Tombense nos dias 26 e 30 de agosto.<\/p>\n\n\n\n<h2 class=\"wp-block-heading\"><strong>Melhores momentos<\/strong><\/h2>\n\n\n\n<figure><iframe loading=\"lazy\" width=\"100%\" height=\"400\" src=\"https:\/\/www.youtube.com\/embed\/_UJwIHqWhGU\" allowfullscreen=\"\"><\/iframe><\/figure>\n\n\n\n<h2 class=\"wp-block-heading\"><strong>Recorde nacional<\/strong><\/h2>\n\n\n\n<p class=\"wp-block-paragraph\">Com a classifica\u00e7\u00e3o para a final do Mineiro, alcan\u00e7ada com a goleada por 3 a 0 sobre o Am\u00e9rica, na noite desta quarta-feira (5\/8), o Atl\u00e9tico ampliou para 14 o seu recorde nacional de finais consecutivas em campeonatos estaduais.<\/p>\n\n\n\n<p class=\"wp-block-paragraph\">A sequ\u00eancia de finais do Campeonato Mineiro disputadas pelo Galo come\u00e7ou em 2007. Desde ent\u00e3o, o Atl\u00e9tico \u00e9 o \u00fanico clube do pa\u00eds que participou de todas as decis\u00f5es regionais.<\/p>\n\n\n\n<p class=\"wp-block-paragraph\">Maior campe\u00e3o mineiro, o Atl\u00e9tico luta pelo 45\u00ba t\u00edtulo da competi\u00e7\u00e3o. Nos \u00faltimos 13 anos, o Galo conquistou seis t\u00edtulos estaduais: 2007, 2010, 2012, 2013, 2015 e 2017.<\/p>\n\n\n\n<p class=\"has-background has-very-light-gray-background-color wp-block-paragraph\">Quer saber as not\u00edcias do <strong>Aconteceu no Vale<\/strong> em primeira m\u00e3o? Siga-nos no Facebook <a rel=\"noreferrer noopener\" href=\"http:\/\/facebook.com\/aconteceunovale\" target=\"_blank\">@aconteceunovale<\/a>, Twitter <a rel=\"noreferrer noopener\" href=\"https:\/\/twitter.com\/noticiadosvales\" target=\"_blank\">@noticiadosvales<\/a> e Instagram <a rel=\"noreferrer noopener\" href=\"https:\/\/www.instagram.com\/aconteceunovale\" target=\"_blank\">@aconteceunovale<\/a>.<\/p>\n","protected":false},"excerpt":{"rendered":"<p>Com um futebol eficiente, o Atl\u00e9tico-MG superou o Am\u00e9rica-MG por 3 a 0 na noite desta quarta (5\/8\/2020) e garantiu a classifica\u00e7\u00e3o para a final do Campeonato Mineiro. Seu advers\u00e1rio na grande decis\u00e3o ser\u00e1 o Tombense. A equipe comandada pelo t\u00e9cnico argentino Jorge Sampaoli chegou com certa tranquilidade \u00e0 partida, pois no jogo de ida [&hellip;]<\/p>\n","protected":false},"author":1,"featured_media":166990,"comment_status":"open","ping_status":"closed","sticky":false,"template":"","format":"standard","meta":{"amp_status":"","footnotes":""},"categories":[59,123],"tags":[226349,226617,194,1017,32921,226607,226253,226904,4404,226155,226903,226608,682,1018,226255,226258,22725,226256,226611,211822,226254,215,86812,226257,81237,226609,23161,226905,226606,226900,226901,226902,226605,226610,32690,226260,226259,42209],"class_list":["post-166988","post","type-post","status-publish","format-standard","has-post-thumbnail","hentry","category-esportes","category-gerais","tag-atletico-goleia-o-patrocinense-e-avanca-para-as-semifinais-do-campeonato-mineiro","tag-atletico-vence-o-america-e-larga-em-vantagem-na-disputa-por-vaga-na-final-do-campeonato-mineiro","tag-belo-horizonte","tag-bh","tag-caldense","tag-caldense-campeonato-mineiro-2020","tag-caldense-e-cruzeiro-entram-em-campo-por-vaga-nas-semifinais-do-campeonato-mineiro","tag-campeao-do-interior-de-minas-gerais","tag-campeonato-mineiro","tag-campeonato-mineiro-2020","tag-carcara-da-zona-da-mata","tag-carcara-de-tombos","tag-cruzeiro","tag-destaque","tag-duelo-entre-caldense-e-cruzeiro","tag-estadio-doutor-ronaldo-junqueira","tag-independencia","tag-jogo-entre-caldense-e-cruzeiro","tag-jogo-entre-tombense-e-caldense","tag-mineiro","tag-mineiro-2020","tag-pocos-de-caldas","tag-primeira-fase-do-campeonato-mineiro","tag-primeira-fase-do-mineiro","tag-ronaldao","tag-semifinais-do-campeonato-mineiro-2020","tag-tombense","tag-tombense-campeao-do-interior-de-minas-gerais","tag-tombense-campeonato-mineiro-2020","tag-tombense-chega-a-final-do-campeonato-mineiro-pela-primeira-vez","tag-tombense-e-o-primeiro-finalista-do-campeonato-mineiro-2020","tag-tombense-finalista-do-campeonato-mineiro-2020","tag-tombense-vence-e-esta-mais-perto-da-final-do-campeonato-mineiro-2020","tag-tombense-x-caldense","tag-tombos","tag-ultima-rodada-da-primeira-fase-do-campeonato-mineiro","tag-ultima-rodada-da-primeira-fase-do-mineiro","tag-veterana"],"yoast_head":"<!-- This site is optimized with the Yoast SEO plugin v28.3 - https:\/\/yoast.com\/product\/yoast-seo-wordpress\/ -->\n<title>Atl\u00e9tico derrota o Am\u00e9rica e est\u00e1 na final do Campeonato Mineiro - Aconteceu no Vale<\/title>\n<meta name=\"robots\" content=\"index, follow, max-snippet:-1, max-image-preview:large, max-video-preview:-1\" \/>\n<link rel=\"canonical\" href=\"https:\/\/aconteceunovale.com.br\/portal\/?p=166988\" \/>\n<meta property=\"og:locale\" content=\"pt_BR\" \/>\n<meta property=\"og:type\" content=\"article\" \/>\n<meta property=\"og:title\" content=\"Atl\u00e9tico derrota o Am\u00e9rica e est\u00e1 na final do Campeonato Mineiro - Aconteceu no Vale\" \/>\n<meta property=\"og:description\" content=\"Com um futebol eficiente, o Atl\u00e9tico-MG superou o Am\u00e9rica-MG por 3 a 0 na noite desta quarta (5\/8\/2020) e garantiu a classifica\u00e7\u00e3o para a final do Campeonato Mineiro. Seu advers\u00e1rio na grande decis\u00e3o ser\u00e1 o Tombense. A equipe comandada pelo t\u00e9cnico argentino Jorge Sampaoli chegou com certa tranquilidade \u00e0 partida, pois no jogo de ida [&hellip;]\" \/>\n<meta property=\"og:url\" content=\"https:\/\/aconteceunovale.com.br\/portal\/?p=166988\" \/>\n<meta property=\"og:site_name\" content=\"Aconteceu no Vale\" \/>\n<meta property=\"article:publisher\" content=\"https:\/\/www.facebook.com\/aconteceunovale\/\" \/>\n<meta property=\"article:published_time\" content=\"2020-08-06T12:04:07+00:00\" \/>\n<meta property=\"article:modified_time\" content=\"2020-08-06T12:05:02+00:00\" \/>\n<meta property=\"og:image\" content=\"https:\/\/aconteceunovale.com.br\/portal\/wp-content\/uploads\/2020\/08\/atletico_america_semi2.jpg\" \/>\n\t<meta property=\"og:image:width\" content=\"678\" \/>\n\t<meta property=\"og:image:height\" content=\"406\" \/>\n\t<meta property=\"og:image:type\" content=\"image\/jpeg\" \/>\n<meta name=\"author\" content=\"Aconteceu no Vale\" \/>\n<meta name=\"twitter:card\" content=\"summary_large_image\" \/>\n<meta name=\"twitter:creator\" content=\"@noticiadosvales\" \/>\n<meta name=\"twitter:site\" content=\"@noticiadosvales\" \/>\n<meta name=\"twitter:label1\" content=\"Escrito por\" \/>\n\t<meta name=\"twitter:data1\" content=\"Aconteceu no Vale\" \/>\n\t<meta name=\"twitter:label2\" content=\"Est. tempo de leitura\" \/>\n\t<meta name=\"twitter:data2\" content=\"2 minutos\" \/>\n<script type=\"application\/ld+json\" class=\"yoast-schema-graph\">{\"@context\":\"https:\\\/\\\/schema.org\",\"@graph\":[{\"@type\":\"Article\",\"@id\":\"https:\\\/\\\/aconteceunovale.com.br\\\/portal\\\/?p=166988#article\",\"isPartOf\":{\"@id\":\"https:\\\/\\\/aconteceunovale.com.br\\\/portal\\\/?p=166988\"},\"author\":{\"name\":\"Aconteceu no Vale\",\"@id\":\"https:\\\/\\\/aconteceunovale.com.br\\\/portal\\\/#\\\/schema\\\/person\\\/633529146f2c94272bef50ac2953d589\"},\"headline\":\"Atl\u00e9tico derrota o Am\u00e9rica e est\u00e1 na final do Campeonato Mineiro\",\"datePublished\":\"2020-08-06T12:04:07+00:00\",\"dateModified\":\"2020-08-06T12:05:02+00:00\",\"mainEntityOfPage\":{\"@id\":\"https:\\\/\\\/aconteceunovale.com.br\\\/portal\\\/?p=166988\"},\"wordCount\":391,\"commentCount\":0,\"image\":{\"@id\":\"https:\\\/\\\/aconteceunovale.com.br\\\/portal\\\/?p=166988#primaryimage\"},\"thumbnailUrl\":\"https:\\\/\\\/aconteceunovale.com.br\\\/portal\\\/wp-content\\\/uploads\\\/2020\\\/08\\\/atletico_america_semi2.jpg\",\"keywords\":[\"Atl\u00e9tico goleia o Patrocinense e avan\u00e7a para as semifinais do Campeonato Mineiro\",\"Atl\u00e9tico vence o Am\u00e9rica e larga em vantagem na disputa por vaga na final do Campeonato Mineiro\",\"Belo Horizonte\",\"bh\",\"Caldense\",\"Caldense Campeonato Mineiro 2020\",\"Caldense e Cruzeiro entram em campo por vaga nas semifinais do Campeonato Mineiro\",\"Campe\u00e3o do Interior de Minas Gerais\",\"Campeonato Mineiro\",\"Campeonato Mineiro 2020\",\"Carcar\u00e1 da Zona da Mata\",\"Carcar\u00e1 de Tombos\",\"Cruzeiro\",\"destaque\",\"Duelo entre Caldense e Cruzeiro\",\"Est\u00e1dio Doutor Ronaldo Junqueira\",\"Independ\u00eancia\",\"Jogo entre Caldense e Cruzeiro\",\"Jogo entre Tombense e Caldense\",\"mineiro\",\"Mineiro 2020\",\"Po\u00e7os de Caldas\",\"primeira fase do Campeonato Mineiro\",\"Primeira fase do Mineiro\",\"Ronald\u00e3o\",\"Semifinais do Campeonato Mineiro 2020\",\"Tombense\",\"Tombense campe\u00e3o do interior de Minas Gerais\",\"Tombense Campeonato Mineiro 2020\",\"Tombense chega \u00e0 final do Campeonato Mineiro pela primeira vez\",\"Tombense \u00e9 o primeiro finalista do Campeonato Mineiro 2020\",\"Tombense finalista do Campeonato Mineiro 2020\",\"Tombense vence e est\u00e1 mais perto da final do Campeonato Mineiro 2020\",\"Tombense x Caldense\",\"Tombos\",\"\u00daltima rodada da primeira fase do Campeonato Mineiro\",\"\u00daltima rodada da primeira fase do Mineiro\",\"Veterana\"],\"articleSection\":[\"Esportes\",\"Minas Gerais\"],\"inLanguage\":\"pt-BR\",\"potentialAction\":[{\"@type\":\"CommentAction\",\"name\":\"Comment\",\"target\":[\"https:\\\/\\\/aconteceunovale.com.br\\\/portal\\\/?p=166988#respond\"]}]},{\"@type\":\"WebPage\",\"@id\":\"https:\\\/\\\/aconteceunovale.com.br\\\/portal\\\/?p=166988\",\"url\":\"https:\\\/\\\/aconteceunovale.com.br\\\/portal\\\/?p=166988\",\"name\":\"Atl\u00e9tico derrota o Am\u00e9rica e est\u00e1 na final do Campeonato Mineiro - Aconteceu no Vale\",\"isPartOf\":{\"@id\":\"https:\\\/\\\/aconteceunovale.com.br\\\/portal\\\/#website\"},\"primaryImageOfPage\":{\"@id\":\"https:\\\/\\\/aconteceunovale.com.br\\\/portal\\\/?p=166988#primaryimage\"},\"image\":{\"@id\":\"https:\\\/\\\/aconteceunovale.com.br\\\/portal\\\/?p=166988#primaryimage\"},\"thumbnailUrl\":\"https:\\\/\\\/aconteceunovale.com.br\\\/portal\\\/wp-content\\\/uploads\\\/2020\\\/08\\\/atletico_america_semi2.jpg\",\"datePublished\":\"2020-08-06T12:04:07+00:00\",\"dateModified\":\"2020-08-06T12:05:02+00:00\",\"author\":{\"@id\":\"https:\\\/\\\/aconteceunovale.com.br\\\/portal\\\/#\\\/schema\\\/person\\\/633529146f2c94272bef50ac2953d589\"},\"breadcrumb\":{\"@id\":\"https:\\\/\\\/aconteceunovale.com.br\\\/portal\\\/?p=166988#breadcrumb\"},\"inLanguage\":\"pt-BR\",\"potentialAction\":[{\"@type\":\"ReadAction\",\"target\":[\"https:\\\/\\\/aconteceunovale.com.br\\\/portal\\\/?p=166988\"]}]},{\"@type\":\"ImageObject\",\"inLanguage\":\"pt-BR\",\"@id\":\"https:\\\/\\\/aconteceunovale.com.br\\\/portal\\\/?p=166988#primaryimage\",\"url\":\"https:\\\/\\\/aconteceunovale.com.br\\\/portal\\\/wp-content\\\/uploads\\\/2020\\\/08\\\/atletico_america_semi2.jpg\",\"contentUrl\":\"https:\\\/\\\/aconteceunovale.com.br\\\/portal\\\/wp-content\\\/uploads\\\/2020\\\/08\\\/atletico_america_semi2.jpg\",\"width\":678,\"height\":406,\"caption\":\"BELO HORIZONTE \\\/ MINAS GERAIS \\\/ BRASIL 05.08.2020 jogo entre Am\u00e9rica x Atl\u00e9tico no Est\u00e1dio Independ\u00eancia pelo Campeonato Mineiro 2020 - Fotos: Bruno Cantini \\\/ Ag\u00eancia Galo \\\/ Atl\u00e9tico\"},{\"@type\":\"BreadcrumbList\",\"@id\":\"https:\\\/\\\/aconteceunovale.com.br\\\/portal\\\/?p=166988#breadcrumb\",\"itemListElement\":[{\"@type\":\"ListItem\",\"position\":1,\"name\":\"In\u00edcio\",\"item\":\"https:\\\/\\\/aconteceunovale.com.br\\\/portal\\\/\"},{\"@type\":\"ListItem\",\"position\":2,\"name\":\"Atl\u00e9tico derrota o Am\u00e9rica e est\u00e1 na final do Campeonato Mineiro\"}]},{\"@type\":\"WebSite\",\"@id\":\"https:\\\/\\\/aconteceunovale.com.br\\\/portal\\\/#website\",\"url\":\"https:\\\/\\\/aconteceunovale.com.br\\\/portal\\\/\",\"name\":\"Aconteceu no Vale\",\"description\":\"Portal de Not\u00edcias\",\"potentialAction\":[{\"@type\":\"SearchAction\",\"target\":{\"@type\":\"EntryPoint\",\"urlTemplate\":\"https:\\\/\\\/aconteceunovale.com.br\\\/portal\\\/?s={search_term_string}\"},\"query-input\":{\"@type\":\"PropertyValueSpecification\",\"valueRequired\":true,\"valueName\":\"search_term_string\"}}],\"inLanguage\":\"pt-BR\"},{\"@type\":\"Person\",\"@id\":\"https:\\\/\\\/aconteceunovale.com.br\\\/portal\\\/#\\\/schema\\\/person\\\/633529146f2c94272bef50ac2953d589\",\"name\":\"Aconteceu no Vale\",\"description\":\"Equipe de reportagem do Aconteceu no Vale, portal de not\u00edcias do Vale do Jequitinhonha, em Minas Gerais. Cobrimos as 51 cidades do Vale desde 2013. Sugest\u00f5es de pauta e pedidos de corre\u00e7\u00e3o: contato@aconteceunovale.com.br\",\"sameAs\":[\"http:\\\/\\\/www.aconteceunovale.com.br\"],\"url\":\"https:\\\/\\\/aconteceunovale.com.br\\\/portal\\\/?author=1\"}]}<\/script>\n<!-- \/ Yoast SEO plugin. -->","yoast_head_json":{"title":"Atl\u00e9tico derrota o Am\u00e9rica e est\u00e1 na final do Campeonato Mineiro - Aconteceu no Vale","robots":{"index":"index","follow":"follow","max-snippet":"max-snippet:-1","max-image-preview":"max-image-preview:large","max-video-preview":"max-video-preview:-1"},"canonical":"https:\/\/aconteceunovale.com.br\/portal\/?p=166988","og_locale":"pt_BR","og_type":"article","og_title":"Atl\u00e9tico derrota o Am\u00e9rica e est\u00e1 na final do Campeonato Mineiro - Aconteceu no Vale","og_description":"Com um futebol eficiente, o Atl\u00e9tico-MG superou o Am\u00e9rica-MG por 3 a 0 na noite desta quarta (5\/8\/2020) e garantiu a classifica\u00e7\u00e3o para a final do Campeonato Mineiro. Seu advers\u00e1rio na grande decis\u00e3o ser\u00e1 o Tombense. A equipe comandada pelo t\u00e9cnico argentino Jorge Sampaoli chegou com certa tranquilidade \u00e0 partida, pois no jogo de ida [&hellip;]","og_url":"https:\/\/aconteceunovale.com.br\/portal\/?p=166988","og_site_name":"Aconteceu no Vale","article_publisher":"https:\/\/www.facebook.com\/aconteceunovale\/","article_published_time":"2020-08-06T12:04:07+00:00","article_modified_time":"2020-08-06T12:05:02+00:00","og_image":[{"width":678,"height":406,"url":"https:\/\/aconteceunovale.com.br\/portal\/wp-content\/uploads\/2020\/08\/atletico_america_semi2.jpg","type":"image\/jpeg"}],"author":"Aconteceu no Vale","twitter_card":"summary_large_image","twitter_creator":"@noticiadosvales","twitter_site":"@noticiadosvales","twitter_misc":{"Escrito por":"Aconteceu no Vale","Est. tempo de leitura":"2 minutos"},"schema":{"@context":"https:\/\/schema.org","@graph":[{"@type":"Article","@id":"https:\/\/aconteceunovale.com.br\/portal\/?p=166988#article","isPartOf":{"@id":"https:\/\/aconteceunovale.com.br\/portal\/?p=166988"},"author":{"name":"Aconteceu no Vale","@id":"https:\/\/aconteceunovale.com.br\/portal\/#\/schema\/person\/633529146f2c94272bef50ac2953d589"},"headline":"Atl\u00e9tico derrota o Am\u00e9rica e est\u00e1 na final do Campeonato Mineiro","datePublished":"2020-08-06T12:04:07+00:00","dateModified":"2020-08-06T12:05:02+00:00","mainEntityOfPage":{"@id":"https:\/\/aconteceunovale.com.br\/portal\/?p=166988"},"wordCount":391,"commentCount":0,"image":{"@id":"https:\/\/aconteceunovale.com.br\/portal\/?p=166988#primaryimage"},"thumbnailUrl":"https:\/\/aconteceunovale.com.br\/portal\/wp-content\/uploads\/2020\/08\/atletico_america_semi2.jpg","keywords":["Atl\u00e9tico goleia o Patrocinense e avan\u00e7a para as semifinais do Campeonato Mineiro","Atl\u00e9tico vence o Am\u00e9rica e larga em vantagem na disputa por vaga na final do Campeonato Mineiro","Belo Horizonte","bh","Caldense","Caldense Campeonato Mineiro 2020","Caldense e Cruzeiro entram em campo por vaga nas semifinais do Campeonato Mineiro","Campe\u00e3o do Interior de Minas Gerais","Campeonato Mineiro","Campeonato Mineiro 2020","Carcar\u00e1 da Zona da Mata","Carcar\u00e1 de Tombos","Cruzeiro","destaque","Duelo entre Caldense e Cruzeiro","Est\u00e1dio Doutor Ronaldo Junqueira","Independ\u00eancia","Jogo entre Caldense e Cruzeiro","Jogo entre Tombense e Caldense","mineiro","Mineiro 2020","Po\u00e7os de Caldas","primeira fase do Campeonato Mineiro","Primeira fase do Mineiro","Ronald\u00e3o","Semifinais do Campeonato Mineiro 2020","Tombense","Tombense campe\u00e3o do interior de Minas Gerais","Tombense Campeonato Mineiro 2020","Tombense chega \u00e0 final do Campeonato Mineiro pela primeira vez","Tombense \u00e9 o primeiro finalista do Campeonato Mineiro 2020","Tombense finalista do Campeonato Mineiro 2020","Tombense vence e est\u00e1 mais perto da final do Campeonato Mineiro 2020","Tombense x Caldense","Tombos","\u00daltima rodada da primeira fase do Campeonato Mineiro","\u00daltima rodada da primeira fase do Mineiro","Veterana"],"articleSection":["Esportes","Minas Gerais"],"inLanguage":"pt-BR","potentialAction":[{"@type":"CommentAction","name":"Comment","target":["https:\/\/aconteceunovale.com.br\/portal\/?p=166988#respond"]}]},{"@type":"WebPage","@id":"https:\/\/aconteceunovale.com.br\/portal\/?p=166988","url":"https:\/\/aconteceunovale.com.br\/portal\/?p=166988","name":"Atl\u00e9tico derrota o Am\u00e9rica e est\u00e1 na final do Campeonato Mineiro - Aconteceu no Vale","isPartOf":{"@id":"https:\/\/aconteceunovale.com.br\/portal\/#website"},"primaryImageOfPage":{"@id":"https:\/\/aconteceunovale.com.br\/portal\/?p=166988#primaryimage"},"image":{"@id":"https:\/\/aconteceunovale.com.br\/portal\/?p=166988#primaryimage"},"thumbnailUrl":"https:\/\/aconteceunovale.com.br\/portal\/wp-content\/uploads\/2020\/08\/atletico_america_semi2.jpg","datePublished":"2020-08-06T12:04:07+00:00","dateModified":"2020-08-06T12:05:02+00:00","author":{"@id":"https:\/\/aconteceunovale.com.br\/portal\/#\/schema\/person\/633529146f2c94272bef50ac2953d589"},"breadcrumb":{"@id":"https:\/\/aconteceunovale.com.br\/portal\/?p=166988#breadcrumb"},"inLanguage":"pt-BR","potentialAction":[{"@type":"ReadAction","target":["https:\/\/aconteceunovale.com.br\/portal\/?p=166988"]}]},{"@type":"ImageObject","inLanguage":"pt-BR","@id":"https:\/\/aconteceunovale.com.br\/portal\/?p=166988#primaryimage","url":"https:\/\/aconteceunovale.com.br\/portal\/wp-content\/uploads\/2020\/08\/atletico_america_semi2.jpg","contentUrl":"https:\/\/aconteceunovale.com.br\/portal\/wp-content\/uploads\/2020\/08\/atletico_america_semi2.jpg","width":678,"height":406,"caption":"BELO HORIZONTE \/ MINAS GERAIS \/ BRASIL 05.08.2020 jogo entre Am\u00e9rica x Atl\u00e9tico no Est\u00e1dio Independ\u00eancia pelo Campeonato Mineiro 2020 - Fotos: Bruno Cantini \/ Ag\u00eancia Galo \/ Atl\u00e9tico"},{"@type":"BreadcrumbList","@id":"https:\/\/aconteceunovale.com.br\/portal\/?p=166988#breadcrumb","itemListElement":[{"@type":"ListItem","position":1,"name":"In\u00edcio","item":"https:\/\/aconteceunovale.com.br\/portal\/"},{"@type":"ListItem","position":2,"name":"Atl\u00e9tico derrota o Am\u00e9rica e est\u00e1 na final do Campeonato Mineiro"}]},{"@type":"WebSite","@id":"https:\/\/aconteceunovale.com.br\/portal\/#website","url":"https:\/\/aconteceunovale.com.br\/portal\/","name":"Aconteceu no Vale","description":"Portal de Not\u00edcias","potentialAction":[{"@type":"SearchAction","target":{"@type":"EntryPoint","urlTemplate":"https:\/\/aconteceunovale.com.br\/portal\/?s={search_term_string}"},"query-input":{"@type":"PropertyValueSpecification","valueRequired":true,"valueName":"search_term_string"}}],"inLanguage":"pt-BR"},{"@type":"Person","@id":"https:\/\/aconteceunovale.com.br\/portal\/#\/schema\/person\/633529146f2c94272bef50ac2953d589","name":"Aconteceu no Vale","description":"Equipe de reportagem do Aconteceu no Vale, portal de not\u00edcias do Vale do Jequitinhonha, em Minas Gerais. Cobrimos as 51 cidades do Vale desde 2013. Sugest\u00f5es de pauta e pedidos de corre\u00e7\u00e3o: contato@aconteceunovale.com.br","sameAs":["http:\/\/www.aconteceunovale.com.br"],"url":"https:\/\/aconteceunovale.com.br\/portal\/?author=1"}]}},"_links":{"self":[{"href":"https:\/\/aconteceunovale.com.br\/portal\/index.php?rest_route=\/wp\/v2\/posts\/166988","targetHints":{"allow":["GET"]}}],"collection":[{"href":"https:\/\/aconteceunovale.com.br\/portal\/index.php?rest_route=\/wp\/v2\/posts"}],"about":[{"href":"https:\/\/aconteceunovale.com.br\/portal\/index.php?rest_route=\/wp\/v2\/types\/post"}],"author":[{"embeddable":true,"href":"https:\/\/aconteceunovale.com.br\/portal\/index.php?rest_route=\/wp\/v2\/users\/1"}],"replies":[{"embeddable":true,"href":"https:\/\/aconteceunovale.com.br\/portal\/index.php?rest_route=%2Fwp%2Fv2%2Fcomments&post=166988"}],"version-history":[{"count":1,"href":"https:\/\/aconteceunovale.com.br\/portal\/index.php?rest_route=\/wp\/v2\/posts\/166988\/revisions"}],"predecessor-version":[{"id":166991,"href":"https:\/\/aconteceunovale.com.br\/portal\/index.php?rest_route=\/wp\/v2\/posts\/166988\/revisions\/166991"}],"wp:featuredmedia":[{"embeddable":true,"href":"https:\/\/aconteceunovale.com.br\/portal\/index.php?rest_route=\/wp\/v2\/media\/166990"}],"wp:attachment":[{"href":"https:\/\/aconteceunovale.com.br\/portal\/index.php?rest_route=%2Fwp%2Fv2%2Fmedia&parent=166988"}],"wp:term":[{"taxonomy":"category","embeddable":true,"href":"https:\/\/aconteceunovale.com.br\/portal\/index.php?rest_route=%2Fwp%2Fv2%2Fcategories&post=166988"},{"taxonomy":"post_tag","embeddable":true,"href":"https:\/\/aconteceunovale.com.br\/portal\/index.php?rest_route=%2Fwp%2Fv2%2Ftags&post=166988"}],"curies":[{"name":"wp","href":"https:\/\/api.w.org\/{rel}","templated":true}]}}