{"id":166978,"date":"2020-08-05T22:52:34","date_gmt":"2020-08-06T01:52:34","guid":{"rendered":"https:\/\/aconteceunovale.com.br\/portal\/?p=166978"},"modified":"2020-08-05T22:53:35","modified_gmt":"2020-08-06T01:53:35","slug":"covid-19-brasil-tem-97-256-obitos-e-202-milhoes-de-recuperados","status":"publish","type":"post","link":"https:\/\/aconteceunovale.com.br\/portal\/?p=166978","title":{"rendered":"Covid-19: Brasil tem 97.256 \u00f3bitos e 2,02 milh\u00f5es de recuperados"},"content":{"rendered":"\n<p>O balan\u00e7o di\u00e1rio do Minist\u00e9rio da Sa\u00fade &#8211; divulgado nesta quarta (5\/8\/2020) &#8211; mostra que o Brasil tem&nbsp;2.859.073 casos acumulados de covid-19. Desse total, 70,7% se recuperaram da doen\u00e7a, ou seja, 2.020.637 pessoas;&nbsp;97.256 faleceram e&nbsp;741.180 pacientes est\u00e3o em tratamento.&nbsp;Nas \u00faltimas 24 horas, foram registrados 1.437 \u00f3bitos e notificados 57.152 novos casos de covid-19.&nbsp;<\/p>\n\n\n\n<p>A taxa de letalidade (n\u00famero de mortes pelo total de casos) ficou em 3,4%,&nbsp;mesmo percentual de dias anteriores.&nbsp;A mortalidade (quantidade de \u00f3bitos por 100 mil habitantes) atingiu 46,3. A incid\u00eancia dos casos de covid-19 por 100 mil habitantes \u00e9 de 1.360,3.<\/p>\n\n\n\n<p>O Brasil mant\u00e9m-se em segundo lugar no ranking mundial em n\u00famero de casos e de \u00f3bitos\u00a0relacionados \u00e0 pandemia. A lideran\u00e7a \u00e9 dos Estados Unidos. De acordo com o mapa da universidade Johns Hopkins, as 22h45, o pa\u00eds possui 157.930 mortes e 4.821.458 casos acumulados. Na terceira coloca\u00e7\u00e3o, em n\u00famero de casos, segundo a institui\u00e7\u00e3o norte-americana, aparece a \u00cdndia, com 1,9 milh\u00e3o de infec\u00e7\u00f5es e 39.795 \u00f3bitos. J\u00e1 em n\u00famero de mortes, a terceira posi\u00e7\u00e3o \u00e9 do M\u00e9xico, que registra 49.698 falecimentos e 456 mil casos totais confirmados.\u00a0\u00a0<\/p>\n\n\n\n<h2 class=\"wp-block-heading\">Covid-19 nos estados<\/h2>\n\n\n\n<p>Os estados com mais mortes registraras por covid-19 s\u00e3o: S\u00e3o Paulo (24.109), Rio&nbsp;de Janeiro&nbsp;(13.855), Cear\u00e1 (7.867), Pernambuco (6.758) e Par\u00e1 (5.818). As Unidades da Federa\u00e7\u00e3o com menos falecimentos pela pandemia s\u00e3o: Tocantins (415), Mato Grosso do Sul (442), Roraima (532), Acre (547) e Amap\u00e1 (588). Mato Grosso do Sul, que permaneceu ao longo da pandemia como o local menos letal, deixou o \u00faltimo lugar do ranking, ultrapassando Tocantins e o Acre.<\/p>\n\n\n\n<p>Em casos confirmados do novo coronav\u00edrus\u00a0S\u00e3o Paulo tamb\u00e9m lidera a lista com 585.265 notifica\u00e7\u00f5es,\u00a0seguido por Cear\u00e1 (181.443), Bahia (179.737), Rio\u00a0de Janeiro\u00a0(172.679) e Par\u00e1 (160.695). Os estados com menos pessoas infectadas at\u00e9 o momento s\u00e3o: Acre (21.033), Tocantins (28.312), Mato Grosso do Sul (28.315), Roraima (34.296) e Amap\u00e1 (37.318).<\/p>\n\n\n\n<figure class=\"wp-block-gallery columns-1 is-cropped wp-block-gallery-1 is-layout-flex wp-block-gallery-is-layout-flex\"><ul class=\"blocks-gallery-grid\"><li class=\"blocks-gallery-item\"><figure><img loading=\"lazy\" decoding=\"async\" width=\"754\" height=\"423\" src=\"https:\/\/aconteceunovale.com.br\/portal\/wp-content\/uploads\/2020\/08\/corona_br_5agosto.jpeg\" alt=\"\" data-id=\"166979\" data-full-url=\"https:\/\/aconteceunovale.com.br\/portal\/wp-content\/uploads\/2020\/08\/corona_br_5agosto.jpeg\" data-link=\"https:\/\/aconteceunovale.com.br\/portal\/?attachment_id=166979\" class=\"wp-image-166979\" srcset=\"https:\/\/aconteceunovale.com.br\/portal\/wp-content\/uploads\/2020\/08\/corona_br_5agosto.jpeg 754w, https:\/\/aconteceunovale.com.br\/portal\/wp-content\/uploads\/2020\/08\/corona_br_5agosto-300x168.jpeg 300w, https:\/\/aconteceunovale.com.br\/portal\/wp-content\/uploads\/2020\/08\/corona_br_5agosto-696x390.jpeg 696w, https:\/\/aconteceunovale.com.br\/portal\/wp-content\/uploads\/2020\/08\/corona_br_5agosto-749x420.jpeg 749w\" sizes=\"auto, (max-width: 754px) 100vw, 754px\" \/><\/figure><\/li><\/ul><\/figure>\n\n\n\n<p class=\"has-background has-very-light-gray-background-color\">Quer saber as not\u00edcias do <strong>Aconteceu no Vale<\/strong> em primeira m\u00e3o? Siga-nos no Facebook <a rel=\"noreferrer noopener\" href=\"http:\/\/facebook.com\/aconteceunovale\" target=\"_blank\">@aconteceunovale<\/a>, Twitter <a rel=\"noreferrer noopener\" href=\"https:\/\/twitter.com\/noticiadosvales\" target=\"_blank\">@noticiadosvales<\/a> e Instagram <a rel=\"noreferrer noopener\" href=\"https:\/\/www.instagram.com\/aconteceunovale\" target=\"_blank\">@aconteceunovale<\/a>.<\/p>\n","protected":false},"excerpt":{"rendered":"<p>O balan\u00e7o di\u00e1rio do Minist\u00e9rio da Sa\u00fade &#8211; divulgado nesta quarta (5\/8\/2020) &#8211; mostra que o Brasil tem&nbsp;2.859.073 casos acumulados de covid-19. Desse total, 70,7% se recuperaram da doen\u00e7a, ou seja, 2.020.637 pessoas;&nbsp;97.256 faleceram e&nbsp;741.180 pacientes est\u00e3o em tratamento.&nbsp;Nas \u00faltimas 24 horas, foram registrados 1.437 \u00f3bitos e notificados 57.152 novos casos de covid-19.&nbsp; A taxa [&hellip;]<\/p>\n","protected":false},"author":1,"featured_media":166979,"comment_status":"open","ping_status":"closed","sticky":false,"template":"","format":"standard","meta":{"amp_status":"","footnotes":""},"categories":[6,28848,40242],"tags":[4785,220477,220660,219520,218049,218205,214884,215394,216498,218043,19326,220349,218044,218045,215653,218206,219105,219104,218876,219519,140166,217692,220478,220479,220944,220945],"class_list":["post-166978","post","type-post","status-publish","format-standard","has-post-thumbnail","hentry","category-br","category-mundo","category-saude-2","tag-brasil","tag-brasil-bate-recorde-de-obitos-e-casos-confirmados-em-um-dia","tag-brasil-ultrapassa-marca-de-4-mil-obitos-por-covid-19","tag-casos-confirmados-e-obitos-no-brasil","tag-casos-de-coronavirus-no-brasil","tag-casos-de-covid-19-no-brasil","tag-coronavirus","tag-coronavirus-no-brasil","tag-covid-19","tag-covid-19-no-brasil","tag-ministerio-da-saude","tag-ministerio-da-saude-atualiza-numeros-do-coronavirus-no-brasil","tag-mortes-por-coronavirus-no-brasil","tag-mortes-por-covid-19-no-brasil","tag-novo-coronavirus","tag-numero-de-casos-de-covid-19-confirmados-no-brasil","tag-numeros-da-covid-19-no-brasil","tag-numeros-do-coronavirus-no-brasil","tag-obitos-por-coronavirus-no-brasil","tag-obitos-por-covid-19-no-brasil","tag-pandemia","tag-pandemia-de-coronavirus","tag-recorde-de-obitos-por-coronavirus-no-brasil","tag-recorde-de-obitos-por-covid-19-no-brasil","tag-virus-vai-atingir-70-da-populacao","tag-virus-vai-atingir-70-da-populacao-diz-jair-bolsonaro"],"_links":{"self":[{"href":"https:\/\/aconteceunovale.com.br\/portal\/index.php?rest_route=\/wp\/v2\/posts\/166978","targetHints":{"allow":["GET"]}}],"collection":[{"href":"https:\/\/aconteceunovale.com.br\/portal\/index.php?rest_route=\/wp\/v2\/posts"}],"about":[{"href":"https:\/\/aconteceunovale.com.br\/portal\/index.php?rest_route=\/wp\/v2\/types\/post"}],"author":[{"embeddable":true,"href":"https:\/\/aconteceunovale.com.br\/portal\/index.php?rest_route=\/wp\/v2\/users\/1"}],"replies":[{"embeddable":true,"href":"https:\/\/aconteceunovale.com.br\/portal\/index.php?rest_route=%2Fwp%2Fv2%2Fcomments&post=166978"}],"version-history":[{"count":1,"href":"https:\/\/aconteceunovale.com.br\/portal\/index.php?rest_route=\/wp\/v2\/posts\/166978\/revisions"}],"predecessor-version":[{"id":166980,"href":"https:\/\/aconteceunovale.com.br\/portal\/index.php?rest_route=\/wp\/v2\/posts\/166978\/revisions\/166980"}],"wp:featuredmedia":[{"embeddable":true,"href":"https:\/\/aconteceunovale.com.br\/portal\/index.php?rest_route=\/wp\/v2\/media\/166979"}],"wp:attachment":[{"href":"https:\/\/aconteceunovale.com.br\/portal\/index.php?rest_route=%2Fwp%2Fv2%2Fmedia&parent=166978"}],"wp:term":[{"taxonomy":"category","embeddable":true,"href":"https:\/\/aconteceunovale.com.br\/portal\/index.php?rest_route=%2Fwp%2Fv2%2Fcategories&post=166978"},{"taxonomy":"post_tag","embeddable":true,"href":"https:\/\/aconteceunovale.com.br\/portal\/index.php?rest_route=%2Fwp%2Fv2%2Ftags&post=166978"}],"curies":[{"name":"wp","href":"https:\/\/api.w.org\/{rel}","templated":true}]}}