{"id":166975,"date":"2020-08-05T22:25:00","date_gmt":"2020-08-06T01:25:00","guid":{"rendered":"https:\/\/aconteceunovale.com.br\/portal\/?p=166975"},"modified":"2020-08-05T22:25:18","modified_gmt":"2020-08-06T01:25:18","slug":"homem-e-preso-por-tentativa-de-homicidio-em-pecanha","status":"publish","type":"post","link":"https:\/\/aconteceunovale.com.br\/portal\/?p=166975","title":{"rendered":"Homem \u00e9 preso por tentativa de homic\u00eddio em Pe\u00e7anha"},"content":{"rendered":"\n<p>As Pol\u00edcias Civil e Militar cumpriram, nesta quarta-feira (5\/8), o mandado de pris\u00e3o preventiva em desfavor de um suspeito de cometer tentativa de assassinato no munic\u00edpio de Pe\u00e7anha (MG). Um rev\u00f3lver calibre 38, que teria sido utilizado no crime, foi apreendido na a\u00e7\u00e3o.<\/p>\n\n\n\n<p>Conforme os levantamentos da Pol\u00edcia Civil, no dia 2 de julho, o investigado teria atirado contra a v\u00edtima, do sexo masculino, enquanto ela segurava a filha de tr\u00eas anos. Depois do fato, o suspeito fugiu.<\/p>\n\n\n\n<p>Foi apurado que a motiva\u00e7\u00e3o do crime seria o fato da v\u00edtima ter acolhido a cunhada &#8211; que sofria viol\u00eancia dom\u00e9stica por parte do suspeito &#8211; na resid\u00eancia onde se deu o atentado, o que desagradou o suspeito.<\/p>\n\n\n\n<p>O Delegado Rodrigo Luiz Nalon Moreira informou que a investiga\u00e7\u00e3o est\u00e1 sendo finalizada, e o investigado ser\u00e1 indiciado por tentativa de homic\u00eddio, posse ilegal de arma de fogo e descumprimento de medida protetiva de urg\u00eancia. \u201cEssa reposta r\u00e1pida demonstra que a Pol\u00edcia Civil segue realizando uma repress\u00e3o qualificada a crimes graves na regi\u00e3o\u201d, concluiu.<\/p>\n\n\n\n<figure class=\"wp-block-gallery columns-1 is-cropped wp-block-gallery-1 is-layout-flex wp-block-gallery-is-layout-flex\"><ul class=\"blocks-gallery-grid\"><li class=\"blocks-gallery-item\"><figure><img loading=\"lazy\" decoding=\"async\" width=\"678\" height=\"420\" src=\"https:\/\/aconteceunovale.com.br\/portal\/wp-content\/uploads\/2020\/08\/arma_pecanha.jpeg\" alt=\"\" data-id=\"166976\" data-full-url=\"https:\/\/aconteceunovale.com.br\/portal\/wp-content\/uploads\/2020\/08\/arma_pecanha.jpeg\" data-link=\"https:\/\/aconteceunovale.com.br\/portal\/?attachment_id=166976\" class=\"wp-image-166976\" srcset=\"https:\/\/aconteceunovale.com.br\/portal\/wp-content\/uploads\/2020\/08\/arma_pecanha.jpeg 678w, https:\/\/aconteceunovale.com.br\/portal\/wp-content\/uploads\/2020\/08\/arma_pecanha-300x186.jpeg 300w, https:\/\/aconteceunovale.com.br\/portal\/wp-content\/uploads\/2020\/08\/arma_pecanha-356x220.jpeg 356w\" sizes=\"auto, (max-width: 678px) 100vw, 678px\" \/><figcaption class=\"blocks-gallery-item__caption\"><em>Foto: Divulga\u00e7\u00e3o\/PCMG<\/em><\/figcaption><\/figure><\/li><\/ul><\/figure>\n\n\n\n<p class=\"has-background has-very-light-gray-background-color\">Quer saber as not\u00edcias do <strong>Aconteceu no Vale<\/strong> em primeira m\u00e3o? Siga-nos no Facebook <a rel=\"noreferrer noopener\" href=\"http:\/\/facebook.com\/aconteceunovale\" target=\"_blank\">@aconteceunovale<\/a>, Twitter <a rel=\"noreferrer noopener\" href=\"https:\/\/twitter.com\/noticiadosvales\" target=\"_blank\">@noticiadosvales<\/a> e Instagram <a rel=\"noreferrer noopener\" href=\"https:\/\/www.instagram.com\/aconteceunovale\" target=\"_blank\">@aconteceunovale<\/a>.<\/p>\n","protected":false},"excerpt":{"rendered":"<p>As Pol\u00edcias Civil e Militar cumpriram, nesta quarta-feira (5\/8), o mandado de pris\u00e3o preventiva em desfavor de um suspeito de cometer tentativa de assassinato no munic\u00edpio de Pe\u00e7anha (MG). Um rev\u00f3lver calibre 38, que teria sido utilizado no crime, foi apreendido na a\u00e7\u00e3o. Conforme os levantamentos da Pol\u00edcia Civil, no dia 2 de julho, o [&hellip;]<\/p>\n","protected":false},"author":1,"featured_media":166976,"comment_status":"open","ping_status":"closed","sticky":false,"template":"","format":"standard","meta":{"amp_status":"","footnotes":""},"categories":[121],"tags":[226923,226925,226924,226920,306,221494,226921,226926,226922],"class_list":["post-166975","post","type-post","status-publish","format-standard","has-post-thumbnail","hentry","category-leste","tag-baleado-em-pecanha","tag-delegado-rodrigo-luiz-nalon-moreira","tag-homem-baleado-em-pecanha","tag-homem-e-preso-por-tentativa-de-homicidio-em-pecanha","tag-pecanha","tag-preso-em-pecanha","tag-preso-por-tentativa-de-homicidio-em-pecanha","tag-rodrigo-luiz-nalon-moreira","tag-tentativa-de-homicidio-em-pecanha"],"_links":{"self":[{"href":"https:\/\/aconteceunovale.com.br\/portal\/index.php?rest_route=\/wp\/v2\/posts\/166975","targetHints":{"allow":["GET"]}}],"collection":[{"href":"https:\/\/aconteceunovale.com.br\/portal\/index.php?rest_route=\/wp\/v2\/posts"}],"about":[{"href":"https:\/\/aconteceunovale.com.br\/portal\/index.php?rest_route=\/wp\/v2\/types\/post"}],"author":[{"embeddable":true,"href":"https:\/\/aconteceunovale.com.br\/portal\/index.php?rest_route=\/wp\/v2\/users\/1"}],"replies":[{"embeddable":true,"href":"https:\/\/aconteceunovale.com.br\/portal\/index.php?rest_route=%2Fwp%2Fv2%2Fcomments&post=166975"}],"version-history":[{"count":1,"href":"https:\/\/aconteceunovale.com.br\/portal\/index.php?rest_route=\/wp\/v2\/posts\/166975\/revisions"}],"predecessor-version":[{"id":166977,"href":"https:\/\/aconteceunovale.com.br\/portal\/index.php?rest_route=\/wp\/v2\/posts\/166975\/revisions\/166977"}],"wp:featuredmedia":[{"embeddable":true,"href":"https:\/\/aconteceunovale.com.br\/portal\/index.php?rest_route=\/wp\/v2\/media\/166976"}],"wp:attachment":[{"href":"https:\/\/aconteceunovale.com.br\/portal\/index.php?rest_route=%2Fwp%2Fv2%2Fmedia&parent=166975"}],"wp:term":[{"taxonomy":"category","embeddable":true,"href":"https:\/\/aconteceunovale.com.br\/portal\/index.php?rest_route=%2Fwp%2Fv2%2Fcategories&post=166975"},{"taxonomy":"post_tag","embeddable":true,"href":"https:\/\/aconteceunovale.com.br\/portal\/index.php?rest_route=%2Fwp%2Fv2%2Ftags&post=166975"}],"curies":[{"name":"wp","href":"https:\/\/api.w.org\/{rel}","templated":true}]}}