{"id":166972,"date":"2020-08-05T22:11:48","date_gmt":"2020-08-06T01:11:48","guid":{"rendered":"https:\/\/aconteceunovale.com.br\/portal\/?p=166972"},"modified":"2020-08-05T22:12:06","modified_gmt":"2020-08-06T01:12:06","slug":"policia-civil-deflagra-operacao-cyber-infamy-em-sao-joao-evangelista","status":"publish","type":"post","link":"https:\/\/aconteceunovale.com.br\/portal\/?p=166972","title":{"rendered":"Pol\u00edcia Civil deflagra opera\u00e7\u00e3o &#8220;Cyber-Infamy&#8221; em S\u00e3o Jo\u00e3o Evangelista"},"content":{"rendered":"\n<p>Na manh\u00e3 desta quarta-feira (5\/8), a Pol\u00edcia Civil de Minas Gerais (PCMG) realizou a opera\u00e7\u00e3o \u201cCyber-Infamy\u201d, no munic\u00edpio de S\u00e3o Jo\u00e3o Evangelista, que resultou no cumprimento de mandado de busca e apreens\u00e3o em desfavor de uma adolescente de 15 anos. Ela \u00e9 suspeita de praticar ato infracional an\u00e1logo ao crime de difama\u00e7\u00e3o, por meio de redes sociais, utilizando o perfil do Instagram \u201cfbi_sje\u201d.<\/p>\n\n\n\n<p>De acordo com o Delegado Luiz Jardim, os trabalhos de intelig\u00eancia duraram aproximadamente tr\u00eas meses, sendo constatado que a adolescente recebia mensagens via direct de pessoas diversas, sobre assuntos privados, principalmente supostas trai\u00e7\u00f5es de casais, para, posteriormente, public\u00e1-las no stories do perfil criado. \u201cA conclus\u00e3o das investiga\u00e7\u00f5es, al\u00e9m de permitir a responsabiliza\u00e7\u00e3o da suspeita do ato infracional, objetiva desestimular novos crimes cibern\u00e9ticos desta natureza, tendo em vista as consequ\u00eancias nocivas e imprevis\u00edveis\u201d, informou o Delegado.<\/p>\n\n\n\n<p>Ainda de acordo com a autoridade policial, uma pessoa no munic\u00edpio estava sendo amea\u00e7ada por aqueles que acreditavam ser ela a administradora do perfil difamador, quando na realidade tamb\u00e9m era v\u00edtima. As investiga\u00e7\u00f5es indicam, ainda, que no in\u00edcio do ano, em uma cidade pr\u00f3xima, uma jovem se matou por conta de difama\u00e7\u00f5es a seu respeito, divulgadas tamb\u00e9m em redes sociais.<\/p>\n\n\n\n<p>O nome da opera\u00e7\u00e3o faz refer\u00eancia ao modo pelo qual o ato infracional era praticado, por meio de rede social, com a divulga\u00e7\u00e3o de supostos fatos constrangedores, que n\u00e3o deveriam ser difundidos publicamente.<\/p>\n\n\n\n<p>A investiga\u00e7\u00e3o continuar\u00e1 para identificar as pessoas que enviavam as mensagens para a adolescente, para fins de divulga\u00e7\u00e3o no perfil dela.<\/p>\n\n\n\n<h2 class=\"wp-block-heading\"><strong>Delegado fala sobre a opera\u00e7\u00e3o<\/strong><\/h2>\n\n\n\n<figure><iframe loading=\"lazy\" width=\"100%\" height=\"400\" src=\"https:\/\/www.youtube.com\/embed\/IRiLtPlcDDs\" allowfullscreen=\"\"><\/iframe><\/figure>\n\n\n\n<p class=\"has-background has-very-light-gray-background-color\">Quer saber as not\u00edcias do <strong>Aconteceu no Vale<\/strong> em primeira m\u00e3o? Siga-nos no Facebook <a rel=\"noreferrer noopener\" href=\"http:\/\/facebook.com\/aconteceunovale\" target=\"_blank\">@aconteceunovale<\/a>, Twitter <a rel=\"noreferrer noopener\" href=\"https:\/\/twitter.com\/noticiadosvales\" target=\"_blank\">@noticiadosvales<\/a> e Instagram <a rel=\"noreferrer noopener\" href=\"https:\/\/www.instagram.com\/aconteceunovale\" target=\"_blank\">@aconteceunovale<\/a>.<\/p>\n","protected":false},"excerpt":{"rendered":"<p>Na manh\u00e3 desta quarta-feira (5\/8), a Pol\u00edcia Civil de Minas Gerais (PCMG) realizou a opera\u00e7\u00e3o \u201cCyber-Infamy\u201d, no munic\u00edpio de S\u00e3o Jo\u00e3o Evangelista, que resultou no cumprimento de mandado de busca e apreens\u00e3o em desfavor de uma adolescente de 15 anos. Ela \u00e9 suspeita de praticar ato infracional an\u00e1logo ao crime de difama\u00e7\u00e3o, por meio de [&hellip;]<\/p>\n","protected":false},"author":1,"featured_media":166973,"comment_status":"open","ping_status":"closed","sticky":false,"template":"","format":"standard","meta":{"amp_status":"","footnotes":""},"categories":[121],"tags":[226915,216125,226914,226911,226912,226918,226917,226916,226910,226913,604,226919,162,121715],"class_list":["post-166972","post","type-post","status-publish","format-standard","has-post-thumbnail","hentry","category-leste","tag-crime-de-difamacao-em-sao-joao-evangelista","tag-delegado-luiz-jardim","tag-difamacao-em-sao-joao-evangelista","tag-fbi-de-sao-joao-evangelista","tag-fbi-de-sje","tag-fbi-de-sje-cai-na-rede-da-pcmg","tag-fbi-de-sje-cai-na-rede-da-policia-civil-de-minas-gerais","tag-operacao-cyber-infamy-em-sao-joao-evangelista","tag-pagina-de-fofocas-e-alvo-de-operacao-da-policia-civil-em-sao-joao-evangelista","tag-pagina-de-fofocas-em-sao-joao-evangelista","tag-pcmg","tag-policia-civil-deflagra-operacao-cyber-infamy-em-sao-joao-evangelista","tag-sao-joao-evangelista","tag-sje"],"_links":{"self":[{"href":"https:\/\/aconteceunovale.com.br\/portal\/index.php?rest_route=\/wp\/v2\/posts\/166972","targetHints":{"allow":["GET"]}}],"collection":[{"href":"https:\/\/aconteceunovale.com.br\/portal\/index.php?rest_route=\/wp\/v2\/posts"}],"about":[{"href":"https:\/\/aconteceunovale.com.br\/portal\/index.php?rest_route=\/wp\/v2\/types\/post"}],"author":[{"embeddable":true,"href":"https:\/\/aconteceunovale.com.br\/portal\/index.php?rest_route=\/wp\/v2\/users\/1"}],"replies":[{"embeddable":true,"href":"https:\/\/aconteceunovale.com.br\/portal\/index.php?rest_route=%2Fwp%2Fv2%2Fcomments&post=166972"}],"version-history":[{"count":1,"href":"https:\/\/aconteceunovale.com.br\/portal\/index.php?rest_route=\/wp\/v2\/posts\/166972\/revisions"}],"predecessor-version":[{"id":166974,"href":"https:\/\/aconteceunovale.com.br\/portal\/index.php?rest_route=\/wp\/v2\/posts\/166972\/revisions\/166974"}],"wp:featuredmedia":[{"embeddable":true,"href":"https:\/\/aconteceunovale.com.br\/portal\/index.php?rest_route=\/wp\/v2\/media\/166973"}],"wp:attachment":[{"href":"https:\/\/aconteceunovale.com.br\/portal\/index.php?rest_route=%2Fwp%2Fv2%2Fmedia&parent=166972"}],"wp:term":[{"taxonomy":"category","embeddable":true,"href":"https:\/\/aconteceunovale.com.br\/portal\/index.php?rest_route=%2Fwp%2Fv2%2Fcategories&post=166972"},{"taxonomy":"post_tag","embeddable":true,"href":"https:\/\/aconteceunovale.com.br\/portal\/index.php?rest_route=%2Fwp%2Fv2%2Ftags&post=166972"}],"curies":[{"name":"wp","href":"https:\/\/api.w.org\/{rel}","templated":true}]}}