{"id":166969,"date":"2020-08-05T21:09:20","date_gmt":"2020-08-06T00:09:20","guid":{"rendered":"https:\/\/aconteceunovale.com.br\/portal\/?p=166969"},"modified":"2020-08-05T21:09:54","modified_gmt":"2020-08-06T00:09:54","slug":"municipios-das-microrregioes-de-capelinha-e-diamantina-somam-302-casos-de-covid-19-738-estao-recuperados","status":"publish","type":"post","link":"https:\/\/aconteceunovale.com.br\/portal\/?p=166969","title":{"rendered":"Munic\u00edpios das microrregi\u00f5es de Capelinha e Diamantina somam 302 casos de Covid-19; 73,8% est\u00e3o recuperados"},"content":{"rendered":"\n<p>Os 22 munic\u00edpios das microrregi\u00f5es de Capelinha e Diamantina somam 302 moradores diagnosticados com a Covid-19 (doen\u00e7a causada pelo novo coronav\u00edrus). Levantamento realizado pelo Aconteceu no Vale, no in\u00edcio da noite desta quarta-feira (5\/8\/2020), indica que 223 pacientes est\u00e3o recuperados, seis morreram e 73 permanecem em acompanhamento.<\/p>\n\n\n\n<p>O n\u00famero de pacientes recuperados (curados) nas duas microrregi\u00f5es representa 73,8% dos infectados. Berilo, Couto de Magalh\u00e3es de Minas, S\u00e3o Gon\u00e7alo do Rio Preto, Aricanduva, Francisco Badar\u00f3, Jenipapo de Minas, Jos\u00e9 Gon\u00e7alves de Minas, Senador Modestino Gon\u00e7alves, Leme do Prado e Veredinha n\u00e3o possuem nenhum caso ativo da Covid-19.<\/p>\n\n\n\n<p><strong>Situa\u00e7\u00e3o epidemiol\u00f3gica da Covid-19 nas microrregi\u00f5es de Capelinha e Diamantina \u2013 5\/8\/2020 \u2013 20h30:<\/strong><\/p>\n\n\n\n<figure class=\"wp-block-table\"><table><tbody><tr><td><strong>Munic\u00edpio<\/strong><\/td><td class=\"has-text-align-center\" data-align=\"center\"><strong>Casos<\/strong><\/td><td class=\"has-text-align-center\" data-align=\"center\"><strong>\u00d3bitos<\/strong><\/td><td class=\"has-text-align-center\" data-align=\"center\"><strong>Curados<\/strong><\/td><td class=\"has-text-align-center\" data-align=\"center\"><strong>Ativos<\/strong><\/td><\/tr><tr><td>Diamantina<\/td><td class=\"has-text-align-center\" data-align=\"center\">88<\/td><td class=\"has-text-align-center\" data-align=\"center\">1<\/td><td class=\"has-text-align-center\" data-align=\"center\">61<\/td><td class=\"has-text-align-center\" data-align=\"center\">26<\/td><\/tr><tr><td>Gouveia<\/td><td class=\"has-text-align-center\" data-align=\"center\">42<\/td><td class=\"has-text-align-center\" data-align=\"center\">1<\/td><td class=\"has-text-align-center\" data-align=\"center\">30<\/td><td class=\"has-text-align-center\" data-align=\"center\">11<\/td><\/tr><tr><td>Turmalina<\/td><td class=\"has-text-align-center\" data-align=\"center\">32<\/td><td class=\"has-text-align-center\" data-align=\"center\">1 *<\/td><td class=\"has-text-align-center\" data-align=\"center\">26<\/td><td class=\"has-text-align-center\" data-align=\"center\">5<\/td><\/tr><tr><td>Datas<\/td><td class=\"has-text-align-center\" data-align=\"center\">31<\/td><td class=\"has-text-align-center\" data-align=\"center\">1<\/td><td class=\"has-text-align-center\" data-align=\"center\">28<\/td><td class=\"has-text-align-center\" data-align=\"center\">2<\/td><\/tr><tr><td>Capelinha<\/td><td class=\"has-text-align-center\" data-align=\"center\">25<\/td><td class=\"has-text-align-center\" data-align=\"center\">0<\/td><td class=\"has-text-align-center\" data-align=\"center\">19<\/td><td class=\"has-text-align-center\" data-align=\"center\">6<\/td><\/tr><tr><td>Itamarandiba<\/td><td class=\"has-text-align-center\" data-align=\"center\">20<\/td><td class=\"has-text-align-center\" data-align=\"center\">0<\/td><td class=\"has-text-align-center\" data-align=\"center\">19<\/td><td class=\"has-text-align-center\" data-align=\"center\">1<\/td><\/tr><tr><td>Minas Novas<\/td><td class=\"has-text-align-center\" data-align=\"center\">18<\/td><td class=\"has-text-align-center\" data-align=\"center\">1<\/td><td class=\"has-text-align-center\" data-align=\"center\">14<\/td><td class=\"has-text-align-center\" data-align=\"center\">3<\/td><\/tr><tr><td>Angel\u00e2ndia<\/td><td class=\"has-text-align-center\" data-align=\"center\">13<\/td><td class=\"has-text-align-center\" data-align=\"center\">0<\/td><td class=\"has-text-align-center\" data-align=\"center\">0<\/td><td class=\"has-text-align-center\" data-align=\"center\">13<\/td><\/tr><tr><td>Presidente Kubitschek<\/td><td class=\"has-text-align-center\" data-align=\"center\">7<\/td><td class=\"has-text-align-center\" data-align=\"center\">0<\/td><td class=\"has-text-align-center\" data-align=\"center\">4<\/td><td class=\"has-text-align-center\" data-align=\"center\">3<\/td><\/tr><tr><td>Carbonita<\/td><td class=\"has-text-align-center\" data-align=\"center\">6<\/td><td class=\"has-text-align-center\" data-align=\"center\">0<\/td><td class=\"has-text-align-center\" data-align=\"center\">5<\/td><td class=\"has-text-align-center\" data-align=\"center\">1<\/td><\/tr><tr><td>Berilo<\/td><td class=\"has-text-align-center\" data-align=\"center\">5<\/td><td class=\"has-text-align-center\" data-align=\"center\">0<\/td><td class=\"has-text-align-center\" data-align=\"center\">5<\/td><td class=\"has-text-align-center\" data-align=\"center\">0<\/td><\/tr><tr><td>Couto de Magalh\u00e3es de Minas<\/td><td class=\"has-text-align-center\" data-align=\"center\">5<\/td><td class=\"has-text-align-center\" data-align=\"center\">0<\/td><td class=\"has-text-align-center\" data-align=\"center\">5<\/td><td class=\"has-text-align-center\" data-align=\"center\">0<\/td><\/tr><tr><td>S\u00e3o Gon\u00e7alo do Rio Preto<\/td><td class=\"has-text-align-center\" data-align=\"center\">3<\/td><td class=\"has-text-align-center\" data-align=\"center\">0<\/td><td class=\"has-text-align-center\" data-align=\"center\">3<\/td><td class=\"has-text-align-center\" data-align=\"center\">0<\/td><\/tr><tr><td>Aricanduva<\/td><td class=\"has-text-align-center\" data-align=\"center\">1<\/td><td class=\"has-text-align-center\" data-align=\"center\">0<\/td><td class=\"has-text-align-center\" data-align=\"center\">1<\/td><td class=\"has-text-align-center\" data-align=\"center\">0<\/td><\/tr><tr><td>Francisco Badar\u00f3<\/td><td class=\"has-text-align-center\" data-align=\"center\">1<\/td><td class=\"has-text-align-center\" data-align=\"center\">0<\/td><td class=\"has-text-align-center\" data-align=\"center\">1<\/td><td class=\"has-text-align-center\" data-align=\"center\">0<\/td><\/tr><tr><td>Jenipapo de Minas<\/td><td class=\"has-text-align-center\" data-align=\"center\">1<\/td><td class=\"has-text-align-center\" data-align=\"center\">0<\/td><td class=\"has-text-align-center\" data-align=\"center\">1<\/td><td class=\"has-text-align-center\" data-align=\"center\">0<\/td><\/tr><tr><td>Jos\u00e9 Gon\u00e7alves de Minas<\/td><td class=\"has-text-align-center\" data-align=\"center\">1<\/td><td class=\"has-text-align-center\" data-align=\"center\">0<\/td><td class=\"has-text-align-center\" data-align=\"center\">1<\/td><td class=\"has-text-align-center\" data-align=\"center\">0<\/td><\/tr><tr><td>Senador Modestino Gon\u00e7alves<\/td><td class=\"has-text-align-center\" data-align=\"center\">1<\/td><td class=\"has-text-align-center\" data-align=\"center\">1<\/td><td class=\"has-text-align-center\" data-align=\"center\">0<\/td><td class=\"has-text-align-center\" data-align=\"center\">0<\/td><\/tr><tr><td>Chapada do Norte<\/td><td class=\"has-text-align-center\" data-align=\"center\">1<\/td><td class=\"has-text-align-center\" data-align=\"center\">0<\/td><td class=\"has-text-align-center\" data-align=\"center\">0<\/td><td class=\"has-text-align-center\" data-align=\"center\">1<\/td><\/tr><tr><td>Fel\u00edcio dos Santos<\/td><td class=\"has-text-align-center\" data-align=\"center\">1<\/td><td class=\"has-text-align-center\" data-align=\"center\">0<\/td><td class=\"has-text-align-center\" data-align=\"center\">0<\/td><td class=\"has-text-align-center\" data-align=\"center\">1<\/td><\/tr><tr><td>Leme do Prado<\/td><td class=\"has-text-align-center\" data-align=\"center\">0<\/td><td class=\"has-text-align-center\" data-align=\"center\">0<\/td><td class=\"has-text-align-center\" data-align=\"center\">0<\/td><td class=\"has-text-align-center\" data-align=\"center\">0<\/td><\/tr><tr><td>Veredinha<\/td><td class=\"has-text-align-center\" data-align=\"center\">0<\/td><td class=\"has-text-align-center\" data-align=\"center\">0<\/td><td class=\"has-text-align-center\" data-align=\"center\">0<\/td><td class=\"has-text-align-center\" data-align=\"center\">0<\/td><\/tr><tr><td><\/td><td class=\"has-text-align-center\" data-align=\"center\"><\/td><td class=\"has-text-align-center\" data-align=\"center\"><\/td><td class=\"has-text-align-center\" data-align=\"center\"><\/td><td class=\"has-text-align-center\" data-align=\"center\"><\/td><\/tr><tr><td><strong>TOTAL<\/strong><\/td><td class=\"has-text-align-center\" data-align=\"center\"><strong>302<\/strong><\/td><td class=\"has-text-align-center\" data-align=\"center\"><strong>6<\/strong><\/td><td class=\"has-text-align-center\" data-align=\"center\"><strong>223<\/strong><\/td><td class=\"has-text-align-center\" data-align=\"center\"><strong>73<\/strong><\/td><\/tr><\/tbody><\/table><figcaption><em>* TURMALINA: paciente que estava com Covid-19 e veio a \u00f3bito no dia 7 de julho por outras causas. Segundo a Prefeitura, trata-se de um rec\u00e9m-nascido prematuro, que foi infectado em outra cidade.<\/em><\/figcaption><\/figure>\n\n\n\n<p class=\"has-background has-very-light-gray-background-color\">Quer saber as not\u00edcias do <strong>Aconteceu no Vale<\/strong> em primeira m\u00e3o? Siga-nos no Facebook <a rel=\"noreferrer noopener\" href=\"http:\/\/facebook.com\/aconteceunovale\" target=\"_blank\">@aconteceunovale<\/a>, Twitter <a rel=\"noreferrer noopener\" href=\"https:\/\/twitter.com\/noticiadosvales\" target=\"_blank\">@noticiadosvales<\/a> e Instagram <a rel=\"noreferrer noopener\" href=\"https:\/\/www.instagram.com\/aconteceunovale\" target=\"_blank\">@aconteceunovale<\/a>.<\/p>\n","protected":false},"excerpt":{"rendered":"<p>Os 22 munic\u00edpios das microrregi\u00f5es de Capelinha e Diamantina somam 302 moradores diagnosticados com a Covid-19 (doen\u00e7a causada pelo novo coronav\u00edrus). Levantamento realizado pelo Aconteceu no Vale, no in\u00edcio da noite desta quarta-feira (5\/8\/2020), indica que 223 pacientes est\u00e3o recuperados, seis morreram e 73 permanecem em acompanhamento. O n\u00famero de pacientes recuperados (curados) nas duas [&hellip;]<\/p>\n","protected":false},"author":1,"featured_media":162139,"comment_status":"open","ping_status":"closed","sticky":false,"template":"","format":"standard","meta":{"amp_status":"","footnotes":""},"categories":[40242,120],"tags":[132,224754,221709,223061,218007,221708,221616,223062,221398,221707,221615,223063,221710,223064,224309,224310,223916,224311,223915,224312,224224,224313,218179,221711,221622,223065,218765,224314,225006,1018,198,221784,224677,221712,221713,222693,221716,224739,149,226909,221919,223071,224738,221714,223072,65998,224633,224348,223380,222429,221715,223077,68996,223073,223074,223060,154,223066,223067,223068,223069,223070,225067,224720,221920,223075,222599,223076],"class_list":["post-166969","post","type-post","status-publish","format-standard","has-post-thumbnail","hentry","category-saude-2","category-jequi","tag-capelinha","tag-capelinha-registra-mais-dois-casos-de-coronavirus","tag-caso-confirmado-de-coronavirus-em-diamantina","tag-caso-confirmado-de-coronavirus-em-serro","tag-caso-de-coronavirus-em-capelinha","tag-caso-de-coronavirus-em-diamantina","tag-caso-de-coronavirus-em-itamarandiba","tag-caso-de-coronavirus-em-serro","tag-caso-de-covid-19-em-capelinha","tag-caso-de-covid-19-em-diamantina","tag-caso-de-covid-19-em-itamarandiba","tag-caso-de-covid-19-em-serro","tag-confirmado-o-primeiro-caso-de-coronavirus-em-diamantina","tag-confirmado-o-primeiro-caso-de-coronavirus-em-serro","tag-confirmado-o-quarto-caso-de-covid-19-em-capelinha","tag-confirmado-o-quarto-caso-de-covid-19-em-itamarandiba","tag-confirmado-o-segundo-caso-de-coronavirus-em-capelinha","tag-confirmado-o-segundo-caso-de-coronavirus-em-itamarandiba","tag-confirmado-o-segundo-caso-de-covid-19-em-capelinha","tag-confirmado-o-segundo-caso-de-covid-19-em-itamarandiba","tag-confirmado-o-terceiro-caso-de-covid-19-em-capelinha","tag-confirmado-o-terceiro-caso-de-covid-19-em-itamarandiba","tag-coronavirus-em-capelinha","tag-coronavirus-em-diamantina","tag-coronavirus-em-itamarandiba","tag-coronavirus-em-serro","tag-covid-19-em-capelinha","tag-covid-19-em-itamarandiba","tag-curados-da-covid-19-em-diamantina-representam-81-dos-casos-positivos","tag-destaque","tag-diamantina","tag-diamantina-confirma-mais-quatro-casos-de-covid-19","tag-diamantina-confirma-obito-de-crianca-por-covid-19","tag-diamantina-coronavirus","tag-diamantina-covid-19","tag-diamantina-tem-cinco-pacientes-recuperados-da-covid-19","tag-diamantina-tem-primeiro-caso-confirmado-de-coronavirus","tag-funcionamento-do-comercio-de-capelinha","tag-itamarandiba","tag-municipios-das-microrregioes-de-capelinha-e-diamantina-somam-302-casos-de-covid-19-73-estao-recuperados","tag-novas-medidas-obrigatorias-para-os-supermercados-de-diamantina","tag-novas-medidas-obrigatorias-para-os-supermercados-de-serro","tag-novas-regras-para-o-comercio-de-capelinha-passam-a-valer-neste-sabado","tag-paciente-com-coronavirus-em-diamantina","tag-paciente-com-coronavirus-em-serro","tag-prefeitura-de-capelinha","tag-prefeitura-de-capelinha-confirma-dois-novos-casos-de-covid-19","tag-prefeitura-de-capelinha-confirma-quinto-caso-de-covid-19","tag-prefeitura-de-diamantina-confirma-dois-novos-casos-de-covid-19","tag-prefeitura-de-diamantina-confirma-mais-um-caso-de-coronavirus","tag-prefeitura-de-diamantina-confirma-primeiro-caso-de-coronavirus","tag-prefeitura-de-diamantina-confirma-primeiro-obito-por-covid-19","tag-prefeitura-de-itamarandiba","tag-prefeitura-de-serro-confirma-mais-um-caso-de-coronavirus","tag-prefeitura-de-serro-confirma-primeiro-caso-de-coronavirus","tag-prefeitura-de-serro-confirma-primeiro-obito-por-covid-19","tag-serro","tag-serro-confirma-mais-quatro-casos-de-covid-19","tag-serro-coronavirus","tag-serro-covid-19","tag-serro-tem-cinco-pacientes-recuperados-da-covid-19","tag-serro-tem-primeiro-caso-confirmado-de-coronavirus","tag-sobe-para-10-o-numero-de-casos-confirmados-de-covid-19-em-capelinha-seis-pacientes-estao-recuperados","tag-sobe-para-13-o-numero-de-casos-confirmados-de-coronavirus-em-itamarandiba","tag-sobe-para-7-o-numero-de-casos-confirmados-de-covid-19-em-diamantina","tag-sobe-para-7-o-numero-de-casos-confirmados-de-covid-19-em-serro","tag-sobe-para-9-o-numero-de-casos-confirmados-de-covid-19-em-diamantina","tag-sobe-para-9-o-numero-de-casos-confirmados-de-covid-19-em-serro"],"_links":{"self":[{"href":"https:\/\/aconteceunovale.com.br\/portal\/index.php?rest_route=\/wp\/v2\/posts\/166969","targetHints":{"allow":["GET"]}}],"collection":[{"href":"https:\/\/aconteceunovale.com.br\/portal\/index.php?rest_route=\/wp\/v2\/posts"}],"about":[{"href":"https:\/\/aconteceunovale.com.br\/portal\/index.php?rest_route=\/wp\/v2\/types\/post"}],"author":[{"embeddable":true,"href":"https:\/\/aconteceunovale.com.br\/portal\/index.php?rest_route=\/wp\/v2\/users\/1"}],"replies":[{"embeddable":true,"href":"https:\/\/aconteceunovale.com.br\/portal\/index.php?rest_route=%2Fwp%2Fv2%2Fcomments&post=166969"}],"version-history":[{"count":1,"href":"https:\/\/aconteceunovale.com.br\/portal\/index.php?rest_route=\/wp\/v2\/posts\/166969\/revisions"}],"predecessor-version":[{"id":166970,"href":"https:\/\/aconteceunovale.com.br\/portal\/index.php?rest_route=\/wp\/v2\/posts\/166969\/revisions\/166970"}],"wp:featuredmedia":[{"embeddable":true,"href":"https:\/\/aconteceunovale.com.br\/portal\/index.php?rest_route=\/wp\/v2\/media\/162139"}],"wp:attachment":[{"href":"https:\/\/aconteceunovale.com.br\/portal\/index.php?rest_route=%2Fwp%2Fv2%2Fmedia&parent=166969"}],"wp:term":[{"taxonomy":"category","embeddable":true,"href":"https:\/\/aconteceunovale.com.br\/portal\/index.php?rest_route=%2Fwp%2Fv2%2Fcategories&post=166969"},{"taxonomy":"post_tag","embeddable":true,"href":"https:\/\/aconteceunovale.com.br\/portal\/index.php?rest_route=%2Fwp%2Fv2%2Ftags&post=166969"}],"curies":[{"name":"wp","href":"https:\/\/api.w.org\/{rel}","templated":true}]}}