{"id":166962,"date":"2020-08-05T19:49:52","date_gmt":"2020-08-05T22:49:52","guid":{"rendered":"https:\/\/aconteceunovale.com.br\/portal\/?p=166962"},"modified":"2020-08-05T19:50:34","modified_gmt":"2020-08-05T22:50:34","slug":"tombense-chega-a-final-do-campeonato-mineiro-pela-primeira-vez","status":"publish","type":"post","link":"https:\/\/aconteceunovale.com.br\/portal\/?p=166962","title":{"rendered":"Tombense chega \u00e0 final do Campeonato Mineiro pela primeira vez"},"content":{"rendered":"\n<p>O Tombense \u00e9 o primeiro finalista do Campeonato Mineiro 2020. A equipe superou a Caldense por 2 a 0, nesta quarta-feira (5\/8), no Est\u00e1dio Independ\u00eancia. No \u00faltimo domingo (2), o Carcar\u00e1 da Zona da Mata j\u00e1 havia vencido, por 1 a 0, no primeiro jogo da semifinal. Como fez melhor campanha na primeira fase da competi\u00e7\u00e3o, a equipe da cidade de Tombos podia at\u00e9 perder, mas garantiu a classifica\u00e7\u00e3o com mais uma vit\u00f3ria.<\/p>\n\n\n\n<p>O primeiro gol da Tombense veio dos p\u00e9s de C\u00e1ssio Ortega. Aos 27 minutos do primeiro tempo, o jogador recebeu bom passe dentro da \u00e1rea e estufou as redes da Veterana. Na segunda etapa, o placar foi ampliado, aos 34, com Gabriel Lima. O \u00e1rbitro de v\u00eddeo (VAR) entrou em a\u00e7\u00e3o, mas validou o lance e selou o triunfo do Carcar\u00e1 para a primeira final na hist\u00f3ria do clube.<\/p>\n\n\n\n<p>O t\u00edtulo do interior j\u00e1 tem o destino da equipe da cidade de Tombos, que fica a 370 km da capital Belo Horizonte. Entretanto, o Carcar\u00e1 pode voar ainda mais alto neste estadual. Dono da melhor campanha na fase classificat\u00f3ria, o Tombense pode ser campe\u00e3o com dois empates ou dois resultados iguais.<\/p>\n\n\n\n<figure class=\"wp-block-gallery columns-1 is-cropped wp-block-gallery-1 is-layout-flex wp-block-gallery-is-layout-flex\"><ul class=\"blocks-gallery-grid\"><li class=\"blocks-gallery-item\"><figure><img loading=\"lazy\" decoding=\"async\" width=\"653\" height=\"450\" src=\"https:\/\/aconteceunovale.com.br\/portal\/wp-content\/uploads\/2020\/08\/tombense_final_1.jpg\" alt=\"\" data-id=\"166963\" data-full-url=\"https:\/\/aconteceunovale.com.br\/portal\/wp-content\/uploads\/2020\/08\/tombense_final_1.jpg\" data-link=\"https:\/\/aconteceunovale.com.br\/portal\/?attachment_id=166963\" class=\"wp-image-166963\" srcset=\"https:\/\/aconteceunovale.com.br\/portal\/wp-content\/uploads\/2020\/08\/tombense_final_1.jpg 653w, https:\/\/aconteceunovale.com.br\/portal\/wp-content\/uploads\/2020\/08\/tombense_final_1-300x207.jpg 300w, https:\/\/aconteceunovale.com.br\/portal\/wp-content\/uploads\/2020\/08\/tombense_final_1-100x70.jpg 100w, https:\/\/aconteceunovale.com.br\/portal\/wp-content\/uploads\/2020\/08\/tombense_final_1-218x150.jpg 218w, https:\/\/aconteceunovale.com.br\/portal\/wp-content\/uploads\/2020\/08\/tombense_final_1-609x420.jpg 609w\" sizes=\"auto, (max-width: 653px) 100vw, 653px\" \/><figcaption class=\"blocks-gallery-item__caption\"><em>Foto: Victor Souza\/Tombense<\/em><\/figcaption><\/figure><\/li><\/ul><\/figure>\n\n\n\n<p class=\"has-background has-very-light-gray-background-color\">Quer saber as not\u00edcias do <strong>Aconteceu no Vale<\/strong> em primeira m\u00e3o? Siga-nos no Facebook <a rel=\"noreferrer noopener\" href=\"http:\/\/facebook.com\/aconteceunovale\" target=\"_blank\">@aconteceunovale<\/a>, Twitter <a rel=\"noreferrer noopener\" href=\"https:\/\/twitter.com\/noticiadosvales\" target=\"_blank\">@noticiadosvales<\/a> e Instagram <a rel=\"noreferrer noopener\" href=\"https:\/\/www.instagram.com\/aconteceunovale\" target=\"_blank\">@aconteceunovale<\/a>.<\/p>\n","protected":false},"excerpt":{"rendered":"<p>O Tombense \u00e9 o primeiro finalista do Campeonato Mineiro 2020. A equipe superou a Caldense por 2 a 0, nesta quarta-feira (5\/8), no Est\u00e1dio Independ\u00eancia. No \u00faltimo domingo (2), o Carcar\u00e1 da Zona da Mata j\u00e1 havia vencido, por 1 a 0, no primeiro jogo da semifinal. Como fez melhor campanha na primeira fase da [&hellip;]<\/p>\n","protected":false},"author":1,"featured_media":166963,"comment_status":"open","ping_status":"closed","sticky":false,"template":"","format":"standard","meta":{"amp_status":"","footnotes":""},"categories":[59,123],"tags":[194,1017,32921,226607,226904,226155,226903,226608,22725,226611,211822,226254,226609,23161,226905,226606,226900,226901,226902,226605,226610,32690,42209],"class_list":["post-166962","post","type-post","status-publish","format-standard","has-post-thumbnail","hentry","category-sports","category-gerais","tag-belo-horizonte","tag-bh","tag-caldense","tag-caldense-campeonato-mineiro-2020","tag-campeao-do-interior-de-minas-gerais","tag-campeonato-mineiro-2020","tag-carcara-da-zona-da-mata","tag-carcara-de-tombos","tag-independencia","tag-jogo-entre-tombense-e-caldense","tag-mineiro","tag-mineiro-2020","tag-semifinais-do-campeonato-mineiro-2020","tag-tombense","tag-tombense-campeao-do-interior-de-minas-gerais","tag-tombense-campeonato-mineiro-2020","tag-tombense-chega-a-final-do-campeonato-mineiro-pela-primeira-vez","tag-tombense-e-o-primeiro-finalista-do-campeonato-mineiro-2020","tag-tombense-finalista-do-campeonato-mineiro-2020","tag-tombense-vence-e-esta-mais-perto-da-final-do-campeonato-mineiro-2020","tag-tombense-x-caldense","tag-tombos","tag-veterana"],"_links":{"self":[{"href":"https:\/\/aconteceunovale.com.br\/portal\/index.php?rest_route=\/wp\/v2\/posts\/166962","targetHints":{"allow":["GET"]}}],"collection":[{"href":"https:\/\/aconteceunovale.com.br\/portal\/index.php?rest_route=\/wp\/v2\/posts"}],"about":[{"href":"https:\/\/aconteceunovale.com.br\/portal\/index.php?rest_route=\/wp\/v2\/types\/post"}],"author":[{"embeddable":true,"href":"https:\/\/aconteceunovale.com.br\/portal\/index.php?rest_route=\/wp\/v2\/users\/1"}],"replies":[{"embeddable":true,"href":"https:\/\/aconteceunovale.com.br\/portal\/index.php?rest_route=%2Fwp%2Fv2%2Fcomments&post=166962"}],"version-history":[{"count":1,"href":"https:\/\/aconteceunovale.com.br\/portal\/index.php?rest_route=\/wp\/v2\/posts\/166962\/revisions"}],"predecessor-version":[{"id":166964,"href":"https:\/\/aconteceunovale.com.br\/portal\/index.php?rest_route=\/wp\/v2\/posts\/166962\/revisions\/166964"}],"wp:featuredmedia":[{"embeddable":true,"href":"https:\/\/aconteceunovale.com.br\/portal\/index.php?rest_route=\/wp\/v2\/media\/166963"}],"wp:attachment":[{"href":"https:\/\/aconteceunovale.com.br\/portal\/index.php?rest_route=%2Fwp%2Fv2%2Fmedia&parent=166962"}],"wp:term":[{"taxonomy":"category","embeddable":true,"href":"https:\/\/aconteceunovale.com.br\/portal\/index.php?rest_route=%2Fwp%2Fv2%2Fcategories&post=166962"},{"taxonomy":"post_tag","embeddable":true,"href":"https:\/\/aconteceunovale.com.br\/portal\/index.php?rest_route=%2Fwp%2Fv2%2Ftags&post=166962"}],"curies":[{"name":"wp","href":"https:\/\/api.w.org\/{rel}","templated":true}]}}