{"id":166958,"date":"2020-08-05T19:10:38","date_gmt":"2020-08-05T22:10:38","guid":{"rendered":"https:\/\/aconteceunovale.com.br\/portal\/?p=166958"},"modified":"2020-08-05T21:34:07","modified_gmt":"2020-08-06T00:34:07","slug":"362-cidades-de-pequeno-porte-passarao-automaticamente-para-a-onda-amarela-do-minas-consciente","status":"publish","type":"post","link":"https:\/\/aconteceunovale.com.br\/portal\/?p=166958","title":{"rendered":"362 cidades de pequeno porte passar\u00e3o automaticamente para a onda amarela do Minas Consciente"},"content":{"rendered":"\n<p>A partir deste s\u00e1bado (8\/8\/2020), 362 cidades mineiras com menos de 30 mil habitantes poder\u00e3o avan\u00e7ar automaticamente para a onda amarela do plano&nbsp;<a rel=\"noreferrer noopener\" href=\"http:\/\/www.mg.gov.br\/minasconsciente\" target=\"_blank\">Minas Consciente<\/a>, criado pelo&nbsp;Governo de Minas&nbsp;para garantir a retomada segura das economias locais.<\/p>\n\n\n\n<p>Esses munic\u00edpios, que agora est\u00e3o autorizados a abrir servi\u00e7os n\u00e3o essenciais, como bares e restaurantes, registraram menos de 50 casos por 100 mil habitantes nos \u00faltimos 14 dias. O avan\u00e7o poder\u00e1 acontecer independentemente da situa\u00e7\u00e3o das macro ou microrregi\u00f5es nas quais est\u00e3o inseridos.<\/p>\n\n\n\n<p>A decis\u00e3o foi tomada nesta quarta-feira (5\/8) pelo Comit\u00ea Extraordin\u00e1rio Covid-19. A regra espec\u00edfica para cidades pequenas \u00e9 uma das mudan\u00e7as trazidas pelo novo Minas Consciente. O plano foi reformulado, ap\u00f3s consulta p\u00fablica, para se adaptar ao atual momento da pandemia, mantendo como prioridade a sa\u00fade dos mineiros.<\/p>\n\n\n\n<p>O governador Romeu Zema explicou que o tratamento diferenciado para cidades menores levou em conta que a maior parte delas n\u00e3o possui transporte coletivo relevante e apresenta menos tend\u00eancia a aglomera\u00e7\u00f5es.<\/p>\n\n\n\n<p>\u201cA autonomia que estamos dando \u00e0s cidades que possuem menos de 30 mil habitantes e t\u00eam baixa incid\u00eancia da doen\u00e7a n\u00e3o \u00e9, de forma alguma, uma flexibiliza\u00e7\u00e3o que desconsidere os crit\u00e9rios de sa\u00fade. S\u00e3o cidades onde n\u00e3o h\u00e1 um transporte p\u00fablico intenso. Ele pode at\u00e9 existir, mas nada que gere um pico, uma aglomera\u00e7\u00e3o, \u00f4nibus lotados, como geralmente se v\u00ea em cidades maiores. Por isso, a chance de transmiss\u00e3o \u00e9 muito menor\u201d, disse ele, lembrando que Minas Gerais possui 763 cidades com menos de 30 mil habitantes.<\/p>\n\n\n\n<h2 class=\"wp-block-heading\"><strong>Cuidados<\/strong><\/h2>\n\n\n\n<p>Ele tamb\u00e9m lembrou que todos os cuidados devem ser mantidos para que a doen\u00e7a continue sob controle no estado.<\/p>\n\n\n\n<p>&#8220;O objetivo dessa nova fase do plano \u00e9 aprimorar as regras e tratar as necessidades espec\u00edficas das cidades mineiras, mas gostaria de lembrar que o momento ainda pede cautela. Minas continua, pela segunda semana seguida, como o estado que possui a menor taxa de \u00f3bitos do Brasil. Conseguimos esse resultado gra\u00e7as \u00e0 dedica\u00e7\u00e3o dos mineiros, que est\u00e3o usando m\u00e1scara de prote\u00e7\u00e3o e mantendo as medidas de distanciamento e higiene. Pe\u00e7o a todos que continuem assim&#8221;, enfatizou.<\/p>\n\n\n\n<h2 class=\"wp-block-heading\"><strong>Ondas<\/strong><\/h2>\n\n\n\n<figure class=\"wp-block-image size-large\"><img decoding=\"async\" src=\"https:\/\/aconteceu.info\/boletins\/ondas_novas_1.jpeg\" alt=\"\"\/><\/figure>\n\n\n\n<p>Os munic\u00edpios de maior porte, com mais de 30 mil habitantes, e tamb\u00e9m aqueles que apresentaram mais de 50 casos por 100 habitantes nos \u00faltimos 14 dias dever\u00e3o respeitar as indica\u00e7\u00f5es de ondas para as macro ou microrregi\u00f5es, cabendo aos prefeitos decidirem por qual diretriz optar.<br><br>As ondas s\u00e3o definidas pelo Comit\u00ea com base na incid\u00eancia da covid-19 na localidade, na capacidade de atendimento e na velocidade de avan\u00e7o da doen\u00e7a.<br><br>O n\u00famero de ondas que indicam o que pode abrir ou fechar em cada regi\u00e3o foi reduzido no novo formato do plano e, agora, as cores funcionam como um sem\u00e1foro:&nbsp; onda vermelha, quando \u00e9 permitido abrir somente servi\u00e7os essenciais; amarela, quando servi\u00e7os n\u00e3o essenciais tamb\u00e9m s\u00e3o autorizados; e verde, que incluem servi\u00e7os n\u00e3o essenciais com alto risco de cont\u00e1gio.<\/p>\n\n\n\n<h2 class=\"wp-block-heading\"><strong><span class=\"has-inline-color has-vivid-red-color\">Onda vermelha<\/span><\/strong><\/h2>\n\n\n\n<figure class=\"wp-block-image size-large\"><img decoding=\"async\" src=\"https:\/\/aconteceu.info\/boletins\/ondas_novas_2.jpeg\" alt=\"\"\/><\/figure>\n\n\n\n<p>As macrorregi\u00f5es de Sa\u00fade Centro, Noroeste, Jequitinhonha, Nordeste, Leste e Vale do A\u00e7o est\u00e3o na onda vermelha do novo plano. Nesses locais, est\u00e1 autorizada a abertura dos seguintes servi\u00e7os:<br><br>&#8211; Supermercados, padarias, restaurantes, lanchonetes, lojas de conveni\u00eancia<br>&#8211; Bares&nbsp;(somente para delivery ou retirada no balc\u00e3o)&nbsp;<br>&#8211; A\u00e7ougues, peixarias, hortifrutigranjeiros<br>&#8211; Servi\u00e7os de ambulantes de alimenta\u00e7\u00e3o<br>&#8211; Farm\u00e1cias, drogarias, lojas de cosm\u00e9ticos, lavanderias, pet shop<br>&#8211; Bancos, casas lot\u00e9ricas, cooperativas de cr\u00e9dito<br>&#8211; Vigil\u00e2ncia e seguran\u00e7a privada<br>&#8211; Servi\u00e7os de reparo e manuten\u00e7\u00e3o<br>&#8211; Lojas de inform\u00e1tica e aparelhos de comunica\u00e7\u00e3o<br>&#8211; Hot\u00e9is, mot\u00e9is, campings, alojamentos e pens\u00f5es<br>&#8211; Constru\u00e7\u00e3o civil e obras de infraestrutura<br>&#8211; Com\u00e9rcio de ve\u00edculos, pe\u00e7as e acess\u00f3rios automotores<\/p>\n\n\n\n<h2 class=\"wp-block-heading\"><strong><span class=\"has-inline-color has-luminous-vivid-amber-color\">Onda amarela<\/span><\/strong><\/h2>\n\n\n\n<figure class=\"wp-block-image size-large\"><img decoding=\"async\" src=\"https:\/\/aconteceu.info\/boletins\/ondas_novas_3.jpeg\" alt=\"\"\/><\/figure>\n\n\n\n<p>As macrorregi\u00f5es de Sa\u00fade Norte, Tri\u00e2ngulo do Norte, Tri\u00e2ngulo do Sul, Oeste, Sul, Centro-Sul, Sudeste e Leste do Sul apresentaram \u00edndices favor\u00e1veis para a abertura de servi\u00e7os n\u00e3o essenciais, contemplados pela onda amarela. Nesta fase, s\u00e3o permitidos:<br><br>&#8211; Bares&nbsp;(consumo no local)<br>&#8211; Autoescola e cursos de pilotagem<br>&#8211; Sal\u00e3o de beleza e atividades de est\u00e9tica&nbsp;<br>&#8211; Com\u00e9rcio de eletrodom\u00e9sticos e equipamentos de \u00e1udio e v\u00eddeo<br>&#8211; Papelaria, lojas de livros, discos e revistas&nbsp;<br>&#8211; Lojas de roupas, bijuterias, joias, cal\u00e7ados, e artigos de viagem<br>&#8211; Com\u00e9rcio de itens de cama, mesa e banho<br>&#8211; Lojas de m\u00f3veis e lustres<br>&#8211; Imobili\u00e1rias<br>&#8211; Lojas de departamento e duty free<br>&#8211; Lojas de brinquedos<\/p>\n\n\n\n<h2 class=\"wp-block-heading\"><strong><span class=\"has-inline-color has-vivid-green-cyan-color\">Onda verde<\/span><\/strong><\/h2>\n\n\n\n<p>Nenhuma macrorregi\u00e3o mineira apresentou, at\u00e9 o momento, \u00edndices favor\u00e1veis para a inclus\u00e3o na onda verde, que permite a abertura de academias, clubes, cinemas e est\u00fadios de piercings e tatuagens, entre outros servi\u00e7os. Para avan\u00e7ar para a onda verde, as cidades precisam estar h\u00e1 28 dias consecutivos na onda amarela, sem sofrer retrocessos durante esse per\u00edodo.<\/p>\n\n\n\n<h2 class=\"wp-block-heading\"><strong>Microrregi\u00f5es<\/strong><\/h2>\n\n\n\n<p>Al\u00e9m das macrorregi\u00f5es, os dados das 62 microrregi\u00f5es mineiras tamb\u00e9m foram considerados, permitindo que elas sejam divididas por ondas, conforme as realidades espec\u00edficas. Caso as ondas indicadas para as macro e microrregi\u00f5es sejam diferentes, caber\u00e1 a cada prefeito optar por qual das duas recomenda\u00e7\u00f5es seguir.\u00a0<\/p>\n\n\n\n<figure class=\"wp-block-image size-large\"><img decoding=\"async\" src=\"https:\/\/aconteceu.info\/boletins\/ondas_novas_4.jpeg\" alt=\"\"\/><\/figure>\n\n\n\n<p class=\"has-background has-very-light-gray-background-color\">Quer saber as not\u00edcias do <strong>Aconteceu no Vale<\/strong> em primeira m\u00e3o? Siga-nos no Facebook <a rel=\"noreferrer noopener\" href=\"http:\/\/facebook.com\/aconteceunovale\" target=\"_blank\">@aconteceunovale<\/a>, Twitter <a rel=\"noreferrer noopener\" href=\"https:\/\/twitter.com\/noticiadosvales\" target=\"_blank\">@noticiadosvales<\/a> e Instagram <a rel=\"noreferrer noopener\" href=\"https:\/\/www.instagram.com\/aconteceunovale\" target=\"_blank\">@aconteceunovale<\/a>.<\/p>\n","protected":false},"excerpt":{"rendered":"<p>A partir deste s\u00e1bado (8\/8\/2020), 362 cidades mineiras com menos de 30 mil habitantes poder\u00e3o avan\u00e7ar automaticamente para a onda amarela do plano&nbsp;Minas Consciente, criado pelo&nbsp;Governo de Minas&nbsp;para garantir a retomada segura das economias locais. Esses munic\u00edpios, que agora est\u00e3o autorizados a abrir servi\u00e7os n\u00e3o essenciais, como bares e restaurantes, registraram menos de 50 casos [&hellip;]<\/p>\n","protected":false},"author":1,"featured_media":166960,"comment_status":"open","ping_status":"closed","sticky":false,"template":"","format":"standard","meta":{"amp_status":"","footnotes":""},"categories":[121,123,1236,120,122],"tags":[226899,226639,217799,219851,219853,225459,214884,216498,221718,1018,226771,226773,225458,226298,226455,219855,226300,226452,226453,226451,226299,226772,215653,226301,226535,221717,219854,219852,217692,222637,221719,226454,220285,220287,220286],"class_list":["post-166958","post","type-post","status-publish","format-standard","has-post-thumbnail","hentry","category-leste","category-gerais","category-norte_de_minas","category-jequi","category-mucuri","tag-362-cidades-de-pequeno-porte-passarao-automaticamente-para-a-onda-amarela-do-minas-consciente","tag-atividades-economicas-terao-protocolo-unico-na-nova-fase-do-plano-minas-consciente","tag-casos-de-coronavirus-em-minas-gerais","tag-casos-de-covid-19-em-minas-gerais","tag-cidades-com-casos-de-coronavirus-em-minas-gerais","tag-consulta-publica-minas-consciente","tag-coronavirus","tag-covid-19","tag-curados-do-coronavirus-em-minas-gerais","tag-destaque","tag-entenda-a-divisao-por-ondas-nas-novas-regras-do-plano-minas-consciente","tag-entenda-as-ondas-do-minas-consciente","tag-governo-lanca-consulta-publica-sobre-o-plano-minas-consciente","tag-governo-lanca-novas-regras-para-o-plano-minas-consciente","tag-microrregioes-minas-consciente","tag-mortes-por-coronavirus-em-minas-gerais","tag-mudancas-no-minas-consciente","tag-municipios-pequenos","tag-municipios-pequenos-minas-consciente","tag-municipios-receberao-tratamento-individualizado-na-nova-fase-do-minas-consciente","tag-novas-regras-do-minas-consciente","tag-novas-regras-do-plano-minas-consciente","tag-novo-coronavirus","tag-novo-minas-consciente","tag-novos-indicadores-do-plano-minas-consciente-vao-simplificar-tomada-de-decisao-de-prefeitos","tag-numero-de-curados-do-coronavirus-em-minas-gerais","tag-numeros-do-coronavirus-em-minas-gerais","tag-obitos-por-coronavirus-em-minas-gerias","tag-pandemia-de-coronavirus","tag-plano-minas-consciente","tag-recuperados-do-coronavirus-em-minas-gerais","tag-regioes-minas-consciente","tag-secretaria-de-saude-atualiza-numeros-do-coronavirus-em-minas-gerais","tag-secretaria-de-saude-de-minas-gerais-atualiza-numeros-do-coronavirus","tag-ses-mg-atualiza-numeros-do-coronavirus"],"_links":{"self":[{"href":"https:\/\/aconteceunovale.com.br\/portal\/index.php?rest_route=\/wp\/v2\/posts\/166958","targetHints":{"allow":["GET"]}}],"collection":[{"href":"https:\/\/aconteceunovale.com.br\/portal\/index.php?rest_route=\/wp\/v2\/posts"}],"about":[{"href":"https:\/\/aconteceunovale.com.br\/portal\/index.php?rest_route=\/wp\/v2\/types\/post"}],"author":[{"embeddable":true,"href":"https:\/\/aconteceunovale.com.br\/portal\/index.php?rest_route=\/wp\/v2\/users\/1"}],"replies":[{"embeddable":true,"href":"https:\/\/aconteceunovale.com.br\/portal\/index.php?rest_route=%2Fwp%2Fv2%2Fcomments&post=166958"}],"version-history":[{"count":2,"href":"https:\/\/aconteceunovale.com.br\/portal\/index.php?rest_route=\/wp\/v2\/posts\/166958\/revisions"}],"predecessor-version":[{"id":166971,"href":"https:\/\/aconteceunovale.com.br\/portal\/index.php?rest_route=\/wp\/v2\/posts\/166958\/revisions\/166971"}],"wp:featuredmedia":[{"embeddable":true,"href":"https:\/\/aconteceunovale.com.br\/portal\/index.php?rest_route=\/wp\/v2\/media\/166960"}],"wp:attachment":[{"href":"https:\/\/aconteceunovale.com.br\/portal\/index.php?rest_route=%2Fwp%2Fv2%2Fmedia&parent=166958"}],"wp:term":[{"taxonomy":"category","embeddable":true,"href":"https:\/\/aconteceunovale.com.br\/portal\/index.php?rest_route=%2Fwp%2Fv2%2Fcategories&post=166958"},{"taxonomy":"post_tag","embeddable":true,"href":"https:\/\/aconteceunovale.com.br\/portal\/index.php?rest_route=%2Fwp%2Fv2%2Ftags&post=166958"}],"curies":[{"name":"wp","href":"https:\/\/api.w.org\/{rel}","templated":true}]}}