{"id":166950,"date":"2020-08-05T16:47:50","date_gmt":"2020-08-05T19:47:50","guid":{"rendered":"https:\/\/aconteceunovale.com.br\/portal\/?p=166950"},"modified":"2020-08-05T16:48:16","modified_gmt":"2020-08-05T19:48:16","slug":"latam-anuncia-demissao-de-27-mil-tripulantes","status":"publish","type":"post","link":"https:\/\/aconteceunovale.com.br\/portal\/?p=166950","title":{"rendered":"Latam anuncia demiss\u00e3o de 2,7 mil tripulantes"},"content":{"rendered":"\n<p class=\"wp-block-paragraph\">A Latam anunciou que vai demitir ao menos 2,7 mil tripulantes devido \u00e0 crise causada pela pandemia de coronav\u00edrus. A empresa prop\u00f4s redu\u00e7\u00e3o permanente dos sal\u00e1rios dos funcion\u00e1rios, o que n\u00e3o foi aceito pelos trabalhadores nas assembleias conduzidas pelo Sindicato Nacional dos Aeronautas (SNA).<img decoding=\"async\" src=\"https:\/\/agenciabrasil.ebc.com.br\/ebc.png?id=1313049&amp;o=node\"><img decoding=\"async\" src=\"https:\/\/agenciabrasil.ebc.com.br\/ebc.gif?id=1313049&amp;o=node\"><\/p>\n\n\n\n<p class=\"wp-block-paragraph\">\u201cAs circunst\u00e2ncias excepcionais causadas pela pandemia resultaram em um colapso na demanda global que n\u00e3o apenas levou a avia\u00e7\u00e3o a praticamente uma paralisa\u00e7\u00e3o, mas tamb\u00e9m mudou o setor para o futuro pr\u00f3ximo\u201d, justificou a empresa em nota sobre as dispensas.<\/p>\n\n\n\n<p class=\"wp-block-paragraph\">A empresa disse ainda que j\u00e1 tinha, em outras ocasi\u00f5es, tentado fazer as redu\u00e7\u00f5es de sal\u00e1rio para manter a sustentabilidade financeira. \u201cDas tr\u00eas empresas que atuam no Brasil e remunera mais os tripulantes tanto em voos dom\u00e9sticos quanto em internacionais, por isso, a empresa tem a necessidade de equiparar-se \u00e0s pr\u00e1ticas do setor\u201d, acrescenta a nota da empresa.<\/p>\n\n\n\n<h2 class=\"wp-block-heading\">Negocia\u00e7\u00e3o<\/h2>\n\n\n\n<p class=\"wp-block-paragraph\">O presidente do SNA, Ondino Dutra Cavalheiro, disse que a categoria poderia aceitar uma redu\u00e7\u00e3o tempor\u00e1ria, como os acordos que foram feitos com outras empresas do setor a\u00e9reo. \u201cEmbora a categoria n\u00e3o esteja disposta a fazer uma negocia\u00e7\u00e3o de redu\u00e7\u00e3o permanente de sal\u00e1rio, a categoria e o sindicato t\u00eam disposi\u00e7\u00e3o, sim, de continuar negociando uma redu\u00e7\u00e3o de sal\u00e1rio e jornada tempor\u00e1ria para preserva\u00e7\u00e3o dos empregos\u201d, enfatizou em transmiss\u00e3o para comentar o an\u00fancio das demiss\u00f5es.<\/p>\n\n\n\n<p class=\"wp-block-paragraph\">Segundo Cavalheiro, a empresa informou que ser\u00e3o demitidos 315 comandantes, 349 copilotos e 2.058 comiss\u00e1rios de voo. Ainda de acordo com sindicalista, houve a ades\u00e3o de 139 comiss\u00e1rios, 33 comandantes e 7 copilotos ao programa de demiss\u00e3o volunt\u00e1ria proposto pela empresa entre 31 de julho e 4 de agosto.<\/p>\n\n\n\n<p class=\"wp-block-paragraph\">O diretor de rela\u00e7\u00f5es internacionais do sindicato, Marcelo Ceriotti, expressou uma \u201ctristeza muito grande\u201d pelo desfecho das negocia\u00e7\u00f5es. \u201c\u00c9, talvez, o pior momento na hist\u00f3ria da avia\u00e7\u00e3o para um tripulante ficar desempregado\u201d, ressaltou ao se dirigir \u00e0 categoria.<\/p>\n\n\n\n<h2 class=\"wp-block-heading\">Recupera\u00e7\u00e3o judicial<\/h2>\n\n\n\n<p class=\"wp-block-paragraph\">O Grupo Latam passa, desde maio, por um processo de recupera\u00e7\u00e3o judicial nos Estados Unidos. No in\u00edcio de julho, a filial brasileira tamb\u00e9m ingressou com o pedido de reorganiza\u00e7\u00e3o financeira com base na lei de fal\u00eancias norte-americana, assim como as afiliadas no Chile, Peru e Equador.<\/p>\n\n\n\n<p class=\"wp-block-paragraph\">O grupo j\u00e1 conseguiu um financiamento de US$ 900 milh\u00f5es para ajuda a reorganiza\u00e7\u00e3o financeira da companhia. No Brasil, est\u00e3o sendo feitas negocia\u00e7\u00f5es para um financiamento do Banco Nacional de Desenvolvimento Econ\u00f4mico e Social (BNDES). \u201cCom isso, a LATAM est\u00e1 se reestruturando para emergir como um grupo de companhias a\u00e9reas mais \u00e1gil, resiliente e sustent\u00e1vel\u201d, afirma a nota da empresa.<\/p>\n\n\n\n<p class=\"has-background has-very-light-gray-background-color wp-block-paragraph\">Quer saber as not\u00edcias do <strong>Aconteceu no Vale<\/strong> em primeira m\u00e3o? Siga-nos no Facebook <a rel=\"noreferrer noopener\" href=\"http:\/\/facebook.com\/aconteceunovale\" target=\"_blank\">@aconteceunovale<\/a>, Twitter <a rel=\"noreferrer noopener\" href=\"https:\/\/twitter.com\/noticiadosvales\" target=\"_blank\">@noticiadosvales<\/a> e Instagram <a rel=\"noreferrer noopener\" href=\"https:\/\/www.instagram.com\/aconteceunovale\" target=\"_blank\">@aconteceunovale<\/a>.<\/p>\n","protected":false},"excerpt":{"rendered":"<p>A Latam anunciou que vai demitir ao menos 2,7 mil tripulantes devido \u00e0 crise causada pela pandemia de coronav\u00edrus. A empresa prop\u00f4s redu\u00e7\u00e3o permanente dos sal\u00e1rios dos funcion\u00e1rios, o que n\u00e3o foi aceito pelos trabalhadores nas assembleias conduzidas pelo Sindicato Nacional dos Aeronautas (SNA). \u201cAs circunst\u00e2ncias excepcionais causadas pela pandemia resultaram em um colapso na [&hellip;]<\/p>\n","protected":false},"author":1,"featured_media":166951,"comment_status":"open","ping_status":"closed","sticky":false,"template":"","format":"standard","meta":{"amp_status":"","footnotes":""},"categories":[6,40236,28848],"tags":[214884,216498,226894,226886,226887,226888,226893,100304,226885,226895,226896,226892,226891,226889,226890],"class_list":["post-166950","post","type-post","status-publish","format-standard","has-post-thumbnail","hentry","category-br","category-empregos-2","category-mundo","tag-coronavirus","tag-covid-19","tag-crise-latam","tag-demissao-latam","tag-demitidos-latam","tag-desempregados-latam","tag-grupo-latam","tag-latam","tag-latam-anuncia-demissao-de-2722-tripulantes","tag-latam-coronavirus","tag-latam-covid-19","tag-marcelo-ceriotti","tag-ondino-dutra-cavalheiro","tag-sindicato-nacional-dos-aeronautas","tag-sna"],"yoast_head":"<!-- This site is optimized with the Yoast SEO plugin v28.3 - https:\/\/yoast.com\/product\/yoast-seo-wordpress\/ -->\n<title>Latam anuncia demiss\u00e3o de 2,7 mil tripulantes - Aconteceu no Vale<\/title>\n<meta name=\"robots\" content=\"index, follow, max-snippet:-1, max-image-preview:large, max-video-preview:-1\" \/>\n<link rel=\"canonical\" href=\"https:\/\/aconteceunovale.com.br\/portal\/?p=166950\" \/>\n<meta property=\"og:locale\" content=\"pt_BR\" \/>\n<meta property=\"og:type\" content=\"article\" \/>\n<meta property=\"og:title\" content=\"Latam anuncia demiss\u00e3o de 2,7 mil tripulantes - Aconteceu no Vale\" \/>\n<meta property=\"og:description\" content=\"A Latam anunciou que vai demitir ao menos 2,7 mil tripulantes devido \u00e0 crise causada pela pandemia de coronav\u00edrus. A empresa prop\u00f4s redu\u00e7\u00e3o permanente dos sal\u00e1rios dos funcion\u00e1rios, o que n\u00e3o foi aceito pelos trabalhadores nas assembleias conduzidas pelo Sindicato Nacional dos Aeronautas (SNA). \u201cAs circunst\u00e2ncias excepcionais causadas pela pandemia resultaram em um colapso na [&hellip;]\" \/>\n<meta property=\"og:url\" content=\"https:\/\/aconteceunovale.com.br\/portal\/?p=166950\" \/>\n<meta property=\"og:site_name\" content=\"Aconteceu no Vale\" \/>\n<meta property=\"article:publisher\" content=\"https:\/\/www.facebook.com\/aconteceunovale\/\" \/>\n<meta property=\"article:published_time\" content=\"2020-08-05T19:47:50+00:00\" \/>\n<meta property=\"article:modified_time\" content=\"2020-08-05T19:48:16+00:00\" \/>\n<meta property=\"og:image\" content=\"https:\/\/aconteceunovale.com.br\/portal\/wp-content\/uploads\/2020\/08\/latam_aviao.jpg\" \/>\n\t<meta property=\"og:image:width\" content=\"675\" \/>\n\t<meta property=\"og:image:height\" content=\"450\" \/>\n\t<meta property=\"og:image:type\" content=\"image\/jpeg\" \/>\n<meta name=\"author\" content=\"Aconteceu no Vale\" \/>\n<meta name=\"twitter:card\" content=\"summary_large_image\" \/>\n<meta name=\"twitter:creator\" content=\"@noticiadosvales\" \/>\n<meta name=\"twitter:site\" content=\"@noticiadosvales\" \/>\n<meta name=\"twitter:label1\" content=\"Escrito por\" \/>\n\t<meta name=\"twitter:data1\" content=\"Aconteceu no Vale\" \/>\n\t<meta name=\"twitter:label2\" content=\"Est. tempo de leitura\" \/>\n\t<meta name=\"twitter:data2\" content=\"2 minutos\" \/>\n<script type=\"application\/ld+json\" class=\"yoast-schema-graph\">{\"@context\":\"https:\\\/\\\/schema.org\",\"@graph\":[{\"@type\":\"Article\",\"@id\":\"https:\\\/\\\/aconteceunovale.com.br\\\/portal\\\/?p=166950#article\",\"isPartOf\":{\"@id\":\"https:\\\/\\\/aconteceunovale.com.br\\\/portal\\\/?p=166950\"},\"author\":{\"name\":\"Aconteceu no Vale\",\"@id\":\"https:\\\/\\\/aconteceunovale.com.br\\\/portal\\\/#\\\/schema\\\/person\\\/633529146f2c94272bef50ac2953d589\"},\"headline\":\"Latam anuncia demiss\u00e3o de 2,7 mil tripulantes\",\"datePublished\":\"2020-08-05T19:47:50+00:00\",\"dateModified\":\"2020-08-05T19:48:16+00:00\",\"mainEntityOfPage\":{\"@id\":\"https:\\\/\\\/aconteceunovale.com.br\\\/portal\\\/?p=166950\"},\"wordCount\":486,\"commentCount\":0,\"image\":{\"@id\":\"https:\\\/\\\/aconteceunovale.com.br\\\/portal\\\/?p=166950#primaryimage\"},\"thumbnailUrl\":\"https:\\\/\\\/aconteceunovale.com.br\\\/portal\\\/wp-content\\\/uploads\\\/2020\\\/08\\\/latam_aviao.jpg\",\"keywords\":[\"Coronav\u00edrus\",\"COVID-19\",\"Crise Latam\",\"Demiss\u00e3o Latam\",\"Demitidos Latam\",\"Desempregados Latam\",\"Grupo Latam\",\"Latam\",\"Latam anuncia demiss\u00e3o de 2722 tripulantes\",\"Latam Coronav\u00edrus\",\"Latam Covid-19\",\"Marcelo Ceriotti\",\"Ondino Dutra Cavalheiro\",\"Sindicato Nacional dos Aeronautas\",\"SNA\"],\"articleSection\":[\"Brasil\",\"Empregos\",\"Mundo\"],\"inLanguage\":\"pt-BR\",\"potentialAction\":[{\"@type\":\"CommentAction\",\"name\":\"Comment\",\"target\":[\"https:\\\/\\\/aconteceunovale.com.br\\\/portal\\\/?p=166950#respond\"]}]},{\"@type\":\"WebPage\",\"@id\":\"https:\\\/\\\/aconteceunovale.com.br\\\/portal\\\/?p=166950\",\"url\":\"https:\\\/\\\/aconteceunovale.com.br\\\/portal\\\/?p=166950\",\"name\":\"Latam anuncia demiss\u00e3o de 2,7 mil tripulantes - Aconteceu no Vale\",\"isPartOf\":{\"@id\":\"https:\\\/\\\/aconteceunovale.com.br\\\/portal\\\/#website\"},\"primaryImageOfPage\":{\"@id\":\"https:\\\/\\\/aconteceunovale.com.br\\\/portal\\\/?p=166950#primaryimage\"},\"image\":{\"@id\":\"https:\\\/\\\/aconteceunovale.com.br\\\/portal\\\/?p=166950#primaryimage\"},\"thumbnailUrl\":\"https:\\\/\\\/aconteceunovale.com.br\\\/portal\\\/wp-content\\\/uploads\\\/2020\\\/08\\\/latam_aviao.jpg\",\"datePublished\":\"2020-08-05T19:47:50+00:00\",\"dateModified\":\"2020-08-05T19:48:16+00:00\",\"author\":{\"@id\":\"https:\\\/\\\/aconteceunovale.com.br\\\/portal\\\/#\\\/schema\\\/person\\\/633529146f2c94272bef50ac2953d589\"},\"breadcrumb\":{\"@id\":\"https:\\\/\\\/aconteceunovale.com.br\\\/portal\\\/?p=166950#breadcrumb\"},\"inLanguage\":\"pt-BR\",\"potentialAction\":[{\"@type\":\"ReadAction\",\"target\":[\"https:\\\/\\\/aconteceunovale.com.br\\\/portal\\\/?p=166950\"]}]},{\"@type\":\"ImageObject\",\"inLanguage\":\"pt-BR\",\"@id\":\"https:\\\/\\\/aconteceunovale.com.br\\\/portal\\\/?p=166950#primaryimage\",\"url\":\"https:\\\/\\\/aconteceunovale.com.br\\\/portal\\\/wp-content\\\/uploads\\\/2020\\\/08\\\/latam_aviao.jpg\",\"contentUrl\":\"https:\\\/\\\/aconteceunovale.com.br\\\/portal\\\/wp-content\\\/uploads\\\/2020\\\/08\\\/latam_aviao.jpg\",\"width\":675,\"height\":450},{\"@type\":\"BreadcrumbList\",\"@id\":\"https:\\\/\\\/aconteceunovale.com.br\\\/portal\\\/?p=166950#breadcrumb\",\"itemListElement\":[{\"@type\":\"ListItem\",\"position\":1,\"name\":\"In\u00edcio\",\"item\":\"https:\\\/\\\/aconteceunovale.com.br\\\/portal\\\/\"},{\"@type\":\"ListItem\",\"position\":2,\"name\":\"Latam anuncia demiss\u00e3o de 2,7 mil tripulantes\"}]},{\"@type\":\"WebSite\",\"@id\":\"https:\\\/\\\/aconteceunovale.com.br\\\/portal\\\/#website\",\"url\":\"https:\\\/\\\/aconteceunovale.com.br\\\/portal\\\/\",\"name\":\"Aconteceu no Vale\",\"description\":\"Portal de Not\u00edcias\",\"potentialAction\":[{\"@type\":\"SearchAction\",\"target\":{\"@type\":\"EntryPoint\",\"urlTemplate\":\"https:\\\/\\\/aconteceunovale.com.br\\\/portal\\\/?s={search_term_string}\"},\"query-input\":{\"@type\":\"PropertyValueSpecification\",\"valueRequired\":true,\"valueName\":\"search_term_string\"}}],\"inLanguage\":\"pt-BR\"},{\"@type\":\"Person\",\"@id\":\"https:\\\/\\\/aconteceunovale.com.br\\\/portal\\\/#\\\/schema\\\/person\\\/633529146f2c94272bef50ac2953d589\",\"name\":\"Aconteceu no Vale\",\"description\":\"Equipe de reportagem do Aconteceu no Vale, portal de not\u00edcias do Vale do Jequitinhonha, em Minas Gerais. Cobrimos as 51 cidades do Vale desde 2013. Sugest\u00f5es de pauta e pedidos de corre\u00e7\u00e3o: contato@aconteceunovale.com.br\",\"sameAs\":[\"http:\\\/\\\/www.aconteceunovale.com.br\"],\"url\":\"https:\\\/\\\/aconteceunovale.com.br\\\/portal\\\/?author=1\"}]}<\/script>\n<!-- \/ Yoast SEO plugin. -->","yoast_head_json":{"title":"Latam anuncia demiss\u00e3o de 2,7 mil tripulantes - Aconteceu no Vale","robots":{"index":"index","follow":"follow","max-snippet":"max-snippet:-1","max-image-preview":"max-image-preview:large","max-video-preview":"max-video-preview:-1"},"canonical":"https:\/\/aconteceunovale.com.br\/portal\/?p=166950","og_locale":"pt_BR","og_type":"article","og_title":"Latam anuncia demiss\u00e3o de 2,7 mil tripulantes - Aconteceu no Vale","og_description":"A Latam anunciou que vai demitir ao menos 2,7 mil tripulantes devido \u00e0 crise causada pela pandemia de coronav\u00edrus. A empresa prop\u00f4s redu\u00e7\u00e3o permanente dos sal\u00e1rios dos funcion\u00e1rios, o que n\u00e3o foi aceito pelos trabalhadores nas assembleias conduzidas pelo Sindicato Nacional dos Aeronautas (SNA). \u201cAs circunst\u00e2ncias excepcionais causadas pela pandemia resultaram em um colapso na [&hellip;]","og_url":"https:\/\/aconteceunovale.com.br\/portal\/?p=166950","og_site_name":"Aconteceu no Vale","article_publisher":"https:\/\/www.facebook.com\/aconteceunovale\/","article_published_time":"2020-08-05T19:47:50+00:00","article_modified_time":"2020-08-05T19:48:16+00:00","og_image":[{"width":675,"height":450,"url":"https:\/\/aconteceunovale.com.br\/portal\/wp-content\/uploads\/2020\/08\/latam_aviao.jpg","type":"image\/jpeg"}],"author":"Aconteceu no Vale","twitter_card":"summary_large_image","twitter_creator":"@noticiadosvales","twitter_site":"@noticiadosvales","twitter_misc":{"Escrito por":"Aconteceu no Vale","Est. tempo de leitura":"2 minutos"},"schema":{"@context":"https:\/\/schema.org","@graph":[{"@type":"Article","@id":"https:\/\/aconteceunovale.com.br\/portal\/?p=166950#article","isPartOf":{"@id":"https:\/\/aconteceunovale.com.br\/portal\/?p=166950"},"author":{"name":"Aconteceu no Vale","@id":"https:\/\/aconteceunovale.com.br\/portal\/#\/schema\/person\/633529146f2c94272bef50ac2953d589"},"headline":"Latam anuncia demiss\u00e3o de 2,7 mil tripulantes","datePublished":"2020-08-05T19:47:50+00:00","dateModified":"2020-08-05T19:48:16+00:00","mainEntityOfPage":{"@id":"https:\/\/aconteceunovale.com.br\/portal\/?p=166950"},"wordCount":486,"commentCount":0,"image":{"@id":"https:\/\/aconteceunovale.com.br\/portal\/?p=166950#primaryimage"},"thumbnailUrl":"https:\/\/aconteceunovale.com.br\/portal\/wp-content\/uploads\/2020\/08\/latam_aviao.jpg","keywords":["Coronav\u00edrus","COVID-19","Crise Latam","Demiss\u00e3o Latam","Demitidos Latam","Desempregados Latam","Grupo Latam","Latam","Latam anuncia demiss\u00e3o de 2722 tripulantes","Latam Coronav\u00edrus","Latam Covid-19","Marcelo Ceriotti","Ondino Dutra Cavalheiro","Sindicato Nacional dos Aeronautas","SNA"],"articleSection":["Brasil","Empregos","Mundo"],"inLanguage":"pt-BR","potentialAction":[{"@type":"CommentAction","name":"Comment","target":["https:\/\/aconteceunovale.com.br\/portal\/?p=166950#respond"]}]},{"@type":"WebPage","@id":"https:\/\/aconteceunovale.com.br\/portal\/?p=166950","url":"https:\/\/aconteceunovale.com.br\/portal\/?p=166950","name":"Latam anuncia demiss\u00e3o de 2,7 mil tripulantes - Aconteceu no Vale","isPartOf":{"@id":"https:\/\/aconteceunovale.com.br\/portal\/#website"},"primaryImageOfPage":{"@id":"https:\/\/aconteceunovale.com.br\/portal\/?p=166950#primaryimage"},"image":{"@id":"https:\/\/aconteceunovale.com.br\/portal\/?p=166950#primaryimage"},"thumbnailUrl":"https:\/\/aconteceunovale.com.br\/portal\/wp-content\/uploads\/2020\/08\/latam_aviao.jpg","datePublished":"2020-08-05T19:47:50+00:00","dateModified":"2020-08-05T19:48:16+00:00","author":{"@id":"https:\/\/aconteceunovale.com.br\/portal\/#\/schema\/person\/633529146f2c94272bef50ac2953d589"},"breadcrumb":{"@id":"https:\/\/aconteceunovale.com.br\/portal\/?p=166950#breadcrumb"},"inLanguage":"pt-BR","potentialAction":[{"@type":"ReadAction","target":["https:\/\/aconteceunovale.com.br\/portal\/?p=166950"]}]},{"@type":"ImageObject","inLanguage":"pt-BR","@id":"https:\/\/aconteceunovale.com.br\/portal\/?p=166950#primaryimage","url":"https:\/\/aconteceunovale.com.br\/portal\/wp-content\/uploads\/2020\/08\/latam_aviao.jpg","contentUrl":"https:\/\/aconteceunovale.com.br\/portal\/wp-content\/uploads\/2020\/08\/latam_aviao.jpg","width":675,"height":450},{"@type":"BreadcrumbList","@id":"https:\/\/aconteceunovale.com.br\/portal\/?p=166950#breadcrumb","itemListElement":[{"@type":"ListItem","position":1,"name":"In\u00edcio","item":"https:\/\/aconteceunovale.com.br\/portal\/"},{"@type":"ListItem","position":2,"name":"Latam anuncia demiss\u00e3o de 2,7 mil tripulantes"}]},{"@type":"WebSite","@id":"https:\/\/aconteceunovale.com.br\/portal\/#website","url":"https:\/\/aconteceunovale.com.br\/portal\/","name":"Aconteceu no Vale","description":"Portal de Not\u00edcias","potentialAction":[{"@type":"SearchAction","target":{"@type":"EntryPoint","urlTemplate":"https:\/\/aconteceunovale.com.br\/portal\/?s={search_term_string}"},"query-input":{"@type":"PropertyValueSpecification","valueRequired":true,"valueName":"search_term_string"}}],"inLanguage":"pt-BR"},{"@type":"Person","@id":"https:\/\/aconteceunovale.com.br\/portal\/#\/schema\/person\/633529146f2c94272bef50ac2953d589","name":"Aconteceu no Vale","description":"Equipe de reportagem do Aconteceu no Vale, portal de not\u00edcias do Vale do Jequitinhonha, em Minas Gerais. Cobrimos as 51 cidades do Vale desde 2013. Sugest\u00f5es de pauta e pedidos de corre\u00e7\u00e3o: contato@aconteceunovale.com.br","sameAs":["http:\/\/www.aconteceunovale.com.br"],"url":"https:\/\/aconteceunovale.com.br\/portal\/?author=1"}]}},"_links":{"self":[{"href":"https:\/\/aconteceunovale.com.br\/portal\/index.php?rest_route=\/wp\/v2\/posts\/166950","targetHints":{"allow":["GET"]}}],"collection":[{"href":"https:\/\/aconteceunovale.com.br\/portal\/index.php?rest_route=\/wp\/v2\/posts"}],"about":[{"href":"https:\/\/aconteceunovale.com.br\/portal\/index.php?rest_route=\/wp\/v2\/types\/post"}],"author":[{"embeddable":true,"href":"https:\/\/aconteceunovale.com.br\/portal\/index.php?rest_route=\/wp\/v2\/users\/1"}],"replies":[{"embeddable":true,"href":"https:\/\/aconteceunovale.com.br\/portal\/index.php?rest_route=%2Fwp%2Fv2%2Fcomments&post=166950"}],"version-history":[{"count":1,"href":"https:\/\/aconteceunovale.com.br\/portal\/index.php?rest_route=\/wp\/v2\/posts\/166950\/revisions"}],"predecessor-version":[{"id":166952,"href":"https:\/\/aconteceunovale.com.br\/portal\/index.php?rest_route=\/wp\/v2\/posts\/166950\/revisions\/166952"}],"wp:featuredmedia":[{"embeddable":true,"href":"https:\/\/aconteceunovale.com.br\/portal\/index.php?rest_route=\/wp\/v2\/media\/166951"}],"wp:attachment":[{"href":"https:\/\/aconteceunovale.com.br\/portal\/index.php?rest_route=%2Fwp%2Fv2%2Fmedia&parent=166950"}],"wp:term":[{"taxonomy":"category","embeddable":true,"href":"https:\/\/aconteceunovale.com.br\/portal\/index.php?rest_route=%2Fwp%2Fv2%2Fcategories&post=166950"},{"taxonomy":"post_tag","embeddable":true,"href":"https:\/\/aconteceunovale.com.br\/portal\/index.php?rest_route=%2Fwp%2Fv2%2Ftags&post=166950"}],"curies":[{"name":"wp","href":"https:\/\/api.w.org\/{rel}","templated":true}]}}