{"id":166945,"date":"2020-08-05T16:04:12","date_gmt":"2020-08-05T19:04:12","guid":{"rendered":"https:\/\/aconteceunovale.com.br\/portal\/?p=166945"},"modified":"2020-08-05T16:04:51","modified_gmt":"2020-08-05T19:04:51","slug":"america-e-atletico-duelam-por-vaga-na-final-do-mineiro","status":"publish","type":"post","link":"https:\/\/aconteceunovale.com.br\/portal\/?p=166945","title":{"rendered":"Am\u00e9rica e Atl\u00e9tico duelam por vaga na final do Mineiro"},"content":{"rendered":"\n<p class=\"wp-block-paragraph\">Qual time da capital lutar\u00e1 pelo t\u00edtulo do Campeonato Mineiro? Am\u00e9rica e Atl\u00e9tico se enfrentam nesta quarta-feira (5\/8\/2020), \u00e0s 21h30 (hor\u00e1rio de Bras\u00edlia), no Independ\u00eancia, em Belo Horizonte, para definir quem ter\u00e1 a chance de levantar o caneco.<\/p>\n\n\n\n<p class=\"wp-block-paragraph\">Apesar de ter feito melhor campanha na primeira fase, o Coelho perdeu a vantagem que tinha de dois empates. No confronto de ida, o Galo venceu por 2 a 1 e se garante na final se n\u00e3o levar gol. Por outro lado, uma vit\u00f3ria simples do Am\u00e9rica, ou seja, por uma diferen\u00e7a de apenas um gol, classifica o time da casa.<\/p>\n\n\n\n<p class=\"wp-block-paragraph\">Al\u00e9m de ter perdido a vantagem de dois empates, o Am\u00e9rica tamb\u00e9m sofreu a primeira derrota na temporada de 2020. Apesar disso, a confian\u00e7a do Coelho est\u00e1 alta, como disse o lateral-direito Leandro Silva.<\/p>\n\n\n\n<p class=\"wp-block-paragraph\">\u201cA vantagem \u00e9 deles, mas com o gol que fizemos, estamos mais vivos do que nunca no campeonato. Uma vit\u00f3ria simples nossa nos classifica. Vamos entrar muito fortes e confiantes para trazer essa classifica\u00e7\u00e3o\u201d.<\/p>\n\n\n\n<p class=\"wp-block-paragraph\">Recuperado de uma les\u00e3o no joelho, o atacante Rodolfo \u00e9 op\u00e7\u00e3o para o t\u00e9cnico Lisca. Por outro lado, o treinador n\u00e3o poder\u00e1 contar com Z\u00e9 Ricardo. O volante recebeu o terceiro cart\u00e3o amarelo na primeira partida da semifinal e est\u00e1 suspenso. O Am\u00e9rica deve entrar em campo com Airton, Leandro Silva, Messias, Eduardo Bauermann e Jo\u00e3o Paulo (S\u00e1vio); Fl\u00e1vio, Juninho e Al\u00ea; Ademir, Felipe Augusto e Rodolfo (Vit\u00e3o).<\/p>\n\n\n\n<p class=\"wp-block-paragraph\">Pelo lado do Atl\u00e9tico a grande expectativa \u00e9 pela estreia de Mariano. Nas \u00faltimas horas, cresceram as not\u00edcias de uma poss\u00edvel negocia\u00e7\u00e3o de Guga com um time europeu. Com isso, Mariano, que foi apresentado na ter\u00e7a-feira (4) e fez apenas um treino, pode ser titular para a partida decisiva. O lateral-direito tem 34 anos e foi um pedido do t\u00e9cnico Jorge Sampaoli, com quem trabalhou no Sevilla entre 2016 e 2017.<\/p>\n\n\n\n<p class=\"wp-block-paragraph\">Mariano estava no Galatasaray, da Turquia, e vinha atuando pela equipe. Em entrevista coletiva de apresenta\u00e7\u00e3o, o jogador revelou como est\u00e1 fisicamente.<\/p>\n\n\n\n<p class=\"wp-block-paragraph\">&#8220;Realmente eu estava jogando. Com a quest\u00e3o da viagem, tem mais ou menos uma semana que eu fiquei sem atividade. Vou me preparar, conversar com o Sampaoli e tentar ajudar da melhor maneira poss\u00edvel. N\u00e3o sei se pra esse pr\u00f3ximo jogo, mas vou me preparar e dar o melhor poss\u00edvel fisicamente para poder ajudar a equipe\u201d.<\/p>\n\n\n\n<p class=\"wp-block-paragraph\">Al\u00e9m de Mariano, Jorge Sampaoli conta com Alan Franco, que retorna de suspens\u00e3o. O Galo deve entrar em campo com Rafael, Mariano, R\u00e9ver, J\u00fanior Afonso e Guilherme Arana; Allan, Jair e Nathan; Savarino, Keno e Marrony.<\/p>\n\n\n\n<p class=\"has-background has-very-light-gray-background-color wp-block-paragraph\">Quer saber as not\u00edcias do <strong>Aconteceu no Vale<\/strong> em primeira m\u00e3o? Siga-nos no Facebook <a rel=\"noreferrer noopener\" href=\"http:\/\/facebook.com\/aconteceunovale\" target=\"_blank\">@aconteceunovale<\/a>, Twitter <a rel=\"noreferrer noopener\" href=\"https:\/\/twitter.com\/noticiadosvales\" target=\"_blank\">@noticiadosvales<\/a> e Instagram <a rel=\"noreferrer noopener\" href=\"https:\/\/www.instagram.com\/aconteceunovale\" target=\"_blank\">@aconteceunovale<\/a>.<\/p>\n","protected":false},"excerpt":{"rendered":"<p>Qual time da capital lutar\u00e1 pelo t\u00edtulo do Campeonato Mineiro? Am\u00e9rica e Atl\u00e9tico se enfrentam nesta quarta-feira (5\/8\/2020), \u00e0s 21h30 (hor\u00e1rio de Bras\u00edlia), no Independ\u00eancia, em Belo Horizonte, para definir quem ter\u00e1 a chance de levantar o caneco. Apesar de ter feito melhor campanha na primeira fase, o Coelho perdeu a vantagem que tinha de [&hellip;]<\/p>\n","protected":false},"author":1,"featured_media":166946,"comment_status":"open","ping_status":"closed","sticky":false,"template":"","format":"standard","meta":{"amp_status":"","footnotes":""},"categories":[59,123],"tags":[226349,226617,32921,226253,4404,226155,682,226255,226258,226256,211822,226254,215,86812,226257,81237,226260,226259],"class_list":["post-166945","post","type-post","status-publish","format-standard","has-post-thumbnail","hentry","category-esportes","category-gerais","tag-atletico-goleia-o-patrocinense-e-avanca-para-as-semifinais-do-campeonato-mineiro","tag-atletico-vence-o-america-e-larga-em-vantagem-na-disputa-por-vaga-na-final-do-campeonato-mineiro","tag-caldense","tag-caldense-e-cruzeiro-entram-em-campo-por-vaga-nas-semifinais-do-campeonato-mineiro","tag-campeonato-mineiro","tag-campeonato-mineiro-2020","tag-cruzeiro","tag-duelo-entre-caldense-e-cruzeiro","tag-estadio-doutor-ronaldo-junqueira","tag-jogo-entre-caldense-e-cruzeiro","tag-mineiro","tag-mineiro-2020","tag-pocos-de-caldas","tag-primeira-fase-do-campeonato-mineiro","tag-primeira-fase-do-mineiro","tag-ronaldao","tag-ultima-rodada-da-primeira-fase-do-campeonato-mineiro","tag-ultima-rodada-da-primeira-fase-do-mineiro"],"yoast_head":"<!-- This site is optimized with the Yoast SEO plugin v28.3 - https:\/\/yoast.com\/product\/yoast-seo-wordpress\/ -->\n<title>Am\u00e9rica e Atl\u00e9tico duelam por vaga na final do Mineiro - Aconteceu no Vale<\/title>\n<meta name=\"robots\" content=\"index, follow, max-snippet:-1, max-image-preview:large, max-video-preview:-1\" \/>\n<link rel=\"canonical\" href=\"https:\/\/aconteceunovale.com.br\/portal\/?p=166945\" \/>\n<meta property=\"og:locale\" content=\"pt_BR\" \/>\n<meta property=\"og:type\" content=\"article\" \/>\n<meta property=\"og:title\" content=\"Am\u00e9rica e Atl\u00e9tico duelam por vaga na final do Mineiro - Aconteceu no Vale\" \/>\n<meta property=\"og:description\" content=\"Qual time da capital lutar\u00e1 pelo t\u00edtulo do Campeonato Mineiro? Am\u00e9rica e Atl\u00e9tico se enfrentam nesta quarta-feira (5\/8\/2020), \u00e0s 21h30 (hor\u00e1rio de Bras\u00edlia), no Independ\u00eancia, em Belo Horizonte, para definir quem ter\u00e1 a chance de levantar o caneco. Apesar de ter feito melhor campanha na primeira fase, o Coelho perdeu a vantagem que tinha de [&hellip;]\" \/>\n<meta property=\"og:url\" content=\"https:\/\/aconteceunovale.com.br\/portal\/?p=166945\" \/>\n<meta property=\"og:site_name\" content=\"Aconteceu no Vale\" \/>\n<meta property=\"article:publisher\" content=\"https:\/\/www.facebook.com\/aconteceunovale\/\" \/>\n<meta property=\"article:published_time\" content=\"2020-08-05T19:04:12+00:00\" \/>\n<meta property=\"article:modified_time\" content=\"2020-08-05T19:04:51+00:00\" \/>\n<meta property=\"og:image\" content=\"https:\/\/aconteceunovale.com.br\/portal\/wp-content\/uploads\/2020\/08\/atletico_america-2.jpg\" \/>\n\t<meta property=\"og:image:width\" content=\"678\" \/>\n\t<meta property=\"og:image:height\" content=\"381\" \/>\n\t<meta property=\"og:image:type\" content=\"image\/jpeg\" \/>\n<meta name=\"author\" content=\"Aconteceu no Vale\" \/>\n<meta name=\"twitter:card\" content=\"summary_large_image\" \/>\n<meta name=\"twitter:creator\" content=\"@noticiadosvales\" \/>\n<meta name=\"twitter:site\" content=\"@noticiadosvales\" \/>\n<meta name=\"twitter:label1\" content=\"Escrito por\" \/>\n\t<meta name=\"twitter:data1\" content=\"Aconteceu no Vale\" \/>\n\t<meta name=\"twitter:label2\" content=\"Est. tempo de leitura\" \/>\n\t<meta name=\"twitter:data2\" content=\"2 minutos\" \/>\n<script type=\"application\/ld+json\" class=\"yoast-schema-graph\">{\"@context\":\"https:\\\/\\\/schema.org\",\"@graph\":[{\"@type\":\"Article\",\"@id\":\"https:\\\/\\\/aconteceunovale.com.br\\\/portal\\\/?p=166945#article\",\"isPartOf\":{\"@id\":\"https:\\\/\\\/aconteceunovale.com.br\\\/portal\\\/?p=166945\"},\"author\":{\"name\":\"Aconteceu no Vale\",\"@id\":\"https:\\\/\\\/aconteceunovale.com.br\\\/portal\\\/#\\\/schema\\\/person\\\/633529146f2c94272bef50ac2953d589\"},\"headline\":\"Am\u00e9rica e Atl\u00e9tico duelam por vaga na final do Mineiro\",\"datePublished\":\"2020-08-05T19:04:12+00:00\",\"dateModified\":\"2020-08-05T19:04:51+00:00\",\"mainEntityOfPage\":{\"@id\":\"https:\\\/\\\/aconteceunovale.com.br\\\/portal\\\/?p=166945\"},\"wordCount\":485,\"commentCount\":0,\"image\":{\"@id\":\"https:\\\/\\\/aconteceunovale.com.br\\\/portal\\\/?p=166945#primaryimage\"},\"thumbnailUrl\":\"https:\\\/\\\/aconteceunovale.com.br\\\/portal\\\/wp-content\\\/uploads\\\/2020\\\/08\\\/atletico_america-2.jpg\",\"keywords\":[\"Atl\u00e9tico goleia o Patrocinense e avan\u00e7a para as semifinais do Campeonato Mineiro\",\"Atl\u00e9tico vence o Am\u00e9rica e larga em vantagem na disputa por vaga na final do Campeonato Mineiro\",\"Caldense\",\"Caldense e Cruzeiro entram em campo por vaga nas semifinais do Campeonato Mineiro\",\"Campeonato Mineiro\",\"Campeonato Mineiro 2020\",\"Cruzeiro\",\"Duelo entre Caldense e Cruzeiro\",\"Est\u00e1dio Doutor Ronaldo Junqueira\",\"Jogo entre Caldense e Cruzeiro\",\"mineiro\",\"Mineiro 2020\",\"Po\u00e7os de Caldas\",\"primeira fase do Campeonato Mineiro\",\"Primeira fase do Mineiro\",\"Ronald\u00e3o\",\"\u00daltima rodada da primeira fase do Campeonato Mineiro\",\"\u00daltima rodada da primeira fase do Mineiro\"],\"articleSection\":[\"Esportes\",\"Minas Gerais\"],\"inLanguage\":\"pt-BR\",\"potentialAction\":[{\"@type\":\"CommentAction\",\"name\":\"Comment\",\"target\":[\"https:\\\/\\\/aconteceunovale.com.br\\\/portal\\\/?p=166945#respond\"]}]},{\"@type\":\"WebPage\",\"@id\":\"https:\\\/\\\/aconteceunovale.com.br\\\/portal\\\/?p=166945\",\"url\":\"https:\\\/\\\/aconteceunovale.com.br\\\/portal\\\/?p=166945\",\"name\":\"Am\u00e9rica e Atl\u00e9tico duelam por vaga na final do Mineiro - Aconteceu no Vale\",\"isPartOf\":{\"@id\":\"https:\\\/\\\/aconteceunovale.com.br\\\/portal\\\/#website\"},\"primaryImageOfPage\":{\"@id\":\"https:\\\/\\\/aconteceunovale.com.br\\\/portal\\\/?p=166945#primaryimage\"},\"image\":{\"@id\":\"https:\\\/\\\/aconteceunovale.com.br\\\/portal\\\/?p=166945#primaryimage\"},\"thumbnailUrl\":\"https:\\\/\\\/aconteceunovale.com.br\\\/portal\\\/wp-content\\\/uploads\\\/2020\\\/08\\\/atletico_america-2.jpg\",\"datePublished\":\"2020-08-05T19:04:12+00:00\",\"dateModified\":\"2020-08-05T19:04:51+00:00\",\"author\":{\"@id\":\"https:\\\/\\\/aconteceunovale.com.br\\\/portal\\\/#\\\/schema\\\/person\\\/633529146f2c94272bef50ac2953d589\"},\"breadcrumb\":{\"@id\":\"https:\\\/\\\/aconteceunovale.com.br\\\/portal\\\/?p=166945#breadcrumb\"},\"inLanguage\":\"pt-BR\",\"potentialAction\":[{\"@type\":\"ReadAction\",\"target\":[\"https:\\\/\\\/aconteceunovale.com.br\\\/portal\\\/?p=166945\"]}]},{\"@type\":\"ImageObject\",\"inLanguage\":\"pt-BR\",\"@id\":\"https:\\\/\\\/aconteceunovale.com.br\\\/portal\\\/?p=166945#primaryimage\",\"url\":\"https:\\\/\\\/aconteceunovale.com.br\\\/portal\\\/wp-content\\\/uploads\\\/2020\\\/08\\\/atletico_america-2.jpg\",\"contentUrl\":\"https:\\\/\\\/aconteceunovale.com.br\\\/portal\\\/wp-content\\\/uploads\\\/2020\\\/08\\\/atletico_america-2.jpg\",\"width\":678,\"height\":381},{\"@type\":\"BreadcrumbList\",\"@id\":\"https:\\\/\\\/aconteceunovale.com.br\\\/portal\\\/?p=166945#breadcrumb\",\"itemListElement\":[{\"@type\":\"ListItem\",\"position\":1,\"name\":\"In\u00edcio\",\"item\":\"https:\\\/\\\/aconteceunovale.com.br\\\/portal\\\/\"},{\"@type\":\"ListItem\",\"position\":2,\"name\":\"Am\u00e9rica e Atl\u00e9tico duelam por vaga na final do Mineiro\"}]},{\"@type\":\"WebSite\",\"@id\":\"https:\\\/\\\/aconteceunovale.com.br\\\/portal\\\/#website\",\"url\":\"https:\\\/\\\/aconteceunovale.com.br\\\/portal\\\/\",\"name\":\"Aconteceu no Vale\",\"description\":\"Portal de Not\u00edcias\",\"potentialAction\":[{\"@type\":\"SearchAction\",\"target\":{\"@type\":\"EntryPoint\",\"urlTemplate\":\"https:\\\/\\\/aconteceunovale.com.br\\\/portal\\\/?s={search_term_string}\"},\"query-input\":{\"@type\":\"PropertyValueSpecification\",\"valueRequired\":true,\"valueName\":\"search_term_string\"}}],\"inLanguage\":\"pt-BR\"},{\"@type\":\"Person\",\"@id\":\"https:\\\/\\\/aconteceunovale.com.br\\\/portal\\\/#\\\/schema\\\/person\\\/633529146f2c94272bef50ac2953d589\",\"name\":\"Aconteceu no Vale\",\"description\":\"Equipe de reportagem do Aconteceu no Vale, portal de not\u00edcias do Vale do Jequitinhonha, em Minas Gerais. Cobrimos as 51 cidades do Vale desde 2013. Sugest\u00f5es de pauta e pedidos de corre\u00e7\u00e3o: contato@aconteceunovale.com.br\",\"sameAs\":[\"http:\\\/\\\/www.aconteceunovale.com.br\"],\"url\":\"https:\\\/\\\/aconteceunovale.com.br\\\/portal\\\/?author=1\"}]}<\/script>\n<!-- \/ Yoast SEO plugin. -->","yoast_head_json":{"title":"Am\u00e9rica e Atl\u00e9tico duelam por vaga na final do Mineiro - Aconteceu no Vale","robots":{"index":"index","follow":"follow","max-snippet":"max-snippet:-1","max-image-preview":"max-image-preview:large","max-video-preview":"max-video-preview:-1"},"canonical":"https:\/\/aconteceunovale.com.br\/portal\/?p=166945","og_locale":"pt_BR","og_type":"article","og_title":"Am\u00e9rica e Atl\u00e9tico duelam por vaga na final do Mineiro - Aconteceu no Vale","og_description":"Qual time da capital lutar\u00e1 pelo t\u00edtulo do Campeonato Mineiro? Am\u00e9rica e Atl\u00e9tico se enfrentam nesta quarta-feira (5\/8\/2020), \u00e0s 21h30 (hor\u00e1rio de Bras\u00edlia), no Independ\u00eancia, em Belo Horizonte, para definir quem ter\u00e1 a chance de levantar o caneco. Apesar de ter feito melhor campanha na primeira fase, o Coelho perdeu a vantagem que tinha de [&hellip;]","og_url":"https:\/\/aconteceunovale.com.br\/portal\/?p=166945","og_site_name":"Aconteceu no Vale","article_publisher":"https:\/\/www.facebook.com\/aconteceunovale\/","article_published_time":"2020-08-05T19:04:12+00:00","article_modified_time":"2020-08-05T19:04:51+00:00","og_image":[{"width":678,"height":381,"url":"https:\/\/aconteceunovale.com.br\/portal\/wp-content\/uploads\/2020\/08\/atletico_america-2.jpg","type":"image\/jpeg"}],"author":"Aconteceu no Vale","twitter_card":"summary_large_image","twitter_creator":"@noticiadosvales","twitter_site":"@noticiadosvales","twitter_misc":{"Escrito por":"Aconteceu no Vale","Est. tempo de leitura":"2 minutos"},"schema":{"@context":"https:\/\/schema.org","@graph":[{"@type":"Article","@id":"https:\/\/aconteceunovale.com.br\/portal\/?p=166945#article","isPartOf":{"@id":"https:\/\/aconteceunovale.com.br\/portal\/?p=166945"},"author":{"name":"Aconteceu no Vale","@id":"https:\/\/aconteceunovale.com.br\/portal\/#\/schema\/person\/633529146f2c94272bef50ac2953d589"},"headline":"Am\u00e9rica e Atl\u00e9tico duelam por vaga na final do Mineiro","datePublished":"2020-08-05T19:04:12+00:00","dateModified":"2020-08-05T19:04:51+00:00","mainEntityOfPage":{"@id":"https:\/\/aconteceunovale.com.br\/portal\/?p=166945"},"wordCount":485,"commentCount":0,"image":{"@id":"https:\/\/aconteceunovale.com.br\/portal\/?p=166945#primaryimage"},"thumbnailUrl":"https:\/\/aconteceunovale.com.br\/portal\/wp-content\/uploads\/2020\/08\/atletico_america-2.jpg","keywords":["Atl\u00e9tico goleia o Patrocinense e avan\u00e7a para as semifinais do Campeonato Mineiro","Atl\u00e9tico vence o Am\u00e9rica e larga em vantagem na disputa por vaga na final do Campeonato Mineiro","Caldense","Caldense e Cruzeiro entram em campo por vaga nas semifinais do Campeonato Mineiro","Campeonato Mineiro","Campeonato Mineiro 2020","Cruzeiro","Duelo entre Caldense e Cruzeiro","Est\u00e1dio Doutor Ronaldo Junqueira","Jogo entre Caldense e Cruzeiro","mineiro","Mineiro 2020","Po\u00e7os de Caldas","primeira fase do Campeonato Mineiro","Primeira fase do Mineiro","Ronald\u00e3o","\u00daltima rodada da primeira fase do Campeonato Mineiro","\u00daltima rodada da primeira fase do Mineiro"],"articleSection":["Esportes","Minas Gerais"],"inLanguage":"pt-BR","potentialAction":[{"@type":"CommentAction","name":"Comment","target":["https:\/\/aconteceunovale.com.br\/portal\/?p=166945#respond"]}]},{"@type":"WebPage","@id":"https:\/\/aconteceunovale.com.br\/portal\/?p=166945","url":"https:\/\/aconteceunovale.com.br\/portal\/?p=166945","name":"Am\u00e9rica e Atl\u00e9tico duelam por vaga na final do Mineiro - Aconteceu no Vale","isPartOf":{"@id":"https:\/\/aconteceunovale.com.br\/portal\/#website"},"primaryImageOfPage":{"@id":"https:\/\/aconteceunovale.com.br\/portal\/?p=166945#primaryimage"},"image":{"@id":"https:\/\/aconteceunovale.com.br\/portal\/?p=166945#primaryimage"},"thumbnailUrl":"https:\/\/aconteceunovale.com.br\/portal\/wp-content\/uploads\/2020\/08\/atletico_america-2.jpg","datePublished":"2020-08-05T19:04:12+00:00","dateModified":"2020-08-05T19:04:51+00:00","author":{"@id":"https:\/\/aconteceunovale.com.br\/portal\/#\/schema\/person\/633529146f2c94272bef50ac2953d589"},"breadcrumb":{"@id":"https:\/\/aconteceunovale.com.br\/portal\/?p=166945#breadcrumb"},"inLanguage":"pt-BR","potentialAction":[{"@type":"ReadAction","target":["https:\/\/aconteceunovale.com.br\/portal\/?p=166945"]}]},{"@type":"ImageObject","inLanguage":"pt-BR","@id":"https:\/\/aconteceunovale.com.br\/portal\/?p=166945#primaryimage","url":"https:\/\/aconteceunovale.com.br\/portal\/wp-content\/uploads\/2020\/08\/atletico_america-2.jpg","contentUrl":"https:\/\/aconteceunovale.com.br\/portal\/wp-content\/uploads\/2020\/08\/atletico_america-2.jpg","width":678,"height":381},{"@type":"BreadcrumbList","@id":"https:\/\/aconteceunovale.com.br\/portal\/?p=166945#breadcrumb","itemListElement":[{"@type":"ListItem","position":1,"name":"In\u00edcio","item":"https:\/\/aconteceunovale.com.br\/portal\/"},{"@type":"ListItem","position":2,"name":"Am\u00e9rica e Atl\u00e9tico duelam por vaga na final do Mineiro"}]},{"@type":"WebSite","@id":"https:\/\/aconteceunovale.com.br\/portal\/#website","url":"https:\/\/aconteceunovale.com.br\/portal\/","name":"Aconteceu no Vale","description":"Portal de Not\u00edcias","potentialAction":[{"@type":"SearchAction","target":{"@type":"EntryPoint","urlTemplate":"https:\/\/aconteceunovale.com.br\/portal\/?s={search_term_string}"},"query-input":{"@type":"PropertyValueSpecification","valueRequired":true,"valueName":"search_term_string"}}],"inLanguage":"pt-BR"},{"@type":"Person","@id":"https:\/\/aconteceunovale.com.br\/portal\/#\/schema\/person\/633529146f2c94272bef50ac2953d589","name":"Aconteceu no Vale","description":"Equipe de reportagem do Aconteceu no Vale, portal de not\u00edcias do Vale do Jequitinhonha, em Minas Gerais. Cobrimos as 51 cidades do Vale desde 2013. Sugest\u00f5es de pauta e pedidos de corre\u00e7\u00e3o: contato@aconteceunovale.com.br","sameAs":["http:\/\/www.aconteceunovale.com.br"],"url":"https:\/\/aconteceunovale.com.br\/portal\/?author=1"}]}},"_links":{"self":[{"href":"https:\/\/aconteceunovale.com.br\/portal\/index.php?rest_route=\/wp\/v2\/posts\/166945","targetHints":{"allow":["GET"]}}],"collection":[{"href":"https:\/\/aconteceunovale.com.br\/portal\/index.php?rest_route=\/wp\/v2\/posts"}],"about":[{"href":"https:\/\/aconteceunovale.com.br\/portal\/index.php?rest_route=\/wp\/v2\/types\/post"}],"author":[{"embeddable":true,"href":"https:\/\/aconteceunovale.com.br\/portal\/index.php?rest_route=\/wp\/v2\/users\/1"}],"replies":[{"embeddable":true,"href":"https:\/\/aconteceunovale.com.br\/portal\/index.php?rest_route=%2Fwp%2Fv2%2Fcomments&post=166945"}],"version-history":[{"count":1,"href":"https:\/\/aconteceunovale.com.br\/portal\/index.php?rest_route=\/wp\/v2\/posts\/166945\/revisions"}],"predecessor-version":[{"id":166947,"href":"https:\/\/aconteceunovale.com.br\/portal\/index.php?rest_route=\/wp\/v2\/posts\/166945\/revisions\/166947"}],"wp:featuredmedia":[{"embeddable":true,"href":"https:\/\/aconteceunovale.com.br\/portal\/index.php?rest_route=\/wp\/v2\/media\/166946"}],"wp:attachment":[{"href":"https:\/\/aconteceunovale.com.br\/portal\/index.php?rest_route=%2Fwp%2Fv2%2Fmedia&parent=166945"}],"wp:term":[{"taxonomy":"category","embeddable":true,"href":"https:\/\/aconteceunovale.com.br\/portal\/index.php?rest_route=%2Fwp%2Fv2%2Fcategories&post=166945"},{"taxonomy":"post_tag","embeddable":true,"href":"https:\/\/aconteceunovale.com.br\/portal\/index.php?rest_route=%2Fwp%2Fv2%2Ftags&post=166945"}],"curies":[{"name":"wp","href":"https:\/\/api.w.org\/{rel}","templated":true}]}}