{"id":166943,"date":"2020-08-05T15:38:59","date_gmt":"2020-08-05T18:38:59","guid":{"rendered":"https:\/\/aconteceunovale.com.br\/portal\/?p=166943"},"modified":"2020-08-05T15:39:39","modified_gmt":"2020-08-05T18:39:39","slug":"jair-bolsonaro-diz-a-embaixador-que-brasil-vai-ajudar-o-povo-libanes","status":"publish","type":"post","link":"https:\/\/aconteceunovale.com.br\/portal\/?p=166943","title":{"rendered":"Jair Bolsonaro diz a embaixador que Brasil vai ajudar o povo liban\u00eas"},"content":{"rendered":"\n<p class=\"wp-block-paragraph\">O presidente Jair Bolsonaro disse hoje (5\/8\/2020) que contatou o embaixador do L\u00edbano no Brasil, Joseph Sayah, para manifestar sua solidariedade ao povo liban\u00eas. Segundo o presidente, o Brasil far\u00e1 \u201calgo de concreto\u201d para ajudar a popula\u00e7\u00e3o daquele pa\u00eds, ap\u00f3s a\u00a0explos\u00e3o ocorrida no porto da capital Beirute.<\/p>\n\n\n\n<p class=\"wp-block-paragraph\">Ao lembrar que h\u00e1 no Brasil mais de 5 milh\u00f5es de libaneses, Bolsonaro disse ter feito contato Sayah para dizer que o Brasil \u201cvai fazer mais do que um gesto&#8221; em favor do povo liban\u00eas. &#8220;Faremos algo de concreto para atender em parte aquelas dezenas de milhares de pessoas que est\u00e3o em situa\u00e7\u00e3o complicada porque al\u00e9m de feridas tiveram resid\u00eancias atingidas\u201d, declarou o presidente durante a solenidade de assinatura da designa\u00e7\u00e3o da Eletronorte como agente executor do Programa Mais Luz para Amaz\u00f4nia, no estado do Amap\u00e1.<\/p>\n\n\n\n<p class=\"wp-block-paragraph\">\u201cO Brasil est\u00e1 solid\u00e1rio e manifestamos esse sentimento ao povo liban\u00eas. Estaremos presentes nessa ajuda \u00e0quele povo que tem alguns milh\u00f5es de seus dentro do nosso pa\u00eds\u201d, acrescentou.<\/p>\n\n\n\n<h2 class=\"wp-block-heading\">Bloqueio de perfis<\/h2>\n\n\n\n<p class=\"wp-block-paragraph\">Em seu discurso, Bolsonaro disse que a chegada de energia el\u00e9trica em regi\u00f5es remotas beneficiar\u00e1 mais de 300 mil pessoas e ajudar\u00e1 na integra\u00e7\u00e3o da regi\u00e3o Amaz\u00f4nica.&nbsp;<\/p>\n\n\n\n<p class=\"wp-block-paragraph\">O presidente voltou a defender a liberdade das redes sociais. \u201cAtr\u00e1s disso [a chegada da energia el\u00e9trica na regi\u00e3o] vem a internet e as redes sociais, que t\u00eam de ser livres, apesar de cometer seus exageros\u201d, disse o presidente.<\/p>\n\n\n\n<p class=\"wp-block-paragraph\">Na semana passada, o\u00a0ministro do Supremo Tribunal Federal (STF) Alexandre de Moraes determinou o bloqueio de perfis de usu\u00e1rios\u00a0investigados pela Corte pela suposta divulga\u00e7\u00e3o de not\u00edcias falsas (fake news) e amea\u00e7as aos ministros.<\/p>\n\n\n\n<p class=\"wp-block-paragraph\">Entre os usu\u00e1rios que tiveram as contas suspensas est\u00e3o os jornalistas Allan dos Santos e Bernardo Kuster, os empres\u00e1rios Edgar Corona e Luciano Hang, o ex-deputado Roberto Jefferson e a ativista Sara Winter.&nbsp;<\/p>\n\n\n\n<p class=\"wp-block-paragraph\">Segundo Moraes, a conduta dos investigados extrapola a liberdade de express\u00e3o e que o bloqueio \u00e9 necess\u00e1rio para \u201cinterrup\u00e7\u00e3o dos discursos com conte\u00fado de \u00f3dio, subvers\u00e3o da ordem e incentivo \u00e0 quebra da normalidade institucional e democr\u00e1tica\u201d.<\/p>\n\n\n\n<p class=\"has-background has-very-light-gray-background-color wp-block-paragraph\">Quer saber as not\u00edcias do <strong>Aconteceu no Vale<\/strong> em primeira m\u00e3o? Siga-nos no Facebook <a rel=\"noreferrer noopener\" href=\"http:\/\/facebook.com\/aconteceunovale\" target=\"_blank\">@aconteceunovale<\/a>, Twitter <a rel=\"noreferrer noopener\" href=\"https:\/\/twitter.com\/noticiadosvales\" target=\"_blank\">@noticiadosvales<\/a> e Instagram <a rel=\"noreferrer noopener\" href=\"https:\/\/www.instagram.com\/aconteceunovale\" target=\"_blank\">@aconteceunovale<\/a>.<\/p>\n","protected":false},"excerpt":{"rendered":"<p>O presidente Jair Bolsonaro disse hoje (5\/8\/2020) que contatou o embaixador do L\u00edbano no Brasil, Joseph Sayah, para manifestar sua solidariedade ao povo liban\u00eas. Segundo o presidente, o Brasil far\u00e1 \u201calgo de concreto\u201d para ajudar a popula\u00e7\u00e3o daquele pa\u00eds, ap\u00f3s a\u00a0explos\u00e3o ocorrida no porto da capital Beirute. Ao lembrar que h\u00e1 no Brasil mais de [&hellip;]<\/p>\n","protected":false},"author":1,"featured_media":165092,"comment_status":"open","ping_status":"closed","sticky":false,"template":"","format":"standard","meta":{"amp_status":"","footnotes":""},"categories":[6,28848,40240],"tags":[100375,226815,226823,226813,226824,226817,226818,226821,226816,226814,226822,226812,226820,43552,226811,226819,26436,226852,226856,94394,205979],"class_list":["post-166943","post","type-post","status-publish","format-standard","has-post-thumbnail","hentry","category-br","category-mundo","category-politica","tag-bolsonaro","tag-brasileiros-em-beirute","tag-brasileiros-no-libano","tag-explosao-em-beirute","tag-explosao-em-porto-do-libano","tag-explosao-na-regiao-portuaria-de-beirute","tag-explosao-na-zona-portuaria-de-beirute","tag-explosao-no-libano","tag-explosao-no-porto-de-beirute","tag-forte-explosao-em-beirute","tag-forte-explosao-no-libano","tag-grande-explosao-em-beirute","tag-grande-explosao-no-libano","tag-itamaraty","tag-itamaraty-acompanha-situacao-de-brasileiros-em-beirute","tag-itamaraty-acompanha-situacao-de-brasileiros-no-libano","tag-jair-bolsonaro","tag-jair-bolsonaro-manifesta-solidariedade-as-vitimas-de-explosao-em-beirute","tag-libano-lida-com-devastacao-feita-por-explosoes-em-regiao-portuaria","tag-ministerio-das-relacoes-exteriores","tag-presidente-do-brasil"],"yoast_head":"<!-- This site is optimized with the Yoast SEO plugin v28.3 - https:\/\/yoast.com\/product\/yoast-seo-wordpress\/ -->\n<title>Jair Bolsonaro diz a embaixador que Brasil vai ajudar o povo liban\u00eas - Aconteceu no Vale<\/title>\n<meta name=\"robots\" content=\"index, follow, max-snippet:-1, max-image-preview:large, max-video-preview:-1\" \/>\n<link rel=\"canonical\" href=\"https:\/\/aconteceunovale.com.br\/portal\/?p=166943\" \/>\n<meta property=\"og:locale\" content=\"pt_BR\" \/>\n<meta property=\"og:type\" content=\"article\" \/>\n<meta property=\"og:title\" content=\"Jair Bolsonaro diz a embaixador que Brasil vai ajudar o povo liban\u00eas - Aconteceu no Vale\" \/>\n<meta property=\"og:description\" content=\"O presidente Jair Bolsonaro disse hoje (5\/8\/2020) que contatou o embaixador do L\u00edbano no Brasil, Joseph Sayah, para manifestar sua solidariedade ao povo liban\u00eas. Segundo o presidente, o Brasil far\u00e1 \u201calgo de concreto\u201d para ajudar a popula\u00e7\u00e3o daquele pa\u00eds, ap\u00f3s a\u00a0explos\u00e3o ocorrida no porto da capital Beirute. Ao lembrar que h\u00e1 no Brasil mais de [&hellip;]\" \/>\n<meta property=\"og:url\" content=\"https:\/\/aconteceunovale.com.br\/portal\/?p=166943\" \/>\n<meta property=\"og:site_name\" content=\"Aconteceu no Vale\" \/>\n<meta property=\"article:publisher\" content=\"https:\/\/www.facebook.com\/aconteceunovale\/\" \/>\n<meta property=\"article:published_time\" content=\"2020-08-05T18:38:59+00:00\" \/>\n<meta property=\"article:modified_time\" content=\"2020-08-05T18:39:39+00:00\" \/>\n<meta property=\"og:image\" content=\"https:\/\/aconteceunovale.com.br\/portal\/wp-content\/uploads\/2020\/07\/bolsonaro_mascara.jpg\" \/>\n\t<meta property=\"og:image:width\" content=\"678\" \/>\n\t<meta property=\"og:image:height\" content=\"406\" \/>\n\t<meta property=\"og:image:type\" content=\"image\/jpeg\" \/>\n<meta name=\"author\" content=\"Aconteceu no Vale\" \/>\n<meta name=\"twitter:card\" content=\"summary_large_image\" \/>\n<meta name=\"twitter:creator\" content=\"@noticiadosvales\" \/>\n<meta name=\"twitter:site\" content=\"@noticiadosvales\" \/>\n<meta name=\"twitter:label1\" content=\"Escrito por\" \/>\n\t<meta name=\"twitter:data1\" content=\"Aconteceu no Vale\" \/>\n\t<meta name=\"twitter:label2\" content=\"Est. tempo de leitura\" \/>\n\t<meta name=\"twitter:data2\" content=\"2 minutos\" \/>\n<script type=\"application\/ld+json\" class=\"yoast-schema-graph\">{\"@context\":\"https:\\\/\\\/schema.org\",\"@graph\":[{\"@type\":\"Article\",\"@id\":\"https:\\\/\\\/aconteceunovale.com.br\\\/portal\\\/?p=166943#article\",\"isPartOf\":{\"@id\":\"https:\\\/\\\/aconteceunovale.com.br\\\/portal\\\/?p=166943\"},\"author\":{\"name\":\"Aconteceu no Vale\",\"@id\":\"https:\\\/\\\/aconteceunovale.com.br\\\/portal\\\/#\\\/schema\\\/person\\\/633529146f2c94272bef50ac2953d589\"},\"headline\":\"Jair Bolsonaro diz a embaixador que Brasil vai ajudar o povo liban\u00eas\",\"datePublished\":\"2020-08-05T18:38:59+00:00\",\"dateModified\":\"2020-08-05T18:39:39+00:00\",\"mainEntityOfPage\":{\"@id\":\"https:\\\/\\\/aconteceunovale.com.br\\\/portal\\\/?p=166943\"},\"wordCount\":408,\"commentCount\":0,\"image\":{\"@id\":\"https:\\\/\\\/aconteceunovale.com.br\\\/portal\\\/?p=166943#primaryimage\"},\"thumbnailUrl\":\"https:\\\/\\\/aconteceunovale.com.br\\\/portal\\\/wp-content\\\/uploads\\\/2020\\\/07\\\/bolsonaro_mascara.jpg\",\"keywords\":[\"Bolsonaro\",\"Brasileiros em Beirute\",\"Brasileiros no L\u00edbano\",\"Explos\u00e3o em Beirute\",\"Explos\u00e3o em porto do L\u00edbano\",\"Explos\u00e3o na regi\u00e3o portu\u00e1ria de Beirute\",\"Explos\u00e3o na zona portu\u00e1ria de Beirute\",\"Explos\u00e3o no L\u00edbano\",\"Explos\u00e3o no porto de Beirute\",\"Forte explos\u00e3o em Beirute\",\"Forte explos\u00e3o no L\u00edbano\",\"Grande explos\u00e3o em Beirute\",\"Grande explos\u00e3o no L\u00edbano\",\"Itamaraty\",\"Itamaraty acompanha situa\u00e7\u00e3o de brasileiros em Beirute\",\"Itamaraty acompanha situa\u00e7\u00e3o de brasileiros no L\u00edbano\",\"Jair Bolsonaro\",\"Jair Bolsonaro manifesta solidariedade \u00e0s v\u00edtimas de explos\u00e3o em Beirute\",\"L\u00edbano lida com devasta\u00e7\u00e3o feita por explos\u00f5es em regi\u00e3o portu\u00e1ria\",\"Minist\u00e9rio das Rela\u00e7\u00f5es Exteriores\",\"Presidente do Brasil\"],\"articleSection\":[\"Brasil\",\"Mundo\",\"Pol\u00edtica\"],\"inLanguage\":\"pt-BR\",\"potentialAction\":[{\"@type\":\"CommentAction\",\"name\":\"Comment\",\"target\":[\"https:\\\/\\\/aconteceunovale.com.br\\\/portal\\\/?p=166943#respond\"]}]},{\"@type\":\"WebPage\",\"@id\":\"https:\\\/\\\/aconteceunovale.com.br\\\/portal\\\/?p=166943\",\"url\":\"https:\\\/\\\/aconteceunovale.com.br\\\/portal\\\/?p=166943\",\"name\":\"Jair Bolsonaro diz a embaixador que Brasil vai ajudar o povo liban\u00eas - Aconteceu no Vale\",\"isPartOf\":{\"@id\":\"https:\\\/\\\/aconteceunovale.com.br\\\/portal\\\/#website\"},\"primaryImageOfPage\":{\"@id\":\"https:\\\/\\\/aconteceunovale.com.br\\\/portal\\\/?p=166943#primaryimage\"},\"image\":{\"@id\":\"https:\\\/\\\/aconteceunovale.com.br\\\/portal\\\/?p=166943#primaryimage\"},\"thumbnailUrl\":\"https:\\\/\\\/aconteceunovale.com.br\\\/portal\\\/wp-content\\\/uploads\\\/2020\\\/07\\\/bolsonaro_mascara.jpg\",\"datePublished\":\"2020-08-05T18:38:59+00:00\",\"dateModified\":\"2020-08-05T18:39:39+00:00\",\"author\":{\"@id\":\"https:\\\/\\\/aconteceunovale.com.br\\\/portal\\\/#\\\/schema\\\/person\\\/633529146f2c94272bef50ac2953d589\"},\"breadcrumb\":{\"@id\":\"https:\\\/\\\/aconteceunovale.com.br\\\/portal\\\/?p=166943#breadcrumb\"},\"inLanguage\":\"pt-BR\",\"potentialAction\":[{\"@type\":\"ReadAction\",\"target\":[\"https:\\\/\\\/aconteceunovale.com.br\\\/portal\\\/?p=166943\"]}]},{\"@type\":\"ImageObject\",\"inLanguage\":\"pt-BR\",\"@id\":\"https:\\\/\\\/aconteceunovale.com.br\\\/portal\\\/?p=166943#primaryimage\",\"url\":\"https:\\\/\\\/aconteceunovale.com.br\\\/portal\\\/wp-content\\\/uploads\\\/2020\\\/07\\\/bolsonaro_mascara.jpg\",\"contentUrl\":\"https:\\\/\\\/aconteceunovale.com.br\\\/portal\\\/wp-content\\\/uploads\\\/2020\\\/07\\\/bolsonaro_mascara.jpg\",\"width\":678,\"height\":406,\"caption\":\"O presidente Jair Bolsonaro, fala \u00e0 imprensa no Pal\u00e1cio da Alvorada\"},{\"@type\":\"BreadcrumbList\",\"@id\":\"https:\\\/\\\/aconteceunovale.com.br\\\/portal\\\/?p=166943#breadcrumb\",\"itemListElement\":[{\"@type\":\"ListItem\",\"position\":1,\"name\":\"In\u00edcio\",\"item\":\"https:\\\/\\\/aconteceunovale.com.br\\\/portal\\\/\"},{\"@type\":\"ListItem\",\"position\":2,\"name\":\"Jair Bolsonaro diz a embaixador que Brasil vai ajudar o povo liban\u00eas\"}]},{\"@type\":\"WebSite\",\"@id\":\"https:\\\/\\\/aconteceunovale.com.br\\\/portal\\\/#website\",\"url\":\"https:\\\/\\\/aconteceunovale.com.br\\\/portal\\\/\",\"name\":\"Aconteceu no Vale\",\"description\":\"Portal de Not\u00edcias\",\"potentialAction\":[{\"@type\":\"SearchAction\",\"target\":{\"@type\":\"EntryPoint\",\"urlTemplate\":\"https:\\\/\\\/aconteceunovale.com.br\\\/portal\\\/?s={search_term_string}\"},\"query-input\":{\"@type\":\"PropertyValueSpecification\",\"valueRequired\":true,\"valueName\":\"search_term_string\"}}],\"inLanguage\":\"pt-BR\"},{\"@type\":\"Person\",\"@id\":\"https:\\\/\\\/aconteceunovale.com.br\\\/portal\\\/#\\\/schema\\\/person\\\/633529146f2c94272bef50ac2953d589\",\"name\":\"Aconteceu no Vale\",\"description\":\"Equipe de reportagem do Aconteceu no Vale, portal de not\u00edcias do Vale do Jequitinhonha, em Minas Gerais. Cobrimos as 51 cidades do Vale desde 2013. Sugest\u00f5es de pauta e pedidos de corre\u00e7\u00e3o: contato@aconteceunovale.com.br\",\"sameAs\":[\"http:\\\/\\\/www.aconteceunovale.com.br\"],\"url\":\"https:\\\/\\\/aconteceunovale.com.br\\\/portal\\\/?author=1\"}]}<\/script>\n<!-- \/ Yoast SEO plugin. -->","yoast_head_json":{"title":"Jair Bolsonaro diz a embaixador que Brasil vai ajudar o povo liban\u00eas - Aconteceu no Vale","robots":{"index":"index","follow":"follow","max-snippet":"max-snippet:-1","max-image-preview":"max-image-preview:large","max-video-preview":"max-video-preview:-1"},"canonical":"https:\/\/aconteceunovale.com.br\/portal\/?p=166943","og_locale":"pt_BR","og_type":"article","og_title":"Jair Bolsonaro diz a embaixador que Brasil vai ajudar o povo liban\u00eas - Aconteceu no Vale","og_description":"O presidente Jair Bolsonaro disse hoje (5\/8\/2020) que contatou o embaixador do L\u00edbano no Brasil, Joseph Sayah, para manifestar sua solidariedade ao povo liban\u00eas. Segundo o presidente, o Brasil far\u00e1 \u201calgo de concreto\u201d para ajudar a popula\u00e7\u00e3o daquele pa\u00eds, ap\u00f3s a\u00a0explos\u00e3o ocorrida no porto da capital Beirute. Ao lembrar que h\u00e1 no Brasil mais de [&hellip;]","og_url":"https:\/\/aconteceunovale.com.br\/portal\/?p=166943","og_site_name":"Aconteceu no Vale","article_publisher":"https:\/\/www.facebook.com\/aconteceunovale\/","article_published_time":"2020-08-05T18:38:59+00:00","article_modified_time":"2020-08-05T18:39:39+00:00","og_image":[{"width":678,"height":406,"url":"https:\/\/aconteceunovale.com.br\/portal\/wp-content\/uploads\/2020\/07\/bolsonaro_mascara.jpg","type":"image\/jpeg"}],"author":"Aconteceu no Vale","twitter_card":"summary_large_image","twitter_creator":"@noticiadosvales","twitter_site":"@noticiadosvales","twitter_misc":{"Escrito por":"Aconteceu no Vale","Est. tempo de leitura":"2 minutos"},"schema":{"@context":"https:\/\/schema.org","@graph":[{"@type":"Article","@id":"https:\/\/aconteceunovale.com.br\/portal\/?p=166943#article","isPartOf":{"@id":"https:\/\/aconteceunovale.com.br\/portal\/?p=166943"},"author":{"name":"Aconteceu no Vale","@id":"https:\/\/aconteceunovale.com.br\/portal\/#\/schema\/person\/633529146f2c94272bef50ac2953d589"},"headline":"Jair Bolsonaro diz a embaixador que Brasil vai ajudar o povo liban\u00eas","datePublished":"2020-08-05T18:38:59+00:00","dateModified":"2020-08-05T18:39:39+00:00","mainEntityOfPage":{"@id":"https:\/\/aconteceunovale.com.br\/portal\/?p=166943"},"wordCount":408,"commentCount":0,"image":{"@id":"https:\/\/aconteceunovale.com.br\/portal\/?p=166943#primaryimage"},"thumbnailUrl":"https:\/\/aconteceunovale.com.br\/portal\/wp-content\/uploads\/2020\/07\/bolsonaro_mascara.jpg","keywords":["Bolsonaro","Brasileiros em Beirute","Brasileiros no L\u00edbano","Explos\u00e3o em Beirute","Explos\u00e3o em porto do L\u00edbano","Explos\u00e3o na regi\u00e3o portu\u00e1ria de Beirute","Explos\u00e3o na zona portu\u00e1ria de Beirute","Explos\u00e3o no L\u00edbano","Explos\u00e3o no porto de Beirute","Forte explos\u00e3o em Beirute","Forte explos\u00e3o no L\u00edbano","Grande explos\u00e3o em Beirute","Grande explos\u00e3o no L\u00edbano","Itamaraty","Itamaraty acompanha situa\u00e7\u00e3o de brasileiros em Beirute","Itamaraty acompanha situa\u00e7\u00e3o de brasileiros no L\u00edbano","Jair Bolsonaro","Jair Bolsonaro manifesta solidariedade \u00e0s v\u00edtimas de explos\u00e3o em Beirute","L\u00edbano lida com devasta\u00e7\u00e3o feita por explos\u00f5es em regi\u00e3o portu\u00e1ria","Minist\u00e9rio das Rela\u00e7\u00f5es Exteriores","Presidente do Brasil"],"articleSection":["Brasil","Mundo","Pol\u00edtica"],"inLanguage":"pt-BR","potentialAction":[{"@type":"CommentAction","name":"Comment","target":["https:\/\/aconteceunovale.com.br\/portal\/?p=166943#respond"]}]},{"@type":"WebPage","@id":"https:\/\/aconteceunovale.com.br\/portal\/?p=166943","url":"https:\/\/aconteceunovale.com.br\/portal\/?p=166943","name":"Jair Bolsonaro diz a embaixador que Brasil vai ajudar o povo liban\u00eas - Aconteceu no Vale","isPartOf":{"@id":"https:\/\/aconteceunovale.com.br\/portal\/#website"},"primaryImageOfPage":{"@id":"https:\/\/aconteceunovale.com.br\/portal\/?p=166943#primaryimage"},"image":{"@id":"https:\/\/aconteceunovale.com.br\/portal\/?p=166943#primaryimage"},"thumbnailUrl":"https:\/\/aconteceunovale.com.br\/portal\/wp-content\/uploads\/2020\/07\/bolsonaro_mascara.jpg","datePublished":"2020-08-05T18:38:59+00:00","dateModified":"2020-08-05T18:39:39+00:00","author":{"@id":"https:\/\/aconteceunovale.com.br\/portal\/#\/schema\/person\/633529146f2c94272bef50ac2953d589"},"breadcrumb":{"@id":"https:\/\/aconteceunovale.com.br\/portal\/?p=166943#breadcrumb"},"inLanguage":"pt-BR","potentialAction":[{"@type":"ReadAction","target":["https:\/\/aconteceunovale.com.br\/portal\/?p=166943"]}]},{"@type":"ImageObject","inLanguage":"pt-BR","@id":"https:\/\/aconteceunovale.com.br\/portal\/?p=166943#primaryimage","url":"https:\/\/aconteceunovale.com.br\/portal\/wp-content\/uploads\/2020\/07\/bolsonaro_mascara.jpg","contentUrl":"https:\/\/aconteceunovale.com.br\/portal\/wp-content\/uploads\/2020\/07\/bolsonaro_mascara.jpg","width":678,"height":406,"caption":"O presidente Jair Bolsonaro, fala \u00e0 imprensa no Pal\u00e1cio da Alvorada"},{"@type":"BreadcrumbList","@id":"https:\/\/aconteceunovale.com.br\/portal\/?p=166943#breadcrumb","itemListElement":[{"@type":"ListItem","position":1,"name":"In\u00edcio","item":"https:\/\/aconteceunovale.com.br\/portal\/"},{"@type":"ListItem","position":2,"name":"Jair Bolsonaro diz a embaixador que Brasil vai ajudar o povo liban\u00eas"}]},{"@type":"WebSite","@id":"https:\/\/aconteceunovale.com.br\/portal\/#website","url":"https:\/\/aconteceunovale.com.br\/portal\/","name":"Aconteceu no Vale","description":"Portal de Not\u00edcias","potentialAction":[{"@type":"SearchAction","target":{"@type":"EntryPoint","urlTemplate":"https:\/\/aconteceunovale.com.br\/portal\/?s={search_term_string}"},"query-input":{"@type":"PropertyValueSpecification","valueRequired":true,"valueName":"search_term_string"}}],"inLanguage":"pt-BR"},{"@type":"Person","@id":"https:\/\/aconteceunovale.com.br\/portal\/#\/schema\/person\/633529146f2c94272bef50ac2953d589","name":"Aconteceu no Vale","description":"Equipe de reportagem do Aconteceu no Vale, portal de not\u00edcias do Vale do Jequitinhonha, em Minas Gerais. Cobrimos as 51 cidades do Vale desde 2013. Sugest\u00f5es de pauta e pedidos de corre\u00e7\u00e3o: contato@aconteceunovale.com.br","sameAs":["http:\/\/www.aconteceunovale.com.br"],"url":"https:\/\/aconteceunovale.com.br\/portal\/?author=1"}]}},"_links":{"self":[{"href":"https:\/\/aconteceunovale.com.br\/portal\/index.php?rest_route=\/wp\/v2\/posts\/166943","targetHints":{"allow":["GET"]}}],"collection":[{"href":"https:\/\/aconteceunovale.com.br\/portal\/index.php?rest_route=\/wp\/v2\/posts"}],"about":[{"href":"https:\/\/aconteceunovale.com.br\/portal\/index.php?rest_route=\/wp\/v2\/types\/post"}],"author":[{"embeddable":true,"href":"https:\/\/aconteceunovale.com.br\/portal\/index.php?rest_route=\/wp\/v2\/users\/1"}],"replies":[{"embeddable":true,"href":"https:\/\/aconteceunovale.com.br\/portal\/index.php?rest_route=%2Fwp%2Fv2%2Fcomments&post=166943"}],"version-history":[{"count":1,"href":"https:\/\/aconteceunovale.com.br\/portal\/index.php?rest_route=\/wp\/v2\/posts\/166943\/revisions"}],"predecessor-version":[{"id":166944,"href":"https:\/\/aconteceunovale.com.br\/portal\/index.php?rest_route=\/wp\/v2\/posts\/166943\/revisions\/166944"}],"wp:featuredmedia":[{"embeddable":true,"href":"https:\/\/aconteceunovale.com.br\/portal\/index.php?rest_route=\/wp\/v2\/media\/165092"}],"wp:attachment":[{"href":"https:\/\/aconteceunovale.com.br\/portal\/index.php?rest_route=%2Fwp%2Fv2%2Fmedia&parent=166943"}],"wp:term":[{"taxonomy":"category","embeddable":true,"href":"https:\/\/aconteceunovale.com.br\/portal\/index.php?rest_route=%2Fwp%2Fv2%2Fcategories&post=166943"},{"taxonomy":"post_tag","embeddable":true,"href":"https:\/\/aconteceunovale.com.br\/portal\/index.php?rest_route=%2Fwp%2Fv2%2Ftags&post=166943"}],"curies":[{"name":"wp","href":"https:\/\/api.w.org\/{rel}","templated":true}]}}