{"id":166940,"date":"2020-08-05T15:32:57","date_gmt":"2020-08-05T18:32:57","guid":{"rendered":"https:\/\/aconteceunovale.com.br\/portal\/?p=166940"},"modified":"2020-08-05T15:33:25","modified_gmt":"2020-08-05T18:33:25","slug":"justica-bloqueia-r-113-milhoes-de-geraldo-alckmin-em-inquerito-sobre-caixa-2","status":"publish","type":"post","link":"https:\/\/aconteceunovale.com.br\/portal\/?p=166940","title":{"rendered":"Justi\u00e7a bloqueia R$ 11,3 milh\u00f5es de Geraldo Alckmin em inqu\u00e9rito sobre caixa 2"},"content":{"rendered":"\n<p>A justi\u00e7a eleitoral determinou, em S\u00e3o Paulo, o bloqueio dos bens do ex-governador Geraldo Alckmin e mais dois acusados em um processo sobre doa\u00e7\u00f5es ilegais de campanha. O juiz eleitoral Marco Antonio Martin Vargas determinou o sequestro de valores em contas banc\u00e1rias e im\u00f3veis no valor de R$ 11,3 milh\u00f5es.<\/p>\n\n\n\n<p>O montante corresponde ao que o Grupo Odebrecht repassou, segundo as investiga\u00e7\u00f5es, ilegalmente \u00e0s campanhas eleitorais de Alckmin em 2010 e 2014. De acordo com o inqu\u00e9rito da Pol\u00edcia Federal, as informa\u00e7\u00f5es foram repassadas por executivos do grupo empresarial em acordos de dela\u00e7\u00e3o premiada e depois confirmadas com apreens\u00e3o dos registros dos sistemas de comunica\u00e7\u00e3o interna da empresa.<\/p>\n\n\n\n<p>Extratos banc\u00e1rios que constam no processo indicam que, entre abril e outubro de 2014, o grupo repassou ilegalmente R$ 9,3 milh\u00f5es para as campanhas de Alckmin em onze pagamentos, atrav\u00e9s de um esquema que envolveu doleiros e empresas&nbsp;<em>offshore<\/em>. Em 2010, o ex-governador recebeu, ainda segundo a investiga\u00e7\u00e3o, R$ 2 milh\u00f5es, tamb\u00e9m fora da contabilidade oficial de campanha, o que configura o chamado caixa 2.<\/p>\n\n\n\n<p>Na Justi\u00e7a, Alckmin responde por corrup\u00e7\u00e3o passiva, falsidade ideol\u00f3gica eleitoral e lavagem de dinheiro.<\/p>\n\n\n\n<figure class=\"wp-block-gallery columns-1 is-cropped wp-block-gallery-1 is-layout-flex wp-block-gallery-is-layout-flex\"><ul class=\"blocks-gallery-grid\"><li class=\"blocks-gallery-item\"><figure><img loading=\"lazy\" decoding=\"async\" width=\"678\" height=\"406\" src=\"https:\/\/aconteceunovale.com.br\/portal\/wp-content\/uploads\/2020\/08\/alckmin.jpg\" alt=\"\" data-id=\"166941\" data-full-url=\"https:\/\/aconteceunovale.com.br\/portal\/wp-content\/uploads\/2020\/08\/alckmin.jpg\" data-link=\"https:\/\/aconteceunovale.com.br\/portal\/?attachment_id=166941\" class=\"wp-image-166941\" srcset=\"https:\/\/aconteceunovale.com.br\/portal\/wp-content\/uploads\/2020\/08\/alckmin.jpg 678w, https:\/\/aconteceunovale.com.br\/portal\/wp-content\/uploads\/2020\/08\/alckmin-300x180.jpg 300w\" sizes=\"auto, (max-width: 678px) 100vw, 678px\" \/><figcaption class=\"blocks-gallery-item__caption\"><em>Foto: Valter Campanato \/ Ag\u00eancia Brasil<\/em><\/figcaption><\/figure><\/li><\/ul><\/figure>\n\n\n\n<h2 class=\"wp-block-heading\">Outro lado<\/h2>\n\n\n\n<p>A defesa de Alckmin disse, por meio de nota, que o ex-governador \u201c\u00e9 detentor de patrim\u00f4nio modesto\u201d e n\u00e3o tem bens no valor de R$ 11,3 milh\u00f5es. \u201cIsso serve para demonstrar a falta de amparo das acusa\u00e7\u00f5es contra ele apresentadas e que t\u00eam servido apenas para a promo\u00e7\u00e3o de notici\u00e1rio prejudicial \u00e0 sua reconhecida dignidade e honradez como homem p\u00fablico\u201d, acrescenta o comunicado assinado pelos advogados Jos\u00e9 Eduardo Rangel de Alckmin, Ver\u00f4nica Sterman e Marcelo Martins de Oliveira.<\/p>\n\n\n\n<p class=\"has-background has-very-light-gray-background-color\">Quer saber as not\u00edcias do <strong>Aconteceu no Vale<\/strong> em primeira m\u00e3o? Siga-nos no Facebook <a rel=\"noreferrer noopener\" href=\"http:\/\/facebook.com\/aconteceunovale\" target=\"_blank\">@aconteceunovale<\/a>, Twitter <a rel=\"noreferrer noopener\" href=\"https:\/\/twitter.com\/noticiadosvales\" target=\"_blank\">@noticiadosvales<\/a> e Instagram <a rel=\"noreferrer noopener\" href=\"https:\/\/www.instagram.com\/aconteceunovale\" target=\"_blank\">@aconteceunovale<\/a>.<\/p>\n","protected":false},"excerpt":{"rendered":"<p>A justi\u00e7a eleitoral determinou, em S\u00e3o Paulo, o bloqueio dos bens do ex-governador Geraldo Alckmin e mais dois acusados em um processo sobre doa\u00e7\u00f5es ilegais de campanha. O juiz eleitoral Marco Antonio Martin Vargas determinou o sequestro de valores em contas banc\u00e1rias e im\u00f3veis no valor de R$ 11,3 milh\u00f5es. O montante corresponde ao que [&hellip;]<\/p>\n","protected":false},"author":1,"featured_media":166941,"comment_status":"open","ping_status":"closed","sticky":false,"template":"","format":"standard","meta":{"amp_status":"","footnotes":""},"categories":[6,40240],"tags":[225513,14372,225518,225517,225515,225512,225514,225516,772],"class_list":["post-166940","post","type-post","status-publish","format-standard","has-post-thumbnail","hentry","category-br","category-politica-2","tag-corrupcao-de-geraldo-alckmin","tag-geraldo-alckmin","tag-geraldo-alckmin-e-indiciado-pela-pf","tag-geraldo-alckmin-e-indiciado-por-suspeita-de-corrupcao-e-lavagem-de-dinheiro","tag-geraldo-alckmin-falsidade-ideologica-eleitoral","tag-indiciamento-de-geraldo-alckmin","tag-lavagem-de-dinheiro-geraldo-alckmin","tag-operacao-contra-geraldo-alckmin","tag-policia-federal"],"_links":{"self":[{"href":"https:\/\/aconteceunovale.com.br\/portal\/index.php?rest_route=\/wp\/v2\/posts\/166940","targetHints":{"allow":["GET"]}}],"collection":[{"href":"https:\/\/aconteceunovale.com.br\/portal\/index.php?rest_route=\/wp\/v2\/posts"}],"about":[{"href":"https:\/\/aconteceunovale.com.br\/portal\/index.php?rest_route=\/wp\/v2\/types\/post"}],"author":[{"embeddable":true,"href":"https:\/\/aconteceunovale.com.br\/portal\/index.php?rest_route=\/wp\/v2\/users\/1"}],"replies":[{"embeddable":true,"href":"https:\/\/aconteceunovale.com.br\/portal\/index.php?rest_route=%2Fwp%2Fv2%2Fcomments&post=166940"}],"version-history":[{"count":1,"href":"https:\/\/aconteceunovale.com.br\/portal\/index.php?rest_route=\/wp\/v2\/posts\/166940\/revisions"}],"predecessor-version":[{"id":166942,"href":"https:\/\/aconteceunovale.com.br\/portal\/index.php?rest_route=\/wp\/v2\/posts\/166940\/revisions\/166942"}],"wp:featuredmedia":[{"embeddable":true,"href":"https:\/\/aconteceunovale.com.br\/portal\/index.php?rest_route=\/wp\/v2\/media\/166941"}],"wp:attachment":[{"href":"https:\/\/aconteceunovale.com.br\/portal\/index.php?rest_route=%2Fwp%2Fv2%2Fmedia&parent=166940"}],"wp:term":[{"taxonomy":"category","embeddable":true,"href":"https:\/\/aconteceunovale.com.br\/portal\/index.php?rest_route=%2Fwp%2Fv2%2Fcategories&post=166940"},{"taxonomy":"post_tag","embeddable":true,"href":"https:\/\/aconteceunovale.com.br\/portal\/index.php?rest_route=%2Fwp%2Fv2%2Ftags&post=166940"}],"curies":[{"name":"wp","href":"https:\/\/api.w.org\/{rel}","templated":true}]}}