{"id":166902,"date":"2020-08-04T22:52:40","date_gmt":"2020-08-05T01:52:40","guid":{"rendered":"https:\/\/aconteceunovale.com.br\/portal\/?p=166902"},"modified":"2020-08-04T22:52:49","modified_gmt":"2020-08-05T01:52:49","slug":"supremo-manda-acao-penal-do-ex-presidente-lula-voltar-para-fase-de-alegacoes","status":"publish","type":"post","link":"https:\/\/aconteceunovale.com.br\/portal\/?p=166902","title":{"rendered":"Supremo manda a\u00e7\u00e3o penal do ex-presidente Lula voltar para fase de alega\u00e7\u00f5es"},"content":{"rendered":"\n<p class=\"wp-block-paragraph\">A Segunda Turma do Supremo Tribunal Federal (STF) decidiu hoje (4\/8\/2020), por 2 votos a 1, que um dos processos a que o ex-presidente Luiz In\u00e1cio Lula da Silva responde na Opera\u00e7\u00e3o Lava Jato deve voltar \u00e0 fase de alega\u00e7\u00f5es finais, \u00faltima etapa antes da senten\u00e7a. O processo est\u00e1 pronto para ser sentenciado pelo juiz Luiz Antonio Bonat, da 13\u00aa Vara Federal em Curitiba.<\/p>\n\n\n\n<p class=\"wp-block-paragraph\">O processo trata da a\u00e7\u00e3o na qual o ex-presidente \u00e9 r\u00e9u no caso de supostas irregularidades na aquisi\u00e7\u00e3o do terreno para constru\u00e7\u00e3o do Instituto Lula e de um apartamento em S\u00e3o Bernardo do Campo (SP). Os ministros Gilmar Mendes e Ricardo Lewandowski entenderam que os advogados devem ter acesso aos documentos do acordo de leni\u00eancia global da Odebrecht. O relator, ministro Edson Fachin, rejeitou o recurso.<\/p>\n\n\n\n<p class=\"wp-block-paragraph\">Na Lava Jato, o ex-presidente foi condenado a mais de oito anos de pris\u00e3o no caso do tr\u00edplex em Guaruj\u00e1 (SP) e a 12 anos no caso do s\u00edtio de Atibaia. Durante o julgamento, o advogado Cristiano Zanin disse que \u00e9 direito da defesa ter acesso a todos os documentos usados pela Lava Jato para acusar o ex-presidente.<\/p>\n\n\n\n<p class=\"wp-block-paragraph\">Na mesma sess\u00e3o, os ministros tamb\u00e9m determinaram que um dos depoimentos de dela\u00e7\u00e3o premiada do ex-ministro Antonio Palocci seja retirado do processo.<\/p>\n\n\n\n<p class=\"has-background has-very-light-gray-background-color wp-block-paragraph\">Quer saber as not\u00edcias do <strong>Aconteceu no Vale<\/strong> em primeira m\u00e3o? Siga-nos no Facebook <a rel=\"noreferrer noopener\" href=\"http:\/\/facebook.com\/aconteceunovale\" target=\"_blank\">@aconteceunovale<\/a>, Twitter <a rel=\"noreferrer noopener\" href=\"https:\/\/twitter.com\/noticiadosvales\" target=\"_blank\">@noticiadosvales<\/a> e Instagram <a rel=\"noreferrer noopener\" href=\"https:\/\/www.instagram.com\/aconteceunovale\" target=\"_blank\">@aconteceunovale<\/a>.<\/p>\n","protected":false},"excerpt":{"rendered":"<p>A Segunda Turma do Supremo Tribunal Federal (STF) decidiu hoje (4\/8\/2020), por 2 votos a 1, que um dos processos a que o ex-presidente Luiz In\u00e1cio Lula da Silva responde na Opera\u00e7\u00e3o Lava Jato deve voltar \u00e0 fase de alega\u00e7\u00f5es finais, \u00faltima etapa antes da senten\u00e7a. O processo est\u00e1 pronto para ser sentenciado pelo juiz [&hellip;]<\/p>\n","protected":false},"author":1,"featured_media":148610,"comment_status":"open","ping_status":"closed","sticky":false,"template":"","format":"standard","meta":{"amp_status":"","footnotes":""},"categories":[6,40240],"tags":[83066,226848,226851,14124,7147,210972,226849,226850,28511,226847,28510],"class_list":["post-166902","post","type-post","status-publish","format-standard","has-post-thumbnail","hentry","category-br","category-politica","tag-13a-vara-federal-em-curitiba","tag-acao-contra-o-ex-presidente-lula","tag-luiz-antonio-bonat","tag-luiz-inacio-lula-da-silva","tag-lula","tag-operacao-lava-jato-2","tag-processos-do-ex-presidente-lula","tag-processos-lula","tag-stf","tag-supremo-manda-acao-penal-do-ex-presidente-lula-voltar-para-fase-de-alegacoes","tag-supremo-tribunal-federal"],"yoast_head":"<!-- This site is optimized with the Yoast SEO plugin v28.3 - https:\/\/yoast.com\/product\/yoast-seo-wordpress\/ -->\n<title>Supremo manda a\u00e7\u00e3o penal do ex-presidente Lula voltar para fase de alega\u00e7\u00f5es - Aconteceu no Vale<\/title>\n<meta name=\"robots\" content=\"index, follow, max-snippet:-1, max-image-preview:large, max-video-preview:-1\" \/>\n<link rel=\"canonical\" href=\"https:\/\/aconteceunovale.com.br\/portal\/?p=166902\" \/>\n<meta property=\"og:locale\" content=\"pt_BR\" \/>\n<meta property=\"og:type\" content=\"article\" \/>\n<meta property=\"og:title\" content=\"Supremo manda a\u00e7\u00e3o penal do ex-presidente Lula voltar para fase de alega\u00e7\u00f5es - Aconteceu no Vale\" \/>\n<meta property=\"og:description\" content=\"A Segunda Turma do Supremo Tribunal Federal (STF) decidiu hoje (4\/8\/2020), por 2 votos a 1, que um dos processos a que o ex-presidente Luiz In\u00e1cio Lula da Silva responde na Opera\u00e7\u00e3o Lava Jato deve voltar \u00e0 fase de alega\u00e7\u00f5es finais, \u00faltima etapa antes da senten\u00e7a. O processo est\u00e1 pronto para ser sentenciado pelo juiz [&hellip;]\" \/>\n<meta property=\"og:url\" content=\"https:\/\/aconteceunovale.com.br\/portal\/?p=166902\" \/>\n<meta property=\"og:site_name\" content=\"Aconteceu no Vale\" \/>\n<meta property=\"article:publisher\" content=\"https:\/\/www.facebook.com\/aconteceunovale\/\" \/>\n<meta property=\"article:published_time\" content=\"2020-08-05T01:52:40+00:00\" \/>\n<meta property=\"article:modified_time\" content=\"2020-08-05T01:52:49+00:00\" \/>\n<meta property=\"og:image\" content=\"https:\/\/aconteceunovale.com.br\/portal\/wp-content\/uploads\/2019\/05\/lula_regime_aberto.jpg\" \/>\n\t<meta property=\"og:image:width\" content=\"675\" \/>\n\t<meta property=\"og:image:height\" content=\"450\" \/>\n\t<meta property=\"og:image:type\" content=\"image\/jpeg\" \/>\n<meta name=\"author\" content=\"Aconteceu no Vale\" \/>\n<meta name=\"twitter:card\" content=\"summary_large_image\" \/>\n<meta name=\"twitter:creator\" content=\"@noticiadosvales\" \/>\n<meta name=\"twitter:site\" content=\"@noticiadosvales\" \/>\n<meta name=\"twitter:label1\" content=\"Escrito por\" \/>\n\t<meta name=\"twitter:data1\" content=\"Aconteceu no Vale\" \/>\n\t<meta name=\"twitter:label2\" content=\"Est. tempo de leitura\" \/>\n\t<meta name=\"twitter:data2\" content=\"1 minuto\" \/>\n<script type=\"application\/ld+json\" class=\"yoast-schema-graph\">{\"@context\":\"https:\\\/\\\/schema.org\",\"@graph\":[{\"@type\":\"Article\",\"@id\":\"https:\\\/\\\/aconteceunovale.com.br\\\/portal\\\/?p=166902#article\",\"isPartOf\":{\"@id\":\"https:\\\/\\\/aconteceunovale.com.br\\\/portal\\\/?p=166902\"},\"author\":{\"name\":\"Aconteceu no Vale\",\"@id\":\"https:\\\/\\\/aconteceunovale.com.br\\\/portal\\\/#\\\/schema\\\/person\\\/633529146f2c94272bef50ac2953d589\"},\"headline\":\"Supremo manda a\u00e7\u00e3o penal do ex-presidente Lula voltar para fase de alega\u00e7\u00f5es\",\"datePublished\":\"2020-08-05T01:52:40+00:00\",\"dateModified\":\"2020-08-05T01:52:49+00:00\",\"mainEntityOfPage\":{\"@id\":\"https:\\\/\\\/aconteceunovale.com.br\\\/portal\\\/?p=166902\"},\"wordCount\":254,\"commentCount\":0,\"image\":{\"@id\":\"https:\\\/\\\/aconteceunovale.com.br\\\/portal\\\/?p=166902#primaryimage\"},\"thumbnailUrl\":\"https:\\\/\\\/aconteceunovale.com.br\\\/portal\\\/wp-content\\\/uploads\\\/2019\\\/05\\\/lula_regime_aberto.jpg\",\"keywords\":[\"13\u00aa Vara Federal em Curitiba\",\"A\u00e7\u00e3o contra o ex-presidente Lula\",\"Luiz Antonio Bonat\",\"Luiz In\u00e1cio Lula da Silva\",\"Lula\",\"Opera\u00e7\u00e3o Lava Jato\",\"Processos do ex-presidente Lula\",\"Processos Lula\",\"STF\",\"Supremo manda a\u00e7\u00e3o penal do ex-presidente Lula voltar para fase de alega\u00e7\u00f5es\",\"Supremo Tribunal Federal\"],\"articleSection\":[\"Brasil\",\"Pol\u00edtica\"],\"inLanguage\":\"pt-BR\",\"potentialAction\":[{\"@type\":\"CommentAction\",\"name\":\"Comment\",\"target\":[\"https:\\\/\\\/aconteceunovale.com.br\\\/portal\\\/?p=166902#respond\"]}]},{\"@type\":\"WebPage\",\"@id\":\"https:\\\/\\\/aconteceunovale.com.br\\\/portal\\\/?p=166902\",\"url\":\"https:\\\/\\\/aconteceunovale.com.br\\\/portal\\\/?p=166902\",\"name\":\"Supremo manda a\u00e7\u00e3o penal do ex-presidente Lula voltar para fase de alega\u00e7\u00f5es - Aconteceu no Vale\",\"isPartOf\":{\"@id\":\"https:\\\/\\\/aconteceunovale.com.br\\\/portal\\\/#website\"},\"primaryImageOfPage\":{\"@id\":\"https:\\\/\\\/aconteceunovale.com.br\\\/portal\\\/?p=166902#primaryimage\"},\"image\":{\"@id\":\"https:\\\/\\\/aconteceunovale.com.br\\\/portal\\\/?p=166902#primaryimage\"},\"thumbnailUrl\":\"https:\\\/\\\/aconteceunovale.com.br\\\/portal\\\/wp-content\\\/uploads\\\/2019\\\/05\\\/lula_regime_aberto.jpg\",\"datePublished\":\"2020-08-05T01:52:40+00:00\",\"dateModified\":\"2020-08-05T01:52:49+00:00\",\"author\":{\"@id\":\"https:\\\/\\\/aconteceunovale.com.br\\\/portal\\\/#\\\/schema\\\/person\\\/633529146f2c94272bef50ac2953d589\"},\"breadcrumb\":{\"@id\":\"https:\\\/\\\/aconteceunovale.com.br\\\/portal\\\/?p=166902#breadcrumb\"},\"inLanguage\":\"pt-BR\",\"potentialAction\":[{\"@type\":\"ReadAction\",\"target\":[\"https:\\\/\\\/aconteceunovale.com.br\\\/portal\\\/?p=166902\"]}]},{\"@type\":\"ImageObject\",\"inLanguage\":\"pt-BR\",\"@id\":\"https:\\\/\\\/aconteceunovale.com.br\\\/portal\\\/?p=166902#primaryimage\",\"url\":\"https:\\\/\\\/aconteceunovale.com.br\\\/portal\\\/wp-content\\\/uploads\\\/2019\\\/05\\\/lula_regime_aberto.jpg\",\"contentUrl\":\"https:\\\/\\\/aconteceunovale.com.br\\\/portal\\\/wp-content\\\/uploads\\\/2019\\\/05\\\/lula_regime_aberto.jpg\",\"width\":675,\"height\":450},{\"@type\":\"BreadcrumbList\",\"@id\":\"https:\\\/\\\/aconteceunovale.com.br\\\/portal\\\/?p=166902#breadcrumb\",\"itemListElement\":[{\"@type\":\"ListItem\",\"position\":1,\"name\":\"In\u00edcio\",\"item\":\"https:\\\/\\\/aconteceunovale.com.br\\\/portal\\\/\"},{\"@type\":\"ListItem\",\"position\":2,\"name\":\"Supremo manda a\u00e7\u00e3o penal do ex-presidente Lula voltar para fase de alega\u00e7\u00f5es\"}]},{\"@type\":\"WebSite\",\"@id\":\"https:\\\/\\\/aconteceunovale.com.br\\\/portal\\\/#website\",\"url\":\"https:\\\/\\\/aconteceunovale.com.br\\\/portal\\\/\",\"name\":\"Aconteceu no Vale\",\"description\":\"Portal de Not\u00edcias\",\"potentialAction\":[{\"@type\":\"SearchAction\",\"target\":{\"@type\":\"EntryPoint\",\"urlTemplate\":\"https:\\\/\\\/aconteceunovale.com.br\\\/portal\\\/?s={search_term_string}\"},\"query-input\":{\"@type\":\"PropertyValueSpecification\",\"valueRequired\":true,\"valueName\":\"search_term_string\"}}],\"inLanguage\":\"pt-BR\"},{\"@type\":\"Person\",\"@id\":\"https:\\\/\\\/aconteceunovale.com.br\\\/portal\\\/#\\\/schema\\\/person\\\/633529146f2c94272bef50ac2953d589\",\"name\":\"Aconteceu no Vale\",\"description\":\"Equipe de reportagem do Aconteceu no Vale, portal de not\u00edcias do Vale do Jequitinhonha, em Minas Gerais. Cobrimos as 51 cidades do Vale desde 2013. Sugest\u00f5es de pauta e pedidos de corre\u00e7\u00e3o: contato@aconteceunovale.com.br\",\"sameAs\":[\"http:\\\/\\\/www.aconteceunovale.com.br\"],\"url\":\"https:\\\/\\\/aconteceunovale.com.br\\\/portal\\\/?author=1\"}]}<\/script>\n<!-- \/ Yoast SEO plugin. -->","yoast_head_json":{"title":"Supremo manda a\u00e7\u00e3o penal do ex-presidente Lula voltar para fase de alega\u00e7\u00f5es - Aconteceu no Vale","robots":{"index":"index","follow":"follow","max-snippet":"max-snippet:-1","max-image-preview":"max-image-preview:large","max-video-preview":"max-video-preview:-1"},"canonical":"https:\/\/aconteceunovale.com.br\/portal\/?p=166902","og_locale":"pt_BR","og_type":"article","og_title":"Supremo manda a\u00e7\u00e3o penal do ex-presidente Lula voltar para fase de alega\u00e7\u00f5es - Aconteceu no Vale","og_description":"A Segunda Turma do Supremo Tribunal Federal (STF) decidiu hoje (4\/8\/2020), por 2 votos a 1, que um dos processos a que o ex-presidente Luiz In\u00e1cio Lula da Silva responde na Opera\u00e7\u00e3o Lava Jato deve voltar \u00e0 fase de alega\u00e7\u00f5es finais, \u00faltima etapa antes da senten\u00e7a. O processo est\u00e1 pronto para ser sentenciado pelo juiz [&hellip;]","og_url":"https:\/\/aconteceunovale.com.br\/portal\/?p=166902","og_site_name":"Aconteceu no Vale","article_publisher":"https:\/\/www.facebook.com\/aconteceunovale\/","article_published_time":"2020-08-05T01:52:40+00:00","article_modified_time":"2020-08-05T01:52:49+00:00","og_image":[{"width":675,"height":450,"url":"https:\/\/aconteceunovale.com.br\/portal\/wp-content\/uploads\/2019\/05\/lula_regime_aberto.jpg","type":"image\/jpeg"}],"author":"Aconteceu no Vale","twitter_card":"summary_large_image","twitter_creator":"@noticiadosvales","twitter_site":"@noticiadosvales","twitter_misc":{"Escrito por":"Aconteceu no Vale","Est. tempo de leitura":"1 minuto"},"schema":{"@context":"https:\/\/schema.org","@graph":[{"@type":"Article","@id":"https:\/\/aconteceunovale.com.br\/portal\/?p=166902#article","isPartOf":{"@id":"https:\/\/aconteceunovale.com.br\/portal\/?p=166902"},"author":{"name":"Aconteceu no Vale","@id":"https:\/\/aconteceunovale.com.br\/portal\/#\/schema\/person\/633529146f2c94272bef50ac2953d589"},"headline":"Supremo manda a\u00e7\u00e3o penal do ex-presidente Lula voltar para fase de alega\u00e7\u00f5es","datePublished":"2020-08-05T01:52:40+00:00","dateModified":"2020-08-05T01:52:49+00:00","mainEntityOfPage":{"@id":"https:\/\/aconteceunovale.com.br\/portal\/?p=166902"},"wordCount":254,"commentCount":0,"image":{"@id":"https:\/\/aconteceunovale.com.br\/portal\/?p=166902#primaryimage"},"thumbnailUrl":"https:\/\/aconteceunovale.com.br\/portal\/wp-content\/uploads\/2019\/05\/lula_regime_aberto.jpg","keywords":["13\u00aa Vara Federal em Curitiba","A\u00e7\u00e3o contra o ex-presidente Lula","Luiz Antonio Bonat","Luiz In\u00e1cio Lula da Silva","Lula","Opera\u00e7\u00e3o Lava Jato","Processos do ex-presidente Lula","Processos Lula","STF","Supremo manda a\u00e7\u00e3o penal do ex-presidente Lula voltar para fase de alega\u00e7\u00f5es","Supremo Tribunal Federal"],"articleSection":["Brasil","Pol\u00edtica"],"inLanguage":"pt-BR","potentialAction":[{"@type":"CommentAction","name":"Comment","target":["https:\/\/aconteceunovale.com.br\/portal\/?p=166902#respond"]}]},{"@type":"WebPage","@id":"https:\/\/aconteceunovale.com.br\/portal\/?p=166902","url":"https:\/\/aconteceunovale.com.br\/portal\/?p=166902","name":"Supremo manda a\u00e7\u00e3o penal do ex-presidente Lula voltar para fase de alega\u00e7\u00f5es - Aconteceu no Vale","isPartOf":{"@id":"https:\/\/aconteceunovale.com.br\/portal\/#website"},"primaryImageOfPage":{"@id":"https:\/\/aconteceunovale.com.br\/portal\/?p=166902#primaryimage"},"image":{"@id":"https:\/\/aconteceunovale.com.br\/portal\/?p=166902#primaryimage"},"thumbnailUrl":"https:\/\/aconteceunovale.com.br\/portal\/wp-content\/uploads\/2019\/05\/lula_regime_aberto.jpg","datePublished":"2020-08-05T01:52:40+00:00","dateModified":"2020-08-05T01:52:49+00:00","author":{"@id":"https:\/\/aconteceunovale.com.br\/portal\/#\/schema\/person\/633529146f2c94272bef50ac2953d589"},"breadcrumb":{"@id":"https:\/\/aconteceunovale.com.br\/portal\/?p=166902#breadcrumb"},"inLanguage":"pt-BR","potentialAction":[{"@type":"ReadAction","target":["https:\/\/aconteceunovale.com.br\/portal\/?p=166902"]}]},{"@type":"ImageObject","inLanguage":"pt-BR","@id":"https:\/\/aconteceunovale.com.br\/portal\/?p=166902#primaryimage","url":"https:\/\/aconteceunovale.com.br\/portal\/wp-content\/uploads\/2019\/05\/lula_regime_aberto.jpg","contentUrl":"https:\/\/aconteceunovale.com.br\/portal\/wp-content\/uploads\/2019\/05\/lula_regime_aberto.jpg","width":675,"height":450},{"@type":"BreadcrumbList","@id":"https:\/\/aconteceunovale.com.br\/portal\/?p=166902#breadcrumb","itemListElement":[{"@type":"ListItem","position":1,"name":"In\u00edcio","item":"https:\/\/aconteceunovale.com.br\/portal\/"},{"@type":"ListItem","position":2,"name":"Supremo manda a\u00e7\u00e3o penal do ex-presidente Lula voltar para fase de alega\u00e7\u00f5es"}]},{"@type":"WebSite","@id":"https:\/\/aconteceunovale.com.br\/portal\/#website","url":"https:\/\/aconteceunovale.com.br\/portal\/","name":"Aconteceu no Vale","description":"Portal de Not\u00edcias","potentialAction":[{"@type":"SearchAction","target":{"@type":"EntryPoint","urlTemplate":"https:\/\/aconteceunovale.com.br\/portal\/?s={search_term_string}"},"query-input":{"@type":"PropertyValueSpecification","valueRequired":true,"valueName":"search_term_string"}}],"inLanguage":"pt-BR"},{"@type":"Person","@id":"https:\/\/aconteceunovale.com.br\/portal\/#\/schema\/person\/633529146f2c94272bef50ac2953d589","name":"Aconteceu no Vale","description":"Equipe de reportagem do Aconteceu no Vale, portal de not\u00edcias do Vale do Jequitinhonha, em Minas Gerais. Cobrimos as 51 cidades do Vale desde 2013. Sugest\u00f5es de pauta e pedidos de corre\u00e7\u00e3o: contato@aconteceunovale.com.br","sameAs":["http:\/\/www.aconteceunovale.com.br"],"url":"https:\/\/aconteceunovale.com.br\/portal\/?author=1"}]}},"_links":{"self":[{"href":"https:\/\/aconteceunovale.com.br\/portal\/index.php?rest_route=\/wp\/v2\/posts\/166902","targetHints":{"allow":["GET"]}}],"collection":[{"href":"https:\/\/aconteceunovale.com.br\/portal\/index.php?rest_route=\/wp\/v2\/posts"}],"about":[{"href":"https:\/\/aconteceunovale.com.br\/portal\/index.php?rest_route=\/wp\/v2\/types\/post"}],"author":[{"embeddable":true,"href":"https:\/\/aconteceunovale.com.br\/portal\/index.php?rest_route=\/wp\/v2\/users\/1"}],"replies":[{"embeddable":true,"href":"https:\/\/aconteceunovale.com.br\/portal\/index.php?rest_route=%2Fwp%2Fv2%2Fcomments&post=166902"}],"version-history":[{"count":1,"href":"https:\/\/aconteceunovale.com.br\/portal\/index.php?rest_route=\/wp\/v2\/posts\/166902\/revisions"}],"predecessor-version":[{"id":166903,"href":"https:\/\/aconteceunovale.com.br\/portal\/index.php?rest_route=\/wp\/v2\/posts\/166902\/revisions\/166903"}],"wp:featuredmedia":[{"embeddable":true,"href":"https:\/\/aconteceunovale.com.br\/portal\/index.php?rest_route=\/wp\/v2\/media\/148610"}],"wp:attachment":[{"href":"https:\/\/aconteceunovale.com.br\/portal\/index.php?rest_route=%2Fwp%2Fv2%2Fmedia&parent=166902"}],"wp:term":[{"taxonomy":"category","embeddable":true,"href":"https:\/\/aconteceunovale.com.br\/portal\/index.php?rest_route=%2Fwp%2Fv2%2Fcategories&post=166902"},{"taxonomy":"post_tag","embeddable":true,"href":"https:\/\/aconteceunovale.com.br\/portal\/index.php?rest_route=%2Fwp%2Fv2%2Ftags&post=166902"}],"curies":[{"name":"wp","href":"https:\/\/api.w.org\/{rel}","templated":true}]}}