{"id":166896,"date":"2020-08-04T22:16:57","date_gmt":"2020-08-05T01:16:57","guid":{"rendered":"https:\/\/aconteceunovale.com.br\/portal\/?p=166896"},"modified":"2020-08-04T22:17:12","modified_gmt":"2020-08-05T01:17:12","slug":"suspeito-de-matar-proprietario-de-supermercado-em-taiobeiras-e-preso-apos-oito-anos","status":"publish","type":"post","link":"https:\/\/aconteceunovale.com.br\/portal\/?p=166896","title":{"rendered":"Suspeito de matar propriet\u00e1rio de supermercado em Taiobeiras \u00e9 preso ap\u00f3s oito anos"},"content":{"rendered":"\n<p class=\"wp-block-paragraph\">A Pol\u00edcia Civil de Minas Gerais (PCMG) cumpriu mandado de pris\u00e3o preventiva, no \u00faltimo domingo (2\/8\/2020), contra um homem suspeito de envolvimento no crime de latroc\u00ednio, ocorrido em 2011, na cidade de Taiobeiras. A v\u00edtima Leonardo de Oliveira Cortez (Leo do Granj\u00e3o) era um empres\u00e1rio, de 32 anos, propriet\u00e1rio de um supermercado da cidade.<\/p>\n\n\n\n<p class=\"wp-block-paragraph\">Conforme apontam as investiga\u00e7\u00f5es, ele foi morto durante uma tentativa frustrada de roubo. O empres\u00e1rio estaria abrindo as portas do estabelecimento, por volta das 6h30 do dia 13 de dezembro de 2011, quando foi abordado pelo suspeito. Laudos periciais e ind\u00edcios levantados durante as investiga\u00e7\u00f5es apontam que os dois entraram em luta corporal, momento em que o suspeito atirou v\u00e1rias vezes contra a v\u00edtima, que n\u00e3o resistiu aos ferimentos.<\/p>\n\n\n\n<p class=\"wp-block-paragraph\">No momento do crime, n\u00e3o havia outras pessoas no supermercado, nem c\u00e2meras de seguran\u00e7a que pudessem auxiliar nas investiga\u00e7\u00f5es. De acordo com o Delegado Bruno Marocco, o crime era complexo e, no in\u00edcio, chegaram a cogitar a possibilidade de crime encomendado. No entanto, a equipe policial conseguiu comprovar que o empres\u00e1rio tinha sido v\u00edtima de latroc\u00ednio.<\/p>\n\n\n\n<p class=\"wp-block-paragraph\">&#8220;O inqu\u00e9rito policial enviado \u00e0 Justi\u00e7a tem mais de 400 laudas, 30 pessoas prestaram depoimentos, e as informa\u00e7\u00f5es recentes de uma nova testemunha, cuja identidade segue preservada, ajudou na conclus\u00e3o do caso&#8221;, explicou o Delegado.<\/p>\n\n\n\n<p class=\"has-background has-very-light-gray-background-color wp-block-paragraph\">Quer saber as not\u00edcias do <strong>Aconteceu no Vale<\/strong> em primeira m\u00e3o? Siga-nos no Facebook <a rel=\"noreferrer noopener\" href=\"http:\/\/facebook.com\/aconteceunovale\" target=\"_blank\">@aconteceunovale<\/a>, Twitter <a rel=\"noreferrer noopener\" href=\"https:\/\/twitter.com\/noticiadosvales\" target=\"_blank\">@noticiadosvales<\/a> e Instagram <a rel=\"noreferrer noopener\" href=\"https:\/\/www.instagram.com\/aconteceunovale\" target=\"_blank\">@aconteceunovale<\/a>.<\/p>\n","protected":false},"excerpt":{"rendered":"<p>A Pol\u00edcia Civil de Minas Gerais (PCMG) cumpriu mandado de pris\u00e3o preventiva, no \u00faltimo domingo (2\/8\/2020), contra um homem suspeito de envolvimento no crime de latroc\u00ednio, ocorrido em 2011, na cidade de Taiobeiras. A v\u00edtima Leonardo de Oliveira Cortez (Leo do Granj\u00e3o) era um empres\u00e1rio, de 32 anos, propriet\u00e1rio de um supermercado da cidade. Conforme [&hellip;]<\/p>\n","protected":false},"author":1,"featured_media":42457,"comment_status":"open","ping_status":"closed","sticky":false,"template":"","format":"standard","meta":{"amp_status":"","footnotes":""},"categories":[1236],"tags":[226842,1018,226840,226841,604,44644,226838,226837,226839,226843,226836,419],"class_list":["post-166896","post","type-post","status-publish","format-standard","has-post-thumbnail","hentry","category-norte_de_minas","tag-delegado-bruno-marocco","tag-destaque","tag-leo-do-granjao","tag-leonardo-de-oliveira-cortez","tag-pcmg","tag-policia-civil-de-minas-gerais","tag-preso-por-matar-dono-de-supermercado-em-taiobeiras","tag-preso-por-matar-empresario-em-taiobeiras","tag-preso-por-matar-proprietario-de-supermercado-em-taiobeiras","tag-supermercado-granjao-da-economia","tag-suspeito-de-matar-proprietario-de-supermercado-em-taiobeiras-e-preso-apos-oito-anos","tag-taiobeiras"],"yoast_head":"<!-- This site is optimized with the Yoast SEO plugin v28.3 - https:\/\/yoast.com\/product\/yoast-seo-wordpress\/ -->\n<title>Suspeito de matar propriet\u00e1rio de supermercado em Taiobeiras \u00e9 preso ap\u00f3s oito anos - Aconteceu no Vale<\/title>\n<meta name=\"robots\" content=\"index, follow, max-snippet:-1, max-image-preview:large, max-video-preview:-1\" \/>\n<link rel=\"canonical\" href=\"https:\/\/aconteceunovale.com.br\/portal\/?p=166896\" \/>\n<meta property=\"og:locale\" content=\"pt_BR\" \/>\n<meta property=\"og:type\" content=\"article\" \/>\n<meta property=\"og:title\" content=\"Suspeito de matar propriet\u00e1rio de supermercado em Taiobeiras \u00e9 preso ap\u00f3s oito anos - Aconteceu no Vale\" \/>\n<meta property=\"og:description\" content=\"A Pol\u00edcia Civil de Minas Gerais (PCMG) cumpriu mandado de pris\u00e3o preventiva, no \u00faltimo domingo (2\/8\/2020), contra um homem suspeito de envolvimento no crime de latroc\u00ednio, ocorrido em 2011, na cidade de Taiobeiras. A v\u00edtima Leonardo de Oliveira Cortez (Leo do Granj\u00e3o) era um empres\u00e1rio, de 32 anos, propriet\u00e1rio de um supermercado da cidade. Conforme [&hellip;]\" \/>\n<meta property=\"og:url\" content=\"https:\/\/aconteceunovale.com.br\/portal\/?p=166896\" \/>\n<meta property=\"og:site_name\" content=\"Aconteceu no Vale\" \/>\n<meta property=\"article:publisher\" content=\"https:\/\/www.facebook.com\/aconteceunovale\/\" \/>\n<meta property=\"article:published_time\" content=\"2020-08-05T01:16:57+00:00\" \/>\n<meta property=\"article:modified_time\" content=\"2020-08-05T01:17:12+00:00\" \/>\n<meta property=\"og:image\" content=\"https:\/\/aconteceunovale.com.br\/portal\/wp-content\/uploads\/2014\/10\/taiobeiras_mg.jpg\" \/>\n\t<meta property=\"og:image:width\" content=\"678\" \/>\n\t<meta property=\"og:image:height\" content=\"339\" \/>\n\t<meta property=\"og:image:type\" content=\"image\/jpeg\" \/>\n<meta name=\"author\" content=\"Aconteceu no Vale\" \/>\n<meta name=\"twitter:card\" content=\"summary_large_image\" \/>\n<meta name=\"twitter:creator\" content=\"@noticiadosvales\" \/>\n<meta name=\"twitter:site\" content=\"@noticiadosvales\" \/>\n<meta name=\"twitter:label1\" content=\"Escrito por\" \/>\n\t<meta name=\"twitter:data1\" content=\"Aconteceu no Vale\" \/>\n\t<meta name=\"twitter:label2\" content=\"Est. tempo de leitura\" \/>\n\t<meta name=\"twitter:data2\" content=\"1 minuto\" \/>\n<script type=\"application\/ld+json\" class=\"yoast-schema-graph\">{\"@context\":\"https:\\\/\\\/schema.org\",\"@graph\":[{\"@type\":\"Article\",\"@id\":\"https:\\\/\\\/aconteceunovale.com.br\\\/portal\\\/?p=166896#article\",\"isPartOf\":{\"@id\":\"https:\\\/\\\/aconteceunovale.com.br\\\/portal\\\/?p=166896\"},\"author\":{\"name\":\"Aconteceu no Vale\",\"@id\":\"https:\\\/\\\/aconteceunovale.com.br\\\/portal\\\/#\\\/schema\\\/person\\\/633529146f2c94272bef50ac2953d589\"},\"headline\":\"Suspeito de matar propriet\u00e1rio de supermercado em Taiobeiras \u00e9 preso ap\u00f3s oito anos\",\"datePublished\":\"2020-08-05T01:16:57+00:00\",\"dateModified\":\"2020-08-05T01:17:12+00:00\",\"mainEntityOfPage\":{\"@id\":\"https:\\\/\\\/aconteceunovale.com.br\\\/portal\\\/?p=166896\"},\"wordCount\":268,\"commentCount\":0,\"image\":{\"@id\":\"https:\\\/\\\/aconteceunovale.com.br\\\/portal\\\/?p=166896#primaryimage\"},\"thumbnailUrl\":\"https:\\\/\\\/aconteceunovale.com.br\\\/portal\\\/wp-content\\\/uploads\\\/2014\\\/10\\\/taiobeiras_mg.jpg\",\"keywords\":[\"Delegado Bruno Marocco\",\"destaque\",\"Leo do Granj\u00e3o\",\"Leonardo de Oliveira Cortez\",\"PCMG\",\"Pol\u00edcia Civil de Minas Gerais\",\"Preso por matar dono de supermercado em Taiobeiras\",\"Preso por matar empres\u00e1rio em Taiobeiras\",\"Preso por matar propriet\u00e1rio de supermercado em Taiobeiras\",\"Supermercado Granj\u00e3o da Economia\",\"Suspeito de matar propriet\u00e1rio de supermercado em Taiobeiras \u00e9 preso ap\u00f3s oito anos\",\"Taiobeiras\"],\"articleSection\":[\"Norte de Minas\"],\"inLanguage\":\"pt-BR\",\"potentialAction\":[{\"@type\":\"CommentAction\",\"name\":\"Comment\",\"target\":[\"https:\\\/\\\/aconteceunovale.com.br\\\/portal\\\/?p=166896#respond\"]}]},{\"@type\":\"WebPage\",\"@id\":\"https:\\\/\\\/aconteceunovale.com.br\\\/portal\\\/?p=166896\",\"url\":\"https:\\\/\\\/aconteceunovale.com.br\\\/portal\\\/?p=166896\",\"name\":\"Suspeito de matar propriet\u00e1rio de supermercado em Taiobeiras \u00e9 preso ap\u00f3s oito anos - Aconteceu no Vale\",\"isPartOf\":{\"@id\":\"https:\\\/\\\/aconteceunovale.com.br\\\/portal\\\/#website\"},\"primaryImageOfPage\":{\"@id\":\"https:\\\/\\\/aconteceunovale.com.br\\\/portal\\\/?p=166896#primaryimage\"},\"image\":{\"@id\":\"https:\\\/\\\/aconteceunovale.com.br\\\/portal\\\/?p=166896#primaryimage\"},\"thumbnailUrl\":\"https:\\\/\\\/aconteceunovale.com.br\\\/portal\\\/wp-content\\\/uploads\\\/2014\\\/10\\\/taiobeiras_mg.jpg\",\"datePublished\":\"2020-08-05T01:16:57+00:00\",\"dateModified\":\"2020-08-05T01:17:12+00:00\",\"author\":{\"@id\":\"https:\\\/\\\/aconteceunovale.com.br\\\/portal\\\/#\\\/schema\\\/person\\\/633529146f2c94272bef50ac2953d589\"},\"breadcrumb\":{\"@id\":\"https:\\\/\\\/aconteceunovale.com.br\\\/portal\\\/?p=166896#breadcrumb\"},\"inLanguage\":\"pt-BR\",\"potentialAction\":[{\"@type\":\"ReadAction\",\"target\":[\"https:\\\/\\\/aconteceunovale.com.br\\\/portal\\\/?p=166896\"]}]},{\"@type\":\"ImageObject\",\"inLanguage\":\"pt-BR\",\"@id\":\"https:\\\/\\\/aconteceunovale.com.br\\\/portal\\\/?p=166896#primaryimage\",\"url\":\"https:\\\/\\\/aconteceunovale.com.br\\\/portal\\\/wp-content\\\/uploads\\\/2014\\\/10\\\/taiobeiras_mg.jpg\",\"contentUrl\":\"https:\\\/\\\/aconteceunovale.com.br\\\/portal\\\/wp-content\\\/uploads\\\/2014\\\/10\\\/taiobeiras_mg.jpg\",\"width\":678,\"height\":339},{\"@type\":\"BreadcrumbList\",\"@id\":\"https:\\\/\\\/aconteceunovale.com.br\\\/portal\\\/?p=166896#breadcrumb\",\"itemListElement\":[{\"@type\":\"ListItem\",\"position\":1,\"name\":\"In\u00edcio\",\"item\":\"https:\\\/\\\/aconteceunovale.com.br\\\/portal\\\/\"},{\"@type\":\"ListItem\",\"position\":2,\"name\":\"Suspeito de matar propriet\u00e1rio de supermercado em Taiobeiras \u00e9 preso ap\u00f3s oito anos\"}]},{\"@type\":\"WebSite\",\"@id\":\"https:\\\/\\\/aconteceunovale.com.br\\\/portal\\\/#website\",\"url\":\"https:\\\/\\\/aconteceunovale.com.br\\\/portal\\\/\",\"name\":\"Aconteceu no Vale\",\"description\":\"Portal de Not\u00edcias\",\"potentialAction\":[{\"@type\":\"SearchAction\",\"target\":{\"@type\":\"EntryPoint\",\"urlTemplate\":\"https:\\\/\\\/aconteceunovale.com.br\\\/portal\\\/?s={search_term_string}\"},\"query-input\":{\"@type\":\"PropertyValueSpecification\",\"valueRequired\":true,\"valueName\":\"search_term_string\"}}],\"inLanguage\":\"pt-BR\"},{\"@type\":\"Person\",\"@id\":\"https:\\\/\\\/aconteceunovale.com.br\\\/portal\\\/#\\\/schema\\\/person\\\/633529146f2c94272bef50ac2953d589\",\"name\":\"Aconteceu no Vale\",\"description\":\"Equipe de reportagem do Aconteceu no Vale, portal de not\u00edcias do Vale do Jequitinhonha, em Minas Gerais. Cobrimos as 51 cidades do Vale desde 2013. Sugest\u00f5es de pauta e pedidos de corre\u00e7\u00e3o: contato@aconteceunovale.com.br\",\"sameAs\":[\"http:\\\/\\\/www.aconteceunovale.com.br\"],\"url\":\"https:\\\/\\\/aconteceunovale.com.br\\\/portal\\\/?author=1\"}]}<\/script>\n<!-- \/ Yoast SEO plugin. -->","yoast_head_json":{"title":"Suspeito de matar propriet\u00e1rio de supermercado em Taiobeiras \u00e9 preso ap\u00f3s oito anos - Aconteceu no Vale","robots":{"index":"index","follow":"follow","max-snippet":"max-snippet:-1","max-image-preview":"max-image-preview:large","max-video-preview":"max-video-preview:-1"},"canonical":"https:\/\/aconteceunovale.com.br\/portal\/?p=166896","og_locale":"pt_BR","og_type":"article","og_title":"Suspeito de matar propriet\u00e1rio de supermercado em Taiobeiras \u00e9 preso ap\u00f3s oito anos - Aconteceu no Vale","og_description":"A Pol\u00edcia Civil de Minas Gerais (PCMG) cumpriu mandado de pris\u00e3o preventiva, no \u00faltimo domingo (2\/8\/2020), contra um homem suspeito de envolvimento no crime de latroc\u00ednio, ocorrido em 2011, na cidade de Taiobeiras. A v\u00edtima Leonardo de Oliveira Cortez (Leo do Granj\u00e3o) era um empres\u00e1rio, de 32 anos, propriet\u00e1rio de um supermercado da cidade. Conforme [&hellip;]","og_url":"https:\/\/aconteceunovale.com.br\/portal\/?p=166896","og_site_name":"Aconteceu no Vale","article_publisher":"https:\/\/www.facebook.com\/aconteceunovale\/","article_published_time":"2020-08-05T01:16:57+00:00","article_modified_time":"2020-08-05T01:17:12+00:00","og_image":[{"width":678,"height":339,"url":"https:\/\/aconteceunovale.com.br\/portal\/wp-content\/uploads\/2014\/10\/taiobeiras_mg.jpg","type":"image\/jpeg"}],"author":"Aconteceu no Vale","twitter_card":"summary_large_image","twitter_creator":"@noticiadosvales","twitter_site":"@noticiadosvales","twitter_misc":{"Escrito por":"Aconteceu no Vale","Est. tempo de leitura":"1 minuto"},"schema":{"@context":"https:\/\/schema.org","@graph":[{"@type":"Article","@id":"https:\/\/aconteceunovale.com.br\/portal\/?p=166896#article","isPartOf":{"@id":"https:\/\/aconteceunovale.com.br\/portal\/?p=166896"},"author":{"name":"Aconteceu no Vale","@id":"https:\/\/aconteceunovale.com.br\/portal\/#\/schema\/person\/633529146f2c94272bef50ac2953d589"},"headline":"Suspeito de matar propriet\u00e1rio de supermercado em Taiobeiras \u00e9 preso ap\u00f3s oito anos","datePublished":"2020-08-05T01:16:57+00:00","dateModified":"2020-08-05T01:17:12+00:00","mainEntityOfPage":{"@id":"https:\/\/aconteceunovale.com.br\/portal\/?p=166896"},"wordCount":268,"commentCount":0,"image":{"@id":"https:\/\/aconteceunovale.com.br\/portal\/?p=166896#primaryimage"},"thumbnailUrl":"https:\/\/aconteceunovale.com.br\/portal\/wp-content\/uploads\/2014\/10\/taiobeiras_mg.jpg","keywords":["Delegado Bruno Marocco","destaque","Leo do Granj\u00e3o","Leonardo de Oliveira Cortez","PCMG","Pol\u00edcia Civil de Minas Gerais","Preso por matar dono de supermercado em Taiobeiras","Preso por matar empres\u00e1rio em Taiobeiras","Preso por matar propriet\u00e1rio de supermercado em Taiobeiras","Supermercado Granj\u00e3o da Economia","Suspeito de matar propriet\u00e1rio de supermercado em Taiobeiras \u00e9 preso ap\u00f3s oito anos","Taiobeiras"],"articleSection":["Norte de Minas"],"inLanguage":"pt-BR","potentialAction":[{"@type":"CommentAction","name":"Comment","target":["https:\/\/aconteceunovale.com.br\/portal\/?p=166896#respond"]}]},{"@type":"WebPage","@id":"https:\/\/aconteceunovale.com.br\/portal\/?p=166896","url":"https:\/\/aconteceunovale.com.br\/portal\/?p=166896","name":"Suspeito de matar propriet\u00e1rio de supermercado em Taiobeiras \u00e9 preso ap\u00f3s oito anos - Aconteceu no Vale","isPartOf":{"@id":"https:\/\/aconteceunovale.com.br\/portal\/#website"},"primaryImageOfPage":{"@id":"https:\/\/aconteceunovale.com.br\/portal\/?p=166896#primaryimage"},"image":{"@id":"https:\/\/aconteceunovale.com.br\/portal\/?p=166896#primaryimage"},"thumbnailUrl":"https:\/\/aconteceunovale.com.br\/portal\/wp-content\/uploads\/2014\/10\/taiobeiras_mg.jpg","datePublished":"2020-08-05T01:16:57+00:00","dateModified":"2020-08-05T01:17:12+00:00","author":{"@id":"https:\/\/aconteceunovale.com.br\/portal\/#\/schema\/person\/633529146f2c94272bef50ac2953d589"},"breadcrumb":{"@id":"https:\/\/aconteceunovale.com.br\/portal\/?p=166896#breadcrumb"},"inLanguage":"pt-BR","potentialAction":[{"@type":"ReadAction","target":["https:\/\/aconteceunovale.com.br\/portal\/?p=166896"]}]},{"@type":"ImageObject","inLanguage":"pt-BR","@id":"https:\/\/aconteceunovale.com.br\/portal\/?p=166896#primaryimage","url":"https:\/\/aconteceunovale.com.br\/portal\/wp-content\/uploads\/2014\/10\/taiobeiras_mg.jpg","contentUrl":"https:\/\/aconteceunovale.com.br\/portal\/wp-content\/uploads\/2014\/10\/taiobeiras_mg.jpg","width":678,"height":339},{"@type":"BreadcrumbList","@id":"https:\/\/aconteceunovale.com.br\/portal\/?p=166896#breadcrumb","itemListElement":[{"@type":"ListItem","position":1,"name":"In\u00edcio","item":"https:\/\/aconteceunovale.com.br\/portal\/"},{"@type":"ListItem","position":2,"name":"Suspeito de matar propriet\u00e1rio de supermercado em Taiobeiras \u00e9 preso ap\u00f3s oito anos"}]},{"@type":"WebSite","@id":"https:\/\/aconteceunovale.com.br\/portal\/#website","url":"https:\/\/aconteceunovale.com.br\/portal\/","name":"Aconteceu no Vale","description":"Portal de Not\u00edcias","potentialAction":[{"@type":"SearchAction","target":{"@type":"EntryPoint","urlTemplate":"https:\/\/aconteceunovale.com.br\/portal\/?s={search_term_string}"},"query-input":{"@type":"PropertyValueSpecification","valueRequired":true,"valueName":"search_term_string"}}],"inLanguage":"pt-BR"},{"@type":"Person","@id":"https:\/\/aconteceunovale.com.br\/portal\/#\/schema\/person\/633529146f2c94272bef50ac2953d589","name":"Aconteceu no Vale","description":"Equipe de reportagem do Aconteceu no Vale, portal de not\u00edcias do Vale do Jequitinhonha, em Minas Gerais. Cobrimos as 51 cidades do Vale desde 2013. Sugest\u00f5es de pauta e pedidos de corre\u00e7\u00e3o: contato@aconteceunovale.com.br","sameAs":["http:\/\/www.aconteceunovale.com.br"],"url":"https:\/\/aconteceunovale.com.br\/portal\/?author=1"}]}},"_links":{"self":[{"href":"https:\/\/aconteceunovale.com.br\/portal\/index.php?rest_route=\/wp\/v2\/posts\/166896","targetHints":{"allow":["GET"]}}],"collection":[{"href":"https:\/\/aconteceunovale.com.br\/portal\/index.php?rest_route=\/wp\/v2\/posts"}],"about":[{"href":"https:\/\/aconteceunovale.com.br\/portal\/index.php?rest_route=\/wp\/v2\/types\/post"}],"author":[{"embeddable":true,"href":"https:\/\/aconteceunovale.com.br\/portal\/index.php?rest_route=\/wp\/v2\/users\/1"}],"replies":[{"embeddable":true,"href":"https:\/\/aconteceunovale.com.br\/portal\/index.php?rest_route=%2Fwp%2Fv2%2Fcomments&post=166896"}],"version-history":[{"count":1,"href":"https:\/\/aconteceunovale.com.br\/portal\/index.php?rest_route=\/wp\/v2\/posts\/166896\/revisions"}],"predecessor-version":[{"id":166897,"href":"https:\/\/aconteceunovale.com.br\/portal\/index.php?rest_route=\/wp\/v2\/posts\/166896\/revisions\/166897"}],"wp:featuredmedia":[{"embeddable":true,"href":"https:\/\/aconteceunovale.com.br\/portal\/index.php?rest_route=\/wp\/v2\/media\/42457"}],"wp:attachment":[{"href":"https:\/\/aconteceunovale.com.br\/portal\/index.php?rest_route=%2Fwp%2Fv2%2Fmedia&parent=166896"}],"wp:term":[{"taxonomy":"category","embeddable":true,"href":"https:\/\/aconteceunovale.com.br\/portal\/index.php?rest_route=%2Fwp%2Fv2%2Fcategories&post=166896"},{"taxonomy":"post_tag","embeddable":true,"href":"https:\/\/aconteceunovale.com.br\/portal\/index.php?rest_route=%2Fwp%2Fv2%2Ftags&post=166896"}],"curies":[{"name":"wp","href":"https:\/\/api.w.org\/{rel}","templated":true}]}}