{"id":166893,"date":"2020-08-04T22:02:48","date_gmt":"2020-08-05T01:02:48","guid":{"rendered":"https:\/\/aconteceunovale.com.br\/portal\/?p=166893"},"modified":"2020-08-04T22:03:01","modified_gmt":"2020-08-05T01:03:01","slug":"policia-civil-apura-duplo-homicidio-e-prende-tres-pessoas-no-vale-do-rio-doce","status":"publish","type":"post","link":"https:\/\/aconteceunovale.com.br\/portal\/?p=166893","title":{"rendered":"Pol\u00edcia Civil apura duplo homic\u00eddio e prende tr\u00eas pessoas no Vale do Rio Doce"},"content":{"rendered":"\n<p class=\"wp-block-paragraph\">A Pol\u00edcia Civil de Minas Gerais (PCMG) cumpriu, na manh\u00e3 desta ter\u00e7a-feira (4\/8\/2020), quatro mandados de busca e apreens\u00e3o nas cidades de Ipatinga, Caratinga e Inhapim, na regi\u00e3o do Rio Doce, resultando na pris\u00e3o em flagrante de tr\u00eas homens e na arrecada\u00e7\u00e3o de armas, muni\u00e7\u00f5es e drogas.<\/p>\n\n\n\n<p class=\"wp-block-paragraph\">Um dos presos, de 21 anos, tamb\u00e9m \u00e9 investigado em um duplo homic\u00eddio ocorrido no distrito de S\u00e3o C\u00e2ndido. Contra ele havia mandado de pris\u00e3o tempor\u00e1ria expedido pela Justi\u00e7a em raz\u00e3o desse crime. Os outros dois indiv\u00edduos, de 18 e 52 anos, foram presos por tr\u00e1fico de tr\u00e1fico de drogas, posse ilegal de arma de fogo e corrup\u00e7\u00e3o de menores.<\/p>\n\n\n\n<p class=\"wp-block-paragraph\">No curso dos trabalhos, os policiais apreenderam em im\u00f3veis localizados nos distritos de S\u00e3o C\u00e2ndido, em Caratinga, e no C\u00f3rrego dos Elias, em Inhapim, duas armas de fogo; muni\u00e7\u00f5es; por\u00e7\u00f5es de maconha, coca\u00edna e crack; e a quantia de R$410 em dinheiro.<\/p>\n\n\n\n<figure class=\"wp-block-gallery columns-1 is-cropped wp-block-gallery-1 is-layout-flex wp-block-gallery-is-layout-flex\"><ul class=\"blocks-gallery-grid\"><li class=\"blocks-gallery-item\"><figure><img loading=\"lazy\" decoding=\"async\" width=\"641\" height=\"450\" src=\"https:\/\/aconteceunovale.com.br\/portal\/wp-content\/uploads\/2020\/08\/operacao_rio_doce.jpeg\" alt=\"\" data-id=\"166894\" data-full-url=\"https:\/\/aconteceunovale.com.br\/portal\/wp-content\/uploads\/2020\/08\/operacao_rio_doce.jpeg\" data-link=\"https:\/\/aconteceunovale.com.br\/portal\/?attachment_id=166894\" class=\"wp-image-166894\" srcset=\"https:\/\/aconteceunovale.com.br\/portal\/wp-content\/uploads\/2020\/08\/operacao_rio_doce.jpeg 641w, https:\/\/aconteceunovale.com.br\/portal\/wp-content\/uploads\/2020\/08\/operacao_rio_doce-300x211.jpeg 300w, https:\/\/aconteceunovale.com.br\/portal\/wp-content\/uploads\/2020\/08\/operacao_rio_doce-100x70.jpeg 100w, https:\/\/aconteceunovale.com.br\/portal\/wp-content\/uploads\/2020\/08\/operacao_rio_doce-598x420.jpeg 598w\" sizes=\"auto, (max-width: 641px) 100vw, 641px\" \/><figcaption class=\"blocks-gallery-item__caption\"><em>Foto: Divulga\u00e7\u00e3o\/PCMG<\/em><\/figcaption><\/figure><\/li><\/ul><\/figure>\n\n\n\n<p class=\"wp-block-paragraph\"><strong>Duplo homic\u00eddio<\/strong><\/p>\n\n\n\n<p class=\"wp-block-paragraph\">Os assassinatos ocorreram na noite do dia 29 de junho. Na ocasi\u00e3o, uma das v\u00edtimas, moradora da cidade de Bugre, combinou a venda de uma arma de fogo com o suspeito, morador do distrito de S\u00e3o C\u00e2ndido, em Caratinga.<\/p>\n\n\n\n<p class=\"wp-block-paragraph\">Com o objetivo de atrair a v\u00edtima para uma emboscada, o suspeito combinou de receber a arma naquele munic\u00edpio. Para tanto, a v\u00edtima que anunciou a venda definiu com um segundo homem o pagamento de R$ 40 para lev\u00e1-lo at\u00e9 o endere\u00e7o combinado. Ao chegarem, os dois foram ent\u00e3o rendidos pelo suspeito e, em seguida, torturados e executados.<\/p>\n\n\n\n<p class=\"wp-block-paragraph\">A Pol\u00edcia Civil apurou que o homic\u00eddio teve a participa\u00e7\u00e3o de outros indiv\u00edduos, que est\u00e3o sendo investigados. A motiva\u00e7\u00e3o para o crime seria a vingan\u00e7a de uma organiza\u00e7\u00e3o criminosa contra a v\u00edtima que anunciava a venda do armamento.<\/p>\n\n\n\n<p class=\"has-background has-very-light-gray-background-color wp-block-paragraph\">Quer saber as not\u00edcias do <strong>Aconteceu no Vale<\/strong> em primeira m\u00e3o? Siga-nos no Facebook <a rel=\"noreferrer noopener\" href=\"http:\/\/facebook.com\/aconteceunovale\" target=\"_blank\">@aconteceunovale<\/a>, Twitter <a rel=\"noreferrer noopener\" href=\"https:\/\/twitter.com\/noticiadosvales\" target=\"_blank\">@noticiadosvales<\/a> e Instagram <a rel=\"noreferrer noopener\" href=\"https:\/\/www.instagram.com\/aconteceunovale\" target=\"_blank\">@aconteceunovale<\/a>.<\/p>\n","protected":false},"excerpt":{"rendered":"<p>A Pol\u00edcia Civil de Minas Gerais (PCMG) cumpriu, na manh\u00e3 desta ter\u00e7a-feira (4\/8\/2020), quatro mandados de busca e apreens\u00e3o nas cidades de Ipatinga, Caratinga e Inhapim, na regi\u00e3o do Rio Doce, resultando na pris\u00e3o em flagrante de tr\u00eas homens e na arrecada\u00e7\u00e3o de armas, muni\u00e7\u00f5es e drogas. Um dos presos, de 21 anos, tamb\u00e9m \u00e9 [&hellip;]<\/p>\n","protected":false},"author":1,"featured_media":166894,"comment_status":"open","ping_status":"closed","sticky":false,"template":"","format":"standard","meta":{"amp_status":"","footnotes":""},"categories":[121],"tags":[226834,237,226835,1018,146295,226832,296,201,143994,604,226831,44644,226833,32422],"class_list":["post-166893","post","type-post","status-publish","format-standard","has-post-thumbnail","hentry","category-leste","tag-assassinados-em-caratinga","tag-caratinga","tag-corrego-do-elias","tag-destaque","tag-duplo-homicidio-em-caratinga","tag-duplo-homicidio-em-sao-candido","tag-inhapim","tag-ipatinga","tag-mortos-em-caratinga","tag-pcmg","tag-policia-civil-apura-duplo-homicidio-e-prende-tres-pessoas-no-vale-do-rio-doce","tag-policia-civil-de-minas-gerais","tag-presos-por-duplo-homicidio-em-sao-candido","tag-sao-candido"],"yoast_head":"<!-- This site is optimized with the Yoast SEO plugin v28.3 - https:\/\/yoast.com\/product\/yoast-seo-wordpress\/ -->\n<title>Pol\u00edcia Civil apura duplo homic\u00eddio e prende tr\u00eas pessoas no Vale do Rio Doce - Aconteceu no Vale<\/title>\n<meta name=\"robots\" content=\"index, follow, max-snippet:-1, max-image-preview:large, max-video-preview:-1\" \/>\n<link rel=\"canonical\" href=\"https:\/\/aconteceunovale.com.br\/portal\/?p=166893\" \/>\n<meta property=\"og:locale\" content=\"pt_BR\" \/>\n<meta property=\"og:type\" content=\"article\" \/>\n<meta property=\"og:title\" content=\"Pol\u00edcia Civil apura duplo homic\u00eddio e prende tr\u00eas pessoas no Vale do Rio Doce - Aconteceu no Vale\" \/>\n<meta property=\"og:description\" content=\"A Pol\u00edcia Civil de Minas Gerais (PCMG) cumpriu, na manh\u00e3 desta ter\u00e7a-feira (4\/8\/2020), quatro mandados de busca e apreens\u00e3o nas cidades de Ipatinga, Caratinga e Inhapim, na regi\u00e3o do Rio Doce, resultando na pris\u00e3o em flagrante de tr\u00eas homens e na arrecada\u00e7\u00e3o de armas, muni\u00e7\u00f5es e drogas. Um dos presos, de 21 anos, tamb\u00e9m \u00e9 [&hellip;]\" \/>\n<meta property=\"og:url\" content=\"https:\/\/aconteceunovale.com.br\/portal\/?p=166893\" \/>\n<meta property=\"og:site_name\" content=\"Aconteceu no Vale\" \/>\n<meta property=\"article:publisher\" content=\"https:\/\/www.facebook.com\/aconteceunovale\/\" \/>\n<meta property=\"article:published_time\" content=\"2020-08-05T01:02:48+00:00\" \/>\n<meta property=\"article:modified_time\" content=\"2020-08-05T01:03:01+00:00\" \/>\n<meta property=\"og:image\" content=\"https:\/\/aconteceunovale.com.br\/portal\/wp-content\/uploads\/2020\/08\/operacao_rio_doce.jpeg\" \/>\n\t<meta property=\"og:image:width\" content=\"641\" \/>\n\t<meta property=\"og:image:height\" content=\"450\" \/>\n\t<meta property=\"og:image:type\" content=\"image\/jpeg\" \/>\n<meta name=\"author\" content=\"Aconteceu no Vale\" \/>\n<meta name=\"twitter:card\" content=\"summary_large_image\" \/>\n<meta name=\"twitter:creator\" content=\"@noticiadosvales\" \/>\n<meta name=\"twitter:site\" content=\"@noticiadosvales\" \/>\n<meta name=\"twitter:label1\" content=\"Escrito por\" \/>\n\t<meta name=\"twitter:data1\" content=\"Aconteceu no Vale\" \/>\n\t<meta name=\"twitter:label2\" content=\"Est. tempo de leitura\" \/>\n\t<meta name=\"twitter:data2\" content=\"2 minutos\" \/>\n<script type=\"application\/ld+json\" class=\"yoast-schema-graph\">{\"@context\":\"https:\\\/\\\/schema.org\",\"@graph\":[{\"@type\":\"Article\",\"@id\":\"https:\\\/\\\/aconteceunovale.com.br\\\/portal\\\/?p=166893#article\",\"isPartOf\":{\"@id\":\"https:\\\/\\\/aconteceunovale.com.br\\\/portal\\\/?p=166893\"},\"author\":{\"name\":\"Aconteceu no Vale\",\"@id\":\"https:\\\/\\\/aconteceunovale.com.br\\\/portal\\\/#\\\/schema\\\/person\\\/633529146f2c94272bef50ac2953d589\"},\"headline\":\"Pol\u00edcia Civil apura duplo homic\u00eddio e prende tr\u00eas pessoas no Vale do Rio Doce\",\"datePublished\":\"2020-08-05T01:02:48+00:00\",\"dateModified\":\"2020-08-05T01:03:01+00:00\",\"mainEntityOfPage\":{\"@id\":\"https:\\\/\\\/aconteceunovale.com.br\\\/portal\\\/?p=166893\"},\"wordCount\":369,\"commentCount\":0,\"image\":{\"@id\":\"https:\\\/\\\/aconteceunovale.com.br\\\/portal\\\/?p=166893#primaryimage\"},\"thumbnailUrl\":\"https:\\\/\\\/aconteceunovale.com.br\\\/portal\\\/wp-content\\\/uploads\\\/2020\\\/08\\\/operacao_rio_doce.jpeg\",\"keywords\":[\"Assassinados em Caratinga\",\"Caratinga\",\"C\u00f3rrego do Elias\",\"destaque\",\"Duplo homic\u00eddio em Caratinga\",\"Duplo homic\u00eddio em S\u00e3o C\u00e2ndido\",\"Inhapim\",\"Ipatinga\",\"Mortos em Caratinga\",\"PCMG\",\"Pol\u00edcia Civil apura duplo homic\u00eddio e prende tr\u00eas pessoas no Vale do Rio Doce\",\"Pol\u00edcia Civil de Minas Gerais\",\"Presos por duplo homic\u00eddio em S\u00e3o C\u00e2ndido\",\"S\u00e3o C\u00e2ndido\"],\"articleSection\":[\"Leste de Minas\"],\"inLanguage\":\"pt-BR\",\"potentialAction\":[{\"@type\":\"CommentAction\",\"name\":\"Comment\",\"target\":[\"https:\\\/\\\/aconteceunovale.com.br\\\/portal\\\/?p=166893#respond\"]}]},{\"@type\":\"WebPage\",\"@id\":\"https:\\\/\\\/aconteceunovale.com.br\\\/portal\\\/?p=166893\",\"url\":\"https:\\\/\\\/aconteceunovale.com.br\\\/portal\\\/?p=166893\",\"name\":\"Pol\u00edcia Civil apura duplo homic\u00eddio e prende tr\u00eas pessoas no Vale do Rio Doce - Aconteceu no Vale\",\"isPartOf\":{\"@id\":\"https:\\\/\\\/aconteceunovale.com.br\\\/portal\\\/#website\"},\"primaryImageOfPage\":{\"@id\":\"https:\\\/\\\/aconteceunovale.com.br\\\/portal\\\/?p=166893#primaryimage\"},\"image\":{\"@id\":\"https:\\\/\\\/aconteceunovale.com.br\\\/portal\\\/?p=166893#primaryimage\"},\"thumbnailUrl\":\"https:\\\/\\\/aconteceunovale.com.br\\\/portal\\\/wp-content\\\/uploads\\\/2020\\\/08\\\/operacao_rio_doce.jpeg\",\"datePublished\":\"2020-08-05T01:02:48+00:00\",\"dateModified\":\"2020-08-05T01:03:01+00:00\",\"author\":{\"@id\":\"https:\\\/\\\/aconteceunovale.com.br\\\/portal\\\/#\\\/schema\\\/person\\\/633529146f2c94272bef50ac2953d589\"},\"breadcrumb\":{\"@id\":\"https:\\\/\\\/aconteceunovale.com.br\\\/portal\\\/?p=166893#breadcrumb\"},\"inLanguage\":\"pt-BR\",\"potentialAction\":[{\"@type\":\"ReadAction\",\"target\":[\"https:\\\/\\\/aconteceunovale.com.br\\\/portal\\\/?p=166893\"]}]},{\"@type\":\"ImageObject\",\"inLanguage\":\"pt-BR\",\"@id\":\"https:\\\/\\\/aconteceunovale.com.br\\\/portal\\\/?p=166893#primaryimage\",\"url\":\"https:\\\/\\\/aconteceunovale.com.br\\\/portal\\\/wp-content\\\/uploads\\\/2020\\\/08\\\/operacao_rio_doce.jpeg\",\"contentUrl\":\"https:\\\/\\\/aconteceunovale.com.br\\\/portal\\\/wp-content\\\/uploads\\\/2020\\\/08\\\/operacao_rio_doce.jpeg\",\"width\":641,\"height\":450},{\"@type\":\"BreadcrumbList\",\"@id\":\"https:\\\/\\\/aconteceunovale.com.br\\\/portal\\\/?p=166893#breadcrumb\",\"itemListElement\":[{\"@type\":\"ListItem\",\"position\":1,\"name\":\"In\u00edcio\",\"item\":\"https:\\\/\\\/aconteceunovale.com.br\\\/portal\\\/\"},{\"@type\":\"ListItem\",\"position\":2,\"name\":\"Pol\u00edcia Civil apura duplo homic\u00eddio e prende tr\u00eas pessoas no Vale do Rio Doce\"}]},{\"@type\":\"WebSite\",\"@id\":\"https:\\\/\\\/aconteceunovale.com.br\\\/portal\\\/#website\",\"url\":\"https:\\\/\\\/aconteceunovale.com.br\\\/portal\\\/\",\"name\":\"Aconteceu no Vale\",\"description\":\"Portal de Not\u00edcias\",\"potentialAction\":[{\"@type\":\"SearchAction\",\"target\":{\"@type\":\"EntryPoint\",\"urlTemplate\":\"https:\\\/\\\/aconteceunovale.com.br\\\/portal\\\/?s={search_term_string}\"},\"query-input\":{\"@type\":\"PropertyValueSpecification\",\"valueRequired\":true,\"valueName\":\"search_term_string\"}}],\"inLanguage\":\"pt-BR\"},{\"@type\":\"Person\",\"@id\":\"https:\\\/\\\/aconteceunovale.com.br\\\/portal\\\/#\\\/schema\\\/person\\\/633529146f2c94272bef50ac2953d589\",\"name\":\"Aconteceu no Vale\",\"description\":\"Equipe de reportagem do Aconteceu no Vale, portal de not\u00edcias do Vale do Jequitinhonha, em Minas Gerais. Cobrimos as 51 cidades do Vale desde 2013. Sugest\u00f5es de pauta e pedidos de corre\u00e7\u00e3o: contato@aconteceunovale.com.br\",\"sameAs\":[\"http:\\\/\\\/www.aconteceunovale.com.br\"],\"url\":\"https:\\\/\\\/aconteceunovale.com.br\\\/portal\\\/?author=1\"}]}<\/script>\n<!-- \/ Yoast SEO plugin. -->","yoast_head_json":{"title":"Pol\u00edcia Civil apura duplo homic\u00eddio e prende tr\u00eas pessoas no Vale do Rio Doce - Aconteceu no Vale","robots":{"index":"index","follow":"follow","max-snippet":"max-snippet:-1","max-image-preview":"max-image-preview:large","max-video-preview":"max-video-preview:-1"},"canonical":"https:\/\/aconteceunovale.com.br\/portal\/?p=166893","og_locale":"pt_BR","og_type":"article","og_title":"Pol\u00edcia Civil apura duplo homic\u00eddio e prende tr\u00eas pessoas no Vale do Rio Doce - Aconteceu no Vale","og_description":"A Pol\u00edcia Civil de Minas Gerais (PCMG) cumpriu, na manh\u00e3 desta ter\u00e7a-feira (4\/8\/2020), quatro mandados de busca e apreens\u00e3o nas cidades de Ipatinga, Caratinga e Inhapim, na regi\u00e3o do Rio Doce, resultando na pris\u00e3o em flagrante de tr\u00eas homens e na arrecada\u00e7\u00e3o de armas, muni\u00e7\u00f5es e drogas. Um dos presos, de 21 anos, tamb\u00e9m \u00e9 [&hellip;]","og_url":"https:\/\/aconteceunovale.com.br\/portal\/?p=166893","og_site_name":"Aconteceu no Vale","article_publisher":"https:\/\/www.facebook.com\/aconteceunovale\/","article_published_time":"2020-08-05T01:02:48+00:00","article_modified_time":"2020-08-05T01:03:01+00:00","og_image":[{"width":641,"height":450,"url":"https:\/\/aconteceunovale.com.br\/portal\/wp-content\/uploads\/2020\/08\/operacao_rio_doce.jpeg","type":"image\/jpeg"}],"author":"Aconteceu no Vale","twitter_card":"summary_large_image","twitter_creator":"@noticiadosvales","twitter_site":"@noticiadosvales","twitter_misc":{"Escrito por":"Aconteceu no Vale","Est. tempo de leitura":"2 minutos"},"schema":{"@context":"https:\/\/schema.org","@graph":[{"@type":"Article","@id":"https:\/\/aconteceunovale.com.br\/portal\/?p=166893#article","isPartOf":{"@id":"https:\/\/aconteceunovale.com.br\/portal\/?p=166893"},"author":{"name":"Aconteceu no Vale","@id":"https:\/\/aconteceunovale.com.br\/portal\/#\/schema\/person\/633529146f2c94272bef50ac2953d589"},"headline":"Pol\u00edcia Civil apura duplo homic\u00eddio e prende tr\u00eas pessoas no Vale do Rio Doce","datePublished":"2020-08-05T01:02:48+00:00","dateModified":"2020-08-05T01:03:01+00:00","mainEntityOfPage":{"@id":"https:\/\/aconteceunovale.com.br\/portal\/?p=166893"},"wordCount":369,"commentCount":0,"image":{"@id":"https:\/\/aconteceunovale.com.br\/portal\/?p=166893#primaryimage"},"thumbnailUrl":"https:\/\/aconteceunovale.com.br\/portal\/wp-content\/uploads\/2020\/08\/operacao_rio_doce.jpeg","keywords":["Assassinados em Caratinga","Caratinga","C\u00f3rrego do Elias","destaque","Duplo homic\u00eddio em Caratinga","Duplo homic\u00eddio em S\u00e3o C\u00e2ndido","Inhapim","Ipatinga","Mortos em Caratinga","PCMG","Pol\u00edcia Civil apura duplo homic\u00eddio e prende tr\u00eas pessoas no Vale do Rio Doce","Pol\u00edcia Civil de Minas Gerais","Presos por duplo homic\u00eddio em S\u00e3o C\u00e2ndido","S\u00e3o C\u00e2ndido"],"articleSection":["Leste de Minas"],"inLanguage":"pt-BR","potentialAction":[{"@type":"CommentAction","name":"Comment","target":["https:\/\/aconteceunovale.com.br\/portal\/?p=166893#respond"]}]},{"@type":"WebPage","@id":"https:\/\/aconteceunovale.com.br\/portal\/?p=166893","url":"https:\/\/aconteceunovale.com.br\/portal\/?p=166893","name":"Pol\u00edcia Civil apura duplo homic\u00eddio e prende tr\u00eas pessoas no Vale do Rio Doce - Aconteceu no Vale","isPartOf":{"@id":"https:\/\/aconteceunovale.com.br\/portal\/#website"},"primaryImageOfPage":{"@id":"https:\/\/aconteceunovale.com.br\/portal\/?p=166893#primaryimage"},"image":{"@id":"https:\/\/aconteceunovale.com.br\/portal\/?p=166893#primaryimage"},"thumbnailUrl":"https:\/\/aconteceunovale.com.br\/portal\/wp-content\/uploads\/2020\/08\/operacao_rio_doce.jpeg","datePublished":"2020-08-05T01:02:48+00:00","dateModified":"2020-08-05T01:03:01+00:00","author":{"@id":"https:\/\/aconteceunovale.com.br\/portal\/#\/schema\/person\/633529146f2c94272bef50ac2953d589"},"breadcrumb":{"@id":"https:\/\/aconteceunovale.com.br\/portal\/?p=166893#breadcrumb"},"inLanguage":"pt-BR","potentialAction":[{"@type":"ReadAction","target":["https:\/\/aconteceunovale.com.br\/portal\/?p=166893"]}]},{"@type":"ImageObject","inLanguage":"pt-BR","@id":"https:\/\/aconteceunovale.com.br\/portal\/?p=166893#primaryimage","url":"https:\/\/aconteceunovale.com.br\/portal\/wp-content\/uploads\/2020\/08\/operacao_rio_doce.jpeg","contentUrl":"https:\/\/aconteceunovale.com.br\/portal\/wp-content\/uploads\/2020\/08\/operacao_rio_doce.jpeg","width":641,"height":450},{"@type":"BreadcrumbList","@id":"https:\/\/aconteceunovale.com.br\/portal\/?p=166893#breadcrumb","itemListElement":[{"@type":"ListItem","position":1,"name":"In\u00edcio","item":"https:\/\/aconteceunovale.com.br\/portal\/"},{"@type":"ListItem","position":2,"name":"Pol\u00edcia Civil apura duplo homic\u00eddio e prende tr\u00eas pessoas no Vale do Rio Doce"}]},{"@type":"WebSite","@id":"https:\/\/aconteceunovale.com.br\/portal\/#website","url":"https:\/\/aconteceunovale.com.br\/portal\/","name":"Aconteceu no Vale","description":"Portal de Not\u00edcias","potentialAction":[{"@type":"SearchAction","target":{"@type":"EntryPoint","urlTemplate":"https:\/\/aconteceunovale.com.br\/portal\/?s={search_term_string}"},"query-input":{"@type":"PropertyValueSpecification","valueRequired":true,"valueName":"search_term_string"}}],"inLanguage":"pt-BR"},{"@type":"Person","@id":"https:\/\/aconteceunovale.com.br\/portal\/#\/schema\/person\/633529146f2c94272bef50ac2953d589","name":"Aconteceu no Vale","description":"Equipe de reportagem do Aconteceu no Vale, portal de not\u00edcias do Vale do Jequitinhonha, em Minas Gerais. Cobrimos as 51 cidades do Vale desde 2013. Sugest\u00f5es de pauta e pedidos de corre\u00e7\u00e3o: contato@aconteceunovale.com.br","sameAs":["http:\/\/www.aconteceunovale.com.br"],"url":"https:\/\/aconteceunovale.com.br\/portal\/?author=1"}]}},"_links":{"self":[{"href":"https:\/\/aconteceunovale.com.br\/portal\/index.php?rest_route=\/wp\/v2\/posts\/166893","targetHints":{"allow":["GET"]}}],"collection":[{"href":"https:\/\/aconteceunovale.com.br\/portal\/index.php?rest_route=\/wp\/v2\/posts"}],"about":[{"href":"https:\/\/aconteceunovale.com.br\/portal\/index.php?rest_route=\/wp\/v2\/types\/post"}],"author":[{"embeddable":true,"href":"https:\/\/aconteceunovale.com.br\/portal\/index.php?rest_route=\/wp\/v2\/users\/1"}],"replies":[{"embeddable":true,"href":"https:\/\/aconteceunovale.com.br\/portal\/index.php?rest_route=%2Fwp%2Fv2%2Fcomments&post=166893"}],"version-history":[{"count":1,"href":"https:\/\/aconteceunovale.com.br\/portal\/index.php?rest_route=\/wp\/v2\/posts\/166893\/revisions"}],"predecessor-version":[{"id":166895,"href":"https:\/\/aconteceunovale.com.br\/portal\/index.php?rest_route=\/wp\/v2\/posts\/166893\/revisions\/166895"}],"wp:featuredmedia":[{"embeddable":true,"href":"https:\/\/aconteceunovale.com.br\/portal\/index.php?rest_route=\/wp\/v2\/media\/166894"}],"wp:attachment":[{"href":"https:\/\/aconteceunovale.com.br\/portal\/index.php?rest_route=%2Fwp%2Fv2%2Fmedia&parent=166893"}],"wp:term":[{"taxonomy":"category","embeddable":true,"href":"https:\/\/aconteceunovale.com.br\/portal\/index.php?rest_route=%2Fwp%2Fv2%2Fcategories&post=166893"},{"taxonomy":"post_tag","embeddable":true,"href":"https:\/\/aconteceunovale.com.br\/portal\/index.php?rest_route=%2Fwp%2Fv2%2Ftags&post=166893"}],"curies":[{"name":"wp","href":"https:\/\/api.w.org\/{rel}","templated":true}]}}