{"id":166891,"date":"2020-08-04T21:54:42","date_gmt":"2020-08-05T00:54:42","guid":{"rendered":"https:\/\/aconteceunovale.com.br\/portal\/?p=166891"},"modified":"2020-08-04T21:54:59","modified_gmt":"2020-08-05T00:54:59","slug":"suspeito-de-estuprar-criancas-e-preso-em-santa-maria-do-suacui","status":"publish","type":"post","link":"https:\/\/aconteceunovale.com.br\/portal\/?p=166891","title":{"rendered":"Suspeito de estuprar crian\u00e7as \u00e9 preso em Santa Maria do Sua\u00e7u\u00ed"},"content":{"rendered":"\n<p class=\"wp-block-paragraph\">A Pol\u00edcia Civil de Minas Gerais (PCMG) prendeu um homem, de 57 anos, apontado como respons\u00e1vel por estuprar a pr\u00f3pria sobrinha durante quatro anos. A v\u00edtima contava apenas com nove anos \u00e0 \u00e9poca do in\u00edcio dos abusos. A pris\u00e3o ocorreu na manh\u00e3 desta ter\u00e7a-feira (4\/8\/2020) como desdobramento da opera\u00e7\u00e3o \u201cInf\u00e2ncia Roubada\u201d, desencadeada em Santa Maria do Sua\u00e7u\u00ed, na regi\u00e3o do Rio Doce.<\/p>\n\n\n\n<p class=\"wp-block-paragraph\">As investiga\u00e7\u00f5es indicaram, ainda, que o suspeito teria feito v\u00e1rias v\u00edtimas na regi\u00e3o, todas do sexo feminino, sendo que at\u00e9 a pr\u00f3pria enteada de tr\u00eas anos de idade teria sido abusada no in\u00edcio do m\u00eas passado.<\/p>\n\n\n\n<p class=\"wp-block-paragraph\">Durante os trabalhos de apura\u00e7\u00e3o, segundo a PCMG, foi constatado que o suspeito aproveitava de momentos de descuido das m\u00e3es das v\u00edtimas para praticar os crimes. Todas as v\u00edtimas relatadas no inqu\u00e9rito s\u00e3o pessoas pr\u00f3ximas do indiv\u00edduo e costumavam frequentar a casa dele.<\/p>\n\n\n\n<p class=\"wp-block-paragraph\">Ap\u00f3s a pris\u00e3o do suspeito, outras mulheres procuraram a Pol\u00edcia para relatar que tamb\u00e9m foram v\u00edtimas de abusos sexuais cometidos pelo mesmo indiv\u00edduo.<\/p>\n\n\n\n<p class=\"wp-block-paragraph\">Ap\u00f3s formaliza\u00e7\u00e3o da pris\u00e3o, o investigado foi encaminhado ao Sistema Prisional.<\/p>\n\n\n\n<p class=\"has-background has-very-light-gray-background-color wp-block-paragraph\">Quer saber as not\u00edcias do <strong>Aconteceu no Vale<\/strong> em primeira m\u00e3o? Siga-nos no Facebook <a rel=\"noreferrer noopener\" href=\"http:\/\/facebook.com\/aconteceunovale\" target=\"_blank\">@aconteceunovale<\/a>, Twitter <a rel=\"noreferrer noopener\" href=\"https:\/\/twitter.com\/noticiadosvales\" target=\"_blank\">@noticiadosvales<\/a> e Instagram <a rel=\"noreferrer noopener\" href=\"https:\/\/www.instagram.com\/aconteceunovale\" target=\"_blank\">@aconteceunovale<\/a>.<\/p>\n","protected":false},"excerpt":{"rendered":"<p>A Pol\u00edcia Civil de Minas Gerais (PCMG) prendeu um homem, de 57 anos, apontado como respons\u00e1vel por estuprar a pr\u00f3pria sobrinha durante quatro anos. A v\u00edtima contava apenas com nove anos \u00e0 \u00e9poca do in\u00edcio dos abusos. A pris\u00e3o ocorreu na manh\u00e3 desta ter\u00e7a-feira (4\/8\/2020) como desdobramento da opera\u00e7\u00e3o \u201cInf\u00e2ncia Roubada\u201d, desencadeada em Santa Maria [&hellip;]<\/p>\n","protected":false},"author":1,"featured_media":151866,"comment_status":"open","ping_status":"closed","sticky":false,"template":"","format":"standard","meta":{"amp_status":"","footnotes":""},"categories":[121],"tags":[226827,1018,226829,226830,604,226826,44644,221026,222980,173378,226828,240,226825],"class_list":["post-166891","post","type-post","status-publish","format-standard","has-post-thumbnail","hentry","category-leste","tag-criancas-estupradas-em-santa-maria-do-suacui","tag-destaque","tag-estuprador-preso-em-santa-maria-do-suacui","tag-operacao-infancia-roubada-em-santa-maria-do-suacui","tag-pcmg","tag-pedofilo-preso-em-santa-maria-do-suacui","tag-policia-civil-de-minas-gerais","tag-preso-em-santa-maria-do-suacui","tag-preso-por-estuprar-criancas-em-santa-maria-do-suacui","tag-preso-por-estupro-em-santa-maria-do-suacui","tag-prisao-de-estuprador-em-santa-maria-do-suacui","tag-santa-maria-do-suacui","tag-suspeito-de-estuprar-criancas-e-preso-em-santa-maria-do-suacui"],"yoast_head":"<!-- This site is optimized with the Yoast SEO plugin v28.3 - https:\/\/yoast.com\/product\/yoast-seo-wordpress\/ -->\n<title>Suspeito de estuprar crian\u00e7as \u00e9 preso em Santa Maria do Sua\u00e7u\u00ed - Aconteceu no Vale<\/title>\n<meta name=\"robots\" content=\"index, follow, max-snippet:-1, max-image-preview:large, max-video-preview:-1\" \/>\n<link rel=\"canonical\" href=\"https:\/\/aconteceunovale.com.br\/portal\/?p=166891\" \/>\n<meta property=\"og:locale\" content=\"pt_BR\" \/>\n<meta property=\"og:type\" content=\"article\" \/>\n<meta property=\"og:title\" content=\"Suspeito de estuprar crian\u00e7as \u00e9 preso em Santa Maria do Sua\u00e7u\u00ed - Aconteceu no Vale\" \/>\n<meta property=\"og:description\" content=\"A Pol\u00edcia Civil de Minas Gerais (PCMG) prendeu um homem, de 57 anos, apontado como respons\u00e1vel por estuprar a pr\u00f3pria sobrinha durante quatro anos. A v\u00edtima contava apenas com nove anos \u00e0 \u00e9poca do in\u00edcio dos abusos. A pris\u00e3o ocorreu na manh\u00e3 desta ter\u00e7a-feira (4\/8\/2020) como desdobramento da opera\u00e7\u00e3o \u201cInf\u00e2ncia Roubada\u201d, desencadeada em Santa Maria [&hellip;]\" \/>\n<meta property=\"og:url\" content=\"https:\/\/aconteceunovale.com.br\/portal\/?p=166891\" \/>\n<meta property=\"og:site_name\" content=\"Aconteceu no Vale\" \/>\n<meta property=\"article:publisher\" content=\"https:\/\/www.facebook.com\/aconteceunovale\/\" \/>\n<meta property=\"article:published_time\" content=\"2020-08-05T00:54:42+00:00\" \/>\n<meta property=\"article:modified_time\" content=\"2020-08-05T00:54:59+00:00\" \/>\n<meta property=\"og:image\" content=\"https:\/\/aconteceunovale.com.br\/portal\/wp-content\/uploads\/2019\/08\/plantao_giroflex.jpg\" \/>\n\t<meta property=\"og:image:width\" content=\"678\" \/>\n\t<meta property=\"og:image:height\" content=\"430\" \/>\n\t<meta property=\"og:image:type\" content=\"image\/jpeg\" \/>\n<meta name=\"author\" content=\"Aconteceu no Vale\" \/>\n<meta name=\"twitter:card\" content=\"summary_large_image\" \/>\n<meta name=\"twitter:creator\" content=\"@noticiadosvales\" \/>\n<meta name=\"twitter:site\" content=\"@noticiadosvales\" \/>\n<meta name=\"twitter:label1\" content=\"Escrito por\" \/>\n\t<meta name=\"twitter:data1\" content=\"Aconteceu no Vale\" \/>\n\t<meta name=\"twitter:label2\" content=\"Est. tempo de leitura\" \/>\n\t<meta name=\"twitter:data2\" content=\"1 minuto\" \/>\n<script type=\"application\/ld+json\" class=\"yoast-schema-graph\">{\"@context\":\"https:\\\/\\\/schema.org\",\"@graph\":[{\"@type\":\"Article\",\"@id\":\"https:\\\/\\\/aconteceunovale.com.br\\\/portal\\\/?p=166891#article\",\"isPartOf\":{\"@id\":\"https:\\\/\\\/aconteceunovale.com.br\\\/portal\\\/?p=166891\"},\"author\":{\"name\":\"Aconteceu no Vale\",\"@id\":\"https:\\\/\\\/aconteceunovale.com.br\\\/portal\\\/#\\\/schema\\\/person\\\/633529146f2c94272bef50ac2953d589\"},\"headline\":\"Suspeito de estuprar crian\u00e7as \u00e9 preso em Santa Maria do Sua\u00e7u\u00ed\",\"datePublished\":\"2020-08-05T00:54:42+00:00\",\"dateModified\":\"2020-08-05T00:54:59+00:00\",\"mainEntityOfPage\":{\"@id\":\"https:\\\/\\\/aconteceunovale.com.br\\\/portal\\\/?p=166891\"},\"wordCount\":242,\"commentCount\":0,\"image\":{\"@id\":\"https:\\\/\\\/aconteceunovale.com.br\\\/portal\\\/?p=166891#primaryimage\"},\"thumbnailUrl\":\"https:\\\/\\\/aconteceunovale.com.br\\\/portal\\\/wp-content\\\/uploads\\\/2019\\\/08\\\/plantao_giroflex.jpg\",\"keywords\":[\"Crian\u00e7as estupradas em Santa Maria do Sua\u00e7u\u00ed\",\"destaque\",\"Estuprador preso em Santa Maria do Sua\u00e7u\u00ed\",\"Opera\u00e7\u00e3o Inf\u00e2ncia Roubada em Santa Maria do Sua\u00e7u\u00ed\",\"PCMG\",\"Ped\u00f3filo preso em Santa Maria do Sua\u00e7u\u00ed\",\"Pol\u00edcia Civil de Minas Gerais\",\"Preso em Santa Maria do Sua\u00e7u\u00ed\",\"Preso por estuprar crian\u00e7as em Santa Maria do Sua\u00e7u\u00ed\",\"Preso por estupro em Santa Maria do Sua\u00e7u\u00ed\",\"Pris\u00e3o de estuprador em Santa Maria do Sua\u00e7u\u00ed\",\"Santa Maria do Sua\u00e7u\u00ed\",\"Suspeito de estuprar crian\u00e7as \u00e9 preso em Santa Maria do Sua\u00e7u\u00ed\"],\"articleSection\":[\"Leste de Minas\"],\"inLanguage\":\"pt-BR\",\"potentialAction\":[{\"@type\":\"CommentAction\",\"name\":\"Comment\",\"target\":[\"https:\\\/\\\/aconteceunovale.com.br\\\/portal\\\/?p=166891#respond\"]}]},{\"@type\":\"WebPage\",\"@id\":\"https:\\\/\\\/aconteceunovale.com.br\\\/portal\\\/?p=166891\",\"url\":\"https:\\\/\\\/aconteceunovale.com.br\\\/portal\\\/?p=166891\",\"name\":\"Suspeito de estuprar crian\u00e7as \u00e9 preso em Santa Maria do Sua\u00e7u\u00ed - Aconteceu no Vale\",\"isPartOf\":{\"@id\":\"https:\\\/\\\/aconteceunovale.com.br\\\/portal\\\/#website\"},\"primaryImageOfPage\":{\"@id\":\"https:\\\/\\\/aconteceunovale.com.br\\\/portal\\\/?p=166891#primaryimage\"},\"image\":{\"@id\":\"https:\\\/\\\/aconteceunovale.com.br\\\/portal\\\/?p=166891#primaryimage\"},\"thumbnailUrl\":\"https:\\\/\\\/aconteceunovale.com.br\\\/portal\\\/wp-content\\\/uploads\\\/2019\\\/08\\\/plantao_giroflex.jpg\",\"datePublished\":\"2020-08-05T00:54:42+00:00\",\"dateModified\":\"2020-08-05T00:54:59+00:00\",\"author\":{\"@id\":\"https:\\\/\\\/aconteceunovale.com.br\\\/portal\\\/#\\\/schema\\\/person\\\/633529146f2c94272bef50ac2953d589\"},\"breadcrumb\":{\"@id\":\"https:\\\/\\\/aconteceunovale.com.br\\\/portal\\\/?p=166891#breadcrumb\"},\"inLanguage\":\"pt-BR\",\"potentialAction\":[{\"@type\":\"ReadAction\",\"target\":[\"https:\\\/\\\/aconteceunovale.com.br\\\/portal\\\/?p=166891\"]}]},{\"@type\":\"ImageObject\",\"inLanguage\":\"pt-BR\",\"@id\":\"https:\\\/\\\/aconteceunovale.com.br\\\/portal\\\/?p=166891#primaryimage\",\"url\":\"https:\\\/\\\/aconteceunovale.com.br\\\/portal\\\/wp-content\\\/uploads\\\/2019\\\/08\\\/plantao_giroflex.jpg\",\"contentUrl\":\"https:\\\/\\\/aconteceunovale.com.br\\\/portal\\\/wp-content\\\/uploads\\\/2019\\\/08\\\/plantao_giroflex.jpg\",\"width\":678,\"height\":430},{\"@type\":\"BreadcrumbList\",\"@id\":\"https:\\\/\\\/aconteceunovale.com.br\\\/portal\\\/?p=166891#breadcrumb\",\"itemListElement\":[{\"@type\":\"ListItem\",\"position\":1,\"name\":\"In\u00edcio\",\"item\":\"https:\\\/\\\/aconteceunovale.com.br\\\/portal\\\/\"},{\"@type\":\"ListItem\",\"position\":2,\"name\":\"Suspeito de estuprar crian\u00e7as \u00e9 preso em Santa Maria do Sua\u00e7u\u00ed\"}]},{\"@type\":\"WebSite\",\"@id\":\"https:\\\/\\\/aconteceunovale.com.br\\\/portal\\\/#website\",\"url\":\"https:\\\/\\\/aconteceunovale.com.br\\\/portal\\\/\",\"name\":\"Aconteceu no Vale\",\"description\":\"Portal de Not\u00edcias\",\"potentialAction\":[{\"@type\":\"SearchAction\",\"target\":{\"@type\":\"EntryPoint\",\"urlTemplate\":\"https:\\\/\\\/aconteceunovale.com.br\\\/portal\\\/?s={search_term_string}\"},\"query-input\":{\"@type\":\"PropertyValueSpecification\",\"valueRequired\":true,\"valueName\":\"search_term_string\"}}],\"inLanguage\":\"pt-BR\"},{\"@type\":\"Person\",\"@id\":\"https:\\\/\\\/aconteceunovale.com.br\\\/portal\\\/#\\\/schema\\\/person\\\/633529146f2c94272bef50ac2953d589\",\"name\":\"Aconteceu no Vale\",\"description\":\"Equipe de reportagem do Aconteceu no Vale, portal de not\u00edcias do Vale do Jequitinhonha, em Minas Gerais. Cobrimos as 51 cidades do Vale desde 2013. Sugest\u00f5es de pauta e pedidos de corre\u00e7\u00e3o: contato@aconteceunovale.com.br\",\"sameAs\":[\"http:\\\/\\\/www.aconteceunovale.com.br\"],\"url\":\"https:\\\/\\\/aconteceunovale.com.br\\\/portal\\\/?author=1\"}]}<\/script>\n<!-- \/ Yoast SEO plugin. -->","yoast_head_json":{"title":"Suspeito de estuprar crian\u00e7as \u00e9 preso em Santa Maria do Sua\u00e7u\u00ed - Aconteceu no Vale","robots":{"index":"index","follow":"follow","max-snippet":"max-snippet:-1","max-image-preview":"max-image-preview:large","max-video-preview":"max-video-preview:-1"},"canonical":"https:\/\/aconteceunovale.com.br\/portal\/?p=166891","og_locale":"pt_BR","og_type":"article","og_title":"Suspeito de estuprar crian\u00e7as \u00e9 preso em Santa Maria do Sua\u00e7u\u00ed - Aconteceu no Vale","og_description":"A Pol\u00edcia Civil de Minas Gerais (PCMG) prendeu um homem, de 57 anos, apontado como respons\u00e1vel por estuprar a pr\u00f3pria sobrinha durante quatro anos. A v\u00edtima contava apenas com nove anos \u00e0 \u00e9poca do in\u00edcio dos abusos. A pris\u00e3o ocorreu na manh\u00e3 desta ter\u00e7a-feira (4\/8\/2020) como desdobramento da opera\u00e7\u00e3o \u201cInf\u00e2ncia Roubada\u201d, desencadeada em Santa Maria [&hellip;]","og_url":"https:\/\/aconteceunovale.com.br\/portal\/?p=166891","og_site_name":"Aconteceu no Vale","article_publisher":"https:\/\/www.facebook.com\/aconteceunovale\/","article_published_time":"2020-08-05T00:54:42+00:00","article_modified_time":"2020-08-05T00:54:59+00:00","og_image":[{"width":678,"height":430,"url":"https:\/\/aconteceunovale.com.br\/portal\/wp-content\/uploads\/2019\/08\/plantao_giroflex.jpg","type":"image\/jpeg"}],"author":"Aconteceu no Vale","twitter_card":"summary_large_image","twitter_creator":"@noticiadosvales","twitter_site":"@noticiadosvales","twitter_misc":{"Escrito por":"Aconteceu no Vale","Est. tempo de leitura":"1 minuto"},"schema":{"@context":"https:\/\/schema.org","@graph":[{"@type":"Article","@id":"https:\/\/aconteceunovale.com.br\/portal\/?p=166891#article","isPartOf":{"@id":"https:\/\/aconteceunovale.com.br\/portal\/?p=166891"},"author":{"name":"Aconteceu no Vale","@id":"https:\/\/aconteceunovale.com.br\/portal\/#\/schema\/person\/633529146f2c94272bef50ac2953d589"},"headline":"Suspeito de estuprar crian\u00e7as \u00e9 preso em Santa Maria do Sua\u00e7u\u00ed","datePublished":"2020-08-05T00:54:42+00:00","dateModified":"2020-08-05T00:54:59+00:00","mainEntityOfPage":{"@id":"https:\/\/aconteceunovale.com.br\/portal\/?p=166891"},"wordCount":242,"commentCount":0,"image":{"@id":"https:\/\/aconteceunovale.com.br\/portal\/?p=166891#primaryimage"},"thumbnailUrl":"https:\/\/aconteceunovale.com.br\/portal\/wp-content\/uploads\/2019\/08\/plantao_giroflex.jpg","keywords":["Crian\u00e7as estupradas em Santa Maria do Sua\u00e7u\u00ed","destaque","Estuprador preso em Santa Maria do Sua\u00e7u\u00ed","Opera\u00e7\u00e3o Inf\u00e2ncia Roubada em Santa Maria do Sua\u00e7u\u00ed","PCMG","Ped\u00f3filo preso em Santa Maria do Sua\u00e7u\u00ed","Pol\u00edcia Civil de Minas Gerais","Preso em Santa Maria do Sua\u00e7u\u00ed","Preso por estuprar crian\u00e7as em Santa Maria do Sua\u00e7u\u00ed","Preso por estupro em Santa Maria do Sua\u00e7u\u00ed","Pris\u00e3o de estuprador em Santa Maria do Sua\u00e7u\u00ed","Santa Maria do Sua\u00e7u\u00ed","Suspeito de estuprar crian\u00e7as \u00e9 preso em Santa Maria do Sua\u00e7u\u00ed"],"articleSection":["Leste de Minas"],"inLanguage":"pt-BR","potentialAction":[{"@type":"CommentAction","name":"Comment","target":["https:\/\/aconteceunovale.com.br\/portal\/?p=166891#respond"]}]},{"@type":"WebPage","@id":"https:\/\/aconteceunovale.com.br\/portal\/?p=166891","url":"https:\/\/aconteceunovale.com.br\/portal\/?p=166891","name":"Suspeito de estuprar crian\u00e7as \u00e9 preso em Santa Maria do Sua\u00e7u\u00ed - Aconteceu no Vale","isPartOf":{"@id":"https:\/\/aconteceunovale.com.br\/portal\/#website"},"primaryImageOfPage":{"@id":"https:\/\/aconteceunovale.com.br\/portal\/?p=166891#primaryimage"},"image":{"@id":"https:\/\/aconteceunovale.com.br\/portal\/?p=166891#primaryimage"},"thumbnailUrl":"https:\/\/aconteceunovale.com.br\/portal\/wp-content\/uploads\/2019\/08\/plantao_giroflex.jpg","datePublished":"2020-08-05T00:54:42+00:00","dateModified":"2020-08-05T00:54:59+00:00","author":{"@id":"https:\/\/aconteceunovale.com.br\/portal\/#\/schema\/person\/633529146f2c94272bef50ac2953d589"},"breadcrumb":{"@id":"https:\/\/aconteceunovale.com.br\/portal\/?p=166891#breadcrumb"},"inLanguage":"pt-BR","potentialAction":[{"@type":"ReadAction","target":["https:\/\/aconteceunovale.com.br\/portal\/?p=166891"]}]},{"@type":"ImageObject","inLanguage":"pt-BR","@id":"https:\/\/aconteceunovale.com.br\/portal\/?p=166891#primaryimage","url":"https:\/\/aconteceunovale.com.br\/portal\/wp-content\/uploads\/2019\/08\/plantao_giroflex.jpg","contentUrl":"https:\/\/aconteceunovale.com.br\/portal\/wp-content\/uploads\/2019\/08\/plantao_giroflex.jpg","width":678,"height":430},{"@type":"BreadcrumbList","@id":"https:\/\/aconteceunovale.com.br\/portal\/?p=166891#breadcrumb","itemListElement":[{"@type":"ListItem","position":1,"name":"In\u00edcio","item":"https:\/\/aconteceunovale.com.br\/portal\/"},{"@type":"ListItem","position":2,"name":"Suspeito de estuprar crian\u00e7as \u00e9 preso em Santa Maria do Sua\u00e7u\u00ed"}]},{"@type":"WebSite","@id":"https:\/\/aconteceunovale.com.br\/portal\/#website","url":"https:\/\/aconteceunovale.com.br\/portal\/","name":"Aconteceu no Vale","description":"Portal de Not\u00edcias","potentialAction":[{"@type":"SearchAction","target":{"@type":"EntryPoint","urlTemplate":"https:\/\/aconteceunovale.com.br\/portal\/?s={search_term_string}"},"query-input":{"@type":"PropertyValueSpecification","valueRequired":true,"valueName":"search_term_string"}}],"inLanguage":"pt-BR"},{"@type":"Person","@id":"https:\/\/aconteceunovale.com.br\/portal\/#\/schema\/person\/633529146f2c94272bef50ac2953d589","name":"Aconteceu no Vale","description":"Equipe de reportagem do Aconteceu no Vale, portal de not\u00edcias do Vale do Jequitinhonha, em Minas Gerais. Cobrimos as 51 cidades do Vale desde 2013. Sugest\u00f5es de pauta e pedidos de corre\u00e7\u00e3o: contato@aconteceunovale.com.br","sameAs":["http:\/\/www.aconteceunovale.com.br"],"url":"https:\/\/aconteceunovale.com.br\/portal\/?author=1"}]}},"_links":{"self":[{"href":"https:\/\/aconteceunovale.com.br\/portal\/index.php?rest_route=\/wp\/v2\/posts\/166891","targetHints":{"allow":["GET"]}}],"collection":[{"href":"https:\/\/aconteceunovale.com.br\/portal\/index.php?rest_route=\/wp\/v2\/posts"}],"about":[{"href":"https:\/\/aconteceunovale.com.br\/portal\/index.php?rest_route=\/wp\/v2\/types\/post"}],"author":[{"embeddable":true,"href":"https:\/\/aconteceunovale.com.br\/portal\/index.php?rest_route=\/wp\/v2\/users\/1"}],"replies":[{"embeddable":true,"href":"https:\/\/aconteceunovale.com.br\/portal\/index.php?rest_route=%2Fwp%2Fv2%2Fcomments&post=166891"}],"version-history":[{"count":1,"href":"https:\/\/aconteceunovale.com.br\/portal\/index.php?rest_route=\/wp\/v2\/posts\/166891\/revisions"}],"predecessor-version":[{"id":166892,"href":"https:\/\/aconteceunovale.com.br\/portal\/index.php?rest_route=\/wp\/v2\/posts\/166891\/revisions\/166892"}],"wp:featuredmedia":[{"embeddable":true,"href":"https:\/\/aconteceunovale.com.br\/portal\/index.php?rest_route=\/wp\/v2\/media\/151866"}],"wp:attachment":[{"href":"https:\/\/aconteceunovale.com.br\/portal\/index.php?rest_route=%2Fwp%2Fv2%2Fmedia&parent=166891"}],"wp:term":[{"taxonomy":"category","embeddable":true,"href":"https:\/\/aconteceunovale.com.br\/portal\/index.php?rest_route=%2Fwp%2Fv2%2Fcategories&post=166891"},{"taxonomy":"post_tag","embeddable":true,"href":"https:\/\/aconteceunovale.com.br\/portal\/index.php?rest_route=%2Fwp%2Fv2%2Ftags&post=166891"}],"curies":[{"name":"wp","href":"https:\/\/api.w.org\/{rel}","templated":true}]}}