{"id":166887,"date":"2020-08-04T21:03:11","date_gmt":"2020-08-05T00:03:11","guid":{"rendered":"https:\/\/aconteceunovale.com.br\/portal\/?p=166887"},"modified":"2020-08-04T22:48:08","modified_gmt":"2020-08-05T01:48:08","slug":"itamaraty-acompanha-situacao-de-brasileiros-em-beirute","status":"publish","type":"post","link":"https:\/\/aconteceunovale.com.br\/portal\/?p=166887","title":{"rendered":"Itamaraty acompanha situa\u00e7\u00e3o de brasileiros em Beirute"},"content":{"rendered":"\n<p class=\"wp-block-paragraph\">O Minist\u00e9rio das Rela\u00e7\u00f5es Exteriores (MRE) emitiu nota oficial nesta ter\u00e7a-feira (4\/8\/2020) em que manifesta solidariedade ao povo e ao governo do L\u00edbano ap\u00f3s uma&nbsp;grande explos\u00e3o&nbsp;ter ocorrido em um armaz\u00e9m na regi\u00e3o portu\u00e1ria de Beirute, capital do pa\u00eds, que fica no Oriente M\u00e9dio, \u00e0 beira do Mar Mediterr\u00e2neo. Autoridades locais&nbsp;apontam mais de 50 mortos&nbsp;e milhares de feridos, mas esse n\u00famero deve crescer nas pr\u00f3ximas horas.&nbsp;<\/p>\n\n\n\n<p class=\"wp-block-paragraph\">De acordo com o Itamaraty, &#8220;n\u00e3o h\u00e1, at\u00e9 o momento, not\u00edcia de cidad\u00e3os brasileiros mortos ou gravemente feridos&#8221;. A pasta acompanha a situa\u00e7\u00e3o por meio da embaixada brasileira no pa\u00eds, cuja sede fica a cerca de 8 quil\u00f4metros da zona onde ocorreu a explos\u00e3o. Tamb\u00e9m foram disponibilizados n\u00fameros de telefone e&nbsp;<em>e-mail<\/em>&nbsp;para contato com a assist\u00eancia consular no pa\u00eds e em Bras\u00edlia.&nbsp;<\/p>\n\n\n\n<p class=\"wp-block-paragraph\">Depois da explos\u00e3o,&nbsp;a Marinha do Brasil informou&nbsp;que&nbsp;os militares que comp\u00f5em a For\u00e7a Tarefa Mar\u00edtima&nbsp;da corpora\u00e7\u00e3o, em Beirute, est\u00e3o bem e n\u00e3o foram atingidos&nbsp;explos\u00e3o.<\/p>\n\n\n\n<figure class=\"wp-block-gallery columns-1 is-cropped wp-block-gallery-1 is-layout-flex wp-block-gallery-is-layout-flex\"><ul class=\"blocks-gallery-grid\"><li class=\"blocks-gallery-item\"><figure><img loading=\"lazy\" decoding=\"async\" width=\"678\" height=\"406\" src=\"https:\/\/aconteceunovale.com.br\/portal\/wp-content\/uploads\/2020\/08\/explosao_libano.jpg\" alt=\"\" data-id=\"166888\" data-full-url=\"https:\/\/aconteceunovale.com.br\/portal\/wp-content\/uploads\/2020\/08\/explosao_libano.jpg\" data-link=\"https:\/\/aconteceunovale.com.br\/portal\/?attachment_id=166888\" class=\"wp-image-166888\" srcset=\"https:\/\/aconteceunovale.com.br\/portal\/wp-content\/uploads\/2020\/08\/explosao_libano.jpg 678w, https:\/\/aconteceunovale.com.br\/portal\/wp-content\/uploads\/2020\/08\/explosao_libano-300x180.jpg 300w\" sizes=\"auto, (max-width: 678px) 100vw, 678px\" \/><figcaption class=\"blocks-gallery-item__caption\"><em>Foto: REUTERS\/Mohamed Azakir\/Reprodu\u00e7\u00e3o Ag\u00eancia Brasil<\/em><\/figcaption><\/figure><\/li><\/ul><\/figure>\n\n\n\n<p class=\"wp-block-paragraph\"><strong>Confira a \u00edntegra da nota do governo brasileiro:<\/strong><\/p>\n\n\n\n<p class=\"wp-block-paragraph\">&#8220;O governo brasileiro solidariza-se com o povo e o governo do L\u00edbano pelas v\u00edtimas fatais e pelos feridos atingidos pelas graves explos\u00f5es que tiveram lugar hoje no porto de Beirute.<\/p>\n\n\n\n<p class=\"wp-block-paragraph\">O Minist\u00e9rio das Rela\u00e7\u00f5es Exteriores acompanha com aten\u00e7\u00e3o os acontecimentos na cidade e est\u00e1 pronto para prestar a assist\u00eancia consular cab\u00edvel. N\u00e3o h\u00e1, at\u00e9 o momento, not\u00edcia de cidad\u00e3os brasileiros mortos ou gravemente feridos.<\/p>\n\n\n\n<p class=\"wp-block-paragraph\">O Itamaraty seguir\u00e1 acompanhando a situa\u00e7\u00e3o por meio da Embaixada do Brasil em Beirute, em coordena\u00e7\u00e3o com a Divis\u00e3o de Assist\u00eancia Consular (DAC) em Bras\u00edlia.<\/p>\n\n\n\n<p class=\"wp-block-paragraph\">O telefone de plant\u00e3o consular da Embaixada do Brasil em Beirute est\u00e1 dispon\u00edvel para informa\u00e7\u00f5es sobre a situa\u00e7\u00e3o dos brasileiros no L\u00edbano pelo n\u00famero +961 70108374. O n\u00facleo de assist\u00eancia a brasileiros do MRE em Bras\u00edlia tamb\u00e9m est\u00e1 \u00e0 disposi\u00e7\u00e3o para informa\u00e7\u00f5es, de segunda a sexta-feira, das 9h \u00e0s 19h, pelos telefones +55 61 2030 8820\/6756\/6753 e pelo&nbsp;<em>e-mail<\/em>&nbsp;dac@itamaraty.gov.br. Nos demais hor\u00e1rios, poder\u00e1 ser contatado o telefone do plant\u00e3o consular da Secretaria de Assuntos de Soberania Nacional e Cidadania do Itamaraty pelo n\u00famero +55 61 98197-2284.&#8221;<\/p>\n\n\n\n<h2 class=\"wp-block-heading\"><strong>Momento da explos\u00e3o<\/strong><\/h2>\n\n\n\n<figure><iframe loading=\"lazy\" width=\"100%\" height=\"400\" src=\"https:\/\/www.youtube.com\/embed\/FvN41lJuSR0\" allowfullscreen=\"\"><\/iframe><\/figure>\n\n\n\n<figure><iframe loading=\"lazy\" width=\"100%\" height=\"400\" src=\"https:\/\/www.youtube.com\/embed\/vgLl8PdWj6k\" allowfullscreen=\"\"><\/iframe><\/figure>\n\n\n\n<h2 class=\"wp-block-heading\"><strong>Premi\u00ea do L\u00edbano<\/strong><\/h2>\n\n\n\n<p class=\"wp-block-paragraph\">O primeiro ministro do L\u00edbano, Hassan Diab, disse que os respons\u00e1veis pela explos\u00e3o no &#8220;armaz\u00e9m perigoso&#8221;, que abalou v\u00e1rios pontos da capital libanesa, v\u00e3o pagar ou pre\u00e7o.<\/p>\n\n\n\n<p class=\"wp-block-paragraph\">&#8220;Eu prometo a voc\u00ea que essa cat\u00e1strofe n\u00e3o passar\u00e1 sem responsabilidade&#8221;, disse ele em um discurso na televis\u00e3o.<\/p>\n\n\n\n<p class=\"has-background has-very-light-gray-background-color wp-block-paragraph\">Quer saber as not\u00edcias do <strong>Aconteceu no Vale<\/strong> em primeira m\u00e3o? Siga-nos no Facebook <a rel=\"noreferrer noopener\" href=\"http:\/\/facebook.com\/aconteceunovale\" target=\"_blank\">@aconteceunovale<\/a>, Twitter <a rel=\"noreferrer noopener\" href=\"https:\/\/twitter.com\/noticiadosvales\" target=\"_blank\">@noticiadosvales<\/a> e Instagram <a rel=\"noreferrer noopener\" href=\"https:\/\/www.instagram.com\/aconteceunovale\" target=\"_blank\">@aconteceunovale<\/a>.<\/p>\n","protected":false},"excerpt":{"rendered":"<p>O Minist\u00e9rio das Rela\u00e7\u00f5es Exteriores (MRE) emitiu nota oficial nesta ter\u00e7a-feira (4\/8\/2020) em que manifesta solidariedade ao povo e ao governo do L\u00edbano ap\u00f3s uma&nbsp;grande explos\u00e3o&nbsp;ter ocorrido em um armaz\u00e9m na regi\u00e3o portu\u00e1ria de Beirute, capital do pa\u00eds, que fica no Oriente M\u00e9dio, \u00e0 beira do Mar Mediterr\u00e2neo. Autoridades locais&nbsp;apontam mais de 50 mortos&nbsp;e milhares [&hellip;]<\/p>\n","protected":false},"author":1,"featured_media":166888,"comment_status":"open","ping_status":"closed","sticky":false,"template":"","format":"standard","meta":{"amp_status":"","footnotes":""},"categories":[6,28848],"tags":[226815,226823,226813,226824,226817,226818,226821,226816,226814,226822,226812,226820,43552,226811,226819,94394],"class_list":["post-166887","post","type-post","status-publish","format-standard","has-post-thumbnail","hentry","category-br","category-mundo","tag-brasileiros-em-beirute","tag-brasileiros-no-libano","tag-explosao-em-beirute","tag-explosao-em-porto-do-libano","tag-explosao-na-regiao-portuaria-de-beirute","tag-explosao-na-zona-portuaria-de-beirute","tag-explosao-no-libano","tag-explosao-no-porto-de-beirute","tag-forte-explosao-em-beirute","tag-forte-explosao-no-libano","tag-grande-explosao-em-beirute","tag-grande-explosao-no-libano","tag-itamaraty","tag-itamaraty-acompanha-situacao-de-brasileiros-em-beirute","tag-itamaraty-acompanha-situacao-de-brasileiros-no-libano","tag-ministerio-das-relacoes-exteriores"],"yoast_head":"<!-- This site is optimized with the Yoast SEO plugin v28.3 - https:\/\/yoast.com\/product\/yoast-seo-wordpress\/ -->\n<title>Itamaraty acompanha situa\u00e7\u00e3o de brasileiros em Beirute - Aconteceu no Vale<\/title>\n<meta name=\"robots\" content=\"index, follow, max-snippet:-1, max-image-preview:large, max-video-preview:-1\" \/>\n<link rel=\"canonical\" href=\"https:\/\/aconteceunovale.com.br\/portal\/?p=166887\" \/>\n<meta property=\"og:locale\" content=\"pt_BR\" \/>\n<meta property=\"og:type\" content=\"article\" \/>\n<meta property=\"og:title\" content=\"Itamaraty acompanha situa\u00e7\u00e3o de brasileiros em Beirute - Aconteceu no Vale\" \/>\n<meta property=\"og:description\" content=\"O Minist\u00e9rio das Rela\u00e7\u00f5es Exteriores (MRE) emitiu nota oficial nesta ter\u00e7a-feira (4\/8\/2020) em que manifesta solidariedade ao povo e ao governo do L\u00edbano ap\u00f3s uma&nbsp;grande explos\u00e3o&nbsp;ter ocorrido em um armaz\u00e9m na regi\u00e3o portu\u00e1ria de Beirute, capital do pa\u00eds, que fica no Oriente M\u00e9dio, \u00e0 beira do Mar Mediterr\u00e2neo. Autoridades locais&nbsp;apontam mais de 50 mortos&nbsp;e milhares [&hellip;]\" \/>\n<meta property=\"og:url\" content=\"https:\/\/aconteceunovale.com.br\/portal\/?p=166887\" \/>\n<meta property=\"og:site_name\" content=\"Aconteceu no Vale\" \/>\n<meta property=\"article:publisher\" content=\"https:\/\/www.facebook.com\/aconteceunovale\/\" \/>\n<meta property=\"article:published_time\" content=\"2020-08-05T00:03:11+00:00\" \/>\n<meta property=\"article:modified_time\" content=\"2020-08-05T01:48:08+00:00\" \/>\n<meta property=\"og:image\" content=\"https:\/\/aconteceunovale.com.br\/portal\/wp-content\/uploads\/2020\/08\/explosao_libano.jpg\" \/>\n\t<meta property=\"og:image:width\" content=\"678\" \/>\n\t<meta property=\"og:image:height\" content=\"406\" \/>\n\t<meta property=\"og:image:type\" content=\"image\/jpeg\" \/>\n<meta name=\"author\" content=\"Aconteceu no Vale\" \/>\n<meta name=\"twitter:card\" content=\"summary_large_image\" \/>\n<meta name=\"twitter:creator\" content=\"@noticiadosvales\" \/>\n<meta name=\"twitter:site\" content=\"@noticiadosvales\" \/>\n<meta name=\"twitter:label1\" content=\"Escrito por\" \/>\n\t<meta name=\"twitter:data1\" content=\"Aconteceu no Vale\" \/>\n\t<meta name=\"twitter:label2\" content=\"Est. tempo de leitura\" \/>\n\t<meta name=\"twitter:data2\" content=\"3 minutos\" \/>\n<script type=\"application\/ld+json\" class=\"yoast-schema-graph\">{\"@context\":\"https:\\\/\\\/schema.org\",\"@graph\":[{\"@type\":\"Article\",\"@id\":\"https:\\\/\\\/aconteceunovale.com.br\\\/portal\\\/?p=166887#article\",\"isPartOf\":{\"@id\":\"https:\\\/\\\/aconteceunovale.com.br\\\/portal\\\/?p=166887\"},\"author\":{\"name\":\"Aconteceu no Vale\",\"@id\":\"https:\\\/\\\/aconteceunovale.com.br\\\/portal\\\/#\\\/schema\\\/person\\\/633529146f2c94272bef50ac2953d589\"},\"headline\":\"Itamaraty acompanha situa\u00e7\u00e3o de brasileiros em Beirute\",\"datePublished\":\"2020-08-05T00:03:11+00:00\",\"dateModified\":\"2020-08-05T01:48:08+00:00\",\"mainEntityOfPage\":{\"@id\":\"https:\\\/\\\/aconteceunovale.com.br\\\/portal\\\/?p=166887\"},\"wordCount\":516,\"commentCount\":0,\"image\":{\"@id\":\"https:\\\/\\\/aconteceunovale.com.br\\\/portal\\\/?p=166887#primaryimage\"},\"thumbnailUrl\":\"https:\\\/\\\/aconteceunovale.com.br\\\/portal\\\/wp-content\\\/uploads\\\/2020\\\/08\\\/explosao_libano.jpg\",\"keywords\":[\"Brasileiros em Beirute\",\"Brasileiros no L\u00edbano\",\"Explos\u00e3o em Beirute\",\"Explos\u00e3o em porto do L\u00edbano\",\"Explos\u00e3o na regi\u00e3o portu\u00e1ria de Beirute\",\"Explos\u00e3o na zona portu\u00e1ria de Beirute\",\"Explos\u00e3o no L\u00edbano\",\"Explos\u00e3o no porto de Beirute\",\"Forte explos\u00e3o em Beirute\",\"Forte explos\u00e3o no L\u00edbano\",\"Grande explos\u00e3o em Beirute\",\"Grande explos\u00e3o no L\u00edbano\",\"Itamaraty\",\"Itamaraty acompanha situa\u00e7\u00e3o de brasileiros em Beirute\",\"Itamaraty acompanha situa\u00e7\u00e3o de brasileiros no L\u00edbano\",\"Minist\u00e9rio das Rela\u00e7\u00f5es Exteriores\"],\"articleSection\":[\"Brasil\",\"Mundo\"],\"inLanguage\":\"pt-BR\",\"potentialAction\":[{\"@type\":\"CommentAction\",\"name\":\"Comment\",\"target\":[\"https:\\\/\\\/aconteceunovale.com.br\\\/portal\\\/?p=166887#respond\"]}]},{\"@type\":\"WebPage\",\"@id\":\"https:\\\/\\\/aconteceunovale.com.br\\\/portal\\\/?p=166887\",\"url\":\"https:\\\/\\\/aconteceunovale.com.br\\\/portal\\\/?p=166887\",\"name\":\"Itamaraty acompanha situa\u00e7\u00e3o de brasileiros em Beirute - Aconteceu no Vale\",\"isPartOf\":{\"@id\":\"https:\\\/\\\/aconteceunovale.com.br\\\/portal\\\/#website\"},\"primaryImageOfPage\":{\"@id\":\"https:\\\/\\\/aconteceunovale.com.br\\\/portal\\\/?p=166887#primaryimage\"},\"image\":{\"@id\":\"https:\\\/\\\/aconteceunovale.com.br\\\/portal\\\/?p=166887#primaryimage\"},\"thumbnailUrl\":\"https:\\\/\\\/aconteceunovale.com.br\\\/portal\\\/wp-content\\\/uploads\\\/2020\\\/08\\\/explosao_libano.jpg\",\"datePublished\":\"2020-08-05T00:03:11+00:00\",\"dateModified\":\"2020-08-05T01:48:08+00:00\",\"author\":{\"@id\":\"https:\\\/\\\/aconteceunovale.com.br\\\/portal\\\/#\\\/schema\\\/person\\\/633529146f2c94272bef50ac2953d589\"},\"breadcrumb\":{\"@id\":\"https:\\\/\\\/aconteceunovale.com.br\\\/portal\\\/?p=166887#breadcrumb\"},\"inLanguage\":\"pt-BR\",\"potentialAction\":[{\"@type\":\"ReadAction\",\"target\":[\"https:\\\/\\\/aconteceunovale.com.br\\\/portal\\\/?p=166887\"]}]},{\"@type\":\"ImageObject\",\"inLanguage\":\"pt-BR\",\"@id\":\"https:\\\/\\\/aconteceunovale.com.br\\\/portal\\\/?p=166887#primaryimage\",\"url\":\"https:\\\/\\\/aconteceunovale.com.br\\\/portal\\\/wp-content\\\/uploads\\\/2020\\\/08\\\/explosao_libano.jpg\",\"contentUrl\":\"https:\\\/\\\/aconteceunovale.com.br\\\/portal\\\/wp-content\\\/uploads\\\/2020\\\/08\\\/explosao_libano.jpg\",\"width\":678,\"height\":406,\"caption\":\"A fuma\u00e7a \u00e9 vista ap\u00f3s uma explos\u00e3o em Beirute\"},{\"@type\":\"BreadcrumbList\",\"@id\":\"https:\\\/\\\/aconteceunovale.com.br\\\/portal\\\/?p=166887#breadcrumb\",\"itemListElement\":[{\"@type\":\"ListItem\",\"position\":1,\"name\":\"In\u00edcio\",\"item\":\"https:\\\/\\\/aconteceunovale.com.br\\\/portal\\\/\"},{\"@type\":\"ListItem\",\"position\":2,\"name\":\"Itamaraty acompanha situa\u00e7\u00e3o de brasileiros em Beirute\"}]},{\"@type\":\"WebSite\",\"@id\":\"https:\\\/\\\/aconteceunovale.com.br\\\/portal\\\/#website\",\"url\":\"https:\\\/\\\/aconteceunovale.com.br\\\/portal\\\/\",\"name\":\"Aconteceu no Vale\",\"description\":\"Portal de Not\u00edcias\",\"potentialAction\":[{\"@type\":\"SearchAction\",\"target\":{\"@type\":\"EntryPoint\",\"urlTemplate\":\"https:\\\/\\\/aconteceunovale.com.br\\\/portal\\\/?s={search_term_string}\"},\"query-input\":{\"@type\":\"PropertyValueSpecification\",\"valueRequired\":true,\"valueName\":\"search_term_string\"}}],\"inLanguage\":\"pt-BR\"},{\"@type\":\"Person\",\"@id\":\"https:\\\/\\\/aconteceunovale.com.br\\\/portal\\\/#\\\/schema\\\/person\\\/633529146f2c94272bef50ac2953d589\",\"name\":\"Aconteceu no Vale\",\"description\":\"Equipe de reportagem do Aconteceu no Vale, portal de not\u00edcias do Vale do Jequitinhonha, em Minas Gerais. Cobrimos as 51 cidades do Vale desde 2013. Sugest\u00f5es de pauta e pedidos de corre\u00e7\u00e3o: contato@aconteceunovale.com.br\",\"sameAs\":[\"http:\\\/\\\/www.aconteceunovale.com.br\"],\"url\":\"https:\\\/\\\/aconteceunovale.com.br\\\/portal\\\/?author=1\"}]}<\/script>\n<!-- \/ Yoast SEO plugin. -->","yoast_head_json":{"title":"Itamaraty acompanha situa\u00e7\u00e3o de brasileiros em Beirute - Aconteceu no Vale","robots":{"index":"index","follow":"follow","max-snippet":"max-snippet:-1","max-image-preview":"max-image-preview:large","max-video-preview":"max-video-preview:-1"},"canonical":"https:\/\/aconteceunovale.com.br\/portal\/?p=166887","og_locale":"pt_BR","og_type":"article","og_title":"Itamaraty acompanha situa\u00e7\u00e3o de brasileiros em Beirute - Aconteceu no Vale","og_description":"O Minist\u00e9rio das Rela\u00e7\u00f5es Exteriores (MRE) emitiu nota oficial nesta ter\u00e7a-feira (4\/8\/2020) em que manifesta solidariedade ao povo e ao governo do L\u00edbano ap\u00f3s uma&nbsp;grande explos\u00e3o&nbsp;ter ocorrido em um armaz\u00e9m na regi\u00e3o portu\u00e1ria de Beirute, capital do pa\u00eds, que fica no Oriente M\u00e9dio, \u00e0 beira do Mar Mediterr\u00e2neo. Autoridades locais&nbsp;apontam mais de 50 mortos&nbsp;e milhares [&hellip;]","og_url":"https:\/\/aconteceunovale.com.br\/portal\/?p=166887","og_site_name":"Aconteceu no Vale","article_publisher":"https:\/\/www.facebook.com\/aconteceunovale\/","article_published_time":"2020-08-05T00:03:11+00:00","article_modified_time":"2020-08-05T01:48:08+00:00","og_image":[{"width":678,"height":406,"url":"https:\/\/aconteceunovale.com.br\/portal\/wp-content\/uploads\/2020\/08\/explosao_libano.jpg","type":"image\/jpeg"}],"author":"Aconteceu no Vale","twitter_card":"summary_large_image","twitter_creator":"@noticiadosvales","twitter_site":"@noticiadosvales","twitter_misc":{"Escrito por":"Aconteceu no Vale","Est. tempo de leitura":"3 minutos"},"schema":{"@context":"https:\/\/schema.org","@graph":[{"@type":"Article","@id":"https:\/\/aconteceunovale.com.br\/portal\/?p=166887#article","isPartOf":{"@id":"https:\/\/aconteceunovale.com.br\/portal\/?p=166887"},"author":{"name":"Aconteceu no Vale","@id":"https:\/\/aconteceunovale.com.br\/portal\/#\/schema\/person\/633529146f2c94272bef50ac2953d589"},"headline":"Itamaraty acompanha situa\u00e7\u00e3o de brasileiros em Beirute","datePublished":"2020-08-05T00:03:11+00:00","dateModified":"2020-08-05T01:48:08+00:00","mainEntityOfPage":{"@id":"https:\/\/aconteceunovale.com.br\/portal\/?p=166887"},"wordCount":516,"commentCount":0,"image":{"@id":"https:\/\/aconteceunovale.com.br\/portal\/?p=166887#primaryimage"},"thumbnailUrl":"https:\/\/aconteceunovale.com.br\/portal\/wp-content\/uploads\/2020\/08\/explosao_libano.jpg","keywords":["Brasileiros em Beirute","Brasileiros no L\u00edbano","Explos\u00e3o em Beirute","Explos\u00e3o em porto do L\u00edbano","Explos\u00e3o na regi\u00e3o portu\u00e1ria de Beirute","Explos\u00e3o na zona portu\u00e1ria de Beirute","Explos\u00e3o no L\u00edbano","Explos\u00e3o no porto de Beirute","Forte explos\u00e3o em Beirute","Forte explos\u00e3o no L\u00edbano","Grande explos\u00e3o em Beirute","Grande explos\u00e3o no L\u00edbano","Itamaraty","Itamaraty acompanha situa\u00e7\u00e3o de brasileiros em Beirute","Itamaraty acompanha situa\u00e7\u00e3o de brasileiros no L\u00edbano","Minist\u00e9rio das Rela\u00e7\u00f5es Exteriores"],"articleSection":["Brasil","Mundo"],"inLanguage":"pt-BR","potentialAction":[{"@type":"CommentAction","name":"Comment","target":["https:\/\/aconteceunovale.com.br\/portal\/?p=166887#respond"]}]},{"@type":"WebPage","@id":"https:\/\/aconteceunovale.com.br\/portal\/?p=166887","url":"https:\/\/aconteceunovale.com.br\/portal\/?p=166887","name":"Itamaraty acompanha situa\u00e7\u00e3o de brasileiros em Beirute - Aconteceu no Vale","isPartOf":{"@id":"https:\/\/aconteceunovale.com.br\/portal\/#website"},"primaryImageOfPage":{"@id":"https:\/\/aconteceunovale.com.br\/portal\/?p=166887#primaryimage"},"image":{"@id":"https:\/\/aconteceunovale.com.br\/portal\/?p=166887#primaryimage"},"thumbnailUrl":"https:\/\/aconteceunovale.com.br\/portal\/wp-content\/uploads\/2020\/08\/explosao_libano.jpg","datePublished":"2020-08-05T00:03:11+00:00","dateModified":"2020-08-05T01:48:08+00:00","author":{"@id":"https:\/\/aconteceunovale.com.br\/portal\/#\/schema\/person\/633529146f2c94272bef50ac2953d589"},"breadcrumb":{"@id":"https:\/\/aconteceunovale.com.br\/portal\/?p=166887#breadcrumb"},"inLanguage":"pt-BR","potentialAction":[{"@type":"ReadAction","target":["https:\/\/aconteceunovale.com.br\/portal\/?p=166887"]}]},{"@type":"ImageObject","inLanguage":"pt-BR","@id":"https:\/\/aconteceunovale.com.br\/portal\/?p=166887#primaryimage","url":"https:\/\/aconteceunovale.com.br\/portal\/wp-content\/uploads\/2020\/08\/explosao_libano.jpg","contentUrl":"https:\/\/aconteceunovale.com.br\/portal\/wp-content\/uploads\/2020\/08\/explosao_libano.jpg","width":678,"height":406,"caption":"A fuma\u00e7a \u00e9 vista ap\u00f3s uma explos\u00e3o em Beirute"},{"@type":"BreadcrumbList","@id":"https:\/\/aconteceunovale.com.br\/portal\/?p=166887#breadcrumb","itemListElement":[{"@type":"ListItem","position":1,"name":"In\u00edcio","item":"https:\/\/aconteceunovale.com.br\/portal\/"},{"@type":"ListItem","position":2,"name":"Itamaraty acompanha situa\u00e7\u00e3o de brasileiros em Beirute"}]},{"@type":"WebSite","@id":"https:\/\/aconteceunovale.com.br\/portal\/#website","url":"https:\/\/aconteceunovale.com.br\/portal\/","name":"Aconteceu no Vale","description":"Portal de Not\u00edcias","potentialAction":[{"@type":"SearchAction","target":{"@type":"EntryPoint","urlTemplate":"https:\/\/aconteceunovale.com.br\/portal\/?s={search_term_string}"},"query-input":{"@type":"PropertyValueSpecification","valueRequired":true,"valueName":"search_term_string"}}],"inLanguage":"pt-BR"},{"@type":"Person","@id":"https:\/\/aconteceunovale.com.br\/portal\/#\/schema\/person\/633529146f2c94272bef50ac2953d589","name":"Aconteceu no Vale","description":"Equipe de reportagem do Aconteceu no Vale, portal de not\u00edcias do Vale do Jequitinhonha, em Minas Gerais. Cobrimos as 51 cidades do Vale desde 2013. Sugest\u00f5es de pauta e pedidos de corre\u00e7\u00e3o: contato@aconteceunovale.com.br","sameAs":["http:\/\/www.aconteceunovale.com.br"],"url":"https:\/\/aconteceunovale.com.br\/portal\/?author=1"}]}},"_links":{"self":[{"href":"https:\/\/aconteceunovale.com.br\/portal\/index.php?rest_route=\/wp\/v2\/posts\/166887","targetHints":{"allow":["GET"]}}],"collection":[{"href":"https:\/\/aconteceunovale.com.br\/portal\/index.php?rest_route=\/wp\/v2\/posts"}],"about":[{"href":"https:\/\/aconteceunovale.com.br\/portal\/index.php?rest_route=\/wp\/v2\/types\/post"}],"author":[{"embeddable":true,"href":"https:\/\/aconteceunovale.com.br\/portal\/index.php?rest_route=\/wp\/v2\/users\/1"}],"replies":[{"embeddable":true,"href":"https:\/\/aconteceunovale.com.br\/portal\/index.php?rest_route=%2Fwp%2Fv2%2Fcomments&post=166887"}],"version-history":[{"count":3,"href":"https:\/\/aconteceunovale.com.br\/portal\/index.php?rest_route=\/wp\/v2\/posts\/166887\/revisions"}],"predecessor-version":[{"id":166901,"href":"https:\/\/aconteceunovale.com.br\/portal\/index.php?rest_route=\/wp\/v2\/posts\/166887\/revisions\/166901"}],"wp:featuredmedia":[{"embeddable":true,"href":"https:\/\/aconteceunovale.com.br\/portal\/index.php?rest_route=\/wp\/v2\/media\/166888"}],"wp:attachment":[{"href":"https:\/\/aconteceunovale.com.br\/portal\/index.php?rest_route=%2Fwp%2Fv2%2Fmedia&parent=166887"}],"wp:term":[{"taxonomy":"category","embeddable":true,"href":"https:\/\/aconteceunovale.com.br\/portal\/index.php?rest_route=%2Fwp%2Fv2%2Fcategories&post=166887"},{"taxonomy":"post_tag","embeddable":true,"href":"https:\/\/aconteceunovale.com.br\/portal\/index.php?rest_route=%2Fwp%2Fv2%2Ftags&post=166887"}],"curies":[{"name":"wp","href":"https:\/\/api.w.org\/{rel}","templated":true}]}}