{"id":166885,"date":"2020-08-04T20:35:48","date_gmt":"2020-08-04T23:35:48","guid":{"rendered":"https:\/\/aconteceunovale.com.br\/portal\/?p=166885"},"modified":"2020-08-04T20:36:06","modified_gmt":"2020-08-04T23:36:06","slug":"ministerio-publico-federal-quer-que-pastor-pague-indenizacao-por-prometer-cura-da-covid-19","status":"publish","type":"post","link":"https:\/\/aconteceunovale.com.br\/portal\/?p=166885","title":{"rendered":"Minist\u00e9rio P\u00fablico Federal quer que pastor pague indeniza\u00e7\u00e3o por prometer cura da Covid-19"},"content":{"rendered":"\n<p class=\"wp-block-paragraph\">O Minist\u00e9rio P\u00fablico Federal (MPF) ajuizou a\u00e7\u00e3o civil p\u00fablica contra o l\u00edder da Igreja Mundial do Poder de Deus, pastor Valdemiro Santiago, pela venda de sementes de feij\u00e3o com a falsa promessa que curariam a covid-19. Na a\u00e7\u00e3o, \u00e9 pedida uma indeniza\u00e7\u00e3o de R$ 300 mil por danos sociais e coletivos que teriam sido causados pela pr\u00e1tica.<\/p>\n\n\n\n<p class=\"wp-block-paragraph\">Segundo o MPF, Santiago divulgou v\u00eddeos em que afirma que ao plantar os feij\u00f5es as pessoas seriam curadas da doen\u00e7a causada pelo novo coronav\u00edrus. Os gr\u00e3os eram vendidos, ainda de acordo com a promotoria, por valores que variavam de R$ 100 a R$ 1 mil.<\/p>\n\n\n\n<p class=\"wp-block-paragraph\">Em um trecho do v\u00eddeo, transcrito na a\u00e7\u00e3o, o pastor diz que laudos m\u00e9dicos comprovariam a efic\u00e1cia dos feij\u00f5es. \u201cVoc\u00ea que me escuta a\u00ed e agora, c\u00ea viu na \u00faltima reuni\u00e3o de bispos e pastores? Apresentando com exame, um laudo m\u00e9dico, de gente curada de coronav\u00edrus, em estado terminal n\u00e9, podemos dizer assim\u2026grav\u00edssimo, num estado muito avan\u00e7ado e Deus operou e fez maravilhas \u2026 E t\u00e1 ali o exame para quem quiser\u201d, diz Santiago, segundo transcri\u00e7\u00e3o de sua fala inclu\u00edda na a\u00e7\u00e3o.<\/p>\n\n\n\n<p class=\"wp-block-paragraph\">Para o Minist\u00e9rio P\u00fablico, Santiago abusou da f\u00e9 das pessoas para conseguir dinheiro. \u201cNo contexto em que foram proferidas as declara\u00e7\u00f5es resta evidente a pr\u00e1tica abusiva da liberdade religiosa, na medida que incentiva os supostos fi\u00e9is ou interessados na aquisi\u00e7\u00e3o das sementes de feij\u00e3o, na cren\u00e7a de estarem curados, inclusive com o objetivo de angariar recursos financeiros dos fi\u00e9is\u201d, diz o MPF.<\/p>\n\n\n\n<p class=\"wp-block-paragraph\">A\u00a0reportagem\u00a0n\u00e3o conseguiu contato com o pastor Valdemiro Santiago ou sua assessoria para comentar o caso.<\/p>\n\n\n\n<p class=\"has-background has-very-light-gray-background-color wp-block-paragraph\">Quer saber as not\u00edcias do <strong>Aconteceu no Vale<\/strong> em primeira m\u00e3o? Siga-nos no Facebook <a rel=\"noreferrer noopener\" href=\"http:\/\/facebook.com\/aconteceunovale\" target=\"_blank\">@aconteceunovale<\/a>, Twitter <a rel=\"noreferrer noopener\" href=\"https:\/\/twitter.com\/noticiadosvales\" target=\"_blank\">@noticiadosvales<\/a> e Instagram <a rel=\"noreferrer noopener\" href=\"https:\/\/www.instagram.com\/aconteceunovale\" target=\"_blank\">@aconteceunovale<\/a>.<\/p>\n","protected":false},"excerpt":{"rendered":"<p>O Minist\u00e9rio P\u00fablico Federal (MPF) ajuizou a\u00e7\u00e3o civil p\u00fablica contra o l\u00edder da Igreja Mundial do Poder de Deus, pastor Valdemiro Santiago, pela venda de sementes de feij\u00e3o com a falsa promessa que curariam a covid-19. Na a\u00e7\u00e3o, \u00e9 pedida uma indeniza\u00e7\u00e3o de R$ 300 mil por danos sociais e coletivos que teriam sido causados [&hellip;]<\/p>\n","protected":false},"author":1,"featured_media":162199,"comment_status":"open","ping_status":"closed","sticky":false,"template":"","format":"standard","meta":{"amp_status":"","footnotes":""},"categories":[6,40242],"tags":[57012,226810,221473,221471,135025,221474,221472,221475,135021],"class_list":["post-166885","post","type-post","status-publish","format-standard","has-post-thumbnail","hentry","category-br","category-saude-2","tag-igreja-mundial-do-poder-de-deus","tag-ministerio-publico-federal-quer-que-pastor-pague-indenizacao-por-prometer-cura-da-covid-19","tag-pastor-promete-cura-do-coronavirus-com-semente-milagrosa-de-mil-reais","tag-pastor-semente-milagrosa","tag-pastor-valdemiro-santiago","tag-semente-igreja-mundial-do-poder-de-deus","tag-semente-milagrosa","tag-semente-valdemiro-santiago","tag-valdemiro-santiago"],"yoast_head":"<!-- This site is optimized with the Yoast SEO plugin v28.3 - https:\/\/yoast.com\/product\/yoast-seo-wordpress\/ -->\n<title>Minist\u00e9rio P\u00fablico Federal quer que pastor pague indeniza\u00e7\u00e3o por prometer cura da Covid-19 - Aconteceu no Vale<\/title>\n<meta name=\"robots\" content=\"index, follow, max-snippet:-1, max-image-preview:large, max-video-preview:-1\" \/>\n<link rel=\"canonical\" href=\"https:\/\/aconteceunovale.com.br\/portal\/?p=166885\" \/>\n<meta property=\"og:locale\" content=\"pt_BR\" \/>\n<meta property=\"og:type\" content=\"article\" \/>\n<meta property=\"og:title\" content=\"Minist\u00e9rio P\u00fablico Federal quer que pastor pague indeniza\u00e7\u00e3o por prometer cura da Covid-19 - Aconteceu no Vale\" \/>\n<meta property=\"og:description\" content=\"O Minist\u00e9rio P\u00fablico Federal (MPF) ajuizou a\u00e7\u00e3o civil p\u00fablica contra o l\u00edder da Igreja Mundial do Poder de Deus, pastor Valdemiro Santiago, pela venda de sementes de feij\u00e3o com a falsa promessa que curariam a covid-19. Na a\u00e7\u00e3o, \u00e9 pedida uma indeniza\u00e7\u00e3o de R$ 300 mil por danos sociais e coletivos que teriam sido causados [&hellip;]\" \/>\n<meta property=\"og:url\" content=\"https:\/\/aconteceunovale.com.br\/portal\/?p=166885\" \/>\n<meta property=\"og:site_name\" content=\"Aconteceu no Vale\" \/>\n<meta property=\"article:publisher\" content=\"https:\/\/www.facebook.com\/aconteceunovale\/\" \/>\n<meta property=\"article:published_time\" content=\"2020-08-04T23:35:48+00:00\" \/>\n<meta property=\"article:modified_time\" content=\"2020-08-04T23:36:06+00:00\" \/>\n<meta property=\"og:image\" content=\"https:\/\/aconteceunovale.com.br\/portal\/wp-content\/uploads\/2020\/05\/pastor_semente.jpg\" \/>\n\t<meta property=\"og:image:width\" content=\"900\" \/>\n\t<meta property=\"og:image:height\" content=\"600\" \/>\n\t<meta property=\"og:image:type\" content=\"image\/jpeg\" \/>\n<meta name=\"author\" content=\"Aconteceu no Vale\" \/>\n<meta name=\"twitter:card\" content=\"summary_large_image\" \/>\n<meta name=\"twitter:creator\" content=\"@noticiadosvales\" \/>\n<meta name=\"twitter:site\" content=\"@noticiadosvales\" \/>\n<meta name=\"twitter:label1\" content=\"Escrito por\" \/>\n\t<meta name=\"twitter:data1\" content=\"Aconteceu no Vale\" \/>\n\t<meta name=\"twitter:label2\" content=\"Est. tempo de leitura\" \/>\n\t<meta name=\"twitter:data2\" content=\"2 minutos\" \/>\n<script type=\"application\/ld+json\" class=\"yoast-schema-graph\">{\"@context\":\"https:\\\/\\\/schema.org\",\"@graph\":[{\"@type\":\"Article\",\"@id\":\"https:\\\/\\\/aconteceunovale.com.br\\\/portal\\\/?p=166885#article\",\"isPartOf\":{\"@id\":\"https:\\\/\\\/aconteceunovale.com.br\\\/portal\\\/?p=166885\"},\"author\":{\"name\":\"Aconteceu no Vale\",\"@id\":\"https:\\\/\\\/aconteceunovale.com.br\\\/portal\\\/#\\\/schema\\\/person\\\/633529146f2c94272bef50ac2953d589\"},\"headline\":\"Minist\u00e9rio P\u00fablico Federal quer que pastor pague indeniza\u00e7\u00e3o por prometer cura da Covid-19\",\"datePublished\":\"2020-08-04T23:35:48+00:00\",\"dateModified\":\"2020-08-04T23:36:06+00:00\",\"mainEntityOfPage\":{\"@id\":\"https:\\\/\\\/aconteceunovale.com.br\\\/portal\\\/?p=166885\"},\"wordCount\":334,\"commentCount\":0,\"image\":{\"@id\":\"https:\\\/\\\/aconteceunovale.com.br\\\/portal\\\/?p=166885#primaryimage\"},\"thumbnailUrl\":\"https:\\\/\\\/aconteceunovale.com.br\\\/portal\\\/wp-content\\\/uploads\\\/2020\\\/05\\\/pastor_semente.jpg\",\"keywords\":[\"Igreja Mundial do Poder de Deus\",\"Minist\u00e9rio P\u00fablico Federal quer que pastor pague indeniza\u00e7\u00e3o por prometer cura da Covid-19\",\"Pastor promete cura do coronav\u00edrus com semente milagrosa de mil reais\",\"Pastor semente milagrosa\",\"Pastor Valdemiro Santiago\",\"Semente Igreja Mundial do Poder de Deus\",\"Semente milagrosa\",\"Semente Valdemiro Santiago\",\"Valdemiro Santiago\"],\"articleSection\":[\"Brasil\",\"Sa\u00fade\"],\"inLanguage\":\"pt-BR\",\"potentialAction\":[{\"@type\":\"CommentAction\",\"name\":\"Comment\",\"target\":[\"https:\\\/\\\/aconteceunovale.com.br\\\/portal\\\/?p=166885#respond\"]}]},{\"@type\":\"WebPage\",\"@id\":\"https:\\\/\\\/aconteceunovale.com.br\\\/portal\\\/?p=166885\",\"url\":\"https:\\\/\\\/aconteceunovale.com.br\\\/portal\\\/?p=166885\",\"name\":\"Minist\u00e9rio P\u00fablico Federal quer que pastor pague indeniza\u00e7\u00e3o por prometer cura da Covid-19 - Aconteceu no Vale\",\"isPartOf\":{\"@id\":\"https:\\\/\\\/aconteceunovale.com.br\\\/portal\\\/#website\"},\"primaryImageOfPage\":{\"@id\":\"https:\\\/\\\/aconteceunovale.com.br\\\/portal\\\/?p=166885#primaryimage\"},\"image\":{\"@id\":\"https:\\\/\\\/aconteceunovale.com.br\\\/portal\\\/?p=166885#primaryimage\"},\"thumbnailUrl\":\"https:\\\/\\\/aconteceunovale.com.br\\\/portal\\\/wp-content\\\/uploads\\\/2020\\\/05\\\/pastor_semente.jpg\",\"datePublished\":\"2020-08-04T23:35:48+00:00\",\"dateModified\":\"2020-08-04T23:36:06+00:00\",\"author\":{\"@id\":\"https:\\\/\\\/aconteceunovale.com.br\\\/portal\\\/#\\\/schema\\\/person\\\/633529146f2c94272bef50ac2953d589\"},\"breadcrumb\":{\"@id\":\"https:\\\/\\\/aconteceunovale.com.br\\\/portal\\\/?p=166885#breadcrumb\"},\"inLanguage\":\"pt-BR\",\"potentialAction\":[{\"@type\":\"ReadAction\",\"target\":[\"https:\\\/\\\/aconteceunovale.com.br\\\/portal\\\/?p=166885\"]}]},{\"@type\":\"ImageObject\",\"inLanguage\":\"pt-BR\",\"@id\":\"https:\\\/\\\/aconteceunovale.com.br\\\/portal\\\/?p=166885#primaryimage\",\"url\":\"https:\\\/\\\/aconteceunovale.com.br\\\/portal\\\/wp-content\\\/uploads\\\/2020\\\/05\\\/pastor_semente.jpg\",\"contentUrl\":\"https:\\\/\\\/aconteceunovale.com.br\\\/portal\\\/wp-content\\\/uploads\\\/2020\\\/05\\\/pastor_semente.jpg\",\"width\":900,\"height\":600},{\"@type\":\"BreadcrumbList\",\"@id\":\"https:\\\/\\\/aconteceunovale.com.br\\\/portal\\\/?p=166885#breadcrumb\",\"itemListElement\":[{\"@type\":\"ListItem\",\"position\":1,\"name\":\"In\u00edcio\",\"item\":\"https:\\\/\\\/aconteceunovale.com.br\\\/portal\\\/\"},{\"@type\":\"ListItem\",\"position\":2,\"name\":\"Minist\u00e9rio P\u00fablico Federal quer que pastor pague indeniza\u00e7\u00e3o por prometer cura da Covid-19\"}]},{\"@type\":\"WebSite\",\"@id\":\"https:\\\/\\\/aconteceunovale.com.br\\\/portal\\\/#website\",\"url\":\"https:\\\/\\\/aconteceunovale.com.br\\\/portal\\\/\",\"name\":\"Aconteceu no Vale\",\"description\":\"Portal de Not\u00edcias\",\"potentialAction\":[{\"@type\":\"SearchAction\",\"target\":{\"@type\":\"EntryPoint\",\"urlTemplate\":\"https:\\\/\\\/aconteceunovale.com.br\\\/portal\\\/?s={search_term_string}\"},\"query-input\":{\"@type\":\"PropertyValueSpecification\",\"valueRequired\":true,\"valueName\":\"search_term_string\"}}],\"inLanguage\":\"pt-BR\"},{\"@type\":\"Person\",\"@id\":\"https:\\\/\\\/aconteceunovale.com.br\\\/portal\\\/#\\\/schema\\\/person\\\/633529146f2c94272bef50ac2953d589\",\"name\":\"Aconteceu no Vale\",\"description\":\"Equipe de reportagem do Aconteceu no Vale, portal de not\u00edcias do Vale do Jequitinhonha, em Minas Gerais. Cobrimos as 51 cidades do Vale desde 2013. Sugest\u00f5es de pauta e pedidos de corre\u00e7\u00e3o: contato@aconteceunovale.com.br\",\"sameAs\":[\"http:\\\/\\\/www.aconteceunovale.com.br\"],\"url\":\"https:\\\/\\\/aconteceunovale.com.br\\\/portal\\\/?author=1\"}]}<\/script>\n<!-- \/ Yoast SEO plugin. -->","yoast_head_json":{"title":"Minist\u00e9rio P\u00fablico Federal quer que pastor pague indeniza\u00e7\u00e3o por prometer cura da Covid-19 - Aconteceu no Vale","robots":{"index":"index","follow":"follow","max-snippet":"max-snippet:-1","max-image-preview":"max-image-preview:large","max-video-preview":"max-video-preview:-1"},"canonical":"https:\/\/aconteceunovale.com.br\/portal\/?p=166885","og_locale":"pt_BR","og_type":"article","og_title":"Minist\u00e9rio P\u00fablico Federal quer que pastor pague indeniza\u00e7\u00e3o por prometer cura da Covid-19 - Aconteceu no Vale","og_description":"O Minist\u00e9rio P\u00fablico Federal (MPF) ajuizou a\u00e7\u00e3o civil p\u00fablica contra o l\u00edder da Igreja Mundial do Poder de Deus, pastor Valdemiro Santiago, pela venda de sementes de feij\u00e3o com a falsa promessa que curariam a covid-19. Na a\u00e7\u00e3o, \u00e9 pedida uma indeniza\u00e7\u00e3o de R$ 300 mil por danos sociais e coletivos que teriam sido causados [&hellip;]","og_url":"https:\/\/aconteceunovale.com.br\/portal\/?p=166885","og_site_name":"Aconteceu no Vale","article_publisher":"https:\/\/www.facebook.com\/aconteceunovale\/","article_published_time":"2020-08-04T23:35:48+00:00","article_modified_time":"2020-08-04T23:36:06+00:00","og_image":[{"width":900,"height":600,"url":"https:\/\/aconteceunovale.com.br\/portal\/wp-content\/uploads\/2020\/05\/pastor_semente.jpg","type":"image\/jpeg"}],"author":"Aconteceu no Vale","twitter_card":"summary_large_image","twitter_creator":"@noticiadosvales","twitter_site":"@noticiadosvales","twitter_misc":{"Escrito por":"Aconteceu no Vale","Est. tempo de leitura":"2 minutos"},"schema":{"@context":"https:\/\/schema.org","@graph":[{"@type":"Article","@id":"https:\/\/aconteceunovale.com.br\/portal\/?p=166885#article","isPartOf":{"@id":"https:\/\/aconteceunovale.com.br\/portal\/?p=166885"},"author":{"name":"Aconteceu no Vale","@id":"https:\/\/aconteceunovale.com.br\/portal\/#\/schema\/person\/633529146f2c94272bef50ac2953d589"},"headline":"Minist\u00e9rio P\u00fablico Federal quer que pastor pague indeniza\u00e7\u00e3o por prometer cura da Covid-19","datePublished":"2020-08-04T23:35:48+00:00","dateModified":"2020-08-04T23:36:06+00:00","mainEntityOfPage":{"@id":"https:\/\/aconteceunovale.com.br\/portal\/?p=166885"},"wordCount":334,"commentCount":0,"image":{"@id":"https:\/\/aconteceunovale.com.br\/portal\/?p=166885#primaryimage"},"thumbnailUrl":"https:\/\/aconteceunovale.com.br\/portal\/wp-content\/uploads\/2020\/05\/pastor_semente.jpg","keywords":["Igreja Mundial do Poder de Deus","Minist\u00e9rio P\u00fablico Federal quer que pastor pague indeniza\u00e7\u00e3o por prometer cura da Covid-19","Pastor promete cura do coronav\u00edrus com semente milagrosa de mil reais","Pastor semente milagrosa","Pastor Valdemiro Santiago","Semente Igreja Mundial do Poder de Deus","Semente milagrosa","Semente Valdemiro Santiago","Valdemiro Santiago"],"articleSection":["Brasil","Sa\u00fade"],"inLanguage":"pt-BR","potentialAction":[{"@type":"CommentAction","name":"Comment","target":["https:\/\/aconteceunovale.com.br\/portal\/?p=166885#respond"]}]},{"@type":"WebPage","@id":"https:\/\/aconteceunovale.com.br\/portal\/?p=166885","url":"https:\/\/aconteceunovale.com.br\/portal\/?p=166885","name":"Minist\u00e9rio P\u00fablico Federal quer que pastor pague indeniza\u00e7\u00e3o por prometer cura da Covid-19 - Aconteceu no Vale","isPartOf":{"@id":"https:\/\/aconteceunovale.com.br\/portal\/#website"},"primaryImageOfPage":{"@id":"https:\/\/aconteceunovale.com.br\/portal\/?p=166885#primaryimage"},"image":{"@id":"https:\/\/aconteceunovale.com.br\/portal\/?p=166885#primaryimage"},"thumbnailUrl":"https:\/\/aconteceunovale.com.br\/portal\/wp-content\/uploads\/2020\/05\/pastor_semente.jpg","datePublished":"2020-08-04T23:35:48+00:00","dateModified":"2020-08-04T23:36:06+00:00","author":{"@id":"https:\/\/aconteceunovale.com.br\/portal\/#\/schema\/person\/633529146f2c94272bef50ac2953d589"},"breadcrumb":{"@id":"https:\/\/aconteceunovale.com.br\/portal\/?p=166885#breadcrumb"},"inLanguage":"pt-BR","potentialAction":[{"@type":"ReadAction","target":["https:\/\/aconteceunovale.com.br\/portal\/?p=166885"]}]},{"@type":"ImageObject","inLanguage":"pt-BR","@id":"https:\/\/aconteceunovale.com.br\/portal\/?p=166885#primaryimage","url":"https:\/\/aconteceunovale.com.br\/portal\/wp-content\/uploads\/2020\/05\/pastor_semente.jpg","contentUrl":"https:\/\/aconteceunovale.com.br\/portal\/wp-content\/uploads\/2020\/05\/pastor_semente.jpg","width":900,"height":600},{"@type":"BreadcrumbList","@id":"https:\/\/aconteceunovale.com.br\/portal\/?p=166885#breadcrumb","itemListElement":[{"@type":"ListItem","position":1,"name":"In\u00edcio","item":"https:\/\/aconteceunovale.com.br\/portal\/"},{"@type":"ListItem","position":2,"name":"Minist\u00e9rio P\u00fablico Federal quer que pastor pague indeniza\u00e7\u00e3o por prometer cura da Covid-19"}]},{"@type":"WebSite","@id":"https:\/\/aconteceunovale.com.br\/portal\/#website","url":"https:\/\/aconteceunovale.com.br\/portal\/","name":"Aconteceu no Vale","description":"Portal de Not\u00edcias","potentialAction":[{"@type":"SearchAction","target":{"@type":"EntryPoint","urlTemplate":"https:\/\/aconteceunovale.com.br\/portal\/?s={search_term_string}"},"query-input":{"@type":"PropertyValueSpecification","valueRequired":true,"valueName":"search_term_string"}}],"inLanguage":"pt-BR"},{"@type":"Person","@id":"https:\/\/aconteceunovale.com.br\/portal\/#\/schema\/person\/633529146f2c94272bef50ac2953d589","name":"Aconteceu no Vale","description":"Equipe de reportagem do Aconteceu no Vale, portal de not\u00edcias do Vale do Jequitinhonha, em Minas Gerais. Cobrimos as 51 cidades do Vale desde 2013. Sugest\u00f5es de pauta e pedidos de corre\u00e7\u00e3o: contato@aconteceunovale.com.br","sameAs":["http:\/\/www.aconteceunovale.com.br"],"url":"https:\/\/aconteceunovale.com.br\/portal\/?author=1"}]}},"_links":{"self":[{"href":"https:\/\/aconteceunovale.com.br\/portal\/index.php?rest_route=\/wp\/v2\/posts\/166885","targetHints":{"allow":["GET"]}}],"collection":[{"href":"https:\/\/aconteceunovale.com.br\/portal\/index.php?rest_route=\/wp\/v2\/posts"}],"about":[{"href":"https:\/\/aconteceunovale.com.br\/portal\/index.php?rest_route=\/wp\/v2\/types\/post"}],"author":[{"embeddable":true,"href":"https:\/\/aconteceunovale.com.br\/portal\/index.php?rest_route=\/wp\/v2\/users\/1"}],"replies":[{"embeddable":true,"href":"https:\/\/aconteceunovale.com.br\/portal\/index.php?rest_route=%2Fwp%2Fv2%2Fcomments&post=166885"}],"version-history":[{"count":1,"href":"https:\/\/aconteceunovale.com.br\/portal\/index.php?rest_route=\/wp\/v2\/posts\/166885\/revisions"}],"predecessor-version":[{"id":166886,"href":"https:\/\/aconteceunovale.com.br\/portal\/index.php?rest_route=\/wp\/v2\/posts\/166885\/revisions\/166886"}],"wp:featuredmedia":[{"embeddable":true,"href":"https:\/\/aconteceunovale.com.br\/portal\/index.php?rest_route=\/wp\/v2\/media\/162199"}],"wp:attachment":[{"href":"https:\/\/aconteceunovale.com.br\/portal\/index.php?rest_route=%2Fwp%2Fv2%2Fmedia&parent=166885"}],"wp:term":[{"taxonomy":"category","embeddable":true,"href":"https:\/\/aconteceunovale.com.br\/portal\/index.php?rest_route=%2Fwp%2Fv2%2Fcategories&post=166885"},{"taxonomy":"post_tag","embeddable":true,"href":"https:\/\/aconteceunovale.com.br\/portal\/index.php?rest_route=%2Fwp%2Fv2%2Ftags&post=166885"}],"curies":[{"name":"wp","href":"https:\/\/api.w.org\/{rel}","templated":true}]}}