{"id":166879,"date":"2020-08-04T20:14:08","date_gmt":"2020-08-04T23:14:08","guid":{"rendered":"https:\/\/aconteceunovale.com.br\/portal\/?p=166879"},"modified":"2020-08-04T20:14:37","modified_gmt":"2020-08-04T23:14:37","slug":"covid-19-brasil-tem-28-milhoes-de-casos-e-958-mil-obitos-703-estao-recuperados","status":"publish","type":"post","link":"https:\/\/aconteceunovale.com.br\/portal\/?p=166879","title":{"rendered":"Covid-19: Brasil tem 2,8 milh\u00f5es de casos e 95,8 mil \u00f3bitos; 70,3% est\u00e3o recuperados"},"content":{"rendered":"\n<p class=\"wp-block-paragraph\">Desde o in\u00edcio da pandemia,&nbsp;2.801.921 brasileiros contra\u00edram a Covid-19. O total de mortes chega a&nbsp;95.819. H\u00e1 3.600 \u00f3bitos em investiga\u00e7\u00e3o.&nbsp;Nas \u00faltimas 24 horas, foram registrados 51.603 novos casos confirmados de covid-19 e 1.154 mortes relacionadas ao novo coronav\u00edrus. Os n\u00fameros est\u00e3o no balan\u00e7o di\u00e1rio de hoje (4\/8\/20250) publicado pelo Minist\u00e9rio da Sa\u00fade.<\/p>\n\n\n\n<p class=\"wp-block-paragraph\">De acordo com o minist\u00e9rio,&nbsp;1.970.767 pessoas j\u00e1 se recuperaram da covid-19 e 735.335 pacientes est\u00e3o em acompanhamento.&nbsp;<\/p>\n\n\n\n<p class=\"wp-block-paragraph\">A taxa de letalidade (n\u00famero de mortes pelo total de casos) ficou em 3,4%. A mortalidade (quantidade de \u00f3bitos por 100 mil habitantes) atingiu 45,6. A incid\u00eancia dos casos de covid-19 por 100 mil habitantes \u00e9 de 1.333,3.<\/p>\n\n\n\n<p class=\"wp-block-paragraph\">Aos s\u00e1bados, domingos e segundas-feiras, o n\u00famero registrado di\u00e1rio tende a ser menor pela dificuldade de alimenta\u00e7\u00e3o dos bancos de dados pelas secretarias municipais e estaduais. J\u00e1 \u00e0s&nbsp;ter\u00e7as-feiras, o quantitativo em geral \u00e9 maior pela atualiza\u00e7\u00e3o dos casos acumulados aos fins de semana.<\/p>\n\n\n\n<p class=\"wp-block-paragraph\">O Brasil mant\u00e9m-se como segundo no\u00a0<em>ranking\u00a0<\/em>mundial em casos e mortes relacionados \u00e0 pandemia. A lideran\u00e7a \u00e9 dos Estados Unidos. De acordo com o mapa da universidade Johns Hopkins, at\u00e9 as 20h10, o pa\u00eds da Am\u00e9rica do Norte possui 156.667 mortes e 4.763.746 casos acumulados.<\/p>\n\n\n\n<h2 class=\"wp-block-heading\">Covid-19 nos estados<\/h2>\n\n\n\n<p class=\"wp-block-paragraph\">Os estados com mais mortes por covid-19 s\u00e3o: S\u00e3o Paulo (23.702), Rio&nbsp;de Janeiro&nbsp;(13.715), Cear\u00e1 (7.806), Pernambuco (6.717) e Par\u00e1 (5.799). As Unidades da Federa\u00e7\u00e3o com menos falecimentos pela pandemia s\u00e3o Tocantins (408), Mato Grosso do Sul (432), Roraima (528), Acre (545) e Amap\u00e1 (581). Mato Grosso do Sul, que permaneceu ao longo da pandemia como o local menos letal, perdeu o posto para Tocantins, que ocupa agora o \u00faltimo lugar no ranking (408).<\/p>\n\n\n\n<p class=\"wp-block-paragraph\">J\u00e1 em termos de casos, S\u00e3o Paulo lidera (575.589), seguido por Cear\u00e1 (179.341), Bahia (175.389), Rio\u00a0de Janeiro\u00a0(168.911) e Par\u00e1 (158.277). A Bahia ultrapassou o Rio\u00a0de Janeiro\u00a0na terceira posi\u00e7\u00e3o. Os estados com menos pessoas infectadas at\u00e9 o momento s\u00e3o: Amap\u00e1 (36.999), Roraima (33.194), Mato Grosso do Sul (27.678), Tocantins (27.664) e Acre (20.708). O Acre consolidou a posi\u00e7\u00e3o de estado com menos casos. Nas \u00faltimas semanas, essa posi\u00e7\u00e3o era ocupada por Mato Grosso do Sul.<\/p>\n\n\n\n<figure class=\"wp-block-gallery columns-1 is-cropped wp-block-gallery-1 is-layout-flex wp-block-gallery-is-layout-flex\"><ul class=\"blocks-gallery-grid\"><li class=\"blocks-gallery-item\"><figure><img loading=\"lazy\" decoding=\"async\" width=\"754\" height=\"421\" src=\"https:\/\/aconteceunovale.com.br\/portal\/wp-content\/uploads\/2020\/08\/corona_br_4agosto.jpeg\" alt=\"\" data-id=\"166880\" data-full-url=\"https:\/\/aconteceunovale.com.br\/portal\/wp-content\/uploads\/2020\/08\/corona_br_4agosto.jpeg\" data-link=\"https:\/\/aconteceunovale.com.br\/portal\/?attachment_id=166880\" class=\"wp-image-166880\" srcset=\"https:\/\/aconteceunovale.com.br\/portal\/wp-content\/uploads\/2020\/08\/corona_br_4agosto.jpeg 754w, https:\/\/aconteceunovale.com.br\/portal\/wp-content\/uploads\/2020\/08\/corona_br_4agosto-300x168.jpeg 300w, https:\/\/aconteceunovale.com.br\/portal\/wp-content\/uploads\/2020\/08\/corona_br_4agosto-696x389.jpeg 696w, https:\/\/aconteceunovale.com.br\/portal\/wp-content\/uploads\/2020\/08\/corona_br_4agosto-752x420.jpeg 752w\" sizes=\"auto, (max-width: 754px) 100vw, 754px\" \/><\/figure><\/li><\/ul><\/figure>\n\n\n\n<p class=\"has-background has-very-light-gray-background-color wp-block-paragraph\">Quer saber as not\u00edcias do <strong>Aconteceu no Vale<\/strong> em primeira m\u00e3o? Siga-nos no Facebook <a rel=\"noreferrer noopener\" href=\"http:\/\/facebook.com\/aconteceunovale\" target=\"_blank\">@aconteceunovale<\/a>, Twitter <a rel=\"noreferrer noopener\" href=\"https:\/\/twitter.com\/noticiadosvales\" target=\"_blank\">@noticiadosvales<\/a> e Instagram <a rel=\"noreferrer noopener\" href=\"https:\/\/www.instagram.com\/aconteceunovale\" target=\"_blank\">@aconteceunovale<\/a>.<\/p>\n","protected":false},"excerpt":{"rendered":"<p>Desde o in\u00edcio da pandemia,&nbsp;2.801.921 brasileiros contra\u00edram a Covid-19. O total de mortes chega a&nbsp;95.819. H\u00e1 3.600 \u00f3bitos em investiga\u00e7\u00e3o.&nbsp;Nas \u00faltimas 24 horas, foram registrados 51.603 novos casos confirmados de covid-19 e 1.154 mortes relacionadas ao novo coronav\u00edrus. Os n\u00fameros est\u00e3o no balan\u00e7o di\u00e1rio de hoje (4\/8\/20250) publicado pelo Minist\u00e9rio da Sa\u00fade. De acordo com [&hellip;]<\/p>\n","protected":false},"author":1,"featured_media":166880,"comment_status":"open","ping_status":"closed","sticky":false,"template":"","format":"standard","meta":{"amp_status":"","footnotes":""},"categories":[6,40242],"tags":[4785,220477,220660,219520,218049,218205,214884,215394,216498,218043,19326,220349,218044,218045,215653,218206,219105,219104,218876,219519,140166,217692,220478,220479,220944,220945],"class_list":["post-166879","post","type-post","status-publish","format-standard","has-post-thumbnail","hentry","category-br","category-saude-2","tag-brasil","tag-brasil-bate-recorde-de-obitos-e-casos-confirmados-em-um-dia","tag-brasil-ultrapassa-marca-de-4-mil-obitos-por-covid-19","tag-casos-confirmados-e-obitos-no-brasil","tag-casos-de-coronavirus-no-brasil","tag-casos-de-covid-19-no-brasil","tag-coronavirus","tag-coronavirus-no-brasil","tag-covid-19","tag-covid-19-no-brasil","tag-ministerio-da-saude","tag-ministerio-da-saude-atualiza-numeros-do-coronavirus-no-brasil","tag-mortes-por-coronavirus-no-brasil","tag-mortes-por-covid-19-no-brasil","tag-novo-coronavirus","tag-numero-de-casos-de-covid-19-confirmados-no-brasil","tag-numeros-da-covid-19-no-brasil","tag-numeros-do-coronavirus-no-brasil","tag-obitos-por-coronavirus-no-brasil","tag-obitos-por-covid-19-no-brasil","tag-pandemia","tag-pandemia-de-coronavirus","tag-recorde-de-obitos-por-coronavirus-no-brasil","tag-recorde-de-obitos-por-covid-19-no-brasil","tag-virus-vai-atingir-70-da-populacao","tag-virus-vai-atingir-70-da-populacao-diz-jair-bolsonaro"],"yoast_head":"<!-- This site is optimized with the Yoast SEO plugin v28.3 - https:\/\/yoast.com\/product\/yoast-seo-wordpress\/ -->\n<title>Covid-19: Brasil tem 2,8 milh\u00f5es de casos e 95,8 mil \u00f3bitos; 70,3% est\u00e3o recuperados - Aconteceu no Vale<\/title>\n<meta name=\"robots\" content=\"index, follow, max-snippet:-1, max-image-preview:large, max-video-preview:-1\" \/>\n<link rel=\"canonical\" href=\"https:\/\/aconteceunovale.com.br\/portal\/?p=166879\" \/>\n<meta property=\"og:locale\" content=\"pt_BR\" \/>\n<meta property=\"og:type\" content=\"article\" \/>\n<meta property=\"og:title\" content=\"Covid-19: Brasil tem 2,8 milh\u00f5es de casos e 95,8 mil \u00f3bitos; 70,3% est\u00e3o recuperados - Aconteceu no Vale\" \/>\n<meta property=\"og:description\" content=\"Desde o in\u00edcio da pandemia,&nbsp;2.801.921 brasileiros contra\u00edram a Covid-19. O total de mortes chega a&nbsp;95.819. H\u00e1 3.600 \u00f3bitos em investiga\u00e7\u00e3o.&nbsp;Nas \u00faltimas 24 horas, foram registrados 51.603 novos casos confirmados de covid-19 e 1.154 mortes relacionadas ao novo coronav\u00edrus. Os n\u00fameros est\u00e3o no balan\u00e7o di\u00e1rio de hoje (4\/8\/20250) publicado pelo Minist\u00e9rio da Sa\u00fade. De acordo com [&hellip;]\" \/>\n<meta property=\"og:url\" content=\"https:\/\/aconteceunovale.com.br\/portal\/?p=166879\" \/>\n<meta property=\"og:site_name\" content=\"Aconteceu no Vale\" \/>\n<meta property=\"article:publisher\" content=\"https:\/\/www.facebook.com\/aconteceunovale\/\" \/>\n<meta property=\"article:published_time\" content=\"2020-08-04T23:14:08+00:00\" \/>\n<meta property=\"article:modified_time\" content=\"2020-08-04T23:14:37+00:00\" \/>\n<meta property=\"og:image\" content=\"https:\/\/aconteceunovale.com.br\/portal\/wp-content\/uploads\/2020\/08\/corona_br_4agosto.jpeg\" \/>\n\t<meta property=\"og:image:width\" content=\"754\" \/>\n\t<meta property=\"og:image:height\" content=\"421\" \/>\n\t<meta property=\"og:image:type\" content=\"image\/jpeg\" \/>\n<meta name=\"author\" content=\"Aconteceu no Vale\" \/>\n<meta name=\"twitter:card\" content=\"summary_large_image\" \/>\n<meta name=\"twitter:creator\" content=\"@noticiadosvales\" \/>\n<meta name=\"twitter:site\" content=\"@noticiadosvales\" \/>\n<meta name=\"twitter:label1\" content=\"Escrito por\" \/>\n\t<meta name=\"twitter:data1\" content=\"Aconteceu no Vale\" \/>\n\t<meta name=\"twitter:label2\" content=\"Est. tempo de leitura\" \/>\n\t<meta name=\"twitter:data2\" content=\"2 minutos\" \/>\n<script type=\"application\/ld+json\" class=\"yoast-schema-graph\">{\"@context\":\"https:\\\/\\\/schema.org\",\"@graph\":[{\"@type\":\"Article\",\"@id\":\"https:\\\/\\\/aconteceunovale.com.br\\\/portal\\\/?p=166879#article\",\"isPartOf\":{\"@id\":\"https:\\\/\\\/aconteceunovale.com.br\\\/portal\\\/?p=166879\"},\"author\":{\"name\":\"Aconteceu no Vale\",\"@id\":\"https:\\\/\\\/aconteceunovale.com.br\\\/portal\\\/#\\\/schema\\\/person\\\/633529146f2c94272bef50ac2953d589\"},\"headline\":\"Covid-19: Brasil tem 2,8 milh\u00f5es de casos e 95,8 mil \u00f3bitos; 70,3% est\u00e3o recuperados\",\"datePublished\":\"2020-08-04T23:14:08+00:00\",\"dateModified\":\"2020-08-04T23:14:37+00:00\",\"mainEntityOfPage\":{\"@id\":\"https:\\\/\\\/aconteceunovale.com.br\\\/portal\\\/?p=166879\"},\"wordCount\":392,\"commentCount\":0,\"image\":{\"@id\":\"https:\\\/\\\/aconteceunovale.com.br\\\/portal\\\/?p=166879#primaryimage\"},\"thumbnailUrl\":\"https:\\\/\\\/aconteceunovale.com.br\\\/portal\\\/wp-content\\\/uploads\\\/2020\\\/08\\\/corona_br_4agosto.jpeg\",\"keywords\":[\"brasil\",\"Brasil bate recorde de \u00f3bitos e casos confirmados em um dia\",\"Brasil ultrapassa marca de 4 mil \u00f3bitos por Covid-19\",\"Casos confirmados e \u00f3bitos no Brasil\",\"Casos de coronav\u00edrus no Brasil\",\"Casos de Covid-19 no Brasil\",\"Coronav\u00edrus\",\"Coronav\u00edrus no Brasil\",\"COVID-19\",\"Covid-19 no Brasil\",\"Minist\u00e9rio da Sa\u00fade\",\"Minist\u00e9rio da Sa\u00fade atualiza n\u00fameros do coronav\u00edrus no Brasil\",\"Mortes por coronav\u00edrus no Brasil\",\"Mortes por Covid-19 no Brasil\",\"Novo coronav\u00edrus\",\"N\u00famero de casos de covid-19 confirmados no Brasil\",\"N\u00fameros da Covid-19 no Brasil\",\"N\u00fameros do coronav\u00edrus no Brasil\",\"\u00d3bitos por coronav\u00edrus no Brasil\",\"\u00d3bitos por Covid-19 no Brasil\",\"pandemia\",\"Pandemia de coronav\u00edrus\",\"Recorde de \u00f3bitos por coronav\u00edrus no Brasil\",\"Recorde de \u00f3bitos por Covid-19 no Brasil\",\"V\u00edrus vai atingir 70% da popula\u00e7\u00e3o\",\"V\u00edrus vai atingir 70% da popula\u00e7\u00e3o diz Jair Bolsonaro\"],\"articleSection\":[\"Brasil\",\"Sa\u00fade\"],\"inLanguage\":\"pt-BR\",\"potentialAction\":[{\"@type\":\"CommentAction\",\"name\":\"Comment\",\"target\":[\"https:\\\/\\\/aconteceunovale.com.br\\\/portal\\\/?p=166879#respond\"]}]},{\"@type\":\"WebPage\",\"@id\":\"https:\\\/\\\/aconteceunovale.com.br\\\/portal\\\/?p=166879\",\"url\":\"https:\\\/\\\/aconteceunovale.com.br\\\/portal\\\/?p=166879\",\"name\":\"Covid-19: Brasil tem 2,8 milh\u00f5es de casos e 95,8 mil \u00f3bitos; 70,3% est\u00e3o recuperados - Aconteceu no Vale\",\"isPartOf\":{\"@id\":\"https:\\\/\\\/aconteceunovale.com.br\\\/portal\\\/#website\"},\"primaryImageOfPage\":{\"@id\":\"https:\\\/\\\/aconteceunovale.com.br\\\/portal\\\/?p=166879#primaryimage\"},\"image\":{\"@id\":\"https:\\\/\\\/aconteceunovale.com.br\\\/portal\\\/?p=166879#primaryimage\"},\"thumbnailUrl\":\"https:\\\/\\\/aconteceunovale.com.br\\\/portal\\\/wp-content\\\/uploads\\\/2020\\\/08\\\/corona_br_4agosto.jpeg\",\"datePublished\":\"2020-08-04T23:14:08+00:00\",\"dateModified\":\"2020-08-04T23:14:37+00:00\",\"author\":{\"@id\":\"https:\\\/\\\/aconteceunovale.com.br\\\/portal\\\/#\\\/schema\\\/person\\\/633529146f2c94272bef50ac2953d589\"},\"breadcrumb\":{\"@id\":\"https:\\\/\\\/aconteceunovale.com.br\\\/portal\\\/?p=166879#breadcrumb\"},\"inLanguage\":\"pt-BR\",\"potentialAction\":[{\"@type\":\"ReadAction\",\"target\":[\"https:\\\/\\\/aconteceunovale.com.br\\\/portal\\\/?p=166879\"]}]},{\"@type\":\"ImageObject\",\"inLanguage\":\"pt-BR\",\"@id\":\"https:\\\/\\\/aconteceunovale.com.br\\\/portal\\\/?p=166879#primaryimage\",\"url\":\"https:\\\/\\\/aconteceunovale.com.br\\\/portal\\\/wp-content\\\/uploads\\\/2020\\\/08\\\/corona_br_4agosto.jpeg\",\"contentUrl\":\"https:\\\/\\\/aconteceunovale.com.br\\\/portal\\\/wp-content\\\/uploads\\\/2020\\\/08\\\/corona_br_4agosto.jpeg\",\"width\":754,\"height\":421},{\"@type\":\"BreadcrumbList\",\"@id\":\"https:\\\/\\\/aconteceunovale.com.br\\\/portal\\\/?p=166879#breadcrumb\",\"itemListElement\":[{\"@type\":\"ListItem\",\"position\":1,\"name\":\"In\u00edcio\",\"item\":\"https:\\\/\\\/aconteceunovale.com.br\\\/portal\\\/\"},{\"@type\":\"ListItem\",\"position\":2,\"name\":\"Covid-19: Brasil tem 2,8 milh\u00f5es de casos e 95,8 mil \u00f3bitos; 70,3% est\u00e3o recuperados\"}]},{\"@type\":\"WebSite\",\"@id\":\"https:\\\/\\\/aconteceunovale.com.br\\\/portal\\\/#website\",\"url\":\"https:\\\/\\\/aconteceunovale.com.br\\\/portal\\\/\",\"name\":\"Aconteceu no Vale\",\"description\":\"Portal de Not\u00edcias\",\"potentialAction\":[{\"@type\":\"SearchAction\",\"target\":{\"@type\":\"EntryPoint\",\"urlTemplate\":\"https:\\\/\\\/aconteceunovale.com.br\\\/portal\\\/?s={search_term_string}\"},\"query-input\":{\"@type\":\"PropertyValueSpecification\",\"valueRequired\":true,\"valueName\":\"search_term_string\"}}],\"inLanguage\":\"pt-BR\"},{\"@type\":\"Person\",\"@id\":\"https:\\\/\\\/aconteceunovale.com.br\\\/portal\\\/#\\\/schema\\\/person\\\/633529146f2c94272bef50ac2953d589\",\"name\":\"Aconteceu no Vale\",\"description\":\"Equipe de reportagem do Aconteceu no Vale, portal de not\u00edcias do Vale do Jequitinhonha, em Minas Gerais. Cobrimos as 51 cidades do Vale desde 2013. Sugest\u00f5es de pauta e pedidos de corre\u00e7\u00e3o: contato@aconteceunovale.com.br\",\"sameAs\":[\"http:\\\/\\\/www.aconteceunovale.com.br\"],\"url\":\"https:\\\/\\\/aconteceunovale.com.br\\\/portal\\\/?author=1\"}]}<\/script>\n<!-- \/ Yoast SEO plugin. -->","yoast_head_json":{"title":"Covid-19: Brasil tem 2,8 milh\u00f5es de casos e 95,8 mil \u00f3bitos; 70,3% est\u00e3o recuperados - Aconteceu no Vale","robots":{"index":"index","follow":"follow","max-snippet":"max-snippet:-1","max-image-preview":"max-image-preview:large","max-video-preview":"max-video-preview:-1"},"canonical":"https:\/\/aconteceunovale.com.br\/portal\/?p=166879","og_locale":"pt_BR","og_type":"article","og_title":"Covid-19: Brasil tem 2,8 milh\u00f5es de casos e 95,8 mil \u00f3bitos; 70,3% est\u00e3o recuperados - Aconteceu no Vale","og_description":"Desde o in\u00edcio da pandemia,&nbsp;2.801.921 brasileiros contra\u00edram a Covid-19. O total de mortes chega a&nbsp;95.819. H\u00e1 3.600 \u00f3bitos em investiga\u00e7\u00e3o.&nbsp;Nas \u00faltimas 24 horas, foram registrados 51.603 novos casos confirmados de covid-19 e 1.154 mortes relacionadas ao novo coronav\u00edrus. Os n\u00fameros est\u00e3o no balan\u00e7o di\u00e1rio de hoje (4\/8\/20250) publicado pelo Minist\u00e9rio da Sa\u00fade. De acordo com [&hellip;]","og_url":"https:\/\/aconteceunovale.com.br\/portal\/?p=166879","og_site_name":"Aconteceu no Vale","article_publisher":"https:\/\/www.facebook.com\/aconteceunovale\/","article_published_time":"2020-08-04T23:14:08+00:00","article_modified_time":"2020-08-04T23:14:37+00:00","og_image":[{"width":754,"height":421,"url":"https:\/\/aconteceunovale.com.br\/portal\/wp-content\/uploads\/2020\/08\/corona_br_4agosto.jpeg","type":"image\/jpeg"}],"author":"Aconteceu no Vale","twitter_card":"summary_large_image","twitter_creator":"@noticiadosvales","twitter_site":"@noticiadosvales","twitter_misc":{"Escrito por":"Aconteceu no Vale","Est. tempo de leitura":"2 minutos"},"schema":{"@context":"https:\/\/schema.org","@graph":[{"@type":"Article","@id":"https:\/\/aconteceunovale.com.br\/portal\/?p=166879#article","isPartOf":{"@id":"https:\/\/aconteceunovale.com.br\/portal\/?p=166879"},"author":{"name":"Aconteceu no Vale","@id":"https:\/\/aconteceunovale.com.br\/portal\/#\/schema\/person\/633529146f2c94272bef50ac2953d589"},"headline":"Covid-19: Brasil tem 2,8 milh\u00f5es de casos e 95,8 mil \u00f3bitos; 70,3% est\u00e3o recuperados","datePublished":"2020-08-04T23:14:08+00:00","dateModified":"2020-08-04T23:14:37+00:00","mainEntityOfPage":{"@id":"https:\/\/aconteceunovale.com.br\/portal\/?p=166879"},"wordCount":392,"commentCount":0,"image":{"@id":"https:\/\/aconteceunovale.com.br\/portal\/?p=166879#primaryimage"},"thumbnailUrl":"https:\/\/aconteceunovale.com.br\/portal\/wp-content\/uploads\/2020\/08\/corona_br_4agosto.jpeg","keywords":["brasil","Brasil bate recorde de \u00f3bitos e casos confirmados em um dia","Brasil ultrapassa marca de 4 mil \u00f3bitos por Covid-19","Casos confirmados e \u00f3bitos no Brasil","Casos de coronav\u00edrus no Brasil","Casos de Covid-19 no Brasil","Coronav\u00edrus","Coronav\u00edrus no Brasil","COVID-19","Covid-19 no Brasil","Minist\u00e9rio da Sa\u00fade","Minist\u00e9rio da Sa\u00fade atualiza n\u00fameros do coronav\u00edrus no Brasil","Mortes por coronav\u00edrus no Brasil","Mortes por Covid-19 no Brasil","Novo coronav\u00edrus","N\u00famero de casos de covid-19 confirmados no Brasil","N\u00fameros da Covid-19 no Brasil","N\u00fameros do coronav\u00edrus no Brasil","\u00d3bitos por coronav\u00edrus no Brasil","\u00d3bitos por Covid-19 no Brasil","pandemia","Pandemia de coronav\u00edrus","Recorde de \u00f3bitos por coronav\u00edrus no Brasil","Recorde de \u00f3bitos por Covid-19 no Brasil","V\u00edrus vai atingir 70% da popula\u00e7\u00e3o","V\u00edrus vai atingir 70% da popula\u00e7\u00e3o diz Jair Bolsonaro"],"articleSection":["Brasil","Sa\u00fade"],"inLanguage":"pt-BR","potentialAction":[{"@type":"CommentAction","name":"Comment","target":["https:\/\/aconteceunovale.com.br\/portal\/?p=166879#respond"]}]},{"@type":"WebPage","@id":"https:\/\/aconteceunovale.com.br\/portal\/?p=166879","url":"https:\/\/aconteceunovale.com.br\/portal\/?p=166879","name":"Covid-19: Brasil tem 2,8 milh\u00f5es de casos e 95,8 mil \u00f3bitos; 70,3% est\u00e3o recuperados - Aconteceu no Vale","isPartOf":{"@id":"https:\/\/aconteceunovale.com.br\/portal\/#website"},"primaryImageOfPage":{"@id":"https:\/\/aconteceunovale.com.br\/portal\/?p=166879#primaryimage"},"image":{"@id":"https:\/\/aconteceunovale.com.br\/portal\/?p=166879#primaryimage"},"thumbnailUrl":"https:\/\/aconteceunovale.com.br\/portal\/wp-content\/uploads\/2020\/08\/corona_br_4agosto.jpeg","datePublished":"2020-08-04T23:14:08+00:00","dateModified":"2020-08-04T23:14:37+00:00","author":{"@id":"https:\/\/aconteceunovale.com.br\/portal\/#\/schema\/person\/633529146f2c94272bef50ac2953d589"},"breadcrumb":{"@id":"https:\/\/aconteceunovale.com.br\/portal\/?p=166879#breadcrumb"},"inLanguage":"pt-BR","potentialAction":[{"@type":"ReadAction","target":["https:\/\/aconteceunovale.com.br\/portal\/?p=166879"]}]},{"@type":"ImageObject","inLanguage":"pt-BR","@id":"https:\/\/aconteceunovale.com.br\/portal\/?p=166879#primaryimage","url":"https:\/\/aconteceunovale.com.br\/portal\/wp-content\/uploads\/2020\/08\/corona_br_4agosto.jpeg","contentUrl":"https:\/\/aconteceunovale.com.br\/portal\/wp-content\/uploads\/2020\/08\/corona_br_4agosto.jpeg","width":754,"height":421},{"@type":"BreadcrumbList","@id":"https:\/\/aconteceunovale.com.br\/portal\/?p=166879#breadcrumb","itemListElement":[{"@type":"ListItem","position":1,"name":"In\u00edcio","item":"https:\/\/aconteceunovale.com.br\/portal\/"},{"@type":"ListItem","position":2,"name":"Covid-19: Brasil tem 2,8 milh\u00f5es de casos e 95,8 mil \u00f3bitos; 70,3% est\u00e3o recuperados"}]},{"@type":"WebSite","@id":"https:\/\/aconteceunovale.com.br\/portal\/#website","url":"https:\/\/aconteceunovale.com.br\/portal\/","name":"Aconteceu no Vale","description":"Portal de Not\u00edcias","potentialAction":[{"@type":"SearchAction","target":{"@type":"EntryPoint","urlTemplate":"https:\/\/aconteceunovale.com.br\/portal\/?s={search_term_string}"},"query-input":{"@type":"PropertyValueSpecification","valueRequired":true,"valueName":"search_term_string"}}],"inLanguage":"pt-BR"},{"@type":"Person","@id":"https:\/\/aconteceunovale.com.br\/portal\/#\/schema\/person\/633529146f2c94272bef50ac2953d589","name":"Aconteceu no Vale","description":"Equipe de reportagem do Aconteceu no Vale, portal de not\u00edcias do Vale do Jequitinhonha, em Minas Gerais. Cobrimos as 51 cidades do Vale desde 2013. Sugest\u00f5es de pauta e pedidos de corre\u00e7\u00e3o: contato@aconteceunovale.com.br","sameAs":["http:\/\/www.aconteceunovale.com.br"],"url":"https:\/\/aconteceunovale.com.br\/portal\/?author=1"}]}},"_links":{"self":[{"href":"https:\/\/aconteceunovale.com.br\/portal\/index.php?rest_route=\/wp\/v2\/posts\/166879","targetHints":{"allow":["GET"]}}],"collection":[{"href":"https:\/\/aconteceunovale.com.br\/portal\/index.php?rest_route=\/wp\/v2\/posts"}],"about":[{"href":"https:\/\/aconteceunovale.com.br\/portal\/index.php?rest_route=\/wp\/v2\/types\/post"}],"author":[{"embeddable":true,"href":"https:\/\/aconteceunovale.com.br\/portal\/index.php?rest_route=\/wp\/v2\/users\/1"}],"replies":[{"embeddable":true,"href":"https:\/\/aconteceunovale.com.br\/portal\/index.php?rest_route=%2Fwp%2Fv2%2Fcomments&post=166879"}],"version-history":[{"count":1,"href":"https:\/\/aconteceunovale.com.br\/portal\/index.php?rest_route=\/wp\/v2\/posts\/166879\/revisions"}],"predecessor-version":[{"id":166881,"href":"https:\/\/aconteceunovale.com.br\/portal\/index.php?rest_route=\/wp\/v2\/posts\/166879\/revisions\/166881"}],"wp:featuredmedia":[{"embeddable":true,"href":"https:\/\/aconteceunovale.com.br\/portal\/index.php?rest_route=\/wp\/v2\/media\/166880"}],"wp:attachment":[{"href":"https:\/\/aconteceunovale.com.br\/portal\/index.php?rest_route=%2Fwp%2Fv2%2Fmedia&parent=166879"}],"wp:term":[{"taxonomy":"category","embeddable":true,"href":"https:\/\/aconteceunovale.com.br\/portal\/index.php?rest_route=%2Fwp%2Fv2%2Fcategories&post=166879"},{"taxonomy":"post_tag","embeddable":true,"href":"https:\/\/aconteceunovale.com.br\/portal\/index.php?rest_route=%2Fwp%2Fv2%2Ftags&post=166879"}],"curies":[{"name":"wp","href":"https:\/\/api.w.org\/{rel}","templated":true}]}}