{"id":166867,"date":"2020-08-04T16:31:21","date_gmt":"2020-08-04T19:31:21","guid":{"rendered":"https:\/\/aconteceunovale.com.br\/portal\/?p=166867"},"modified":"2020-08-04T16:31:48","modified_gmt":"2020-08-04T19:31:48","slug":"agricultores-querem-ampliar-cultivo-de-pimenta-do-reino-em-minas-gerais","status":"publish","type":"post","link":"https:\/\/aconteceunovale.com.br\/portal\/?p=166867","title":{"rendered":"Agricultores querem ampliar cultivo de pimenta-do-reino em Minas Gerais"},"content":{"rendered":"\n<p class=\"wp-block-paragraph\">Os agricultores familiares de Minas Gerais querem ampliar a produ\u00e7\u00e3o de pimenta-do-reino. O condimento \u00e9 um dos mais consumidos no mundo e o Brasil se transformou em um exportador do produto, principalmente para os Estados Unidos.<\/p>\n\n\n\n<p class=\"wp-block-paragraph\">Em Minas Gerais, ainda h\u00e1 poucas planta\u00e7\u00f5es. A\u00a0<a rel=\"noreferrer noopener\" href=\"http:\/\/www.emater.mg.gov.br\/\" target=\"_blank\">Emater-MG<\/a> aponta que h\u00e1 cerca de 110 hectares ocupados com a cultura, em munic\u00edpios como Novo Oriente de Minas, Te\u00f3filo Otoni, Atal\u00e9ia, Ouro Verde de Minas, \u00c1guas Formosas, Serra dos Aimor\u00e9s e Cris\u00f3lita, no Vale do Mucuri, Itabirinha, no Rio Doce, e Bocaiuva, Norte de Minas.<\/p>\n\n\n\n<p class=\"wp-block-paragraph\">A maioria das lavouras \u00e9 conduzida por agricultores familiares e, em 2019, a produ\u00e7\u00e3o mineira foi de 253 toneladas de pimenta-do-reino.<\/p>\n\n\n\n<figure class=\"wp-block-gallery columns-1 is-cropped wp-block-gallery-1 is-layout-flex wp-block-gallery-is-layout-flex\"><ul class=\"blocks-gallery-grid\"><li class=\"blocks-gallery-item\"><figure><img loading=\"lazy\" decoding=\"async\" width=\"678\" height=\"432\" src=\"https:\/\/aconteceunovale.com.br\/portal\/wp-content\/uploads\/2020\/08\/pimenta_do_reino_1.jpeg\" alt=\"\" data-id=\"166868\" data-full-url=\"https:\/\/aconteceunovale.com.br\/portal\/wp-content\/uploads\/2020\/08\/pimenta_do_reino_1.jpeg\" data-link=\"https:\/\/aconteceunovale.com.br\/portal\/?attachment_id=166868\" class=\"wp-image-166868\" srcset=\"https:\/\/aconteceunovale.com.br\/portal\/wp-content\/uploads\/2020\/08\/pimenta_do_reino_1.jpeg 678w, https:\/\/aconteceunovale.com.br\/portal\/wp-content\/uploads\/2020\/08\/pimenta_do_reino_1-300x191.jpeg 300w, https:\/\/aconteceunovale.com.br\/portal\/wp-content\/uploads\/2020\/08\/pimenta_do_reino_1-659x420.jpeg 659w\" sizes=\"auto, (max-width: 678px) 100vw, 678px\" \/><figcaption class=\"blocks-gallery-item__caption\"><em>Foto: Divulga\u00e7\u00e3o \/ Emater-MG<\/em><\/figcaption><\/figure><\/li><\/ul><\/figure>\n\n\n\n<p class=\"wp-block-paragraph\"><strong>Vantagens<\/strong><\/p>\n\n\n\n<p class=\"wp-block-paragraph\">Luiz Carlos Barbosa, agricultor do munic\u00edpio de Atal\u00e9ia, &nbsp;produz pimenta junto com o filho e integra um grupo de cinco produtores de munic\u00edpio que come\u00e7aram a cultivar pimenta-do-reino h\u00e1 quatro anos. A \u00e1rea total de cultivo \u00e9 de 12 hectares, com uma produ\u00e7\u00e3o de aproximadamente 60 toneladas por ano.<\/p>\n\n\n\n<p class=\"wp-block-paragraph\">Luiz foi um dos pioneiros no munic\u00edpio. Formou uma lavoura de pimenta para complementar a renda que tem com a pecu\u00e1ria leiteira. Antes de investir na atividade, fez v\u00e1rias visitas ao Esp\u00edrito Santo, estado onde h\u00e1 grande produ\u00e7\u00e3o do condimento. Atualmente, ele tem 3 mil p\u00e9s plantados em dois hectares irrigados.<\/p>\n\n\n\n<p class=\"wp-block-paragraph\">A pimenta-do-reino recebeu este nome no Brasil porque era trazida pelas caravelas que vinham de Portugal na \u00e9poca da coloniza\u00e7\u00e3o. Mas ela \u00e9 origin\u00e1ria da \u00cdndia e foi muito valorizada no per\u00edodo das grandes navega\u00e7\u00f5es pelo poder de conservar alimentos, principalmente carnes.<\/p>\n\n\n\n<p class=\"wp-block-paragraph\">Planta trepadeira, a pimenta-do-reino demanda estacas nas \u00e1reas de cultivo para a sustenta\u00e7\u00e3o dos p\u00e9s. O plantio \u00e9 feito por mudas.<\/p>\n\n\n\n<p class=\"wp-block-paragraph\">De acordo com o t\u00e9cnico da Emater-MG em Atal\u00e9ia, M\u00e1rio de Souza Silva, a cultura se adaptou bem na regi\u00e3o por causa do clima. \u201cA pimenta-do-reino \u00e9 ideal para regi\u00f5es quentes com disponibilidade de \u00e1gua. Toda a \u00e1rea de pimenta em Atal\u00e9ia usa a irriga\u00e7\u00e3o por microaspers\u00e3o\u201d, explica.<\/p>\n\n\n\n<figure class=\"wp-block-gallery columns-1 is-cropped wp-block-gallery-2 is-layout-flex wp-block-gallery-is-layout-flex\"><ul class=\"blocks-gallery-grid\"><li class=\"blocks-gallery-item\"><figure><img loading=\"lazy\" decoding=\"async\" width=\"600\" height=\"420\" src=\"https:\/\/aconteceunovale.com.br\/portal\/wp-content\/uploads\/2020\/08\/pimenta_do_reino_2.jpeg\" alt=\"\" data-id=\"166869\" data-full-url=\"https:\/\/aconteceunovale.com.br\/portal\/wp-content\/uploads\/2020\/08\/pimenta_do_reino_2.jpeg\" data-link=\"https:\/\/aconteceunovale.com.br\/portal\/?attachment_id=166869\" class=\"wp-image-166869\" srcset=\"https:\/\/aconteceunovale.com.br\/portal\/wp-content\/uploads\/2020\/08\/pimenta_do_reino_2.jpeg 600w, https:\/\/aconteceunovale.com.br\/portal\/wp-content\/uploads\/2020\/08\/pimenta_do_reino_2-300x210.jpeg 300w, https:\/\/aconteceunovale.com.br\/portal\/wp-content\/uploads\/2020\/08\/pimenta_do_reino_2-100x70.jpeg 100w\" sizes=\"auto, (max-width: 600px) 100vw, 600px\" \/><figcaption class=\"blocks-gallery-item__caption\"><em>Foto: Divulga\u00e7\u00e3o \/ Emater-MG<\/em><\/figcaption><\/figure><\/li><\/ul><\/figure>\n\n\n\n<p class=\"wp-block-paragraph\"><strong>Ciclo<\/strong><\/p>\n\n\n\n<p class=\"wp-block-paragraph\">A planta come\u00e7a a produzir no segundo ano ap\u00f3s o plantio e se torna vi\u00e1vel a partir de tr\u00eas anos. \u201cNo terceiro ano, a produ\u00e7\u00e3o chega a tr\u00eas quilos por p\u00e9. J\u00e1 no quarto ano, ela aumenta, chega a cinco quilos por planta\u201d.<\/p>\n\n\n\n<p class=\"wp-block-paragraph\">A colheita \u00e9 realizada de seis em seis meses. A segunda safra do ano se inicia em julho. O est\u00e1gio de matura\u00e7\u00e3o das espigas (ou cachos) na hora da colheita e o processo de secagem determinam a cor da pimenta. A pimenta branca, por exemplo, \u00e9 colhida mais madura e tem um processo de secagem mais trabalhoso.&nbsp;<\/p>\n\n\n\n<p class=\"wp-block-paragraph\">Apesar de&nbsp;a pimenta branca ter um valor mais alto no mercado, a maioria dos agricultores comercializam a vers\u00e3o&nbsp;preta. \u201cD\u00e1 menos trabalho e \u00e9 mais vend\u00e1vel\u201d, afirma Luiz Carlos.<\/p>\n\n\n\n<p class=\"wp-block-paragraph\">A produ\u00e7\u00e3o da regi\u00e3o \u00e9 vendida para a uma cooperativa do Esp\u00edrito Santo, respons\u00e1vel pela exporta\u00e7\u00e3o do produto.<\/p>\n\n\n\n<p class=\"wp-block-paragraph\"><strong>Pre\u00e7os<\/strong><\/p>\n\n\n\n<p class=\"wp-block-paragraph\">No mercado, os pre\u00e7os da pimenta-do-reino variam de acordo com a oferta e a demanda internacional.&nbsp;H\u00e1 cerca de tr\u00eas anos, o quilo do produto atingiu picos de R$ 30. Hoje, est\u00e1 em torno de R$ 10. Por isso, a recomenda\u00e7\u00e3o \u00e9 de que a cultura seja um complemento de outras atividades, e que os primeiros investimentos sejam feitos em pequenas \u00e1reas.<\/p>\n\n\n\n<p class=\"wp-block-paragraph\">Mesmo com a volatilidade de pre\u00e7os, o t\u00e9cnico da Emater-MG explica que, sabendo administrar os custos e mantendo a qualidade do produto, \u00e9 poss\u00edvel ter um bom retorno. \u201cApesar dos pre\u00e7os mais baixos neste ano, um hectare de pimenta-do-reino gera a mesma renda de quem produz 150 ou 200 litros de leite por dia em Atal\u00e9ia\u201d, afirma.<\/p>\n\n\n\n<p class=\"has-background has-very-light-gray-background-color wp-block-paragraph\">Quer saber as not\u00edcias do <strong>Aconteceu no Vale<\/strong> em primeira m\u00e3o? Siga-nos no Facebook <a rel=\"noreferrer noopener\" href=\"http:\/\/facebook.com\/aconteceunovale\" target=\"_blank\">@aconteceunovale<\/a>, Twitter <a rel=\"noreferrer noopener\" href=\"https:\/\/twitter.com\/noticiadosvales\" target=\"_blank\">@noticiadosvales<\/a> e Instagram <a rel=\"noreferrer noopener\" href=\"https:\/\/www.instagram.com\/aconteceunovale\" target=\"_blank\">@aconteceunovale<\/a>.<\/p>\n","protected":false},"excerpt":{"rendered":"<p>Os agricultores familiares de Minas Gerais querem ampliar a produ\u00e7\u00e3o de pimenta-do-reino. O condimento \u00e9 um dos mais consumidos no mundo e o Brasil se transformou em um exportador do produto, principalmente para os Estados Unidos. Em Minas Gerais, ainda h\u00e1 poucas planta\u00e7\u00f5es. A\u00a0Emater-MG aponta que h\u00e1 cerca de 110 hectares ocupados com a cultura, [&hellip;]<\/p>\n","protected":false},"author":1,"featured_media":166868,"comment_status":"open","ping_status":"closed","sticky":false,"template":"","format":"standard","meta":{"amp_status":"","footnotes":""},"categories":[121,123,1236,122],"tags":[226779,1536,226783,183,645,2453,226780,1018,25775,226786,2146,226785,226787,3138,1806,226782,226781,226784,2793,164],"class_list":["post-166867","post","type-post","status-publish","format-standard","has-post-thumbnail","hentry","category-leste","category-gerais","category-norte_de_minas","category-mucuri","tag-agricultores-querem-ampliar-cultivo-de-pimenta-do-reino-em-minas-gerais","tag-aguas-formosas","tag-areas-de-pimenta-do-reino-em-minas-gerais","tag-ataleia","tag-bocaiuva","tag-crisolita","tag-cultivo-de-pimenta-do-reino-em-minas-gerais","tag-destaque","tag-emater-mg","tag-emater-mg-em-ataleia","tag-itabirinha","tag-luiz-carlos-barbosa","tag-mario-de-souza-silva","tag-novo-oriente-de-minas","tag-ouro-verde-de-minas","tag-plantacao-de-pimenta-do-reino-em-minas-gerais","tag-producao-de-pimenta-do-reino-em-minas-gerais","tag-produtores-de-pimenta-do-reino-em-minas-gerais","tag-serra-dos-aimores","tag-teofilo-otoni"],"yoast_head":"<!-- This site is optimized with the Yoast SEO plugin v28.3 - https:\/\/yoast.com\/product\/yoast-seo-wordpress\/ -->\n<title>Agricultores querem ampliar cultivo de pimenta-do-reino em Minas Gerais - Aconteceu no Vale<\/title>\n<meta name=\"robots\" content=\"index, follow, max-snippet:-1, max-image-preview:large, max-video-preview:-1\" \/>\n<link rel=\"canonical\" href=\"https:\/\/aconteceunovale.com.br\/portal\/?p=166867\" \/>\n<meta property=\"og:locale\" content=\"pt_BR\" \/>\n<meta property=\"og:type\" content=\"article\" \/>\n<meta property=\"og:title\" content=\"Agricultores querem ampliar cultivo de pimenta-do-reino em Minas Gerais - Aconteceu no Vale\" \/>\n<meta property=\"og:description\" content=\"Os agricultores familiares de Minas Gerais querem ampliar a produ\u00e7\u00e3o de pimenta-do-reino. O condimento \u00e9 um dos mais consumidos no mundo e o Brasil se transformou em um exportador do produto, principalmente para os Estados Unidos. Em Minas Gerais, ainda h\u00e1 poucas planta\u00e7\u00f5es. A\u00a0Emater-MG aponta que h\u00e1 cerca de 110 hectares ocupados com a cultura, [&hellip;]\" \/>\n<meta property=\"og:url\" content=\"https:\/\/aconteceunovale.com.br\/portal\/?p=166867\" \/>\n<meta property=\"og:site_name\" content=\"Aconteceu no Vale\" \/>\n<meta property=\"article:publisher\" content=\"https:\/\/www.facebook.com\/aconteceunovale\/\" \/>\n<meta property=\"article:published_time\" content=\"2020-08-04T19:31:21+00:00\" \/>\n<meta property=\"article:modified_time\" content=\"2020-08-04T19:31:48+00:00\" \/>\n<meta property=\"og:image\" content=\"https:\/\/aconteceunovale.com.br\/portal\/wp-content\/uploads\/2020\/08\/pimenta_do_reino_1.jpeg\" \/>\n\t<meta property=\"og:image:width\" content=\"678\" \/>\n\t<meta property=\"og:image:height\" content=\"432\" \/>\n\t<meta property=\"og:image:type\" content=\"image\/jpeg\" \/>\n<meta name=\"author\" content=\"Aconteceu no Vale\" \/>\n<meta name=\"twitter:card\" content=\"summary_large_image\" \/>\n<meta name=\"twitter:creator\" content=\"@noticiadosvales\" \/>\n<meta name=\"twitter:site\" content=\"@noticiadosvales\" \/>\n<meta name=\"twitter:label1\" content=\"Escrito por\" \/>\n\t<meta name=\"twitter:data1\" content=\"Aconteceu no Vale\" \/>\n\t<meta name=\"twitter:label2\" content=\"Est. tempo de leitura\" \/>\n\t<meta name=\"twitter:data2\" content=\"3 minutos\" \/>\n<script type=\"application\/ld+json\" class=\"yoast-schema-graph\">{\"@context\":\"https:\\\/\\\/schema.org\",\"@graph\":[{\"@type\":\"Article\",\"@id\":\"https:\\\/\\\/aconteceunovale.com.br\\\/portal\\\/?p=166867#article\",\"isPartOf\":{\"@id\":\"https:\\\/\\\/aconteceunovale.com.br\\\/portal\\\/?p=166867\"},\"author\":{\"name\":\"Aconteceu no Vale\",\"@id\":\"https:\\\/\\\/aconteceunovale.com.br\\\/portal\\\/#\\\/schema\\\/person\\\/633529146f2c94272bef50ac2953d589\"},\"headline\":\"Agricultores querem ampliar cultivo de pimenta-do-reino em Minas Gerais\",\"datePublished\":\"2020-08-04T19:31:21+00:00\",\"dateModified\":\"2020-08-04T19:31:48+00:00\",\"mainEntityOfPage\":{\"@id\":\"https:\\\/\\\/aconteceunovale.com.br\\\/portal\\\/?p=166867\"},\"wordCount\":671,\"commentCount\":0,\"image\":{\"@id\":\"https:\\\/\\\/aconteceunovale.com.br\\\/portal\\\/?p=166867#primaryimage\"},\"thumbnailUrl\":\"https:\\\/\\\/aconteceunovale.com.br\\\/portal\\\/wp-content\\\/uploads\\\/2020\\\/08\\\/pimenta_do_reino_1.jpeg\",\"keywords\":[\"Agricultores querem ampliar cultivo de pimenta-do-reino em Minas Gerais\",\"\u00c1guas Formosas\",\"\u00c1reas de pimenta-do-reino em Minas Gerais\",\"Atal\u00e9ia\",\"Bocai\u00fava\",\"Cris\u00f3lita\",\"Cultivo de pimenta-do-reino em Minas Gerais\",\"destaque\",\"Emater-MG\",\"Emater-MG em Atal\u00e9ia\",\"Itabirinha\",\"Luiz Carlos Barbosa\",\"M\u00e1rio de Souza Silva\",\"Novo Oriente de Minas\",\"Ouro Verde de Minas\",\"Planta\u00e7\u00e3o de pimenta-do-reino em Minas Gerais\",\"Produ\u00e7\u00e3o de pimenta-do-reino em Minas Gerais\",\"Produtores de pimenta-do-reino em Minas Gerais\",\"Serra dos Aimor\u00e9s\",\"Te\u00f3filo Otoni\"],\"articleSection\":[\"Leste de Minas\",\"Minas Gerais\",\"Norte de Minas\",\"Vale do Mucuri\"],\"inLanguage\":\"pt-BR\",\"potentialAction\":[{\"@type\":\"CommentAction\",\"name\":\"Comment\",\"target\":[\"https:\\\/\\\/aconteceunovale.com.br\\\/portal\\\/?p=166867#respond\"]}]},{\"@type\":\"WebPage\",\"@id\":\"https:\\\/\\\/aconteceunovale.com.br\\\/portal\\\/?p=166867\",\"url\":\"https:\\\/\\\/aconteceunovale.com.br\\\/portal\\\/?p=166867\",\"name\":\"Agricultores querem ampliar cultivo de pimenta-do-reino em Minas Gerais - Aconteceu no Vale\",\"isPartOf\":{\"@id\":\"https:\\\/\\\/aconteceunovale.com.br\\\/portal\\\/#website\"},\"primaryImageOfPage\":{\"@id\":\"https:\\\/\\\/aconteceunovale.com.br\\\/portal\\\/?p=166867#primaryimage\"},\"image\":{\"@id\":\"https:\\\/\\\/aconteceunovale.com.br\\\/portal\\\/?p=166867#primaryimage\"},\"thumbnailUrl\":\"https:\\\/\\\/aconteceunovale.com.br\\\/portal\\\/wp-content\\\/uploads\\\/2020\\\/08\\\/pimenta_do_reino_1.jpeg\",\"datePublished\":\"2020-08-04T19:31:21+00:00\",\"dateModified\":\"2020-08-04T19:31:48+00:00\",\"author\":{\"@id\":\"https:\\\/\\\/aconteceunovale.com.br\\\/portal\\\/#\\\/schema\\\/person\\\/633529146f2c94272bef50ac2953d589\"},\"breadcrumb\":{\"@id\":\"https:\\\/\\\/aconteceunovale.com.br\\\/portal\\\/?p=166867#breadcrumb\"},\"inLanguage\":\"pt-BR\",\"potentialAction\":[{\"@type\":\"ReadAction\",\"target\":[\"https:\\\/\\\/aconteceunovale.com.br\\\/portal\\\/?p=166867\"]}]},{\"@type\":\"ImageObject\",\"inLanguage\":\"pt-BR\",\"@id\":\"https:\\\/\\\/aconteceunovale.com.br\\\/portal\\\/?p=166867#primaryimage\",\"url\":\"https:\\\/\\\/aconteceunovale.com.br\\\/portal\\\/wp-content\\\/uploads\\\/2020\\\/08\\\/pimenta_do_reino_1.jpeg\",\"contentUrl\":\"https:\\\/\\\/aconteceunovale.com.br\\\/portal\\\/wp-content\\\/uploads\\\/2020\\\/08\\\/pimenta_do_reino_1.jpeg\",\"width\":678,\"height\":432},{\"@type\":\"BreadcrumbList\",\"@id\":\"https:\\\/\\\/aconteceunovale.com.br\\\/portal\\\/?p=166867#breadcrumb\",\"itemListElement\":[{\"@type\":\"ListItem\",\"position\":1,\"name\":\"In\u00edcio\",\"item\":\"https:\\\/\\\/aconteceunovale.com.br\\\/portal\\\/\"},{\"@type\":\"ListItem\",\"position\":2,\"name\":\"Agricultores querem ampliar cultivo de pimenta-do-reino em Minas Gerais\"}]},{\"@type\":\"WebSite\",\"@id\":\"https:\\\/\\\/aconteceunovale.com.br\\\/portal\\\/#website\",\"url\":\"https:\\\/\\\/aconteceunovale.com.br\\\/portal\\\/\",\"name\":\"Aconteceu no Vale\",\"description\":\"Portal de Not\u00edcias\",\"potentialAction\":[{\"@type\":\"SearchAction\",\"target\":{\"@type\":\"EntryPoint\",\"urlTemplate\":\"https:\\\/\\\/aconteceunovale.com.br\\\/portal\\\/?s={search_term_string}\"},\"query-input\":{\"@type\":\"PropertyValueSpecification\",\"valueRequired\":true,\"valueName\":\"search_term_string\"}}],\"inLanguage\":\"pt-BR\"},{\"@type\":\"Person\",\"@id\":\"https:\\\/\\\/aconteceunovale.com.br\\\/portal\\\/#\\\/schema\\\/person\\\/633529146f2c94272bef50ac2953d589\",\"name\":\"Aconteceu no Vale\",\"description\":\"Equipe de reportagem do Aconteceu no Vale, portal de not\u00edcias do Vale do Jequitinhonha, em Minas Gerais. Cobrimos as 51 cidades do Vale desde 2013. Sugest\u00f5es de pauta e pedidos de corre\u00e7\u00e3o: contato@aconteceunovale.com.br\",\"sameAs\":[\"http:\\\/\\\/www.aconteceunovale.com.br\"],\"url\":\"https:\\\/\\\/aconteceunovale.com.br\\\/portal\\\/?author=1\"}]}<\/script>\n<!-- \/ Yoast SEO plugin. -->","yoast_head_json":{"title":"Agricultores querem ampliar cultivo de pimenta-do-reino em Minas Gerais - Aconteceu no Vale","robots":{"index":"index","follow":"follow","max-snippet":"max-snippet:-1","max-image-preview":"max-image-preview:large","max-video-preview":"max-video-preview:-1"},"canonical":"https:\/\/aconteceunovale.com.br\/portal\/?p=166867","og_locale":"pt_BR","og_type":"article","og_title":"Agricultores querem ampliar cultivo de pimenta-do-reino em Minas Gerais - Aconteceu no Vale","og_description":"Os agricultores familiares de Minas Gerais querem ampliar a produ\u00e7\u00e3o de pimenta-do-reino. O condimento \u00e9 um dos mais consumidos no mundo e o Brasil se transformou em um exportador do produto, principalmente para os Estados Unidos. Em Minas Gerais, ainda h\u00e1 poucas planta\u00e7\u00f5es. A\u00a0Emater-MG aponta que h\u00e1 cerca de 110 hectares ocupados com a cultura, [&hellip;]","og_url":"https:\/\/aconteceunovale.com.br\/portal\/?p=166867","og_site_name":"Aconteceu no Vale","article_publisher":"https:\/\/www.facebook.com\/aconteceunovale\/","article_published_time":"2020-08-04T19:31:21+00:00","article_modified_time":"2020-08-04T19:31:48+00:00","og_image":[{"width":678,"height":432,"url":"https:\/\/aconteceunovale.com.br\/portal\/wp-content\/uploads\/2020\/08\/pimenta_do_reino_1.jpeg","type":"image\/jpeg"}],"author":"Aconteceu no Vale","twitter_card":"summary_large_image","twitter_creator":"@noticiadosvales","twitter_site":"@noticiadosvales","twitter_misc":{"Escrito por":"Aconteceu no Vale","Est. tempo de leitura":"3 minutos"},"schema":{"@context":"https:\/\/schema.org","@graph":[{"@type":"Article","@id":"https:\/\/aconteceunovale.com.br\/portal\/?p=166867#article","isPartOf":{"@id":"https:\/\/aconteceunovale.com.br\/portal\/?p=166867"},"author":{"name":"Aconteceu no Vale","@id":"https:\/\/aconteceunovale.com.br\/portal\/#\/schema\/person\/633529146f2c94272bef50ac2953d589"},"headline":"Agricultores querem ampliar cultivo de pimenta-do-reino em Minas Gerais","datePublished":"2020-08-04T19:31:21+00:00","dateModified":"2020-08-04T19:31:48+00:00","mainEntityOfPage":{"@id":"https:\/\/aconteceunovale.com.br\/portal\/?p=166867"},"wordCount":671,"commentCount":0,"image":{"@id":"https:\/\/aconteceunovale.com.br\/portal\/?p=166867#primaryimage"},"thumbnailUrl":"https:\/\/aconteceunovale.com.br\/portal\/wp-content\/uploads\/2020\/08\/pimenta_do_reino_1.jpeg","keywords":["Agricultores querem ampliar cultivo de pimenta-do-reino em Minas Gerais","\u00c1guas Formosas","\u00c1reas de pimenta-do-reino em Minas Gerais","Atal\u00e9ia","Bocai\u00fava","Cris\u00f3lita","Cultivo de pimenta-do-reino em Minas Gerais","destaque","Emater-MG","Emater-MG em Atal\u00e9ia","Itabirinha","Luiz Carlos Barbosa","M\u00e1rio de Souza Silva","Novo Oriente de Minas","Ouro Verde de Minas","Planta\u00e7\u00e3o de pimenta-do-reino em Minas Gerais","Produ\u00e7\u00e3o de pimenta-do-reino em Minas Gerais","Produtores de pimenta-do-reino em Minas Gerais","Serra dos Aimor\u00e9s","Te\u00f3filo Otoni"],"articleSection":["Leste de Minas","Minas Gerais","Norte de Minas","Vale do Mucuri"],"inLanguage":"pt-BR","potentialAction":[{"@type":"CommentAction","name":"Comment","target":["https:\/\/aconteceunovale.com.br\/portal\/?p=166867#respond"]}]},{"@type":"WebPage","@id":"https:\/\/aconteceunovale.com.br\/portal\/?p=166867","url":"https:\/\/aconteceunovale.com.br\/portal\/?p=166867","name":"Agricultores querem ampliar cultivo de pimenta-do-reino em Minas Gerais - Aconteceu no Vale","isPartOf":{"@id":"https:\/\/aconteceunovale.com.br\/portal\/#website"},"primaryImageOfPage":{"@id":"https:\/\/aconteceunovale.com.br\/portal\/?p=166867#primaryimage"},"image":{"@id":"https:\/\/aconteceunovale.com.br\/portal\/?p=166867#primaryimage"},"thumbnailUrl":"https:\/\/aconteceunovale.com.br\/portal\/wp-content\/uploads\/2020\/08\/pimenta_do_reino_1.jpeg","datePublished":"2020-08-04T19:31:21+00:00","dateModified":"2020-08-04T19:31:48+00:00","author":{"@id":"https:\/\/aconteceunovale.com.br\/portal\/#\/schema\/person\/633529146f2c94272bef50ac2953d589"},"breadcrumb":{"@id":"https:\/\/aconteceunovale.com.br\/portal\/?p=166867#breadcrumb"},"inLanguage":"pt-BR","potentialAction":[{"@type":"ReadAction","target":["https:\/\/aconteceunovale.com.br\/portal\/?p=166867"]}]},{"@type":"ImageObject","inLanguage":"pt-BR","@id":"https:\/\/aconteceunovale.com.br\/portal\/?p=166867#primaryimage","url":"https:\/\/aconteceunovale.com.br\/portal\/wp-content\/uploads\/2020\/08\/pimenta_do_reino_1.jpeg","contentUrl":"https:\/\/aconteceunovale.com.br\/portal\/wp-content\/uploads\/2020\/08\/pimenta_do_reino_1.jpeg","width":678,"height":432},{"@type":"BreadcrumbList","@id":"https:\/\/aconteceunovale.com.br\/portal\/?p=166867#breadcrumb","itemListElement":[{"@type":"ListItem","position":1,"name":"In\u00edcio","item":"https:\/\/aconteceunovale.com.br\/portal\/"},{"@type":"ListItem","position":2,"name":"Agricultores querem ampliar cultivo de pimenta-do-reino em Minas Gerais"}]},{"@type":"WebSite","@id":"https:\/\/aconteceunovale.com.br\/portal\/#website","url":"https:\/\/aconteceunovale.com.br\/portal\/","name":"Aconteceu no Vale","description":"Portal de Not\u00edcias","potentialAction":[{"@type":"SearchAction","target":{"@type":"EntryPoint","urlTemplate":"https:\/\/aconteceunovale.com.br\/portal\/?s={search_term_string}"},"query-input":{"@type":"PropertyValueSpecification","valueRequired":true,"valueName":"search_term_string"}}],"inLanguage":"pt-BR"},{"@type":"Person","@id":"https:\/\/aconteceunovale.com.br\/portal\/#\/schema\/person\/633529146f2c94272bef50ac2953d589","name":"Aconteceu no Vale","description":"Equipe de reportagem do Aconteceu no Vale, portal de not\u00edcias do Vale do Jequitinhonha, em Minas Gerais. Cobrimos as 51 cidades do Vale desde 2013. Sugest\u00f5es de pauta e pedidos de corre\u00e7\u00e3o: contato@aconteceunovale.com.br","sameAs":["http:\/\/www.aconteceunovale.com.br"],"url":"https:\/\/aconteceunovale.com.br\/portal\/?author=1"}]}},"_links":{"self":[{"href":"https:\/\/aconteceunovale.com.br\/portal\/index.php?rest_route=\/wp\/v2\/posts\/166867","targetHints":{"allow":["GET"]}}],"collection":[{"href":"https:\/\/aconteceunovale.com.br\/portal\/index.php?rest_route=\/wp\/v2\/posts"}],"about":[{"href":"https:\/\/aconteceunovale.com.br\/portal\/index.php?rest_route=\/wp\/v2\/types\/post"}],"author":[{"embeddable":true,"href":"https:\/\/aconteceunovale.com.br\/portal\/index.php?rest_route=\/wp\/v2\/users\/1"}],"replies":[{"embeddable":true,"href":"https:\/\/aconteceunovale.com.br\/portal\/index.php?rest_route=%2Fwp%2Fv2%2Fcomments&post=166867"}],"version-history":[{"count":1,"href":"https:\/\/aconteceunovale.com.br\/portal\/index.php?rest_route=\/wp\/v2\/posts\/166867\/revisions"}],"predecessor-version":[{"id":166870,"href":"https:\/\/aconteceunovale.com.br\/portal\/index.php?rest_route=\/wp\/v2\/posts\/166867\/revisions\/166870"}],"wp:featuredmedia":[{"embeddable":true,"href":"https:\/\/aconteceunovale.com.br\/portal\/index.php?rest_route=\/wp\/v2\/media\/166868"}],"wp:attachment":[{"href":"https:\/\/aconteceunovale.com.br\/portal\/index.php?rest_route=%2Fwp%2Fv2%2Fmedia&parent=166867"}],"wp:term":[{"taxonomy":"category","embeddable":true,"href":"https:\/\/aconteceunovale.com.br\/portal\/index.php?rest_route=%2Fwp%2Fv2%2Fcategories&post=166867"},{"taxonomy":"post_tag","embeddable":true,"href":"https:\/\/aconteceunovale.com.br\/portal\/index.php?rest_route=%2Fwp%2Fv2%2Ftags&post=166867"}],"curies":[{"name":"wp","href":"https:\/\/api.w.org\/{rel}","templated":true}]}}