{"id":166857,"date":"2020-08-04T10:31:34","date_gmt":"2020-08-04T13:31:34","guid":{"rendered":"https:\/\/aconteceunovale.com.br\/portal\/?p=166857"},"modified":"2020-08-04T10:32:23","modified_gmt":"2020-08-04T13:32:23","slug":"entenda-a-divisao-por-ondas-nas-novas-regras-do-plano-minas-consciente","status":"publish","type":"post","link":"https:\/\/aconteceunovale.com.br\/portal\/?p=166857","title":{"rendered":"Entenda a divis\u00e3o por ondas nas novas regras do plano Minas Consciente"},"content":{"rendered":"\n<p class=\"wp-block-paragraph\">A revis\u00e3o do plano <a href=\"https:\/\/www.mg.gov.br\/minasconsciente\" target=\"_blank\" rel=\"noreferrer noopener\">Minas Consciente<\/a>, que prev\u00ea a retomada segura e respons\u00e1vel da economia do Estado, busca simplificar as orienta\u00e7\u00f5es do Estado e adequ\u00e1-las \u00e0 realidade dos munic\u00edpios. Para isso, o\u00a0Governo de Minas\u00a0reorganizou a divis\u00e3o em ondas, que mostra qual o momento indicado para a abertura de cada tipo de com\u00e9rcio e de atividade econ\u00f4mica.<\/p>\n\n\n\n<p class=\"wp-block-paragraph\">Com as novas regras, o plano Minas Consciente passa a ter tr\u00eas ondas:&nbsp;<\/p>\n\n\n\n<ul class=\"wp-block-list\"><li><strong><span class=\"has-inline-color has-vivid-red-color\">Onda 1 &#8211; vermelha<\/span><\/strong>\u00a0&#8211; servi\u00e7os essenciais<\/li><li><strong><span class=\"has-inline-color has-luminous-vivid-amber-color\">Onda 2 &#8211; amarela<\/span><\/strong>\u00a0&#8211; servi\u00e7os n\u00e3o essenciais<\/li><li><strong><span class=\"has-inline-color has-vivid-green-cyan-color\">Onda 3 &#8211; verde<\/span>\u00a0&#8211;<\/strong>\u00a0servi\u00e7os n\u00e3o essenciais com alto \u00edndice de cont\u00e1gio por covid-19<\/li><\/ul>\n\n\n\n<figure class=\"wp-block-gallery columns-1 is-cropped wp-block-gallery-1 is-layout-flex wp-block-gallery-is-layout-flex\"><ul class=\"blocks-gallery-grid\"><li class=\"blocks-gallery-item\"><figure><img loading=\"lazy\" decoding=\"async\" width=\"658\" height=\"330\" src=\"https:\/\/aconteceunovale.com.br\/portal\/wp-content\/uploads\/2020\/08\/minas_consciente_semaforo.jpeg\" alt=\"\" data-id=\"166858\" data-full-url=\"https:\/\/aconteceunovale.com.br\/portal\/wp-content\/uploads\/2020\/08\/minas_consciente_semaforo.jpeg\" data-link=\"https:\/\/aconteceunovale.com.br\/portal\/?attachment_id=166858\" class=\"wp-image-166858\" srcset=\"https:\/\/aconteceunovale.com.br\/portal\/wp-content\/uploads\/2020\/08\/minas_consciente_semaforo.jpeg 658w, https:\/\/aconteceunovale.com.br\/portal\/wp-content\/uploads\/2020\/08\/minas_consciente_semaforo-300x150.jpeg 300w\" sizes=\"auto, (max-width: 658px) 100vw, 658px\" \/><\/figure><\/li><\/ul><\/figure>\n\n\n\n<p class=\"wp-block-paragraph\">A divis\u00e3o funciona de forma semelhante a um sem\u00e1foro, como explica o secret\u00e1rio adjunto de\u00a0Desenvolvimento Econ\u00f4mico\u00a0de Minas Gerais, Fernando Passalio. \u201cTemos que pensar como um sinal de tr\u00e2nsito: a onda vermelha \u00e9 a mais restritiva, \u00e9 o \u201cpare\u201d, com abertura de menos setores. A amarela \u00e9 a intermedi\u00e1ria, em que come\u00e7amos a incluir setores como vestu\u00e1rio, sal\u00f5es de beleza, lojas de variedades e de departamentos. Por \u00faltimo, temos a onda verde, que seria o \u201csiga\u201d, com amplia\u00e7\u00e3o dos setores que podem funcionar\u201d, afirma.\u00a0<\/p>\n\n\n\n<p class=\"wp-block-paragraph\">As mudan\u00e7as passam a valer a partir desta quinta-feira (6\/8). Na ocasi\u00e3o, o Comit\u00ea Extraordin\u00e1rio Covid-19 divulgar\u00e1 o detalhamento das ondas a serem seguidas por cada microrregi\u00e3o.<\/p>\n\n\n\n<p class=\"wp-block-paragraph\"><strong>Evolu\u00e7\u00e3o<\/strong><\/p>\n\n\n\n<p class=\"wp-block-paragraph\">Para evoluir da onda vermelha para a amarela, o munic\u00edpio deve cumprir as restri\u00e7\u00f5es da primeira fase por sete dias. Em seguida, para passar para a verde, \u00e9 preciso esperar 28 dias.&nbsp;<\/p>\n\n\n\n<p class=\"wp-block-paragraph\">\u00c9 importante lembrar que, a qualquer momento, as cidades podem ser obrigadas a retroceder de onda, caso os dados epidemiol\u00f3gicos mostrem avan\u00e7o descontrolado da doen\u00e7a.&nbsp;<\/p>\n\n\n\n<p class=\"wp-block-paragraph\">As novas regras para o Minas Consciente mant\u00eam o mesmo rigor com rela\u00e7\u00e3o \u00e0 retomada da economia, como destaca Passalio. \u201cEm momento algum o novo plano fala de flexibilizar o isolamento. Na verdade, ele \u00e9 uma forma de isolamento respons\u00e1vel para quem quer preservar empregos, preservar a economia, mas, acima de tudo, preservar a vida das pessoas\u201d, frisa.&nbsp;<\/p>\n\n\n\n<p class=\"wp-block-paragraph\"><strong>Munic\u00edpios de menor porte<\/strong><\/p>\n\n\n\n<p class=\"wp-block-paragraph\">Uma novidade na revis\u00e3o do plano s\u00e3o as regras espec\u00edficas para munic\u00edpios com popula\u00e7\u00e3o menor ou igual a 30 mil pessoas. As cidades que se enquadram nesse crit\u00e9rio e que registraram menos de 50 casos de covid-19 para cada 100 mil habitantes nos \u00faltimos 14 dias, est\u00e3o autorizadas a ir direto para a onda intermedi\u00e1ria (amarela).<\/p>\n\n\n\n<p class=\"wp-block-paragraph\">Segundo Passalio h\u00e1, atualmente, cerca de 300 munic\u00edpios mineiros nessa categoria.<\/p>\n\n\n\n<p class=\"wp-block-paragraph\"><strong>Ondas<\/strong><\/p>\n\n\n\n<p class=\"wp-block-paragraph\">Veja, a seguir, exemplos de atividades que est\u00e3o inclu\u00eddas em cada uma das tr\u00eas etapas do plano Minas Consciente:&nbsp;<\/p>\n\n\n\n<p class=\"wp-block-paragraph\"><strong><span class=\"has-inline-color has-vivid-red-color\">Onda 1 &#8211; vermelha &#8211; servi\u00e7os essenciais<\/span><\/strong><\/p>\n\n\n\n<ul class=\"wp-block-list\"><li>Supermercados, padarias, restaurantes, lanchonetes, lojas de conveni\u00eancia<\/li><li>Bares\u00a0(somente para delivery ou retirada no balc\u00e3o)\u00a0<\/li><li>A\u00e7ougues, peixarias, hortifrutigranjeiros<\/li><li>Servi\u00e7os de ambulantes de alimenta\u00e7\u00e3o<\/li><li>Farm\u00e1cias, drogarias, lojas de cosm\u00e9ticos, lavanderias, pet shop<\/li><li>Bancos, casas lot\u00e9ricas, cooperativas de cr\u00e9dito<\/li><li>Vigil\u00e2ncia e seguran\u00e7a privada<\/li><li>Servi\u00e7os de reparo e manuten\u00e7\u00e3o<\/li><li>Lojas de inform\u00e1tica e aparelhos de comunica\u00e7\u00e3o<\/li><li>Hot\u00e9is, mot\u00e9is, campings, alojamentos e pens\u00f5es<\/li><li>Constru\u00e7\u00e3o civil e obras de infraestrutura<\/li><li>Com\u00e9rcio de ve\u00edculos, pe\u00e7as e acess\u00f3rios automotores<\/li><\/ul>\n\n\n\n<p class=\"wp-block-paragraph\"><strong><span class=\"has-inline-color has-luminous-vivid-amber-color\">Onda 2 &#8211; amarela &#8211; servi\u00e7os n\u00e3o essenciais<\/span><\/strong><\/p>\n\n\n\n<ul class=\"wp-block-list\"><li>Bares\u00a0(consumo no local)<\/li><li>Autoescola e cursos de pilotagem<\/li><li>Sal\u00e3o de beleza e atividades de est\u00e9tica\u00a0<\/li><li>Com\u00e9rcio de eletrodom\u00e9sticos e equipamentos de \u00e1udio e v\u00eddeo<\/li><li>Papelaria, lojas de livros, discos e revistas,\u00a0<\/li><li>Lojas de roupas, bijuterias, joias, cal\u00e7ados, e artigos de viagem<\/li><li>Com\u00e9rcio de itens de cama, mesa e banho<\/li><li>Lojas de m\u00f3veis e lustres<\/li><li>Imobili\u00e1rias<\/li><li>Lojas de departamento e duty free<\/li><li>Lojas de brinquedos<\/li><\/ul>\n\n\n\n<p class=\"wp-block-paragraph\"><strong><span class=\"has-inline-color has-vivid-green-cyan-color\">Onda 3 &#8211; verde &#8211; servi\u00e7os n\u00e3o essenciais com alto \u00edndice de cont\u00e1gio<\/span><\/strong><\/p>\n\n\n\n<ul class=\"wp-block-list\"><li>Atividades art\u00edsticas, como produ\u00e7\u00e3o teatral, musical e de dan\u00e7a e circo<\/li><li>Academias e demais atividades de condicionamento f\u00edsico\u00a0<\/li><li>Cinemas, bibliotecas, museus, arquivos<\/li><li>Parques, zool\u00f3gicos e jardins<\/li><li>Clubes<\/li><li>Feiras, congressos, exposi\u00e7\u00f5es, filmagens de festas, casas de festas, buf\u00ea<\/li><li>Parques de divers\u00e3o, discotecas, boliches, sinuca<\/li><li>Bares com entretenimento (shows e espet\u00e1culos)<\/li><li>Servi\u00e7os de coloca\u00e7\u00e3o de piercings e tatuagens<\/li><\/ul>\n\n\n\n<p class=\"has-background has-very-light-gray-background-color wp-block-paragraph\">Quer saber as not\u00edcias do <strong>Aconteceu no Vale<\/strong> em primeira m\u00e3o? Siga-nos no Facebook <a rel=\"noreferrer noopener\" href=\"http:\/\/facebook.com\/aconteceunovale\" target=\"_blank\">@aconteceunovale<\/a>, Twitter <a rel=\"noreferrer noopener\" href=\"https:\/\/twitter.com\/noticiadosvales\" target=\"_blank\">@noticiadosvales<\/a> e Instagram <a rel=\"noreferrer noopener\" href=\"https:\/\/www.instagram.com\/aconteceunovale\" target=\"_blank\">@aconteceunovale<\/a>.<\/p>\n","protected":false},"excerpt":{"rendered":"<p>A revis\u00e3o do plano Minas Consciente, que prev\u00ea a retomada segura e respons\u00e1vel da economia do Estado, busca simplificar as orienta\u00e7\u00f5es do Estado e adequ\u00e1-las \u00e0 realidade dos munic\u00edpios. Para isso, o\u00a0Governo de Minas\u00a0reorganizou a divis\u00e3o em ondas, que mostra qual o momento indicado para a abertura de cada tipo de com\u00e9rcio e de atividade [&hellip;]<\/p>\n","protected":false},"author":1,"featured_media":166858,"comment_status":"open","ping_status":"closed","sticky":false,"template":"","format":"standard","meta":{"amp_status":"","footnotes":""},"categories":[123],"tags":[226639,217799,219851,219853,225459,214884,216498,221718,226771,226773,225458,226298,226455,219855,226300,226452,226453,226451,226299,226772,215653,226301,226535,221717,219854,219852,217692,222637,221719,226454,220285,220287,220286],"class_list":["post-166857","post","type-post","status-publish","format-standard","has-post-thumbnail","hentry","category-gerais","tag-atividades-economicas-terao-protocolo-unico-na-nova-fase-do-plano-minas-consciente","tag-casos-de-coronavirus-em-minas-gerais","tag-casos-de-covid-19-em-minas-gerais","tag-cidades-com-casos-de-coronavirus-em-minas-gerais","tag-consulta-publica-minas-consciente","tag-coronavirus","tag-covid-19","tag-curados-do-coronavirus-em-minas-gerais","tag-entenda-a-divisao-por-ondas-nas-novas-regras-do-plano-minas-consciente","tag-entenda-as-ondas-do-minas-consciente","tag-governo-lanca-consulta-publica-sobre-o-plano-minas-consciente","tag-governo-lanca-novas-regras-para-o-plano-minas-consciente","tag-microrregioes-minas-consciente","tag-mortes-por-coronavirus-em-minas-gerais","tag-mudancas-no-minas-consciente","tag-municipios-pequenos","tag-municipios-pequenos-minas-consciente","tag-municipios-receberao-tratamento-individualizado-na-nova-fase-do-minas-consciente","tag-novas-regras-do-minas-consciente","tag-novas-regras-do-plano-minas-consciente","tag-novo-coronavirus","tag-novo-minas-consciente","tag-novos-indicadores-do-plano-minas-consciente-vao-simplificar-tomada-de-decisao-de-prefeitos","tag-numero-de-curados-do-coronavirus-em-minas-gerais","tag-numeros-do-coronavirus-em-minas-gerais","tag-obitos-por-coronavirus-em-minas-gerias","tag-pandemia-de-coronavirus","tag-plano-minas-consciente","tag-recuperados-do-coronavirus-em-minas-gerais","tag-regioes-minas-consciente","tag-secretaria-de-saude-atualiza-numeros-do-coronavirus-em-minas-gerais","tag-secretaria-de-saude-de-minas-gerais-atualiza-numeros-do-coronavirus","tag-ses-mg-atualiza-numeros-do-coronavirus"],"yoast_head":"<!-- This site is optimized with the Yoast SEO plugin v28.3 - https:\/\/yoast.com\/product\/yoast-seo-wordpress\/ -->\n<title>Entenda a divis\u00e3o por ondas nas novas regras do plano Minas Consciente - Aconteceu no Vale<\/title>\n<meta name=\"robots\" content=\"index, follow, max-snippet:-1, max-image-preview:large, max-video-preview:-1\" \/>\n<link rel=\"canonical\" href=\"https:\/\/aconteceunovale.com.br\/portal\/?p=166857\" \/>\n<meta property=\"og:locale\" content=\"pt_BR\" \/>\n<meta property=\"og:type\" content=\"article\" \/>\n<meta property=\"og:title\" content=\"Entenda a divis\u00e3o por ondas nas novas regras do plano Minas Consciente - Aconteceu no Vale\" \/>\n<meta property=\"og:description\" content=\"A revis\u00e3o do plano Minas Consciente, que prev\u00ea a retomada segura e respons\u00e1vel da economia do Estado, busca simplificar as orienta\u00e7\u00f5es do Estado e adequ\u00e1-las \u00e0 realidade dos munic\u00edpios. Para isso, o\u00a0Governo de Minas\u00a0reorganizou a divis\u00e3o em ondas, que mostra qual o momento indicado para a abertura de cada tipo de com\u00e9rcio e de atividade [&hellip;]\" \/>\n<meta property=\"og:url\" content=\"https:\/\/aconteceunovale.com.br\/portal\/?p=166857\" \/>\n<meta property=\"og:site_name\" content=\"Aconteceu no Vale\" \/>\n<meta property=\"article:publisher\" content=\"https:\/\/www.facebook.com\/aconteceunovale\/\" \/>\n<meta property=\"article:published_time\" content=\"2020-08-04T13:31:34+00:00\" \/>\n<meta property=\"article:modified_time\" content=\"2020-08-04T13:32:23+00:00\" \/>\n<meta property=\"og:image\" content=\"https:\/\/aconteceunovale.com.br\/portal\/wp-content\/uploads\/2020\/08\/minas_consciente_semaforo.jpeg\" \/>\n\t<meta property=\"og:image:width\" content=\"658\" \/>\n\t<meta property=\"og:image:height\" content=\"330\" \/>\n\t<meta property=\"og:image:type\" content=\"image\/jpeg\" \/>\n<meta name=\"author\" content=\"Aconteceu no Vale\" \/>\n<meta name=\"twitter:card\" content=\"summary_large_image\" \/>\n<meta name=\"twitter:creator\" content=\"@noticiadosvales\" \/>\n<meta name=\"twitter:site\" content=\"@noticiadosvales\" \/>\n<meta name=\"twitter:label1\" content=\"Escrito por\" \/>\n\t<meta name=\"twitter:data1\" content=\"Aconteceu no Vale\" \/>\n\t<meta name=\"twitter:label2\" content=\"Est. tempo de leitura\" \/>\n\t<meta name=\"twitter:data2\" content=\"4 minutos\" \/>\n<script type=\"application\/ld+json\" class=\"yoast-schema-graph\">{\"@context\":\"https:\\\/\\\/schema.org\",\"@graph\":[{\"@type\":\"Article\",\"@id\":\"https:\\\/\\\/aconteceunovale.com.br\\\/portal\\\/?p=166857#article\",\"isPartOf\":{\"@id\":\"https:\\\/\\\/aconteceunovale.com.br\\\/portal\\\/?p=166857\"},\"author\":{\"name\":\"Aconteceu no Vale\",\"@id\":\"https:\\\/\\\/aconteceunovale.com.br\\\/portal\\\/#\\\/schema\\\/person\\\/633529146f2c94272bef50ac2953d589\"},\"headline\":\"Entenda a divis\u00e3o por ondas nas novas regras do plano Minas Consciente\",\"datePublished\":\"2020-08-04T13:31:34+00:00\",\"dateModified\":\"2020-08-04T13:32:23+00:00\",\"mainEntityOfPage\":{\"@id\":\"https:\\\/\\\/aconteceunovale.com.br\\\/portal\\\/?p=166857\"},\"wordCount\":759,\"commentCount\":0,\"image\":{\"@id\":\"https:\\\/\\\/aconteceunovale.com.br\\\/portal\\\/?p=166857#primaryimage\"},\"thumbnailUrl\":\"https:\\\/\\\/aconteceunovale.com.br\\\/portal\\\/wp-content\\\/uploads\\\/2020\\\/08\\\/minas_consciente_semaforo.jpeg\",\"keywords\":[\"Atividades econ\u00f4micas ter\u00e3o protocolo \u00fanico na nova fase do plano Minas Consciente\",\"Casos de coronav\u00edrus em Minas Gerais\",\"Casos de covid-19 em Minas Gerais\",\"Cidades com casos de coronav\u00edrus em Minas Gerais\",\"Consulta p\u00fablica Minas Consciente\",\"Coronav\u00edrus\",\"COVID-19\",\"Curados do coronav\u00edrus em Minas Gerais\",\"Entenda a divis\u00e3o por ondas nas novas regras do plano Minas Consciente\",\"Entenda as ondas do Minas Consciente\",\"Governo lan\u00e7a consulta p\u00fablica sobre o plano Minas Consciente\",\"Governo lan\u00e7a novas regras para o plano Minas Consciente\",\"Microrregi\u00f5es Minas Consciente\",\"Mortes por coronav\u00edrus em Minas Gerais\",\"Mudan\u00e7as no Minas Consciente\",\"Munic\u00edpios pequenos\",\"Munic\u00edpios pequenos Minas Consciente\",\"Munic\u00edpios receber\u00e3o tratamento individualizado na nova fase do Minas Consciente\",\"Novas regras do Minas Consciente\",\"Novas regras do plano Minas Consciente\",\"Novo coronav\u00edrus\",\"Novo Minas Consciente\",\"Novos indicadores do plano Minas Consciente v\u00e3o simplificar tomada de decis\u00e3o de prefeitos\",\"N\u00famero de curados do coronav\u00edrus em Minas Gerais\",\"N\u00fameros do coronav\u00edrus em Minas Gerais\",\"\u00d3bitos por coronav\u00edrus em Minas Gerias\",\"Pandemia de coronav\u00edrus\",\"Plano Minas Consciente\",\"Recuperados do coronav\u00edrus em Minas Gerais\",\"Regi\u00f5es Minas Consciente\",\"Secretaria de Sa\u00fade atualiza n\u00fameros do coronav\u00edrus em Minas Gerais\",\"Secretaria de Sa\u00fade de Minas Gerais atualiza n\u00fameros do coronav\u00edrus\",\"SES-MG atualiza n\u00fameros do coronav\u00edrus\"],\"articleSection\":[\"Minas Gerais\"],\"inLanguage\":\"pt-BR\",\"potentialAction\":[{\"@type\":\"CommentAction\",\"name\":\"Comment\",\"target\":[\"https:\\\/\\\/aconteceunovale.com.br\\\/portal\\\/?p=166857#respond\"]}]},{\"@type\":\"WebPage\",\"@id\":\"https:\\\/\\\/aconteceunovale.com.br\\\/portal\\\/?p=166857\",\"url\":\"https:\\\/\\\/aconteceunovale.com.br\\\/portal\\\/?p=166857\",\"name\":\"Entenda a divis\u00e3o por ondas nas novas regras do plano Minas Consciente - Aconteceu no Vale\",\"isPartOf\":{\"@id\":\"https:\\\/\\\/aconteceunovale.com.br\\\/portal\\\/#website\"},\"primaryImageOfPage\":{\"@id\":\"https:\\\/\\\/aconteceunovale.com.br\\\/portal\\\/?p=166857#primaryimage\"},\"image\":{\"@id\":\"https:\\\/\\\/aconteceunovale.com.br\\\/portal\\\/?p=166857#primaryimage\"},\"thumbnailUrl\":\"https:\\\/\\\/aconteceunovale.com.br\\\/portal\\\/wp-content\\\/uploads\\\/2020\\\/08\\\/minas_consciente_semaforo.jpeg\",\"datePublished\":\"2020-08-04T13:31:34+00:00\",\"dateModified\":\"2020-08-04T13:32:23+00:00\",\"author\":{\"@id\":\"https:\\\/\\\/aconteceunovale.com.br\\\/portal\\\/#\\\/schema\\\/person\\\/633529146f2c94272bef50ac2953d589\"},\"breadcrumb\":{\"@id\":\"https:\\\/\\\/aconteceunovale.com.br\\\/portal\\\/?p=166857#breadcrumb\"},\"inLanguage\":\"pt-BR\",\"potentialAction\":[{\"@type\":\"ReadAction\",\"target\":[\"https:\\\/\\\/aconteceunovale.com.br\\\/portal\\\/?p=166857\"]}]},{\"@type\":\"ImageObject\",\"inLanguage\":\"pt-BR\",\"@id\":\"https:\\\/\\\/aconteceunovale.com.br\\\/portal\\\/?p=166857#primaryimage\",\"url\":\"https:\\\/\\\/aconteceunovale.com.br\\\/portal\\\/wp-content\\\/uploads\\\/2020\\\/08\\\/minas_consciente_semaforo.jpeg\",\"contentUrl\":\"https:\\\/\\\/aconteceunovale.com.br\\\/portal\\\/wp-content\\\/uploads\\\/2020\\\/08\\\/minas_consciente_semaforo.jpeg\",\"width\":658,\"height\":330},{\"@type\":\"BreadcrumbList\",\"@id\":\"https:\\\/\\\/aconteceunovale.com.br\\\/portal\\\/?p=166857#breadcrumb\",\"itemListElement\":[{\"@type\":\"ListItem\",\"position\":1,\"name\":\"In\u00edcio\",\"item\":\"https:\\\/\\\/aconteceunovale.com.br\\\/portal\\\/\"},{\"@type\":\"ListItem\",\"position\":2,\"name\":\"Entenda a divis\u00e3o por ondas nas novas regras do plano Minas Consciente\"}]},{\"@type\":\"WebSite\",\"@id\":\"https:\\\/\\\/aconteceunovale.com.br\\\/portal\\\/#website\",\"url\":\"https:\\\/\\\/aconteceunovale.com.br\\\/portal\\\/\",\"name\":\"Aconteceu no Vale\",\"description\":\"Portal de Not\u00edcias\",\"potentialAction\":[{\"@type\":\"SearchAction\",\"target\":{\"@type\":\"EntryPoint\",\"urlTemplate\":\"https:\\\/\\\/aconteceunovale.com.br\\\/portal\\\/?s={search_term_string}\"},\"query-input\":{\"@type\":\"PropertyValueSpecification\",\"valueRequired\":true,\"valueName\":\"search_term_string\"}}],\"inLanguage\":\"pt-BR\"},{\"@type\":\"Person\",\"@id\":\"https:\\\/\\\/aconteceunovale.com.br\\\/portal\\\/#\\\/schema\\\/person\\\/633529146f2c94272bef50ac2953d589\",\"name\":\"Aconteceu no Vale\",\"description\":\"Equipe de reportagem do Aconteceu no Vale, portal de not\u00edcias do Vale do Jequitinhonha, em Minas Gerais. Cobrimos as 51 cidades do Vale desde 2013. Sugest\u00f5es de pauta e pedidos de corre\u00e7\u00e3o: contato@aconteceunovale.com.br\",\"sameAs\":[\"http:\\\/\\\/www.aconteceunovale.com.br\"],\"url\":\"https:\\\/\\\/aconteceunovale.com.br\\\/portal\\\/?author=1\"}]}<\/script>\n<!-- \/ Yoast SEO plugin. -->","yoast_head_json":{"title":"Entenda a divis\u00e3o por ondas nas novas regras do plano Minas Consciente - Aconteceu no Vale","robots":{"index":"index","follow":"follow","max-snippet":"max-snippet:-1","max-image-preview":"max-image-preview:large","max-video-preview":"max-video-preview:-1"},"canonical":"https:\/\/aconteceunovale.com.br\/portal\/?p=166857","og_locale":"pt_BR","og_type":"article","og_title":"Entenda a divis\u00e3o por ondas nas novas regras do plano Minas Consciente - Aconteceu no Vale","og_description":"A revis\u00e3o do plano Minas Consciente, que prev\u00ea a retomada segura e respons\u00e1vel da economia do Estado, busca simplificar as orienta\u00e7\u00f5es do Estado e adequ\u00e1-las \u00e0 realidade dos munic\u00edpios. Para isso, o\u00a0Governo de Minas\u00a0reorganizou a divis\u00e3o em ondas, que mostra qual o momento indicado para a abertura de cada tipo de com\u00e9rcio e de atividade [&hellip;]","og_url":"https:\/\/aconteceunovale.com.br\/portal\/?p=166857","og_site_name":"Aconteceu no Vale","article_publisher":"https:\/\/www.facebook.com\/aconteceunovale\/","article_published_time":"2020-08-04T13:31:34+00:00","article_modified_time":"2020-08-04T13:32:23+00:00","og_image":[{"width":658,"height":330,"url":"https:\/\/aconteceunovale.com.br\/portal\/wp-content\/uploads\/2020\/08\/minas_consciente_semaforo.jpeg","type":"image\/jpeg"}],"author":"Aconteceu no Vale","twitter_card":"summary_large_image","twitter_creator":"@noticiadosvales","twitter_site":"@noticiadosvales","twitter_misc":{"Escrito por":"Aconteceu no Vale","Est. tempo de leitura":"4 minutos"},"schema":{"@context":"https:\/\/schema.org","@graph":[{"@type":"Article","@id":"https:\/\/aconteceunovale.com.br\/portal\/?p=166857#article","isPartOf":{"@id":"https:\/\/aconteceunovale.com.br\/portal\/?p=166857"},"author":{"name":"Aconteceu no Vale","@id":"https:\/\/aconteceunovale.com.br\/portal\/#\/schema\/person\/633529146f2c94272bef50ac2953d589"},"headline":"Entenda a divis\u00e3o por ondas nas novas regras do plano Minas Consciente","datePublished":"2020-08-04T13:31:34+00:00","dateModified":"2020-08-04T13:32:23+00:00","mainEntityOfPage":{"@id":"https:\/\/aconteceunovale.com.br\/portal\/?p=166857"},"wordCount":759,"commentCount":0,"image":{"@id":"https:\/\/aconteceunovale.com.br\/portal\/?p=166857#primaryimage"},"thumbnailUrl":"https:\/\/aconteceunovale.com.br\/portal\/wp-content\/uploads\/2020\/08\/minas_consciente_semaforo.jpeg","keywords":["Atividades econ\u00f4micas ter\u00e3o protocolo \u00fanico na nova fase do plano Minas Consciente","Casos de coronav\u00edrus em Minas Gerais","Casos de covid-19 em Minas Gerais","Cidades com casos de coronav\u00edrus em Minas Gerais","Consulta p\u00fablica Minas Consciente","Coronav\u00edrus","COVID-19","Curados do coronav\u00edrus em Minas Gerais","Entenda a divis\u00e3o por ondas nas novas regras do plano Minas Consciente","Entenda as ondas do Minas Consciente","Governo lan\u00e7a consulta p\u00fablica sobre o plano Minas Consciente","Governo lan\u00e7a novas regras para o plano Minas Consciente","Microrregi\u00f5es Minas Consciente","Mortes por coronav\u00edrus em Minas Gerais","Mudan\u00e7as no Minas Consciente","Munic\u00edpios pequenos","Munic\u00edpios pequenos Minas Consciente","Munic\u00edpios receber\u00e3o tratamento individualizado na nova fase do Minas Consciente","Novas regras do Minas Consciente","Novas regras do plano Minas Consciente","Novo coronav\u00edrus","Novo Minas Consciente","Novos indicadores do plano Minas Consciente v\u00e3o simplificar tomada de decis\u00e3o de prefeitos","N\u00famero de curados do coronav\u00edrus em Minas Gerais","N\u00fameros do coronav\u00edrus em Minas Gerais","\u00d3bitos por coronav\u00edrus em Minas Gerias","Pandemia de coronav\u00edrus","Plano Minas Consciente","Recuperados do coronav\u00edrus em Minas Gerais","Regi\u00f5es Minas Consciente","Secretaria de Sa\u00fade atualiza n\u00fameros do coronav\u00edrus em Minas Gerais","Secretaria de Sa\u00fade de Minas Gerais atualiza n\u00fameros do coronav\u00edrus","SES-MG atualiza n\u00fameros do coronav\u00edrus"],"articleSection":["Minas Gerais"],"inLanguage":"pt-BR","potentialAction":[{"@type":"CommentAction","name":"Comment","target":["https:\/\/aconteceunovale.com.br\/portal\/?p=166857#respond"]}]},{"@type":"WebPage","@id":"https:\/\/aconteceunovale.com.br\/portal\/?p=166857","url":"https:\/\/aconteceunovale.com.br\/portal\/?p=166857","name":"Entenda a divis\u00e3o por ondas nas novas regras do plano Minas Consciente - Aconteceu no Vale","isPartOf":{"@id":"https:\/\/aconteceunovale.com.br\/portal\/#website"},"primaryImageOfPage":{"@id":"https:\/\/aconteceunovale.com.br\/portal\/?p=166857#primaryimage"},"image":{"@id":"https:\/\/aconteceunovale.com.br\/portal\/?p=166857#primaryimage"},"thumbnailUrl":"https:\/\/aconteceunovale.com.br\/portal\/wp-content\/uploads\/2020\/08\/minas_consciente_semaforo.jpeg","datePublished":"2020-08-04T13:31:34+00:00","dateModified":"2020-08-04T13:32:23+00:00","author":{"@id":"https:\/\/aconteceunovale.com.br\/portal\/#\/schema\/person\/633529146f2c94272bef50ac2953d589"},"breadcrumb":{"@id":"https:\/\/aconteceunovale.com.br\/portal\/?p=166857#breadcrumb"},"inLanguage":"pt-BR","potentialAction":[{"@type":"ReadAction","target":["https:\/\/aconteceunovale.com.br\/portal\/?p=166857"]}]},{"@type":"ImageObject","inLanguage":"pt-BR","@id":"https:\/\/aconteceunovale.com.br\/portal\/?p=166857#primaryimage","url":"https:\/\/aconteceunovale.com.br\/portal\/wp-content\/uploads\/2020\/08\/minas_consciente_semaforo.jpeg","contentUrl":"https:\/\/aconteceunovale.com.br\/portal\/wp-content\/uploads\/2020\/08\/minas_consciente_semaforo.jpeg","width":658,"height":330},{"@type":"BreadcrumbList","@id":"https:\/\/aconteceunovale.com.br\/portal\/?p=166857#breadcrumb","itemListElement":[{"@type":"ListItem","position":1,"name":"In\u00edcio","item":"https:\/\/aconteceunovale.com.br\/portal\/"},{"@type":"ListItem","position":2,"name":"Entenda a divis\u00e3o por ondas nas novas regras do plano Minas Consciente"}]},{"@type":"WebSite","@id":"https:\/\/aconteceunovale.com.br\/portal\/#website","url":"https:\/\/aconteceunovale.com.br\/portal\/","name":"Aconteceu no Vale","description":"Portal de Not\u00edcias","potentialAction":[{"@type":"SearchAction","target":{"@type":"EntryPoint","urlTemplate":"https:\/\/aconteceunovale.com.br\/portal\/?s={search_term_string}"},"query-input":{"@type":"PropertyValueSpecification","valueRequired":true,"valueName":"search_term_string"}}],"inLanguage":"pt-BR"},{"@type":"Person","@id":"https:\/\/aconteceunovale.com.br\/portal\/#\/schema\/person\/633529146f2c94272bef50ac2953d589","name":"Aconteceu no Vale","description":"Equipe de reportagem do Aconteceu no Vale, portal de not\u00edcias do Vale do Jequitinhonha, em Minas Gerais. Cobrimos as 51 cidades do Vale desde 2013. Sugest\u00f5es de pauta e pedidos de corre\u00e7\u00e3o: contato@aconteceunovale.com.br","sameAs":["http:\/\/www.aconteceunovale.com.br"],"url":"https:\/\/aconteceunovale.com.br\/portal\/?author=1"}]}},"_links":{"self":[{"href":"https:\/\/aconteceunovale.com.br\/portal\/index.php?rest_route=\/wp\/v2\/posts\/166857","targetHints":{"allow":["GET"]}}],"collection":[{"href":"https:\/\/aconteceunovale.com.br\/portal\/index.php?rest_route=\/wp\/v2\/posts"}],"about":[{"href":"https:\/\/aconteceunovale.com.br\/portal\/index.php?rest_route=\/wp\/v2\/types\/post"}],"author":[{"embeddable":true,"href":"https:\/\/aconteceunovale.com.br\/portal\/index.php?rest_route=\/wp\/v2\/users\/1"}],"replies":[{"embeddable":true,"href":"https:\/\/aconteceunovale.com.br\/portal\/index.php?rest_route=%2Fwp%2Fv2%2Fcomments&post=166857"}],"version-history":[{"count":1,"href":"https:\/\/aconteceunovale.com.br\/portal\/index.php?rest_route=\/wp\/v2\/posts\/166857\/revisions"}],"predecessor-version":[{"id":166859,"href":"https:\/\/aconteceunovale.com.br\/portal\/index.php?rest_route=\/wp\/v2\/posts\/166857\/revisions\/166859"}],"wp:featuredmedia":[{"embeddable":true,"href":"https:\/\/aconteceunovale.com.br\/portal\/index.php?rest_route=\/wp\/v2\/media\/166858"}],"wp:attachment":[{"href":"https:\/\/aconteceunovale.com.br\/portal\/index.php?rest_route=%2Fwp%2Fv2%2Fmedia&parent=166857"}],"wp:term":[{"taxonomy":"category","embeddable":true,"href":"https:\/\/aconteceunovale.com.br\/portal\/index.php?rest_route=%2Fwp%2Fv2%2Fcategories&post=166857"},{"taxonomy":"post_tag","embeddable":true,"href":"https:\/\/aconteceunovale.com.br\/portal\/index.php?rest_route=%2Fwp%2Fv2%2Ftags&post=166857"}],"curies":[{"name":"wp","href":"https:\/\/api.w.org\/{rel}","templated":true}]}}