{"id":16683,"date":"2013-12-24T13:43:36","date_gmt":"2013-12-24T15:43:36","guid":{"rendered":"http:\/\/aconteceunovale.com.br\/portal\/?p=16683"},"modified":"2026-09-02T11:55:57","modified_gmt":"2026-09-02T14:55:57","slug":"capelinha-recebe-medico-cubano-do-programa-mais-medicos","status":"publish","type":"post","link":"https:\/\/aconteceunovale.com.br\/portal\/?p=16683","title":{"rendered":"Capelinha recebe m\u00e9dico cubano do Programa Mais M\u00e9dicos"},"content":{"rendered":"<p><em><strong>Por Vicente Alves, Portal Aconteceu no Vale<\/strong><\/em><\/p>\n<p>Capelinha, no Vale do Jequitinhonha, recebeu nesta segunda-feira (23\/12), o Dr. Yunier Gil Rojas. O m\u00e9dico cubano faz parte do \u201cPrograma Mais M\u00e9dicos\u201d do governo federal.<\/p>\n<p>A Secretaria Municipal de Sa\u00fade ainda ir\u00e1 definir o local onde o profissional ir\u00e1 atuar.<\/p>\n<p><img decoding=\"async\" src=\"http:\/\/aconteceunovale.com.br\/portal\/wp-content\/uploads\/2013\/12\/medico_cubano_capelinha.png\" alt=\"\" \/><br \/>\n<em>Vereador Luciano do Mundo Animal e o Dr. Yunier Gil Rojas<\/em><\/p>\n<p><strong>Sobre o Mais M\u00e9dicos<\/strong><\/p>\n<p>O Programa Mais M\u00e9dicos faz parte de um amplo pacto de melhoria do atendimento aos usu\u00e1rios do Sistema \u00danico de Sa\u00fade, que tem como objetivo levar mais m\u00e9dicos para todas as regi\u00f5es do pa\u00eds. Os m\u00e9dicos do Programa Mais M\u00e9dicos atuar\u00e3o na Aten\u00e7\u00e3o Prim\u00e1ria dos munic\u00edpios.<\/p>\n<p>O programa trar\u00e1 benef\u00edcios para o munic\u00edpio como: o m\u00e9dico dever\u00e1 cumprir a carga hor\u00e1ria de 40 horas semanais no PSF, estando o mesmo atuando apenas no PSF, o que aumenta o v\u00ednculo com a comunidade que \u00e9 um dos princ\u00edpios da Aten\u00e7\u00e3o Prim\u00e1ria.<\/p>\n<p>Al\u00e9m disso, este profissional receber\u00e1 uma bolsa mensal no valor de R$ 10.000,00 (dez mil reais), paga pelo Governo Federal, sendo de responsabilidade do munic\u00edpio apenas a hospedagem e alimenta\u00e7\u00e3o do mesmo, o que impacta na diminui\u00e7\u00e3o das despesas do munic\u00edpio.<\/p>\n<p><strong>Esclarecimentos quanto o Registro M\u00e9dico destes profissionais:<\/strong><\/p>\n<p>Com a san\u00e7\u00e3o da Lei do Mais M\u00e9dicos, N\u00ba 12.871, de 22 de outubro de 2013, em outubro de 2013, pela presidenta Dilma Rousseff, a compet\u00eancia para emiss\u00e3o dos registros dos profissionais estrangeiros e brasileiros formados no exterior passou a ser do Minist\u00e9rio da Sa\u00fade, mantendo a responsabilidade da fiscaliza\u00e7\u00e3o com os Conselhos Regionais de Medicina-CRM. Sendo assim, todos os m\u00e9dicos receber\u00e3o um registro \u00fanico do Minist\u00e9rio da Sa\u00fade, que chamamos de RMS.<\/p>\n","protected":false},"excerpt":{"rendered":"<p>Por Vicente Alves, Portal Aconteceu no Vale Capelinha, no Vale do Jequitinhonha, recebeu nesta segunda-feira (23\/12), o Dr. Yunier Gil Rojas. O m\u00e9dico cubano faz parte do \u201cPrograma Mais M\u00e9dicos\u201d do governo federal. A Secretaria Municipal de Sa\u00fade ainda ir\u00e1 definir o local onde o profissional ir\u00e1 atuar. Vereador Luciano do Mundo Animal e o [&hellip;]<\/p>\n","protected":false},"author":1,"featured_media":0,"comment_status":"open","ping_status":"closed","sticky":false,"template":"","format":"standard","meta":{"amp_status":"","footnotes":""},"categories":[272535,120],"tags":[132,2103,550],"class_list":["post-16683","post","type-post","status-publish","format-standard","hentry","category-capelinha","category-jequi","tag-capelinha","tag-capelinha-recebe-medico-cubano-do-programa-mais-medicos","tag-programa-mais-medicos"],"yoast_head":"<!-- This site is optimized with the Yoast SEO plugin v28.3 - https:\/\/yoast.com\/product\/yoast-seo-wordpress\/ -->\n<title>Capelinha recebe m\u00e9dico cubano do Programa Mais M\u00e9dicos - Aconteceu no Vale<\/title>\n<meta name=\"robots\" content=\"index, follow, max-snippet:-1, max-image-preview:large, max-video-preview:-1\" \/>\n<link rel=\"canonical\" href=\"https:\/\/aconteceunovale.com.br\/portal\/?p=16683\" \/>\n<meta property=\"og:locale\" content=\"pt_BR\" \/>\n<meta property=\"og:type\" content=\"article\" \/>\n<meta property=\"og:title\" content=\"Capelinha recebe m\u00e9dico cubano do Programa Mais M\u00e9dicos - Aconteceu no Vale\" \/>\n<meta property=\"og:description\" content=\"Por Vicente Alves, Portal Aconteceu no Vale Capelinha, no Vale do Jequitinhonha, recebeu nesta segunda-feira (23\/12), o Dr. Yunier Gil Rojas. O m\u00e9dico cubano faz parte do \u201cPrograma Mais M\u00e9dicos\u201d do governo federal. A Secretaria Municipal de Sa\u00fade ainda ir\u00e1 definir o local onde o profissional ir\u00e1 atuar. Vereador Luciano do Mundo Animal e o [&hellip;]\" \/>\n<meta property=\"og:url\" content=\"https:\/\/aconteceunovale.com.br\/portal\/?p=16683\" \/>\n<meta property=\"og:site_name\" content=\"Aconteceu no Vale\" \/>\n<meta property=\"article:publisher\" content=\"https:\/\/www.facebook.com\/aconteceunovale\/\" \/>\n<meta property=\"article:published_time\" content=\"2013-12-24T15:43:36+00:00\" \/>\n<meta property=\"article:modified_time\" content=\"2026-09-02T14:55:57+00:00\" \/>\n<meta property=\"og:image\" content=\"http:\/\/aconteceunovale.com.br\/portal\/wp-content\/uploads\/2013\/12\/medico_cubano_capelinha.png\" \/>\n<meta name=\"author\" content=\"Aconteceu no Vale\" \/>\n<meta name=\"twitter:card\" content=\"summary_large_image\" \/>\n<meta name=\"twitter:creator\" content=\"@noticiadosvales\" \/>\n<meta name=\"twitter:site\" content=\"@noticiadosvales\" \/>\n<meta name=\"twitter:label1\" content=\"Escrito por\" \/>\n\t<meta name=\"twitter:data1\" content=\"Aconteceu no Vale\" \/>\n\t<meta name=\"twitter:label2\" content=\"Est. tempo de leitura\" \/>\n\t<meta name=\"twitter:data2\" content=\"2 minutos\" \/>\n<script type=\"application\/ld+json\" class=\"yoast-schema-graph\">{\"@context\":\"https:\\\/\\\/schema.org\",\"@graph\":[{\"@type\":\"Article\",\"@id\":\"https:\\\/\\\/aconteceunovale.com.br\\\/portal\\\/?p=16683#article\",\"isPartOf\":{\"@id\":\"https:\\\/\\\/aconteceunovale.com.br\\\/portal\\\/?p=16683\"},\"author\":{\"name\":\"Aconteceu no Vale\",\"@id\":\"https:\\\/\\\/aconteceunovale.com.br\\\/portal\\\/#\\\/schema\\\/person\\\/633529146f2c94272bef50ac2953d589\"},\"headline\":\"Capelinha recebe m\u00e9dico cubano do Programa Mais M\u00e9dicos\",\"datePublished\":\"2013-12-24T15:43:36+00:00\",\"dateModified\":\"2026-09-02T14:55:57+00:00\",\"mainEntityOfPage\":{\"@id\":\"https:\\\/\\\/aconteceunovale.com.br\\\/portal\\\/?p=16683\"},\"wordCount\":317,\"commentCount\":0,\"image\":{\"@id\":\"https:\\\/\\\/aconteceunovale.com.br\\\/portal\\\/?p=16683#primaryimage\"},\"thumbnailUrl\":\"http:\\\/\\\/aconteceunovale.com.br\\\/portal\\\/wp-content\\\/uploads\\\/2013\\\/12\\\/medico_cubano_capelinha.png\",\"keywords\":[\"Capelinha\",\"Capelinha recebe m\u00e9dico cubano do Programa Mais M\u00e9dicos\",\"Programa Mais Medicos\"],\"articleSection\":[\"Capelinha\",\"Vale do Jequitinhonha\"],\"inLanguage\":\"pt-BR\",\"potentialAction\":[{\"@type\":\"CommentAction\",\"name\":\"Comment\",\"target\":[\"https:\\\/\\\/aconteceunovale.com.br\\\/portal\\\/?p=16683#respond\"]}]},{\"@type\":\"WebPage\",\"@id\":\"https:\\\/\\\/aconteceunovale.com.br\\\/portal\\\/?p=16683\",\"url\":\"https:\\\/\\\/aconteceunovale.com.br\\\/portal\\\/?p=16683\",\"name\":\"Capelinha recebe m\u00e9dico cubano do Programa Mais M\u00e9dicos - Aconteceu no Vale\",\"isPartOf\":{\"@id\":\"https:\\\/\\\/aconteceunovale.com.br\\\/portal\\\/#website\"},\"primaryImageOfPage\":{\"@id\":\"https:\\\/\\\/aconteceunovale.com.br\\\/portal\\\/?p=16683#primaryimage\"},\"image\":{\"@id\":\"https:\\\/\\\/aconteceunovale.com.br\\\/portal\\\/?p=16683#primaryimage\"},\"thumbnailUrl\":\"http:\\\/\\\/aconteceunovale.com.br\\\/portal\\\/wp-content\\\/uploads\\\/2013\\\/12\\\/medico_cubano_capelinha.png\",\"datePublished\":\"2013-12-24T15:43:36+00:00\",\"dateModified\":\"2026-09-02T14:55:57+00:00\",\"author\":{\"@id\":\"https:\\\/\\\/aconteceunovale.com.br\\\/portal\\\/#\\\/schema\\\/person\\\/633529146f2c94272bef50ac2953d589\"},\"breadcrumb\":{\"@id\":\"https:\\\/\\\/aconteceunovale.com.br\\\/portal\\\/?p=16683#breadcrumb\"},\"inLanguage\":\"pt-BR\",\"potentialAction\":[{\"@type\":\"ReadAction\",\"target\":[\"https:\\\/\\\/aconteceunovale.com.br\\\/portal\\\/?p=16683\"]}]},{\"@type\":\"ImageObject\",\"inLanguage\":\"pt-BR\",\"@id\":\"https:\\\/\\\/aconteceunovale.com.br\\\/portal\\\/?p=16683#primaryimage\",\"url\":\"http:\\\/\\\/aconteceunovale.com.br\\\/portal\\\/wp-content\\\/uploads\\\/2013\\\/12\\\/medico_cubano_capelinha.png\",\"contentUrl\":\"http:\\\/\\\/aconteceunovale.com.br\\\/portal\\\/wp-content\\\/uploads\\\/2013\\\/12\\\/medico_cubano_capelinha.png\"},{\"@type\":\"BreadcrumbList\",\"@id\":\"https:\\\/\\\/aconteceunovale.com.br\\\/portal\\\/?p=16683#breadcrumb\",\"itemListElement\":[{\"@type\":\"ListItem\",\"position\":1,\"name\":\"In\u00edcio\",\"item\":\"https:\\\/\\\/aconteceunovale.com.br\\\/portal\\\/\"},{\"@type\":\"ListItem\",\"position\":2,\"name\":\"Capelinha recebe m\u00e9dico cubano do Programa Mais M\u00e9dicos\"}]},{\"@type\":\"WebSite\",\"@id\":\"https:\\\/\\\/aconteceunovale.com.br\\\/portal\\\/#website\",\"url\":\"https:\\\/\\\/aconteceunovale.com.br\\\/portal\\\/\",\"name\":\"Aconteceu no Vale\",\"description\":\"Portal de Not\u00edcias\",\"potentialAction\":[{\"@type\":\"SearchAction\",\"target\":{\"@type\":\"EntryPoint\",\"urlTemplate\":\"https:\\\/\\\/aconteceunovale.com.br\\\/portal\\\/?s={search_term_string}\"},\"query-input\":{\"@type\":\"PropertyValueSpecification\",\"valueRequired\":true,\"valueName\":\"search_term_string\"}}],\"inLanguage\":\"pt-BR\"},{\"@type\":\"Person\",\"@id\":\"https:\\\/\\\/aconteceunovale.com.br\\\/portal\\\/#\\\/schema\\\/person\\\/633529146f2c94272bef50ac2953d589\",\"name\":\"Aconteceu no Vale\",\"description\":\"Equipe de reportagem do Aconteceu no Vale, portal de not\u00edcias do Vale do Jequitinhonha, em Minas Gerais. Cobrimos as 51 cidades do Vale desde 2013. Sugest\u00f5es de pauta e pedidos de corre\u00e7\u00e3o: contato@aconteceunovale.com.br\",\"sameAs\":[\"http:\\\/\\\/www.aconteceunovale.com.br\"],\"url\":\"https:\\\/\\\/aconteceunovale.com.br\\\/portal\\\/?author=1\"}]}<\/script>\n<!-- \/ Yoast SEO plugin. -->","yoast_head_json":{"title":"Capelinha recebe m\u00e9dico cubano do Programa Mais M\u00e9dicos - Aconteceu no Vale","robots":{"index":"index","follow":"follow","max-snippet":"max-snippet:-1","max-image-preview":"max-image-preview:large","max-video-preview":"max-video-preview:-1"},"canonical":"https:\/\/aconteceunovale.com.br\/portal\/?p=16683","og_locale":"pt_BR","og_type":"article","og_title":"Capelinha recebe m\u00e9dico cubano do Programa Mais M\u00e9dicos - Aconteceu no Vale","og_description":"Por Vicente Alves, Portal Aconteceu no Vale Capelinha, no Vale do Jequitinhonha, recebeu nesta segunda-feira (23\/12), o Dr. Yunier Gil Rojas. O m\u00e9dico cubano faz parte do \u201cPrograma Mais M\u00e9dicos\u201d do governo federal. A Secretaria Municipal de Sa\u00fade ainda ir\u00e1 definir o local onde o profissional ir\u00e1 atuar. Vereador Luciano do Mundo Animal e o [&hellip;]","og_url":"https:\/\/aconteceunovale.com.br\/portal\/?p=16683","og_site_name":"Aconteceu no Vale","article_publisher":"https:\/\/www.facebook.com\/aconteceunovale\/","article_published_time":"2013-12-24T15:43:36+00:00","article_modified_time":"2026-09-02T14:55:57+00:00","og_image":[{"url":"http:\/\/aconteceunovale.com.br\/portal\/wp-content\/uploads\/2013\/12\/medico_cubano_capelinha.png","type":"","width":"","height":""}],"author":"Aconteceu no Vale","twitter_card":"summary_large_image","twitter_creator":"@noticiadosvales","twitter_site":"@noticiadosvales","twitter_misc":{"Escrito por":"Aconteceu no Vale","Est. tempo de leitura":"2 minutos"},"schema":{"@context":"https:\/\/schema.org","@graph":[{"@type":"Article","@id":"https:\/\/aconteceunovale.com.br\/portal\/?p=16683#article","isPartOf":{"@id":"https:\/\/aconteceunovale.com.br\/portal\/?p=16683"},"author":{"name":"Aconteceu no Vale","@id":"https:\/\/aconteceunovale.com.br\/portal\/#\/schema\/person\/633529146f2c94272bef50ac2953d589"},"headline":"Capelinha recebe m\u00e9dico cubano do Programa Mais M\u00e9dicos","datePublished":"2013-12-24T15:43:36+00:00","dateModified":"2026-09-02T14:55:57+00:00","mainEntityOfPage":{"@id":"https:\/\/aconteceunovale.com.br\/portal\/?p=16683"},"wordCount":317,"commentCount":0,"image":{"@id":"https:\/\/aconteceunovale.com.br\/portal\/?p=16683#primaryimage"},"thumbnailUrl":"http:\/\/aconteceunovale.com.br\/portal\/wp-content\/uploads\/2013\/12\/medico_cubano_capelinha.png","keywords":["Capelinha","Capelinha recebe m\u00e9dico cubano do Programa Mais M\u00e9dicos","Programa Mais Medicos"],"articleSection":["Capelinha","Vale do Jequitinhonha"],"inLanguage":"pt-BR","potentialAction":[{"@type":"CommentAction","name":"Comment","target":["https:\/\/aconteceunovale.com.br\/portal\/?p=16683#respond"]}]},{"@type":"WebPage","@id":"https:\/\/aconteceunovale.com.br\/portal\/?p=16683","url":"https:\/\/aconteceunovale.com.br\/portal\/?p=16683","name":"Capelinha recebe m\u00e9dico cubano do Programa Mais M\u00e9dicos - Aconteceu no Vale","isPartOf":{"@id":"https:\/\/aconteceunovale.com.br\/portal\/#website"},"primaryImageOfPage":{"@id":"https:\/\/aconteceunovale.com.br\/portal\/?p=16683#primaryimage"},"image":{"@id":"https:\/\/aconteceunovale.com.br\/portal\/?p=16683#primaryimage"},"thumbnailUrl":"http:\/\/aconteceunovale.com.br\/portal\/wp-content\/uploads\/2013\/12\/medico_cubano_capelinha.png","datePublished":"2013-12-24T15:43:36+00:00","dateModified":"2026-09-02T14:55:57+00:00","author":{"@id":"https:\/\/aconteceunovale.com.br\/portal\/#\/schema\/person\/633529146f2c94272bef50ac2953d589"},"breadcrumb":{"@id":"https:\/\/aconteceunovale.com.br\/portal\/?p=16683#breadcrumb"},"inLanguage":"pt-BR","potentialAction":[{"@type":"ReadAction","target":["https:\/\/aconteceunovale.com.br\/portal\/?p=16683"]}]},{"@type":"ImageObject","inLanguage":"pt-BR","@id":"https:\/\/aconteceunovale.com.br\/portal\/?p=16683#primaryimage","url":"http:\/\/aconteceunovale.com.br\/portal\/wp-content\/uploads\/2013\/12\/medico_cubano_capelinha.png","contentUrl":"http:\/\/aconteceunovale.com.br\/portal\/wp-content\/uploads\/2013\/12\/medico_cubano_capelinha.png"},{"@type":"BreadcrumbList","@id":"https:\/\/aconteceunovale.com.br\/portal\/?p=16683#breadcrumb","itemListElement":[{"@type":"ListItem","position":1,"name":"In\u00edcio","item":"https:\/\/aconteceunovale.com.br\/portal\/"},{"@type":"ListItem","position":2,"name":"Capelinha recebe m\u00e9dico cubano do Programa Mais M\u00e9dicos"}]},{"@type":"WebSite","@id":"https:\/\/aconteceunovale.com.br\/portal\/#website","url":"https:\/\/aconteceunovale.com.br\/portal\/","name":"Aconteceu no Vale","description":"Portal de Not\u00edcias","potentialAction":[{"@type":"SearchAction","target":{"@type":"EntryPoint","urlTemplate":"https:\/\/aconteceunovale.com.br\/portal\/?s={search_term_string}"},"query-input":{"@type":"PropertyValueSpecification","valueRequired":true,"valueName":"search_term_string"}}],"inLanguage":"pt-BR"},{"@type":"Person","@id":"https:\/\/aconteceunovale.com.br\/portal\/#\/schema\/person\/633529146f2c94272bef50ac2953d589","name":"Aconteceu no Vale","description":"Equipe de reportagem do Aconteceu no Vale, portal de not\u00edcias do Vale do Jequitinhonha, em Minas Gerais. Cobrimos as 51 cidades do Vale desde 2013. Sugest\u00f5es de pauta e pedidos de corre\u00e7\u00e3o: contato@aconteceunovale.com.br","sameAs":["http:\/\/www.aconteceunovale.com.br"],"url":"https:\/\/aconteceunovale.com.br\/portal\/?author=1"}]}},"_links":{"self":[{"href":"https:\/\/aconteceunovale.com.br\/portal\/index.php?rest_route=\/wp\/v2\/posts\/16683","targetHints":{"allow":["GET"]}}],"collection":[{"href":"https:\/\/aconteceunovale.com.br\/portal\/index.php?rest_route=\/wp\/v2\/posts"}],"about":[{"href":"https:\/\/aconteceunovale.com.br\/portal\/index.php?rest_route=\/wp\/v2\/types\/post"}],"author":[{"embeddable":true,"href":"https:\/\/aconteceunovale.com.br\/portal\/index.php?rest_route=\/wp\/v2\/users\/1"}],"replies":[{"embeddable":true,"href":"https:\/\/aconteceunovale.com.br\/portal\/index.php?rest_route=%2Fwp%2Fv2%2Fcomments&post=16683"}],"version-history":[{"count":1,"href":"https:\/\/aconteceunovale.com.br\/portal\/index.php?rest_route=\/wp\/v2\/posts\/16683\/revisions"}],"predecessor-version":[{"id":198881,"href":"https:\/\/aconteceunovale.com.br\/portal\/index.php?rest_route=\/wp\/v2\/posts\/16683\/revisions\/198881"}],"wp:attachment":[{"href":"https:\/\/aconteceunovale.com.br\/portal\/index.php?rest_route=%2Fwp%2Fv2%2Fmedia&parent=16683"}],"wp:term":[{"taxonomy":"category","embeddable":true,"href":"https:\/\/aconteceunovale.com.br\/portal\/index.php?rest_route=%2Fwp%2Fv2%2Fcategories&post=16683"},{"taxonomy":"post_tag","embeddable":true,"href":"https:\/\/aconteceunovale.com.br\/portal\/index.php?rest_route=%2Fwp%2Fv2%2Ftags&post=16683"}],"curies":[{"name":"wp","href":"https:\/\/api.w.org\/{rel}","templated":true}]}}